{"id":17163,"date":"2026-01-14T07:00:00","date_gmt":"2026-01-14T10:00:00","guid":{"rendered":"https:\/\/www.radiomanchester.com.br\/fm\/?p=17163"},"modified":"2026-01-13T22:05:36","modified_gmt":"2026-01-14T01:05:36","slug":"mec-fara-pesquisa-sobre-impacto-da-restricao-de-celular-nas-escolas","status":"publish","type":"post","link":"https:\/\/www.radiomanchester.com.br\/fm\/mec-fara-pesquisa-sobre-impacto-da-restricao-de-celular-nas-escolas\/","title":{"rendered":"MEC far\u00e1 pesquisa sobre impacto da restri\u00e7\u00e3o de celular nas escolas"},"content":{"rendered":"\n<p><em><strong>Lei que restringiu uso completa um ano de vig\u00eancia nesta ter\u00e7a, 13 de janeiro<\/strong><\/em><\/p>\n\n\n\n<hr class=\"wp-block-separator\"\/>\n\n\n\n<p>Neste dia 13 de janeiro de 2026, completa-se um ano da vig\u00eancia da lei federal que restringiu o uso de celulares nas escolas (Lei n\u00ba 15.100\/2025). A legisla\u00e7\u00e3o visa reduzir distra\u00e7\u00f5es no ambiente escolar, priorizar o engajamento em atividades pedag\u00f3gicas e coibir o uso inadequado de dispositivos eletr\u00f4nicos por parte dos alunos.<\/p>\n\n\n\n<p>O Minist\u00e9rio da Educa\u00e7\u00e3o (MEC) far\u00e1 uma pesquisa nacional no primeiro semestre de 2026 para analisar os desdobramentos da lei. O objetivo \u00e9 compreender como a norma vem sendo adotada nos diferentes sistemas de ensino e quais s\u00e3o os seus efeitos no ambiente escolar.<\/p>\n\n\n\n<p>O ministro da Educa\u00e7\u00e3o, Camilo Santana, avalia que a restri\u00e7\u00e3o do uso de celulares tem sido ben\u00e9fica para os alunos.<\/p>\n\n\n\n<p>&#8220;O brasileiro passa, em m\u00e9dia, nove horas e 13 minutos em frente a uma tela. N\u00f3s somos o segundo pa\u00eds do mundo que fica o maior tempo na frente de uma tela. isso \u00e9 um preju\u00edzo muito grande para crian\u00e7as e adolescentes, causa ansiedade, causa d\u00e9ficit de aten\u00e7\u00e3o, causa transtornos, dist\u00farbios mentais&#8221;, destaca o ministro.<\/p>\n\n\n\n<p>A lei foi institu\u00edda em um contexto de crescente preocupa\u00e7\u00e3o com os efeitos do uso excessivo e desregulado de celulares no ambiente escolar. Dados do Programa Internacional de Avalia\u00e7\u00e3o dos Estudantes (Pisa) 2022 mostram que 80% dos estudantes brasileiros disseram se distrair e ter dificuldades de concentra\u00e7\u00e3o nas aulas de matem\u00e1tica por causa do celular.<\/p>\n\n\n\n<p>Aluno do ensino m\u00e9dio, Nicolas Lima, de 15 anos, teve um pouco de resist\u00eancia \u00e0 mudan\u00e7a, mas viu as vantagens de uma vida com menos telas.<\/p>\n\n\n\n<p>&#8220;Percebi que n\u00e3o foi t\u00e3o ruim assim. Logo no primeiro dia de aula, consegui fazer um amigo, porque eu me aproximei. Tamb\u00e9m percebi que a minha concentra\u00e7\u00e3o melhorou muito durante as aulas. Eu n\u00e3o usava o celular durante a aula, mas sempre no final de cada aula em que os professores estavam fazendo a troca eu pegava o celular&#8221;, conta o estudante.<\/p>\n\n\n\n<p>&#8220;Tamb\u00e9m, quando foi proibido o celular no intervalo, al\u00e9m de ficar conversando com os meus amigos, n\u00f3s fic\u00e1vamos jogando v\u00e1rios jogos, jogos de tabuleiro, conversando, um olhando para o outro, interagindo&#8221;, completa.<\/p>\n\n\n\n<p>Para a empreendedora digital e m\u00e3e de Nicolas, Cibele Lima, a adapta\u00e7\u00e3o foi desafiadora no in\u00edcio, mas recompensadora.<\/p>\n\n\n\n<p>&#8220;Estava acostumada a poder conversar com meus filhos no WhatsApp na escola, mas hoje eu vejo que melhorou muito, foi bom pra ele perceber que ele pode fazer amizades, que essa timidez n\u00e3o \u00e9 uma condi\u00e7\u00e3o fixa. Mas \u00e9 algo que pode ser mudado quando a gente tem outro olhar e quando sai das telas. Isso ficou bem claro para mim neste um ano, essa transforma\u00e7\u00e3o, de novas amizades por meio dessa proibi\u00e7\u00e3o.&#8221;<\/p>\n\n\n\n<p>Especialistas relatam que, ap\u00f3s a restri\u00e7\u00e3o do uso dos aparelhos, os professores perceberam alunos mais atentos, participativos e focados nas atividades. O h\u00e1bito de apenas \u201cfotografar o quadro\u201d ficou invi\u00e1vel, e os estudantes passaram a escrever, registrar e interagir mais. A mestre em sa\u00fade p\u00fablica e psic\u00f3loga Karen Scavacini avalia que o celular pode ser um importante aliado na aprendizagem.<\/p>\n\n\n\n<p>&#8220;O celular pode ser uma ferramenta muito educativa e potente quando ele \u00e9 utilizado de forma transdisciplinar. Ele vai permitir que tenha produ\u00e7\u00e3o de conte\u00fado, leitura cr\u00edtica de informa\u00e7\u00f5es, e \u00e9 um recurso importante para trabalhar educa\u00e7\u00e3o midi\u00e1tica, ajudar estudantes a avaliar fontes, a ter um racioc\u00ednio cr\u00edtico, a compreender os algoritmos, identificar desinforma\u00e7\u00e3o e usar as redes de forma \u00e9tica&#8221;, diz a psic\u00f3loga.<\/p>\n\n\n\n<p>O MEC desenvolveu e disponibilizou ferramentas para apoiar a implementa\u00e7\u00e3o da norma, incluindo guias pr\u00e1ticos, planos de aula e material de apoio a campanhas de conscientiza\u00e7\u00e3o sobre o uso respons\u00e1vel de celulares.<\/p>\n\n\n\n<p>porAg\u00eancia Brasil<\/p>\n","protected":false},"excerpt":{"rendered":"<p class=\"excerpt\">Lei que restringiu uso completa um ano de vig\u00eancia nesta ter\u00e7a, 13 de janeiro Neste dia 13 de janeiro de 2026, completa-se um ano da vig\u00eancia da lei federal que restringiu o uso de celulares nas escolas (Lei n\u00ba 15.100\/2025). A legisla\u00e7\u00e3o visa reduzir distra\u00e7\u00f5es no ambiente escolar, priorizar o engajamento em atividades pedag\u00f3gicas e [&hellip;]<\/p>\n","protected":false},"author":1,"featured_media":0,"comment_status":"open","ping_status":"open","sticky":false,"template":"","format":"standard","meta":[],"categories":[1],"tags":[],"yoast_head":"<!-- This site is optimized with the Yoast SEO plugin v18.3 - https:\/\/yoast.com\/wordpress\/plugins\/seo\/ -->\n<title>MEC far\u00e1 pesquisa sobre impacto da restri\u00e7\u00e3o de celular nas escolas - Manchester FM 93,3<\/title>\n<meta name=\"robots\" content=\"index, follow, max-snippet:-1, max-image-preview:large, max-video-preview:-1\" \/>\n<link rel=\"canonical\" href=\"https:\/\/www.radiomanchester.com.br\/fm\/mec-fara-pesquisa-sobre-impacto-da-restricao-de-celular-nas-escolas\/\" \/>\n<meta property=\"og:locale\" content=\"pt_BR\" \/>\n<meta property=\"og:type\" content=\"article\" \/>\n<meta property=\"og:title\" content=\"MEC far\u00e1 pesquisa sobre impacto da restri\u00e7\u00e3o de celular nas escolas - Manchester FM 93,3\" \/>\n<meta property=\"og:description\" content=\"Lei que restringiu uso completa um ano de vig\u00eancia nesta ter\u00e7a, 13 de janeiro Neste dia 13 de janeiro de 2026, completa-se um ano da vig\u00eancia da lei federal que restringiu o uso de celulares nas escolas (Lei n\u00ba 15.100\/2025). A legisla\u00e7\u00e3o visa reduzir distra\u00e7\u00f5es no ambiente escolar, priorizar o engajamento em atividades pedag\u00f3gicas e [&hellip;]\" \/>\n<meta property=\"og:url\" content=\"https:\/\/www.radiomanchester.com.br\/fm\/mec-fara-pesquisa-sobre-impacto-da-restricao-de-celular-nas-escolas\/\" \/>\n<meta property=\"og:site_name\" content=\"Manchester FM 93,3\" \/>\n<meta property=\"article:published_time\" content=\"2026-01-14T10:00:00+00:00\" \/>\n<meta property=\"article:modified_time\" content=\"2026-01-14T01:05:36+00:00\" \/>\n<meta name=\"twitter:card\" content=\"summary_large_image\" \/>\n<meta name=\"twitter:label1\" content=\"Escrito por\" \/>\n\t<meta name=\"twitter:data1\" content=\"admin\" \/>\n\t<meta name=\"twitter:label2\" content=\"Est. tempo de leitura\" \/>\n\t<meta name=\"twitter:data2\" content=\"4 minutos\" \/>\n<script type=\"application\/ld+json\" class=\"yoast-schema-graph\">{\"@context\":\"https:\/\/schema.org\",\"@graph\":[{\"@type\":\"WebSite\",\"@id\":\"https:\/\/www.radiomanchester.com.br\/fm\/#website\",\"url\":\"https:\/\/www.radiomanchester.com.br\/fm\/\",\"name\":\"Manchester FM 93,3\",\"description\":\"Todo Mundo Ouve!\",\"potentialAction\":[{\"@type\":\"SearchAction\",\"target\":{\"@type\":\"EntryPoint\",\"urlTemplate\":\"https:\/\/www.radiomanchester.com.br\/fm\/?s={search_term_string}\"},\"query-input\":\"required name=search_term_string\"}],\"inLanguage\":\"pt-BR\"},{\"@type\":\"WebPage\",\"@id\":\"https:\/\/www.radiomanchester.com.br\/fm\/mec-fara-pesquisa-sobre-impacto-da-restricao-de-celular-nas-escolas\/#webpage\",\"url\":\"https:\/\/www.radiomanchester.com.br\/fm\/mec-fara-pesquisa-sobre-impacto-da-restricao-de-celular-nas-escolas\/\",\"name\":\"MEC far\u00e1 pesquisa sobre impacto da restri\u00e7\u00e3o de celular nas escolas - Manchester FM 93,3\",\"isPartOf\":{\"@id\":\"https:\/\/www.radiomanchester.com.br\/fm\/#website\"},\"datePublished\":\"2026-01-14T10:00:00+00:00\",\"dateModified\":\"2026-01-14T01:05:36+00:00\",\"author\":{\"@id\":\"https:\/\/www.radiomanchester.com.br\/fm\/#\/schema\/person\/408a7b4d4e32cbebd90e2782852abca3\"},\"breadcrumb\":{\"@id\":\"https:\/\/www.radiomanchester.com.br\/fm\/mec-fara-pesquisa-sobre-impacto-da-restricao-de-celular-nas-escolas\/#breadcrumb\"},\"inLanguage\":\"pt-BR\",\"potentialAction\":[{\"@type\":\"ReadAction\",\"target\":[\"https:\/\/www.radiomanchester.com.br\/fm\/mec-fara-pesquisa-sobre-impacto-da-restricao-de-celular-nas-escolas\/\"]}]},{\"@type\":\"BreadcrumbList\",\"@id\":\"https:\/\/www.radiomanchester.com.br\/fm\/mec-fara-pesquisa-sobre-impacto-da-restricao-de-celular-nas-escolas\/#breadcrumb\",\"itemListElement\":[{\"@type\":\"ListItem\",\"position\":1,\"name\":\"Home\",\"item\":\"https:\/\/www.radiomanchester.com.br\/fm\/\"},{\"@type\":\"ListItem\",\"position\":2,\"name\":\"MEC far\u00e1 pesquisa sobre impacto da restri\u00e7\u00e3o de celular nas escolas\"}]},{\"@type\":\"Person\",\"@id\":\"https:\/\/www.radiomanchester.com.br\/fm\/#\/schema\/person\/408a7b4d4e32cbebd90e2782852abca3\",\"name\":\"admin\",\"image\":{\"@type\":\"ImageObject\",\"@id\":\"https:\/\/www.radiomanchester.com.br\/fm\/#personlogo\",\"inLanguage\":\"pt-BR\",\"url\":\"https:\/\/secure.gravatar.com\/avatar\/115a974dba3376872eb3addeb276301c?s=96&d=mm&r=g\",\"contentUrl\":\"https:\/\/secure.gravatar.com\/avatar\/115a974dba3376872eb3addeb276301c?s=96&d=mm&r=g\",\"caption\":\"admin\"},\"url\":\"https:\/\/www.radiomanchester.com.br\/fm\/author\/admin\/\"}]}<\/script>\n<!-- \/ Yoast SEO plugin. -->","yoast_head_json":{"title":"MEC far\u00e1 pesquisa sobre impacto da restri\u00e7\u00e3o de celular nas escolas - Manchester FM 93,3","robots":{"index":"index","follow":"follow","max-snippet":"max-snippet:-1","max-image-preview":"max-image-preview:large","max-video-preview":"max-video-preview:-1"},"canonical":"https:\/\/www.radiomanchester.com.br\/fm\/mec-fara-pesquisa-sobre-impacto-da-restricao-de-celular-nas-escolas\/","og_locale":"pt_BR","og_type":"article","og_title":"MEC far\u00e1 pesquisa sobre impacto da restri\u00e7\u00e3o de celular nas escolas - Manchester FM 93,3","og_description":"Lei que restringiu uso completa um ano de vig\u00eancia nesta ter\u00e7a, 13 de janeiro Neste dia 13 de janeiro de 2026, completa-se um ano da vig\u00eancia da lei federal que restringiu o uso de celulares nas escolas (Lei n\u00ba 15.100\/2025). A legisla\u00e7\u00e3o visa reduzir distra\u00e7\u00f5es no ambiente escolar, priorizar o engajamento em atividades pedag\u00f3gicas e [&hellip;]","og_url":"https:\/\/www.radiomanchester.com.br\/fm\/mec-fara-pesquisa-sobre-impacto-da-restricao-de-celular-nas-escolas\/","og_site_name":"Manchester FM 93,3","article_published_time":"2026-01-14T10:00:00+00:00","article_modified_time":"2026-01-14T01:05:36+00:00","twitter_card":"summary_large_image","twitter_misc":{"Escrito por":"admin","Est. tempo de leitura":"4 minutos"},"schema":{"@context":"https:\/\/schema.org","@graph":[{"@type":"WebSite","@id":"https:\/\/www.radiomanchester.com.br\/fm\/#website","url":"https:\/\/www.radiomanchester.com.br\/fm\/","name":"Manchester FM 93,3","description":"Todo Mundo Ouve!","potentialAction":[{"@type":"SearchAction","target":{"@type":"EntryPoint","urlTemplate":"https:\/\/www.radiomanchester.com.br\/fm\/?s={search_term_string}"},"query-input":"required name=search_term_string"}],"inLanguage":"pt-BR"},{"@type":"WebPage","@id":"https:\/\/www.radiomanchester.com.br\/fm\/mec-fara-pesquisa-sobre-impacto-da-restricao-de-celular-nas-escolas\/#webpage","url":"https:\/\/www.radiomanchester.com.br\/fm\/mec-fara-pesquisa-sobre-impacto-da-restricao-de-celular-nas-escolas\/","name":"MEC far\u00e1 pesquisa sobre impacto da restri\u00e7\u00e3o de celular nas escolas - Manchester FM 93,3","isPartOf":{"@id":"https:\/\/www.radiomanchester.com.br\/fm\/#website"},"datePublished":"2026-01-14T10:00:00+00:00","dateModified":"2026-01-14T01:05:36+00:00","author":{"@id":"https:\/\/www.radiomanchester.com.br\/fm\/#\/schema\/person\/408a7b4d4e32cbebd90e2782852abca3"},"breadcrumb":{"@id":"https:\/\/www.radiomanchester.com.br\/fm\/mec-fara-pesquisa-sobre-impacto-da-restricao-de-celular-nas-escolas\/#breadcrumb"},"inLanguage":"pt-BR","potentialAction":[{"@type":"ReadAction","target":["https:\/\/www.radiomanchester.com.br\/fm\/mec-fara-pesquisa-sobre-impacto-da-restricao-de-celular-nas-escolas\/"]}]},{"@type":"BreadcrumbList","@id":"https:\/\/www.radiomanchester.com.br\/fm\/mec-fara-pesquisa-sobre-impacto-da-restricao-de-celular-nas-escolas\/#breadcrumb","itemListElement":[{"@type":"ListItem","position":1,"name":"Home","item":"https:\/\/www.radiomanchester.com.br\/fm\/"},{"@type":"ListItem","position":2,"name":"MEC far\u00e1 pesquisa sobre impacto da restri\u00e7\u00e3o de celular nas escolas"}]},{"@type":"Person","@id":"https:\/\/www.radiomanchester.com.br\/fm\/#\/schema\/person\/408a7b4d4e32cbebd90e2782852abca3","name":"admin","image":{"@type":"ImageObject","@id":"https:\/\/www.radiomanchester.com.br\/fm\/#personlogo","inLanguage":"pt-BR","url":"https:\/\/secure.gravatar.com\/avatar\/115a974dba3376872eb3addeb276301c?s=96&d=mm&r=g","contentUrl":"https:\/\/secure.gravatar.com\/avatar\/115a974dba3376872eb3addeb276301c?s=96&d=mm&r=g","caption":"admin"},"url":"https:\/\/www.radiomanchester.com.br\/fm\/author\/admin\/"}]}},"_links":{"self":[{"href":"https:\/\/www.radiomanchester.com.br\/fm\/wp-json\/wp\/v2\/posts\/17163"}],"collection":[{"href":"https:\/\/www.radiomanchester.com.br\/fm\/wp-json\/wp\/v2\/posts"}],"about":[{"href":"https:\/\/www.radiomanchester.com.br\/fm\/wp-json\/wp\/v2\/types\/post"}],"author":[{"embeddable":true,"href":"https:\/\/www.radiomanchester.com.br\/fm\/wp-json\/wp\/v2\/users\/1"}],"replies":[{"embeddable":true,"href":"https:\/\/www.radiomanchester.com.br\/fm\/wp-json\/wp\/v2\/comments?post=17163"}],"version-history":[{"count":1,"href":"https:\/\/www.radiomanchester.com.br\/fm\/wp-json\/wp\/v2\/posts\/17163\/revisions"}],"predecessor-version":[{"id":17164,"href":"https:\/\/www.radiomanchester.com.br\/fm\/wp-json\/wp\/v2\/posts\/17163\/revisions\/17164"}],"wp:attachment":[{"href":"https:\/\/www.radiomanchester.com.br\/fm\/wp-json\/wp\/v2\/media?parent=17163"}],"wp:term":[{"taxonomy":"category","embeddable":true,"href":"https:\/\/www.radiomanchester.com.br\/fm\/wp-json\/wp\/v2\/categories?post=17163"},{"taxonomy":"post_tag","embeddable":true,"href":"https:\/\/www.radiomanchester.com.br\/fm\/wp-json\/wp\/v2\/tags?post=17163"}],"curies":[{"name":"wp","href":"https:\/\/api.w.org\/{rel}","templated":true}]}}