{"id":17165,"date":"2026-01-14T19:21:07","date_gmt":"2026-01-14T22:21:07","guid":{"rendered":"https:\/\/www.radiomanchester.com.br\/fm\/?p=17165"},"modified":"2026-01-14T19:21:11","modified_gmt":"2026-01-14T22:21:11","slug":"volta-as-aulas-procon-anapolis-identifica-variacao-de-ate-431-no-preco-de-itens-escolares","status":"publish","type":"post","link":"https:\/\/www.radiomanchester.com.br\/fm\/volta-as-aulas-procon-anapolis-identifica-variacao-de-ate-431-no-preco-de-itens-escolares\/","title":{"rendered":"Volta \u00e0s aulas: Procon An\u00e1polis identifica varia\u00e7\u00e3o de at\u00e9 431% no pre\u00e7o de itens escolares"},"content":{"rendered":"\n<p><\/p>\n\n\n\n<p>Com a volta das aulas se aproximando, cresce a movimenta\u00e7\u00e3o de pais e respons\u00e1veis na compra de materiais escolares. Pensando nisso, o Procon An\u00e1polis realizou, entre os dias 9 e 14 de janeiro, uma pesquisa comparativa de pre\u00e7os de itens escolares.<\/p>\n\n\n\n<p>A an\u00e1lise foi feita presencialmente pelos agentes do \u00f3rg\u00e3o, que verificaram os pre\u00e7os de 30 itens, incluindo diferentes tipos de cadernos, canetas, l\u00e1pis e produtos semelhantes.<\/p>\n\n\n\n<p>A coleta de pre\u00e7os ocorreu em seis estabelecimentos da cidade: Papelarias Tribut\u00e1ria, Jundia\u00ed, Universit\u00e1ria, Bom Jesus, Kalunga e Atacad\u00e3o China.<\/p>\n\n\n\n<p>O levantamento, que tem como objetivo alertar os consumidores sobre a varia\u00e7\u00e3o de pre\u00e7os dos produtos que comp\u00f5em a lista de material escolar, identificou diferen\u00e7as de at\u00e9 431%. A maior varia\u00e7\u00e3o foi registrada no pre\u00e7o da borracha branca, com valor m\u00ednimo de R$ 0,50 no Atacad\u00e3o China e m\u00e1ximo de R$ 2,60 na Papelaria Kalunga.<\/p>\n\n\n\n<p>A lancheira tamb\u00e9m aparece entre os itens com maior varia\u00e7\u00e3o, chegando a 366%. O menor pre\u00e7o foi encontrado no Atacad\u00e3o China, por R$ 14,99, enquanto o maior foi registrado na Papelaria Jundia\u00ed, por R$ 69,90. Outros produtos tamb\u00e9m apresentaram diferen\u00e7as significativas, como a caneta hidrocor (350%), o apontador de pl\u00e1stico (304%) e a mochila com rodinhas (280%).<\/p>\n\n\n\n<p><strong>Orienta\u00e7\u00f5es ao consumidor<\/strong><br>O \u00f3rg\u00e3o tamb\u00e9m recomenda que, no momento da compra, o consumidor avalie n\u00e3o apenas o pre\u00e7o, mas tamb\u00e9m a qualidade dos produtos.<\/p>\n\n\n\n<div class=\"wp-block-file\"><object class=\"wp-block-file__embed\" data=\"https:\/\/www.radiomanchester.com.br\/fm\/wp-content\/uploads\/2026\/01\/Rel-P.pdf\" type=\"application\/pdf\" style=\"width:100%;height:600px\" aria-label=\"Incorporado de Rel-P.\"><\/object><a id=\"wp-block-file--media-802c3b6c-76fe-4f03-ae84-0dfad205447c\" href=\"https:\/\/www.radiomanchester.com.br\/fm\/wp-content\/uploads\/2026\/01\/Rel-P.pdf\">Rel-P<\/a><a href=\"https:\/\/www.radiomanchester.com.br\/fm\/wp-content\/uploads\/2026\/01\/Rel-P.pdf\" class=\"wp-block-file__button\" download aria-describedby=\"wp-block-file--media-802c3b6c-76fe-4f03-ae84-0dfad205447c\">Baixar<\/a><\/div>\n","protected":false},"excerpt":{"rendered":"<p class=\"excerpt\">Com a volta das aulas se aproximando, cresce a movimenta\u00e7\u00e3o de pais e respons\u00e1veis na compra de materiais escolares. Pensando nisso, o Procon An\u00e1polis realizou, entre os dias 9 e 14 de janeiro, uma pesquisa comparativa de pre\u00e7os de itens escolares. A an\u00e1lise foi feita presencialmente pelos agentes do \u00f3rg\u00e3o, que verificaram os pre\u00e7os de [&hellip;]<\/p>\n","protected":false},"author":1,"featured_media":0,"comment_status":"open","ping_status":"open","sticky":false,"template":"","format":"standard","meta":[],"categories":[8,17],"tags":[22,24,113,83,129,92],"yoast_head":"<!-- This site is optimized with the Yoast SEO plugin v18.3 - https:\/\/yoast.com\/wordpress\/plugins\/seo\/ -->\n<title>Volta \u00e0s aulas: Procon An\u00e1polis identifica varia\u00e7\u00e3o de at\u00e9 431% no pre\u00e7o de itens escolares - Manchester FM 93,3<\/title>\n<meta name=\"robots\" content=\"index, follow, max-snippet:-1, max-image-preview:large, max-video-preview:-1\" \/>\n<link rel=\"canonical\" href=\"https:\/\/www.radiomanchester.com.br\/fm\/volta-as-aulas-procon-anapolis-identifica-variacao-de-ate-431-no-preco-de-itens-escolares\/\" \/>\n<meta property=\"og:locale\" content=\"pt_BR\" \/>\n<meta property=\"og:type\" content=\"article\" \/>\n<meta property=\"og:title\" content=\"Volta \u00e0s aulas: Procon An\u00e1polis identifica varia\u00e7\u00e3o de at\u00e9 431% no pre\u00e7o de itens escolares - Manchester FM 93,3\" \/>\n<meta property=\"og:description\" content=\"Com a volta das aulas se aproximando, cresce a movimenta\u00e7\u00e3o de pais e respons\u00e1veis na compra de materiais escolares. Pensando nisso, o Procon An\u00e1polis realizou, entre os dias 9 e 14 de janeiro, uma pesquisa comparativa de pre\u00e7os de itens escolares. A an\u00e1lise foi feita presencialmente pelos agentes do \u00f3rg\u00e3o, que verificaram os pre\u00e7os de [&hellip;]\" \/>\n<meta property=\"og:url\" content=\"https:\/\/www.radiomanchester.com.br\/fm\/volta-as-aulas-procon-anapolis-identifica-variacao-de-ate-431-no-preco-de-itens-escolares\/\" \/>\n<meta property=\"og:site_name\" content=\"Manchester FM 93,3\" \/>\n<meta property=\"article:published_time\" content=\"2026-01-14T22:21:07+00:00\" \/>\n<meta property=\"article:modified_time\" content=\"2026-01-14T22:21:11+00:00\" \/>\n<meta name=\"twitter:card\" content=\"summary_large_image\" \/>\n<meta name=\"twitter:label1\" content=\"Escrito por\" \/>\n\t<meta name=\"twitter:data1\" content=\"admin\" \/>\n\t<meta name=\"twitter:label2\" content=\"Est. tempo de leitura\" \/>\n\t<meta name=\"twitter:data2\" content=\"2 minutos\" \/>\n<script type=\"application\/ld+json\" class=\"yoast-schema-graph\">{\"@context\":\"https:\/\/schema.org\",\"@graph\":[{\"@type\":\"WebSite\",\"@id\":\"https:\/\/www.radiomanchester.com.br\/fm\/#website\",\"url\":\"https:\/\/www.radiomanchester.com.br\/fm\/\",\"name\":\"Manchester FM 93,3\",\"description\":\"Todo Mundo Ouve!\",\"potentialAction\":[{\"@type\":\"SearchAction\",\"target\":{\"@type\":\"EntryPoint\",\"urlTemplate\":\"https:\/\/www.radiomanchester.com.br\/fm\/?s={search_term_string}\"},\"query-input\":\"required name=search_term_string\"}],\"inLanguage\":\"pt-BR\"},{\"@type\":\"WebPage\",\"@id\":\"https:\/\/www.radiomanchester.com.br\/fm\/volta-as-aulas-procon-anapolis-identifica-variacao-de-ate-431-no-preco-de-itens-escolares\/#webpage\",\"url\":\"https:\/\/www.radiomanchester.com.br\/fm\/volta-as-aulas-procon-anapolis-identifica-variacao-de-ate-431-no-preco-de-itens-escolares\/\",\"name\":\"Volta \u00e0s aulas: Procon An\u00e1polis identifica varia\u00e7\u00e3o de at\u00e9 431% no pre\u00e7o de itens escolares - Manchester FM 93,3\",\"isPartOf\":{\"@id\":\"https:\/\/www.radiomanchester.com.br\/fm\/#website\"},\"datePublished\":\"2026-01-14T22:21:07+00:00\",\"dateModified\":\"2026-01-14T22:21:11+00:00\",\"author\":{\"@id\":\"https:\/\/www.radiomanchester.com.br\/fm\/#\/schema\/person\/408a7b4d4e32cbebd90e2782852abca3\"},\"breadcrumb\":{\"@id\":\"https:\/\/www.radiomanchester.com.br\/fm\/volta-as-aulas-procon-anapolis-identifica-variacao-de-ate-431-no-preco-de-itens-escolares\/#breadcrumb\"},\"inLanguage\":\"pt-BR\",\"potentialAction\":[{\"@type\":\"ReadAction\",\"target\":[\"https:\/\/www.radiomanchester.com.br\/fm\/volta-as-aulas-procon-anapolis-identifica-variacao-de-ate-431-no-preco-de-itens-escolares\/\"]}]},{\"@type\":\"BreadcrumbList\",\"@id\":\"https:\/\/www.radiomanchester.com.br\/fm\/volta-as-aulas-procon-anapolis-identifica-variacao-de-ate-431-no-preco-de-itens-escolares\/#breadcrumb\",\"itemListElement\":[{\"@type\":\"ListItem\",\"position\":1,\"name\":\"Home\",\"item\":\"https:\/\/www.radiomanchester.com.br\/fm\/\"},{\"@type\":\"ListItem\",\"position\":2,\"name\":\"Volta \u00e0s aulas: Procon An\u00e1polis identifica varia\u00e7\u00e3o de at\u00e9 431% no pre\u00e7o de itens escolares\"}]},{\"@type\":\"Person\",\"@id\":\"https:\/\/www.radiomanchester.com.br\/fm\/#\/schema\/person\/408a7b4d4e32cbebd90e2782852abca3\",\"name\":\"admin\",\"image\":{\"@type\":\"ImageObject\",\"@id\":\"https:\/\/www.radiomanchester.com.br\/fm\/#personlogo\",\"inLanguage\":\"pt-BR\",\"url\":\"https:\/\/secure.gravatar.com\/avatar\/115a974dba3376872eb3addeb276301c?s=96&d=mm&r=g\",\"contentUrl\":\"https:\/\/secure.gravatar.com\/avatar\/115a974dba3376872eb3addeb276301c?s=96&d=mm&r=g\",\"caption\":\"admin\"},\"url\":\"https:\/\/www.radiomanchester.com.br\/fm\/author\/admin\/\"}]}<\/script>\n<!-- \/ Yoast SEO plugin. -->","yoast_head_json":{"title":"Volta \u00e0s aulas: Procon An\u00e1polis identifica varia\u00e7\u00e3o de at\u00e9 431% no pre\u00e7o de itens escolares - Manchester FM 93,3","robots":{"index":"index","follow":"follow","max-snippet":"max-snippet:-1","max-image-preview":"max-image-preview:large","max-video-preview":"max-video-preview:-1"},"canonical":"https:\/\/www.radiomanchester.com.br\/fm\/volta-as-aulas-procon-anapolis-identifica-variacao-de-ate-431-no-preco-de-itens-escolares\/","og_locale":"pt_BR","og_type":"article","og_title":"Volta \u00e0s aulas: Procon An\u00e1polis identifica varia\u00e7\u00e3o de at\u00e9 431% no pre\u00e7o de itens escolares - Manchester FM 93,3","og_description":"Com a volta das aulas se aproximando, cresce a movimenta\u00e7\u00e3o de pais e respons\u00e1veis na compra de materiais escolares. Pensando nisso, o Procon An\u00e1polis realizou, entre os dias 9 e 14 de janeiro, uma pesquisa comparativa de pre\u00e7os de itens escolares. A an\u00e1lise foi feita presencialmente pelos agentes do \u00f3rg\u00e3o, que verificaram os pre\u00e7os de [&hellip;]","og_url":"https:\/\/www.radiomanchester.com.br\/fm\/volta-as-aulas-procon-anapolis-identifica-variacao-de-ate-431-no-preco-de-itens-escolares\/","og_site_name":"Manchester FM 93,3","article_published_time":"2026-01-14T22:21:07+00:00","article_modified_time":"2026-01-14T22:21:11+00:00","twitter_card":"summary_large_image","twitter_misc":{"Escrito por":"admin","Est. tempo de leitura":"2 minutos"},"schema":{"@context":"https:\/\/schema.org","@graph":[{"@type":"WebSite","@id":"https:\/\/www.radiomanchester.com.br\/fm\/#website","url":"https:\/\/www.radiomanchester.com.br\/fm\/","name":"Manchester FM 93,3","description":"Todo Mundo Ouve!","potentialAction":[{"@type":"SearchAction","target":{"@type":"EntryPoint","urlTemplate":"https:\/\/www.radiomanchester.com.br\/fm\/?s={search_term_string}"},"query-input":"required name=search_term_string"}],"inLanguage":"pt-BR"},{"@type":"WebPage","@id":"https:\/\/www.radiomanchester.com.br\/fm\/volta-as-aulas-procon-anapolis-identifica-variacao-de-ate-431-no-preco-de-itens-escolares\/#webpage","url":"https:\/\/www.radiomanchester.com.br\/fm\/volta-as-aulas-procon-anapolis-identifica-variacao-de-ate-431-no-preco-de-itens-escolares\/","name":"Volta \u00e0s aulas: Procon An\u00e1polis identifica varia\u00e7\u00e3o de at\u00e9 431% no pre\u00e7o de itens escolares - Manchester FM 93,3","isPartOf":{"@id":"https:\/\/www.radiomanchester.com.br\/fm\/#website"},"datePublished":"2026-01-14T22:21:07+00:00","dateModified":"2026-01-14T22:21:11+00:00","author":{"@id":"https:\/\/www.radiomanchester.com.br\/fm\/#\/schema\/person\/408a7b4d4e32cbebd90e2782852abca3"},"breadcrumb":{"@id":"https:\/\/www.radiomanchester.com.br\/fm\/volta-as-aulas-procon-anapolis-identifica-variacao-de-ate-431-no-preco-de-itens-escolares\/#breadcrumb"},"inLanguage":"pt-BR","potentialAction":[{"@type":"ReadAction","target":["https:\/\/www.radiomanchester.com.br\/fm\/volta-as-aulas-procon-anapolis-identifica-variacao-de-ate-431-no-preco-de-itens-escolares\/"]}]},{"@type":"BreadcrumbList","@id":"https:\/\/www.radiomanchester.com.br\/fm\/volta-as-aulas-procon-anapolis-identifica-variacao-de-ate-431-no-preco-de-itens-escolares\/#breadcrumb","itemListElement":[{"@type":"ListItem","position":1,"name":"Home","item":"https:\/\/www.radiomanchester.com.br\/fm\/"},{"@type":"ListItem","position":2,"name":"Volta \u00e0s aulas: Procon An\u00e1polis identifica varia\u00e7\u00e3o de at\u00e9 431% no pre\u00e7o de itens escolares"}]},{"@type":"Person","@id":"https:\/\/www.radiomanchester.com.br\/fm\/#\/schema\/person\/408a7b4d4e32cbebd90e2782852abca3","name":"admin","image":{"@type":"ImageObject","@id":"https:\/\/www.radiomanchester.com.br\/fm\/#personlogo","inLanguage":"pt-BR","url":"https:\/\/secure.gravatar.com\/avatar\/115a974dba3376872eb3addeb276301c?s=96&d=mm&r=g","contentUrl":"https:\/\/secure.gravatar.com\/avatar\/115a974dba3376872eb3addeb276301c?s=96&d=mm&r=g","caption":"admin"},"url":"https:\/\/www.radiomanchester.com.br\/fm\/author\/admin\/"}]}},"_links":{"self":[{"href":"https:\/\/www.radiomanchester.com.br\/fm\/wp-json\/wp\/v2\/posts\/17165"}],"collection":[{"href":"https:\/\/www.radiomanchester.com.br\/fm\/wp-json\/wp\/v2\/posts"}],"about":[{"href":"https:\/\/www.radiomanchester.com.br\/fm\/wp-json\/wp\/v2\/types\/post"}],"author":[{"embeddable":true,"href":"https:\/\/www.radiomanchester.com.br\/fm\/wp-json\/wp\/v2\/users\/1"}],"replies":[{"embeddable":true,"href":"https:\/\/www.radiomanchester.com.br\/fm\/wp-json\/wp\/v2\/comments?post=17165"}],"version-history":[{"count":1,"href":"https:\/\/www.radiomanchester.com.br\/fm\/wp-json\/wp\/v2\/posts\/17165\/revisions"}],"predecessor-version":[{"id":17167,"href":"https:\/\/www.radiomanchester.com.br\/fm\/wp-json\/wp\/v2\/posts\/17165\/revisions\/17167"}],"wp:attachment":[{"href":"https:\/\/www.radiomanchester.com.br\/fm\/wp-json\/wp\/v2\/media?parent=17165"}],"wp:term":[{"taxonomy":"category","embeddable":true,"href":"https:\/\/www.radiomanchester.com.br\/fm\/wp-json\/wp\/v2\/categories?post=17165"},{"taxonomy":"post_tag","embeddable":true,"href":"https:\/\/www.radiomanchester.com.br\/fm\/wp-json\/wp\/v2\/tags?post=17165"}],"curies":[{"name":"wp","href":"https:\/\/api.w.org\/{rel}","templated":true}]}}