{"id":17168,"date":"2026-01-14T20:11:41","date_gmt":"2026-01-14T23:11:41","guid":{"rendered":"https:\/\/www.radiomanchester.com.br\/fm\/?p=17168"},"modified":"2026-01-14T20:11:44","modified_gmt":"2026-01-14T23:11:44","slug":"3-pessoas-morrem-e-3-ficam-feridas-em-grave-acidente-na-br-060-entre-anapolis-e-goiania","status":"publish","type":"post","link":"https:\/\/www.radiomanchester.com.br\/fm\/3-pessoas-morrem-e-3-ficam-feridas-em-grave-acidente-na-br-060-entre-anapolis-e-goiania\/","title":{"rendered":"3 pessoas morrem e 3 ficam feridas em grave acidente na BR-060 entre An\u00e1polis e Goi\u00e2nia"},"content":{"rendered":"\n<p><\/p>\n\n\n\n<p>O acidente foi registrado na tarde desta quarta-feira (14\/01), na BR-060 pr\u00f3ximo ao ped\u00e1gio de Goian\u00e1polis. Segundo a Pol\u00edcia, aconteceu um engavetamento seguido de tombamento. Ao todo, quatro ve\u00edculos se envolveram no acidente, duas carretas &#8211; uma vazia e a outra transportando sementes -, um carro-forte e um ve\u00edculo de passeio.<\/p>\n\n\n\n<p>At\u00e9 o momento temos a confirma\u00e7\u00e3o de seis v\u00edtimas, sendo que tr\u00eas que estavam no carro morreram no local. Outra pessoa foi resgatada em estado grave e outras duas em estado leve, todas do carro-forte. Ainda n\u00e3o temos atualiza\u00e7\u00f5es sobre as v\u00edtimas das carretas.<\/p>\n\n\n\n<p>A ocorr\u00eancia ocasionou a interdi\u00e7\u00e3o da faixa da direita e acostamento. Na faixa da esquerda, o tr\u00e2nsito fluiu lentamente.<\/p>\n\n\n\n<p>A ocorr\u00eancia est\u00e1 em andamento e as equipes da Triunfo Concebra, Pol\u00edcia Rodovi\u00e1ria Federal, SAMU e Pol\u00edcia Civil est\u00e3o no local.<\/p>\n","protected":false},"excerpt":{"rendered":"<p class=\"excerpt\">O acidente foi registrado na tarde desta quarta-feira (14\/01), na BR-060 pr\u00f3ximo ao ped\u00e1gio de Goian\u00e1polis. Segundo a Pol\u00edcia, aconteceu um engavetamento seguido de tombamento. Ao todo, quatro ve\u00edculos se envolveram no acidente, duas carretas &#8211; uma vazia e a outra transportando sementes -, um carro-forte e um ve\u00edculo de passeio. At\u00e9 o momento temos [&hellip;]<\/p>\n","protected":false},"author":1,"featured_media":0,"comment_status":"open","ping_status":"open","sticky":false,"template":"","format":"standard","meta":[],"categories":[8,17],"tags":[22,24,113,83,92],"yoast_head":"<!-- This site is optimized with the Yoast SEO plugin v18.3 - https:\/\/yoast.com\/wordpress\/plugins\/seo\/ -->\n<title>3 pessoas morrem e 3 ficam feridas em grave acidente na BR-060 entre An\u00e1polis e Goi\u00e2nia - Manchester FM 93,3<\/title>\n<meta name=\"robots\" content=\"index, follow, max-snippet:-1, max-image-preview:large, max-video-preview:-1\" \/>\n<link rel=\"canonical\" href=\"https:\/\/www.radiomanchester.com.br\/fm\/3-pessoas-morrem-e-3-ficam-feridas-em-grave-acidente-na-br-060-entre-anapolis-e-goiania\/\" \/>\n<meta property=\"og:locale\" content=\"pt_BR\" \/>\n<meta property=\"og:type\" content=\"article\" \/>\n<meta property=\"og:title\" content=\"3 pessoas morrem e 3 ficam feridas em grave acidente na BR-060 entre An\u00e1polis e Goi\u00e2nia - Manchester FM 93,3\" \/>\n<meta property=\"og:description\" content=\"O acidente foi registrado na tarde desta quarta-feira (14\/01), na BR-060 pr\u00f3ximo ao ped\u00e1gio de Goian\u00e1polis. Segundo a Pol\u00edcia, aconteceu um engavetamento seguido de tombamento. Ao todo, quatro ve\u00edculos se envolveram no acidente, duas carretas &#8211; uma vazia e a outra transportando sementes -, um carro-forte e um ve\u00edculo de passeio. At\u00e9 o momento temos [&hellip;]\" \/>\n<meta property=\"og:url\" content=\"https:\/\/www.radiomanchester.com.br\/fm\/3-pessoas-morrem-e-3-ficam-feridas-em-grave-acidente-na-br-060-entre-anapolis-e-goiania\/\" \/>\n<meta property=\"og:site_name\" content=\"Manchester FM 93,3\" \/>\n<meta property=\"article:published_time\" content=\"2026-01-14T23:11:41+00:00\" \/>\n<meta property=\"article:modified_time\" content=\"2026-01-14T23:11:44+00:00\" \/>\n<meta name=\"twitter:card\" content=\"summary_large_image\" \/>\n<meta name=\"twitter:label1\" content=\"Escrito por\" \/>\n\t<meta name=\"twitter:data1\" content=\"admin\" \/>\n\t<meta name=\"twitter:label2\" content=\"Est. tempo de leitura\" \/>\n\t<meta name=\"twitter:data2\" content=\"1 minuto\" \/>\n<script type=\"application\/ld+json\" class=\"yoast-schema-graph\">{\"@context\":\"https:\/\/schema.org\",\"@graph\":[{\"@type\":\"WebSite\",\"@id\":\"https:\/\/www.radiomanchester.com.br\/fm\/#website\",\"url\":\"https:\/\/www.radiomanchester.com.br\/fm\/\",\"name\":\"Manchester FM 93,3\",\"description\":\"Todo Mundo Ouve!\",\"potentialAction\":[{\"@type\":\"SearchAction\",\"target\":{\"@type\":\"EntryPoint\",\"urlTemplate\":\"https:\/\/www.radiomanchester.com.br\/fm\/?s={search_term_string}\"},\"query-input\":\"required name=search_term_string\"}],\"inLanguage\":\"pt-BR\"},{\"@type\":\"WebPage\",\"@id\":\"https:\/\/www.radiomanchester.com.br\/fm\/3-pessoas-morrem-e-3-ficam-feridas-em-grave-acidente-na-br-060-entre-anapolis-e-goiania\/#webpage\",\"url\":\"https:\/\/www.radiomanchester.com.br\/fm\/3-pessoas-morrem-e-3-ficam-feridas-em-grave-acidente-na-br-060-entre-anapolis-e-goiania\/\",\"name\":\"3 pessoas morrem e 3 ficam feridas em grave acidente na BR-060 entre An\u00e1polis e Goi\u00e2nia - Manchester FM 93,3\",\"isPartOf\":{\"@id\":\"https:\/\/www.radiomanchester.com.br\/fm\/#website\"},\"datePublished\":\"2026-01-14T23:11:41+00:00\",\"dateModified\":\"2026-01-14T23:11:44+00:00\",\"author\":{\"@id\":\"https:\/\/www.radiomanchester.com.br\/fm\/#\/schema\/person\/408a7b4d4e32cbebd90e2782852abca3\"},\"breadcrumb\":{\"@id\":\"https:\/\/www.radiomanchester.com.br\/fm\/3-pessoas-morrem-e-3-ficam-feridas-em-grave-acidente-na-br-060-entre-anapolis-e-goiania\/#breadcrumb\"},\"inLanguage\":\"pt-BR\",\"potentialAction\":[{\"@type\":\"ReadAction\",\"target\":[\"https:\/\/www.radiomanchester.com.br\/fm\/3-pessoas-morrem-e-3-ficam-feridas-em-grave-acidente-na-br-060-entre-anapolis-e-goiania\/\"]}]},{\"@type\":\"BreadcrumbList\",\"@id\":\"https:\/\/www.radiomanchester.com.br\/fm\/3-pessoas-morrem-e-3-ficam-feridas-em-grave-acidente-na-br-060-entre-anapolis-e-goiania\/#breadcrumb\",\"itemListElement\":[{\"@type\":\"ListItem\",\"position\":1,\"name\":\"Home\",\"item\":\"https:\/\/www.radiomanchester.com.br\/fm\/\"},{\"@type\":\"ListItem\",\"position\":2,\"name\":\"3 pessoas morrem e 3 ficam feridas em grave acidente na BR-060 entre An\u00e1polis e Goi\u00e2nia\"}]},{\"@type\":\"Person\",\"@id\":\"https:\/\/www.radiomanchester.com.br\/fm\/#\/schema\/person\/408a7b4d4e32cbebd90e2782852abca3\",\"name\":\"admin\",\"image\":{\"@type\":\"ImageObject\",\"@id\":\"https:\/\/www.radiomanchester.com.br\/fm\/#personlogo\",\"inLanguage\":\"pt-BR\",\"url\":\"https:\/\/secure.gravatar.com\/avatar\/115a974dba3376872eb3addeb276301c?s=96&d=mm&r=g\",\"contentUrl\":\"https:\/\/secure.gravatar.com\/avatar\/115a974dba3376872eb3addeb276301c?s=96&d=mm&r=g\",\"caption\":\"admin\"},\"url\":\"https:\/\/www.radiomanchester.com.br\/fm\/author\/admin\/\"}]}<\/script>\n<!-- \/ Yoast SEO plugin. -->","yoast_head_json":{"title":"3 pessoas morrem e 3 ficam feridas em grave acidente na BR-060 entre An\u00e1polis e Goi\u00e2nia - Manchester FM 93,3","robots":{"index":"index","follow":"follow","max-snippet":"max-snippet:-1","max-image-preview":"max-image-preview:large","max-video-preview":"max-video-preview:-1"},"canonical":"https:\/\/www.radiomanchester.com.br\/fm\/3-pessoas-morrem-e-3-ficam-feridas-em-grave-acidente-na-br-060-entre-anapolis-e-goiania\/","og_locale":"pt_BR","og_type":"article","og_title":"3 pessoas morrem e 3 ficam feridas em grave acidente na BR-060 entre An\u00e1polis e Goi\u00e2nia - Manchester FM 93,3","og_description":"O acidente foi registrado na tarde desta quarta-feira (14\/01), na BR-060 pr\u00f3ximo ao ped\u00e1gio de Goian\u00e1polis. Segundo a Pol\u00edcia, aconteceu um engavetamento seguido de tombamento. Ao todo, quatro ve\u00edculos se envolveram no acidente, duas carretas &#8211; uma vazia e a outra transportando sementes -, um carro-forte e um ve\u00edculo de passeio. At\u00e9 o momento temos [&hellip;]","og_url":"https:\/\/www.radiomanchester.com.br\/fm\/3-pessoas-morrem-e-3-ficam-feridas-em-grave-acidente-na-br-060-entre-anapolis-e-goiania\/","og_site_name":"Manchester FM 93,3","article_published_time":"2026-01-14T23:11:41+00:00","article_modified_time":"2026-01-14T23:11:44+00:00","twitter_card":"summary_large_image","twitter_misc":{"Escrito por":"admin","Est. tempo de leitura":"1 minuto"},"schema":{"@context":"https:\/\/schema.org","@graph":[{"@type":"WebSite","@id":"https:\/\/www.radiomanchester.com.br\/fm\/#website","url":"https:\/\/www.radiomanchester.com.br\/fm\/","name":"Manchester FM 93,3","description":"Todo Mundo Ouve!","potentialAction":[{"@type":"SearchAction","target":{"@type":"EntryPoint","urlTemplate":"https:\/\/www.radiomanchester.com.br\/fm\/?s={search_term_string}"},"query-input":"required name=search_term_string"}],"inLanguage":"pt-BR"},{"@type":"WebPage","@id":"https:\/\/www.radiomanchester.com.br\/fm\/3-pessoas-morrem-e-3-ficam-feridas-em-grave-acidente-na-br-060-entre-anapolis-e-goiania\/#webpage","url":"https:\/\/www.radiomanchester.com.br\/fm\/3-pessoas-morrem-e-3-ficam-feridas-em-grave-acidente-na-br-060-entre-anapolis-e-goiania\/","name":"3 pessoas morrem e 3 ficam feridas em grave acidente na BR-060 entre An\u00e1polis e Goi\u00e2nia - Manchester FM 93,3","isPartOf":{"@id":"https:\/\/www.radiomanchester.com.br\/fm\/#website"},"datePublished":"2026-01-14T23:11:41+00:00","dateModified":"2026-01-14T23:11:44+00:00","author":{"@id":"https:\/\/www.radiomanchester.com.br\/fm\/#\/schema\/person\/408a7b4d4e32cbebd90e2782852abca3"},"breadcrumb":{"@id":"https:\/\/www.radiomanchester.com.br\/fm\/3-pessoas-morrem-e-3-ficam-feridas-em-grave-acidente-na-br-060-entre-anapolis-e-goiania\/#breadcrumb"},"inLanguage":"pt-BR","potentialAction":[{"@type":"ReadAction","target":["https:\/\/www.radiomanchester.com.br\/fm\/3-pessoas-morrem-e-3-ficam-feridas-em-grave-acidente-na-br-060-entre-anapolis-e-goiania\/"]}]},{"@type":"BreadcrumbList","@id":"https:\/\/www.radiomanchester.com.br\/fm\/3-pessoas-morrem-e-3-ficam-feridas-em-grave-acidente-na-br-060-entre-anapolis-e-goiania\/#breadcrumb","itemListElement":[{"@type":"ListItem","position":1,"name":"Home","item":"https:\/\/www.radiomanchester.com.br\/fm\/"},{"@type":"ListItem","position":2,"name":"3 pessoas morrem e 3 ficam feridas em grave acidente na BR-060 entre An\u00e1polis e Goi\u00e2nia"}]},{"@type":"Person","@id":"https:\/\/www.radiomanchester.com.br\/fm\/#\/schema\/person\/408a7b4d4e32cbebd90e2782852abca3","name":"admin","image":{"@type":"ImageObject","@id":"https:\/\/www.radiomanchester.com.br\/fm\/#personlogo","inLanguage":"pt-BR","url":"https:\/\/secure.gravatar.com\/avatar\/115a974dba3376872eb3addeb276301c?s=96&d=mm&r=g","contentUrl":"https:\/\/secure.gravatar.com\/avatar\/115a974dba3376872eb3addeb276301c?s=96&d=mm&r=g","caption":"admin"},"url":"https:\/\/www.radiomanchester.com.br\/fm\/author\/admin\/"}]}},"_links":{"self":[{"href":"https:\/\/www.radiomanchester.com.br\/fm\/wp-json\/wp\/v2\/posts\/17168"}],"collection":[{"href":"https:\/\/www.radiomanchester.com.br\/fm\/wp-json\/wp\/v2\/posts"}],"about":[{"href":"https:\/\/www.radiomanchester.com.br\/fm\/wp-json\/wp\/v2\/types\/post"}],"author":[{"embeddable":true,"href":"https:\/\/www.radiomanchester.com.br\/fm\/wp-json\/wp\/v2\/users\/1"}],"replies":[{"embeddable":true,"href":"https:\/\/www.radiomanchester.com.br\/fm\/wp-json\/wp\/v2\/comments?post=17168"}],"version-history":[{"count":1,"href":"https:\/\/www.radiomanchester.com.br\/fm\/wp-json\/wp\/v2\/posts\/17168\/revisions"}],"predecessor-version":[{"id":17169,"href":"https:\/\/www.radiomanchester.com.br\/fm\/wp-json\/wp\/v2\/posts\/17168\/revisions\/17169"}],"wp:attachment":[{"href":"https:\/\/www.radiomanchester.com.br\/fm\/wp-json\/wp\/v2\/media?parent=17168"}],"wp:term":[{"taxonomy":"category","embeddable":true,"href":"https:\/\/www.radiomanchester.com.br\/fm\/wp-json\/wp\/v2\/categories?post=17168"},{"taxonomy":"post_tag","embeddable":true,"href":"https:\/\/www.radiomanchester.com.br\/fm\/wp-json\/wp\/v2\/tags?post=17168"}],"curies":[{"name":"wp","href":"https:\/\/api.w.org\/{rel}","templated":true}]}}