{"id":17170,"date":"2026-01-15T07:00:00","date_gmt":"2026-01-15T10:00:00","guid":{"rendered":"https:\/\/www.radiomanchester.com.br\/fm\/?p=17170"},"modified":"2026-01-14T22:06:34","modified_gmt":"2026-01-15T01:06:34","slug":"mais-533-professores-aprovados-em-concurso-tomam-posse","status":"publish","type":"post","link":"https:\/\/www.radiomanchester.com.br\/fm\/mais-533-professores-aprovados-em-concurso-tomam-posse\/","title":{"rendered":"Mais 533 professores aprovados em concurso tomam posse"},"content":{"rendered":"\n<p><\/p>\n\n\n\n<p>A Secretaria da Educa\u00e7\u00e3o de Goi\u00e1s (Seduc\/GO) empossa mais 533 professores aprovados no concurso p\u00fablico para preenchimento de vagas na rede p\u00fablica de ensino. A a\u00e7\u00e3o visa a adequada modula\u00e7\u00e3o dos novos profissionais para o in\u00edcio das aulas neste novo ano letivo, que come\u00e7a no pr\u00f3ximo dia 20.<\/p>\n\n\n\n<p>Os professores empossados j\u00e1 iniciam as atividades na rede de ensino no pr\u00f3ximo dia 19 de janeiro, um dia antes do in\u00edcio das aulas do calend\u00e1rio escolar 2026.<\/p>\n\n\n\n<p><strong>Professores<br><\/strong>A gerente de Modula\u00e7\u00e3o da Seduc\/GO, C\u00e9lia Maria, junto \u00e0 equipe especializada, coordena as atividades de designa\u00e7\u00e3o dos professores para o efetivo exerc\u00edcio nas escolas p\u00fablicas estaduais.<\/p>\n\n\n\n<p>\u201cEssa a\u00e7\u00e3o \u00e9 muito importante para termos o correto manejo dos servidores dentro do estado, cuidamos para coloc\u00e1-los no lugar e na \u00e1rea certa\u201d, afirma C\u00e9lia.<\/p>\n\n\n\n<p>\u201cEstou muito animada, as expectativas est\u00e3o \u00e0 altura da situa\u00e7\u00e3o. O sentimento \u00e9 de alegria por ter vivido todo esse processo e agora, finalmente, estar aqui para saber onde vou dar aulas\u201d, afirma Vanessa Cristina Alves, professora de Hist\u00f3ria j\u00e1 modulada na rede estadual.<\/p>\n\n\n\n<p>porAg\u00eancia Cora Coralina Gov Goi\u00e1s<\/p>\n","protected":false},"excerpt":{"rendered":"<p class=\"excerpt\">A Secretaria da Educa\u00e7\u00e3o de Goi\u00e1s (Seduc\/GO) empossa mais 533 professores aprovados no concurso p\u00fablico para preenchimento de vagas na rede p\u00fablica de ensino. A a\u00e7\u00e3o visa a adequada modula\u00e7\u00e3o dos novos profissionais para o in\u00edcio das aulas neste novo ano letivo, que come\u00e7a no pr\u00f3ximo dia 20. Os professores empossados j\u00e1 iniciam as atividades [&hellip;]<\/p>\n","protected":false},"author":1,"featured_media":0,"comment_status":"open","ping_status":"open","sticky":false,"template":"","format":"standard","meta":[],"categories":[8,17],"tags":[22,24,172,113,83,92],"yoast_head":"<!-- This site is optimized with the Yoast SEO plugin v18.3 - https:\/\/yoast.com\/wordpress\/plugins\/seo\/ -->\n<title>Mais 533 professores aprovados em concurso tomam posse - Manchester FM 93,3<\/title>\n<meta name=\"robots\" content=\"index, follow, max-snippet:-1, max-image-preview:large, max-video-preview:-1\" \/>\n<link rel=\"canonical\" href=\"https:\/\/www.radiomanchester.com.br\/fm\/mais-533-professores-aprovados-em-concurso-tomam-posse\/\" \/>\n<meta property=\"og:locale\" content=\"pt_BR\" \/>\n<meta property=\"og:type\" content=\"article\" \/>\n<meta property=\"og:title\" content=\"Mais 533 professores aprovados em concurso tomam posse - Manchester FM 93,3\" \/>\n<meta property=\"og:description\" content=\"A Secretaria da Educa\u00e7\u00e3o de Goi\u00e1s (Seduc\/GO) empossa mais 533 professores aprovados no concurso p\u00fablico para preenchimento de vagas na rede p\u00fablica de ensino. A a\u00e7\u00e3o visa a adequada modula\u00e7\u00e3o dos novos profissionais para o in\u00edcio das aulas neste novo ano letivo, que come\u00e7a no pr\u00f3ximo dia 20. Os professores empossados j\u00e1 iniciam as atividades [&hellip;]\" \/>\n<meta property=\"og:url\" content=\"https:\/\/www.radiomanchester.com.br\/fm\/mais-533-professores-aprovados-em-concurso-tomam-posse\/\" \/>\n<meta property=\"og:site_name\" content=\"Manchester FM 93,3\" \/>\n<meta property=\"article:published_time\" content=\"2026-01-15T10:00:00+00:00\" \/>\n<meta property=\"article:modified_time\" content=\"2026-01-15T01:06:34+00:00\" \/>\n<meta name=\"twitter:card\" content=\"summary_large_image\" \/>\n<meta name=\"twitter:label1\" content=\"Escrito por\" \/>\n\t<meta name=\"twitter:data1\" content=\"admin\" \/>\n\t<meta name=\"twitter:label2\" content=\"Est. tempo de leitura\" \/>\n\t<meta name=\"twitter:data2\" content=\"1 minuto\" \/>\n<script type=\"application\/ld+json\" class=\"yoast-schema-graph\">{\"@context\":\"https:\/\/schema.org\",\"@graph\":[{\"@type\":\"WebSite\",\"@id\":\"https:\/\/www.radiomanchester.com.br\/fm\/#website\",\"url\":\"https:\/\/www.radiomanchester.com.br\/fm\/\",\"name\":\"Manchester FM 93,3\",\"description\":\"Todo Mundo Ouve!\",\"potentialAction\":[{\"@type\":\"SearchAction\",\"target\":{\"@type\":\"EntryPoint\",\"urlTemplate\":\"https:\/\/www.radiomanchester.com.br\/fm\/?s={search_term_string}\"},\"query-input\":\"required name=search_term_string\"}],\"inLanguage\":\"pt-BR\"},{\"@type\":\"WebPage\",\"@id\":\"https:\/\/www.radiomanchester.com.br\/fm\/mais-533-professores-aprovados-em-concurso-tomam-posse\/#webpage\",\"url\":\"https:\/\/www.radiomanchester.com.br\/fm\/mais-533-professores-aprovados-em-concurso-tomam-posse\/\",\"name\":\"Mais 533 professores aprovados em concurso tomam posse - Manchester FM 93,3\",\"isPartOf\":{\"@id\":\"https:\/\/www.radiomanchester.com.br\/fm\/#website\"},\"datePublished\":\"2026-01-15T10:00:00+00:00\",\"dateModified\":\"2026-01-15T01:06:34+00:00\",\"author\":{\"@id\":\"https:\/\/www.radiomanchester.com.br\/fm\/#\/schema\/person\/408a7b4d4e32cbebd90e2782852abca3\"},\"breadcrumb\":{\"@id\":\"https:\/\/www.radiomanchester.com.br\/fm\/mais-533-professores-aprovados-em-concurso-tomam-posse\/#breadcrumb\"},\"inLanguage\":\"pt-BR\",\"potentialAction\":[{\"@type\":\"ReadAction\",\"target\":[\"https:\/\/www.radiomanchester.com.br\/fm\/mais-533-professores-aprovados-em-concurso-tomam-posse\/\"]}]},{\"@type\":\"BreadcrumbList\",\"@id\":\"https:\/\/www.radiomanchester.com.br\/fm\/mais-533-professores-aprovados-em-concurso-tomam-posse\/#breadcrumb\",\"itemListElement\":[{\"@type\":\"ListItem\",\"position\":1,\"name\":\"Home\",\"item\":\"https:\/\/www.radiomanchester.com.br\/fm\/\"},{\"@type\":\"ListItem\",\"position\":2,\"name\":\"Mais 533 professores aprovados em concurso tomam posse\"}]},{\"@type\":\"Person\",\"@id\":\"https:\/\/www.radiomanchester.com.br\/fm\/#\/schema\/person\/408a7b4d4e32cbebd90e2782852abca3\",\"name\":\"admin\",\"image\":{\"@type\":\"ImageObject\",\"@id\":\"https:\/\/www.radiomanchester.com.br\/fm\/#personlogo\",\"inLanguage\":\"pt-BR\",\"url\":\"https:\/\/secure.gravatar.com\/avatar\/115a974dba3376872eb3addeb276301c?s=96&d=mm&r=g\",\"contentUrl\":\"https:\/\/secure.gravatar.com\/avatar\/115a974dba3376872eb3addeb276301c?s=96&d=mm&r=g\",\"caption\":\"admin\"},\"url\":\"https:\/\/www.radiomanchester.com.br\/fm\/author\/admin\/\"}]}<\/script>\n<!-- \/ Yoast SEO plugin. -->","yoast_head_json":{"title":"Mais 533 professores aprovados em concurso tomam posse - Manchester FM 93,3","robots":{"index":"index","follow":"follow","max-snippet":"max-snippet:-1","max-image-preview":"max-image-preview:large","max-video-preview":"max-video-preview:-1"},"canonical":"https:\/\/www.radiomanchester.com.br\/fm\/mais-533-professores-aprovados-em-concurso-tomam-posse\/","og_locale":"pt_BR","og_type":"article","og_title":"Mais 533 professores aprovados em concurso tomam posse - Manchester FM 93,3","og_description":"A Secretaria da Educa\u00e7\u00e3o de Goi\u00e1s (Seduc\/GO) empossa mais 533 professores aprovados no concurso p\u00fablico para preenchimento de vagas na rede p\u00fablica de ensino. A a\u00e7\u00e3o visa a adequada modula\u00e7\u00e3o dos novos profissionais para o in\u00edcio das aulas neste novo ano letivo, que come\u00e7a no pr\u00f3ximo dia 20. Os professores empossados j\u00e1 iniciam as atividades [&hellip;]","og_url":"https:\/\/www.radiomanchester.com.br\/fm\/mais-533-professores-aprovados-em-concurso-tomam-posse\/","og_site_name":"Manchester FM 93,3","article_published_time":"2026-01-15T10:00:00+00:00","article_modified_time":"2026-01-15T01:06:34+00:00","twitter_card":"summary_large_image","twitter_misc":{"Escrito por":"admin","Est. tempo de leitura":"1 minuto"},"schema":{"@context":"https:\/\/schema.org","@graph":[{"@type":"WebSite","@id":"https:\/\/www.radiomanchester.com.br\/fm\/#website","url":"https:\/\/www.radiomanchester.com.br\/fm\/","name":"Manchester FM 93,3","description":"Todo Mundo Ouve!","potentialAction":[{"@type":"SearchAction","target":{"@type":"EntryPoint","urlTemplate":"https:\/\/www.radiomanchester.com.br\/fm\/?s={search_term_string}"},"query-input":"required name=search_term_string"}],"inLanguage":"pt-BR"},{"@type":"WebPage","@id":"https:\/\/www.radiomanchester.com.br\/fm\/mais-533-professores-aprovados-em-concurso-tomam-posse\/#webpage","url":"https:\/\/www.radiomanchester.com.br\/fm\/mais-533-professores-aprovados-em-concurso-tomam-posse\/","name":"Mais 533 professores aprovados em concurso tomam posse - Manchester FM 93,3","isPartOf":{"@id":"https:\/\/www.radiomanchester.com.br\/fm\/#website"},"datePublished":"2026-01-15T10:00:00+00:00","dateModified":"2026-01-15T01:06:34+00:00","author":{"@id":"https:\/\/www.radiomanchester.com.br\/fm\/#\/schema\/person\/408a7b4d4e32cbebd90e2782852abca3"},"breadcrumb":{"@id":"https:\/\/www.radiomanchester.com.br\/fm\/mais-533-professores-aprovados-em-concurso-tomam-posse\/#breadcrumb"},"inLanguage":"pt-BR","potentialAction":[{"@type":"ReadAction","target":["https:\/\/www.radiomanchester.com.br\/fm\/mais-533-professores-aprovados-em-concurso-tomam-posse\/"]}]},{"@type":"BreadcrumbList","@id":"https:\/\/www.radiomanchester.com.br\/fm\/mais-533-professores-aprovados-em-concurso-tomam-posse\/#breadcrumb","itemListElement":[{"@type":"ListItem","position":1,"name":"Home","item":"https:\/\/www.radiomanchester.com.br\/fm\/"},{"@type":"ListItem","position":2,"name":"Mais 533 professores aprovados em concurso tomam posse"}]},{"@type":"Person","@id":"https:\/\/www.radiomanchester.com.br\/fm\/#\/schema\/person\/408a7b4d4e32cbebd90e2782852abca3","name":"admin","image":{"@type":"ImageObject","@id":"https:\/\/www.radiomanchester.com.br\/fm\/#personlogo","inLanguage":"pt-BR","url":"https:\/\/secure.gravatar.com\/avatar\/115a974dba3376872eb3addeb276301c?s=96&d=mm&r=g","contentUrl":"https:\/\/secure.gravatar.com\/avatar\/115a974dba3376872eb3addeb276301c?s=96&d=mm&r=g","caption":"admin"},"url":"https:\/\/www.radiomanchester.com.br\/fm\/author\/admin\/"}]}},"_links":{"self":[{"href":"https:\/\/www.radiomanchester.com.br\/fm\/wp-json\/wp\/v2\/posts\/17170"}],"collection":[{"href":"https:\/\/www.radiomanchester.com.br\/fm\/wp-json\/wp\/v2\/posts"}],"about":[{"href":"https:\/\/www.radiomanchester.com.br\/fm\/wp-json\/wp\/v2\/types\/post"}],"author":[{"embeddable":true,"href":"https:\/\/www.radiomanchester.com.br\/fm\/wp-json\/wp\/v2\/users\/1"}],"replies":[{"embeddable":true,"href":"https:\/\/www.radiomanchester.com.br\/fm\/wp-json\/wp\/v2\/comments?post=17170"}],"version-history":[{"count":1,"href":"https:\/\/www.radiomanchester.com.br\/fm\/wp-json\/wp\/v2\/posts\/17170\/revisions"}],"predecessor-version":[{"id":17171,"href":"https:\/\/www.radiomanchester.com.br\/fm\/wp-json\/wp\/v2\/posts\/17170\/revisions\/17171"}],"wp:attachment":[{"href":"https:\/\/www.radiomanchester.com.br\/fm\/wp-json\/wp\/v2\/media?parent=17170"}],"wp:term":[{"taxonomy":"category","embeddable":true,"href":"https:\/\/www.radiomanchester.com.br\/fm\/wp-json\/wp\/v2\/categories?post=17170"},{"taxonomy":"post_tag","embeddable":true,"href":"https:\/\/www.radiomanchester.com.br\/fm\/wp-json\/wp\/v2\/tags?post=17170"}],"curies":[{"name":"wp","href":"https:\/\/api.w.org\/{rel}","templated":true}]}}