{"id":17175,"date":"2026-01-16T07:00:00","date_gmt":"2026-01-16T10:00:00","guid":{"rendered":"https:\/\/www.radiomanchester.com.br\/fm\/?p=17175"},"modified":"2026-01-15T20:33:47","modified_gmt":"2026-01-15T23:33:47","slug":"saiba-quais-paises-tiveram-visto-de-imigracao-para-os-eua-suspenso","status":"publish","type":"post","link":"https:\/\/www.radiomanchester.com.br\/fm\/saiba-quais-paises-tiveram-visto-de-imigracao-para-os-eua-suspenso\/","title":{"rendered":"Saiba quais pa\u00edses tiveram visto de imigra\u00e7\u00e3o para os EUA suspenso"},"content":{"rendered":"\n<p><em><strong>Embaixada estadunidense divulgou lista completa dos 75 pa\u00edses<\/strong><\/em><\/p>\n\n\n\n<hr class=\"wp-block-separator\"\/>\n\n\n\n<p>Os Estados Unidos suspender\u00e3o, a partir do dia 21 de janeiro, a emiss\u00e3o de visto de imigrante para cidad\u00e3os de 75 pa\u00edses \u2013 entre eles, o Brasil. A medida foi anunciada em comunicado emitido na quarta-feira (14\/01) pelo Departamento de Estado dos EUA. Vistos de turismo continuar\u00e3o sendo emitidos.<\/p>\n\n\n\n<p>Al\u00e9m do Brasil, integram a lista pa\u00edses como R\u00fassia, Ir\u00e3, Iraque, Col\u00f4mbia, Uruguai, Cuba, Haiti, I\u00eamen. Diversos pa\u00edses do continente africano e asi\u00e1tico tamb\u00e9m foram inclu\u00eddos.<\/p>\n\n\n\n<p>J\u00e1 a Argentina, pa\u00eds cujo presidente Javier Milei compartilha de posicionamentos ideol\u00f3gicos similares ao de Trump, n\u00e3o foi inclu\u00edda na lista.<\/p>\n\n\n\n<p>De acordo com o comunicado, a medida decorre de uma \u201crevis\u00e3o completa\u201d que vem sendo feitas nas pol\u00edticas, regulamentos e diretrizes estadunidenses \u201cpara garantir que imigrantes desses pa\u00edses de alto risco n\u00e3o utilizem benef\u00edcios de programas de assist\u00eancia social nos Estados Unidos ou se tornem um encargo p\u00fablico\u201d.<\/p>\n\n\n\n<p>A nota lembra que o presidente Donald Trump \u201ctem deixado claro que imigrantes devem ser financeiramente autossuficientes e n\u00e3o representar um fardo financeiro para os americanos\u201d.<\/p>\n\n\n\n<p>Veja quais s\u00e3o os pa\u00edses que ter\u00e3o a emiss\u00e3o de visto de imigrantes suspensa:<\/p>\n\n\n\n<ul><li>Afeganist\u00e3o<\/li><li>Alb\u00e2nia<\/li><li>Ant\u00edgua e Barbuda<\/li><li>Arg\u00e9lia<\/li><li>Arm\u00eania<\/li><li>Azerbaij\u00e3o<\/li><li>Bahamas<\/li><li>Bangladesh<\/li><li>Barbados<\/li><li>Belarus<\/li><li>Belize<\/li><li>B\u00f3snia<\/li><li>Brasil<\/li><li>But\u00e3o<\/li><li>Cabo Verde<\/li><li>Camar\u00f5es<\/li><li>Camboja<\/li><li>Cazaquist\u00e3o<\/li><li>Col\u00f4mbia<\/li><li>Costa do Marfim<\/li><li>Cuba<\/li><li>Dominica<\/li><li>Egito<\/li><li>Eritreia<\/li><li>Eti\u00f3pia<\/li><li>Fiji<\/li><li>G\u00e2mbia<\/li><li>Gana<\/li><li>Ge\u00f3rgia<\/li><li>Granada<\/li><li>Guatemala<\/li><li>Guin\u00e9<\/li><li>Haiti<\/li><li>I\u00eamen<\/li><li>Ir\u00e3<\/li><li>Iraque<\/li><li>Jamaica<\/li><li>Jord\u00e2nia<\/li><li>Kosovo<\/li><li>Kuwait<\/li><li>Laos<\/li><li>L\u00edbano<\/li><li>Lib\u00e9ria<\/li><li>L\u00edbia<\/li><li>Maced\u00f4nia do Norte<\/li><li>Marrocos<\/li><li>Mianmar<\/li><li>Mold\u00e1via<\/li><li>Mong\u00f3lia<\/li><li>Montenegro<\/li><li>Nepal<\/li><li>Nicar\u00e1gua<\/li><li>Nig\u00e9ria<\/li><li>Paquist\u00e3o<\/li><li>Quirguist\u00e3o<\/li><li>Rep\u00fablica Democr\u00e1tica do Congo<\/li><li>Rep\u00fablica do Congo<\/li><li>Ruanda<\/li><li>R\u00fassia<\/li><li>Santa L\u00facia<\/li><li>S\u00e3o Crist\u00f3v\u00e3o e N\u00e9vis<\/li><li>S\u00e3o Vicente e Granadinas<\/li><li>Senegal<\/li><li>Serra Leoa<\/li><li>S\u00edria<\/li><li>Som\u00e1lia<\/li><li>Sud\u00e3o<\/li><li>Sud\u00e3o do Sul<\/li><li>Tail\u00e2ndia<\/li><li>Tanz\u00e2nia<\/li><li>Togo<\/li><li>Tun\u00edsia<\/li><li>Uganda<\/li><li>Uruguai<\/li><li>Uzbequist\u00e3o<\/li><\/ul>\n\n\n\n<p>porAg\u00eancia Brasil<\/p>\n","protected":false},"excerpt":{"rendered":"<p class=\"excerpt\">Embaixada estadunidense divulgou lista completa dos 75 pa\u00edses Os Estados Unidos suspender\u00e3o, a partir do dia 21 de janeiro, a emiss\u00e3o de visto de imigrante para cidad\u00e3os de 75 pa\u00edses \u2013 entre eles, o Brasil. A medida foi anunciada em comunicado emitido na quarta-feira (14\/01) pelo Departamento de Estado dos EUA. Vistos de turismo continuar\u00e3o [&hellip;]<\/p>\n","protected":false},"author":1,"featured_media":0,"comment_status":"open","ping_status":"open","sticky":false,"template":"","format":"standard","meta":[],"categories":[8,17],"tags":[22,24,113,83,92],"yoast_head":"<!-- This site is optimized with the Yoast SEO plugin v18.3 - https:\/\/yoast.com\/wordpress\/plugins\/seo\/ -->\n<title>Saiba quais pa\u00edses tiveram visto de imigra\u00e7\u00e3o para os EUA suspenso - Manchester FM 93,3<\/title>\n<meta name=\"robots\" content=\"index, follow, max-snippet:-1, max-image-preview:large, max-video-preview:-1\" \/>\n<link rel=\"canonical\" href=\"https:\/\/www.radiomanchester.com.br\/fm\/saiba-quais-paises-tiveram-visto-de-imigracao-para-os-eua-suspenso\/\" \/>\n<meta property=\"og:locale\" content=\"pt_BR\" \/>\n<meta property=\"og:type\" content=\"article\" \/>\n<meta property=\"og:title\" content=\"Saiba quais pa\u00edses tiveram visto de imigra\u00e7\u00e3o para os EUA suspenso - Manchester FM 93,3\" \/>\n<meta property=\"og:description\" content=\"Embaixada estadunidense divulgou lista completa dos 75 pa\u00edses Os Estados Unidos suspender\u00e3o, a partir do dia 21 de janeiro, a emiss\u00e3o de visto de imigrante para cidad\u00e3os de 75 pa\u00edses \u2013 entre eles, o Brasil. A medida foi anunciada em comunicado emitido na quarta-feira (14\/01) pelo Departamento de Estado dos EUA. Vistos de turismo continuar\u00e3o [&hellip;]\" \/>\n<meta property=\"og:url\" content=\"https:\/\/www.radiomanchester.com.br\/fm\/saiba-quais-paises-tiveram-visto-de-imigracao-para-os-eua-suspenso\/\" \/>\n<meta property=\"og:site_name\" content=\"Manchester FM 93,3\" \/>\n<meta property=\"article:published_time\" content=\"2026-01-16T10:00:00+00:00\" \/>\n<meta property=\"article:modified_time\" content=\"2026-01-15T23:33:47+00:00\" \/>\n<meta name=\"twitter:card\" content=\"summary_large_image\" \/>\n<meta name=\"twitter:label1\" content=\"Escrito por\" \/>\n\t<meta name=\"twitter:data1\" content=\"admin\" \/>\n\t<meta name=\"twitter:label2\" content=\"Est. tempo de leitura\" \/>\n\t<meta name=\"twitter:data2\" content=\"2 minutos\" \/>\n<script type=\"application\/ld+json\" class=\"yoast-schema-graph\">{\"@context\":\"https:\/\/schema.org\",\"@graph\":[{\"@type\":\"WebSite\",\"@id\":\"https:\/\/www.radiomanchester.com.br\/fm\/#website\",\"url\":\"https:\/\/www.radiomanchester.com.br\/fm\/\",\"name\":\"Manchester FM 93,3\",\"description\":\"Todo Mundo Ouve!\",\"potentialAction\":[{\"@type\":\"SearchAction\",\"target\":{\"@type\":\"EntryPoint\",\"urlTemplate\":\"https:\/\/www.radiomanchester.com.br\/fm\/?s={search_term_string}\"},\"query-input\":\"required name=search_term_string\"}],\"inLanguage\":\"pt-BR\"},{\"@type\":\"WebPage\",\"@id\":\"https:\/\/www.radiomanchester.com.br\/fm\/saiba-quais-paises-tiveram-visto-de-imigracao-para-os-eua-suspenso\/#webpage\",\"url\":\"https:\/\/www.radiomanchester.com.br\/fm\/saiba-quais-paises-tiveram-visto-de-imigracao-para-os-eua-suspenso\/\",\"name\":\"Saiba quais pa\u00edses tiveram visto de imigra\u00e7\u00e3o para os EUA suspenso - Manchester FM 93,3\",\"isPartOf\":{\"@id\":\"https:\/\/www.radiomanchester.com.br\/fm\/#website\"},\"datePublished\":\"2026-01-16T10:00:00+00:00\",\"dateModified\":\"2026-01-15T23:33:47+00:00\",\"author\":{\"@id\":\"https:\/\/www.radiomanchester.com.br\/fm\/#\/schema\/person\/408a7b4d4e32cbebd90e2782852abca3\"},\"breadcrumb\":{\"@id\":\"https:\/\/www.radiomanchester.com.br\/fm\/saiba-quais-paises-tiveram-visto-de-imigracao-para-os-eua-suspenso\/#breadcrumb\"},\"inLanguage\":\"pt-BR\",\"potentialAction\":[{\"@type\":\"ReadAction\",\"target\":[\"https:\/\/www.radiomanchester.com.br\/fm\/saiba-quais-paises-tiveram-visto-de-imigracao-para-os-eua-suspenso\/\"]}]},{\"@type\":\"BreadcrumbList\",\"@id\":\"https:\/\/www.radiomanchester.com.br\/fm\/saiba-quais-paises-tiveram-visto-de-imigracao-para-os-eua-suspenso\/#breadcrumb\",\"itemListElement\":[{\"@type\":\"ListItem\",\"position\":1,\"name\":\"Home\",\"item\":\"https:\/\/www.radiomanchester.com.br\/fm\/\"},{\"@type\":\"ListItem\",\"position\":2,\"name\":\"Saiba quais pa\u00edses tiveram visto de imigra\u00e7\u00e3o para os EUA suspenso\"}]},{\"@type\":\"Person\",\"@id\":\"https:\/\/www.radiomanchester.com.br\/fm\/#\/schema\/person\/408a7b4d4e32cbebd90e2782852abca3\",\"name\":\"admin\",\"image\":{\"@type\":\"ImageObject\",\"@id\":\"https:\/\/www.radiomanchester.com.br\/fm\/#personlogo\",\"inLanguage\":\"pt-BR\",\"url\":\"https:\/\/secure.gravatar.com\/avatar\/115a974dba3376872eb3addeb276301c?s=96&d=mm&r=g\",\"contentUrl\":\"https:\/\/secure.gravatar.com\/avatar\/115a974dba3376872eb3addeb276301c?s=96&d=mm&r=g\",\"caption\":\"admin\"},\"url\":\"https:\/\/www.radiomanchester.com.br\/fm\/author\/admin\/\"}]}<\/script>\n<!-- \/ Yoast SEO plugin. -->","yoast_head_json":{"title":"Saiba quais pa\u00edses tiveram visto de imigra\u00e7\u00e3o para os EUA suspenso - Manchester FM 93,3","robots":{"index":"index","follow":"follow","max-snippet":"max-snippet:-1","max-image-preview":"max-image-preview:large","max-video-preview":"max-video-preview:-1"},"canonical":"https:\/\/www.radiomanchester.com.br\/fm\/saiba-quais-paises-tiveram-visto-de-imigracao-para-os-eua-suspenso\/","og_locale":"pt_BR","og_type":"article","og_title":"Saiba quais pa\u00edses tiveram visto de imigra\u00e7\u00e3o para os EUA suspenso - Manchester FM 93,3","og_description":"Embaixada estadunidense divulgou lista completa dos 75 pa\u00edses Os Estados Unidos suspender\u00e3o, a partir do dia 21 de janeiro, a emiss\u00e3o de visto de imigrante para cidad\u00e3os de 75 pa\u00edses \u2013 entre eles, o Brasil. A medida foi anunciada em comunicado emitido na quarta-feira (14\/01) pelo Departamento de Estado dos EUA. Vistos de turismo continuar\u00e3o [&hellip;]","og_url":"https:\/\/www.radiomanchester.com.br\/fm\/saiba-quais-paises-tiveram-visto-de-imigracao-para-os-eua-suspenso\/","og_site_name":"Manchester FM 93,3","article_published_time":"2026-01-16T10:00:00+00:00","article_modified_time":"2026-01-15T23:33:47+00:00","twitter_card":"summary_large_image","twitter_misc":{"Escrito por":"admin","Est. tempo de leitura":"2 minutos"},"schema":{"@context":"https:\/\/schema.org","@graph":[{"@type":"WebSite","@id":"https:\/\/www.radiomanchester.com.br\/fm\/#website","url":"https:\/\/www.radiomanchester.com.br\/fm\/","name":"Manchester FM 93,3","description":"Todo Mundo Ouve!","potentialAction":[{"@type":"SearchAction","target":{"@type":"EntryPoint","urlTemplate":"https:\/\/www.radiomanchester.com.br\/fm\/?s={search_term_string}"},"query-input":"required name=search_term_string"}],"inLanguage":"pt-BR"},{"@type":"WebPage","@id":"https:\/\/www.radiomanchester.com.br\/fm\/saiba-quais-paises-tiveram-visto-de-imigracao-para-os-eua-suspenso\/#webpage","url":"https:\/\/www.radiomanchester.com.br\/fm\/saiba-quais-paises-tiveram-visto-de-imigracao-para-os-eua-suspenso\/","name":"Saiba quais pa\u00edses tiveram visto de imigra\u00e7\u00e3o para os EUA suspenso - Manchester FM 93,3","isPartOf":{"@id":"https:\/\/www.radiomanchester.com.br\/fm\/#website"},"datePublished":"2026-01-16T10:00:00+00:00","dateModified":"2026-01-15T23:33:47+00:00","author":{"@id":"https:\/\/www.radiomanchester.com.br\/fm\/#\/schema\/person\/408a7b4d4e32cbebd90e2782852abca3"},"breadcrumb":{"@id":"https:\/\/www.radiomanchester.com.br\/fm\/saiba-quais-paises-tiveram-visto-de-imigracao-para-os-eua-suspenso\/#breadcrumb"},"inLanguage":"pt-BR","potentialAction":[{"@type":"ReadAction","target":["https:\/\/www.radiomanchester.com.br\/fm\/saiba-quais-paises-tiveram-visto-de-imigracao-para-os-eua-suspenso\/"]}]},{"@type":"BreadcrumbList","@id":"https:\/\/www.radiomanchester.com.br\/fm\/saiba-quais-paises-tiveram-visto-de-imigracao-para-os-eua-suspenso\/#breadcrumb","itemListElement":[{"@type":"ListItem","position":1,"name":"Home","item":"https:\/\/www.radiomanchester.com.br\/fm\/"},{"@type":"ListItem","position":2,"name":"Saiba quais pa\u00edses tiveram visto de imigra\u00e7\u00e3o para os EUA suspenso"}]},{"@type":"Person","@id":"https:\/\/www.radiomanchester.com.br\/fm\/#\/schema\/person\/408a7b4d4e32cbebd90e2782852abca3","name":"admin","image":{"@type":"ImageObject","@id":"https:\/\/www.radiomanchester.com.br\/fm\/#personlogo","inLanguage":"pt-BR","url":"https:\/\/secure.gravatar.com\/avatar\/115a974dba3376872eb3addeb276301c?s=96&d=mm&r=g","contentUrl":"https:\/\/secure.gravatar.com\/avatar\/115a974dba3376872eb3addeb276301c?s=96&d=mm&r=g","caption":"admin"},"url":"https:\/\/www.radiomanchester.com.br\/fm\/author\/admin\/"}]}},"_links":{"self":[{"href":"https:\/\/www.radiomanchester.com.br\/fm\/wp-json\/wp\/v2\/posts\/17175"}],"collection":[{"href":"https:\/\/www.radiomanchester.com.br\/fm\/wp-json\/wp\/v2\/posts"}],"about":[{"href":"https:\/\/www.radiomanchester.com.br\/fm\/wp-json\/wp\/v2\/types\/post"}],"author":[{"embeddable":true,"href":"https:\/\/www.radiomanchester.com.br\/fm\/wp-json\/wp\/v2\/users\/1"}],"replies":[{"embeddable":true,"href":"https:\/\/www.radiomanchester.com.br\/fm\/wp-json\/wp\/v2\/comments?post=17175"}],"version-history":[{"count":1,"href":"https:\/\/www.radiomanchester.com.br\/fm\/wp-json\/wp\/v2\/posts\/17175\/revisions"}],"predecessor-version":[{"id":17176,"href":"https:\/\/www.radiomanchester.com.br\/fm\/wp-json\/wp\/v2\/posts\/17175\/revisions\/17176"}],"wp:attachment":[{"href":"https:\/\/www.radiomanchester.com.br\/fm\/wp-json\/wp\/v2\/media?parent=17175"}],"wp:term":[{"taxonomy":"category","embeddable":true,"href":"https:\/\/www.radiomanchester.com.br\/fm\/wp-json\/wp\/v2\/categories?post=17175"},{"taxonomy":"post_tag","embeddable":true,"href":"https:\/\/www.radiomanchester.com.br\/fm\/wp-json\/wp\/v2\/tags?post=17175"}],"curies":[{"name":"wp","href":"https:\/\/api.w.org\/{rel}","templated":true}]}}