{"id":17177,"date":"2026-01-16T21:10:50","date_gmt":"2026-01-17T00:10:50","guid":{"rendered":"https:\/\/www.radiomanchester.com.br\/fm\/?p=17177"},"modified":"2026-01-16T21:10:52","modified_gmt":"2026-01-17T00:10:52","slug":"estado-expande-frentes-de-trabalho-nas-rodovias","status":"publish","type":"post","link":"https:\/\/www.radiomanchester.com.br\/fm\/estado-expande-frentes-de-trabalho-nas-rodovias\/","title":{"rendered":"Estado expande frentes de trabalho nas rodovias"},"content":{"rendered":"\n<p><\/p>\n\n\n\n<p>A Ag\u00eancia Goiana de Infraestrutura e Transportes (Goinfra) entra o ano novo com meta de repetir o desempenho hist\u00f3rico alcan\u00e7ado em 2025, quando registrou um recorde de execu\u00e7\u00e3o, com 100 frentes de trabalho ativas e mais de 40 obras entregues ao longo do ano.<\/p>\n\n\n\n<p>A estrat\u00e9gia prev\u00ea ampliar a carteira j\u00e1 em andamento com a inclus\u00e3o de novas obras de duplica\u00e7\u00e3o, pavimenta\u00e7\u00e3o, restaura\u00e7\u00e3o e outras interven\u00e7\u00f5es em mais 1.400 quil\u00f4metros de rodovias.<\/p>\n\n\n\n<p>\u201cEm 2025 atingimos marcas in\u00e9ditas de execu\u00e7\u00e3o de obras e de investimentos pela Goinfra, com apoio do setor produtivo e o impulso do Fundeinfra [Fundo Estadual de Infraestrutura]. Nosso plano \u00e9 repetir esse esfor\u00e7o em 2026, que ser\u00e1 um ano de entregas importantes para o desenvolvimento de Goi\u00e1s\u201d, estima o presidente da Goinfra, Pedro Sales.<\/p>\n\n\n\n<p><strong>Rodovias<br><\/strong>Ele explica que a previs\u00e3o \u00e9 de contrata\u00e7\u00e3o de 1.020 quil\u00f4metros de novas obras \u2013 que j\u00e1 possuem anteprojetos e projetos entregues \u2013 e que se juntam aos 453,3 quil\u00f4metros de pavimenta\u00e7\u00e3o e reconstru\u00e7\u00e3o j\u00e1 com licita\u00e7\u00f5es em tramita\u00e7\u00e3o.<\/p>\n\n\n\n<p>Entre os destaques est\u00e3o a pavimenta\u00e7\u00e3o de 10 quil\u00f4metros da GO-469, entre Abadia de Goi\u00e1s e Aragoi\u00e2nia; e a restaura\u00e7\u00e3o de 170 quil\u00f4metros da GO-070, entre Goi\u00e2nia e Itabera\u00ed.<\/p>\n\n\n\n<p>Pedro Sales refor\u00e7a a import\u00e2ncia dos projetos para promo\u00e7\u00e3o do desenvolvimento econ\u00f4mico goiano.<\/p>\n\n\n\n<p>\u201cS\u00e3o 550 quil\u00f4metros de restaura\u00e7\u00f5es, 340 quil\u00f4metros de pavimenta\u00e7\u00f5es e duplica\u00e7\u00f5es e outros 130 quil\u00f4metros de melhorias funcionais. Somadas \u00e0s obras que j\u00e1 est\u00e3o em execu\u00e7\u00e3o, essa carteira representa uma transforma\u00e7\u00e3o significativa da infraestrutura, a qual resultar\u00e1 em avan\u00e7os log\u00edsticos, economia de recursos, investimentos privados e aumento da empregabilidade\u201d.<\/p>\n\n\n\n<p>Com esse prop\u00f3sito, a autarquia tamb\u00e9m realiza a contrata\u00e7\u00e3o de estudos de projetos para implanta\u00e7\u00e3o de 30 contornos rodovi\u00e1rios que beneficiar\u00e3o o tr\u00e1fego e o escoamento de produ\u00e7\u00f5es agroindustriais nos munic\u00edpios.<\/p>\n\n\n\n<p>As interven\u00e7\u00f5es t\u00eam o prop\u00f3sito de organizar o fluxo de ve\u00edculos pesados em pontos cr\u00edticos de tr\u00e1fego, de modo a beneficiar o escoamento de produ\u00e7\u00f5es e conferir seguran\u00e7a vi\u00e1ria aos demais usu\u00e1rios.<\/p>\n\n\n\n<p><strong>Novo impulso \u00e0 infraestrutura<br><\/strong>Outro objetivo para esse ano \u00e9 seguir com a amplia\u00e7\u00e3o da qualidade das rodovias goianas. De 2019 a 2025, Goi\u00e1s saltou da 19\u00aa posi\u00e7\u00e3o para a 8\u00aa, com 47% das vias classificadas como \u00f3timas e boas pela Confedera\u00e7\u00e3o Nacional do Transporte (CNT). A meta agora, revela Sales, \u00e9 alcan\u00e7ar a quinta posi\u00e7\u00e3o neste ano.<\/p>\n\n\n\n<p>\u201cS\u00e3o reconhecimentos nacionais de que o dinheiro p\u00fablico, seja com recursos do Tesouro Estadual ou do Fundeinfra, tem sido empregado para satisfazer os anseios mais urgentes da popula\u00e7\u00e3o. Al\u00e9m de enriquecer as conex\u00f5es que beneficiam o escoamento agroindustrial, usu\u00e1rios s\u00e3o contemplados com vias mais seguras e confort\u00e1veis que resultam em economia de tempo e financeira, seja em rela\u00e7\u00e3o ao pre\u00e7o do frete ou no quesito de manuten\u00e7\u00e3o veicular\u201d, destacou Sales.<\/p>\n\n\n\n<p>porAg\u00eancia Cora Coralina Gov Goi\u00e1s<\/p>\n","protected":false},"excerpt":{"rendered":"<p class=\"excerpt\">A Ag\u00eancia Goiana de Infraestrutura e Transportes (Goinfra) entra o ano novo com meta de repetir o desempenho hist\u00f3rico alcan\u00e7ado em 2025, quando registrou um recorde de execu\u00e7\u00e3o, com 100 frentes de trabalho ativas e mais de 40 obras entregues ao longo do ano. A estrat\u00e9gia prev\u00ea ampliar a carteira j\u00e1 em andamento com a [&hellip;]<\/p>\n","protected":false},"author":1,"featured_media":0,"comment_status":"open","ping_status":"open","sticky":false,"template":"","format":"standard","meta":[],"categories":[8,17],"tags":[22,24,172,113,83,92],"yoast_head":"<!-- This site is optimized with the Yoast SEO plugin v18.3 - https:\/\/yoast.com\/wordpress\/plugins\/seo\/ -->\n<title>Estado expande frentes de trabalho nas rodovias - Manchester FM 93,3<\/title>\n<meta name=\"robots\" content=\"index, follow, max-snippet:-1, max-image-preview:large, max-video-preview:-1\" \/>\n<link rel=\"canonical\" href=\"https:\/\/www.radiomanchester.com.br\/fm\/estado-expande-frentes-de-trabalho-nas-rodovias\/\" \/>\n<meta property=\"og:locale\" content=\"pt_BR\" \/>\n<meta property=\"og:type\" content=\"article\" \/>\n<meta property=\"og:title\" content=\"Estado expande frentes de trabalho nas rodovias - Manchester FM 93,3\" \/>\n<meta property=\"og:description\" content=\"A Ag\u00eancia Goiana de Infraestrutura e Transportes (Goinfra) entra o ano novo com meta de repetir o desempenho hist\u00f3rico alcan\u00e7ado em 2025, quando registrou um recorde de execu\u00e7\u00e3o, com 100 frentes de trabalho ativas e mais de 40 obras entregues ao longo do ano. A estrat\u00e9gia prev\u00ea ampliar a carteira j\u00e1 em andamento com a [&hellip;]\" \/>\n<meta property=\"og:url\" content=\"https:\/\/www.radiomanchester.com.br\/fm\/estado-expande-frentes-de-trabalho-nas-rodovias\/\" \/>\n<meta property=\"og:site_name\" content=\"Manchester FM 93,3\" \/>\n<meta property=\"article:published_time\" content=\"2026-01-17T00:10:50+00:00\" \/>\n<meta property=\"article:modified_time\" content=\"2026-01-17T00:10:52+00:00\" \/>\n<meta name=\"twitter:card\" content=\"summary_large_image\" \/>\n<meta name=\"twitter:label1\" content=\"Escrito por\" \/>\n\t<meta name=\"twitter:data1\" content=\"admin\" \/>\n\t<meta name=\"twitter:label2\" content=\"Est. tempo de leitura\" \/>\n\t<meta name=\"twitter:data2\" content=\"3 minutos\" \/>\n<script type=\"application\/ld+json\" class=\"yoast-schema-graph\">{\"@context\":\"https:\/\/schema.org\",\"@graph\":[{\"@type\":\"WebSite\",\"@id\":\"https:\/\/www.radiomanchester.com.br\/fm\/#website\",\"url\":\"https:\/\/www.radiomanchester.com.br\/fm\/\",\"name\":\"Manchester FM 93,3\",\"description\":\"Todo Mundo Ouve!\",\"potentialAction\":[{\"@type\":\"SearchAction\",\"target\":{\"@type\":\"EntryPoint\",\"urlTemplate\":\"https:\/\/www.radiomanchester.com.br\/fm\/?s={search_term_string}\"},\"query-input\":\"required name=search_term_string\"}],\"inLanguage\":\"pt-BR\"},{\"@type\":\"WebPage\",\"@id\":\"https:\/\/www.radiomanchester.com.br\/fm\/estado-expande-frentes-de-trabalho-nas-rodovias\/#webpage\",\"url\":\"https:\/\/www.radiomanchester.com.br\/fm\/estado-expande-frentes-de-trabalho-nas-rodovias\/\",\"name\":\"Estado expande frentes de trabalho nas rodovias - Manchester FM 93,3\",\"isPartOf\":{\"@id\":\"https:\/\/www.radiomanchester.com.br\/fm\/#website\"},\"datePublished\":\"2026-01-17T00:10:50+00:00\",\"dateModified\":\"2026-01-17T00:10:52+00:00\",\"author\":{\"@id\":\"https:\/\/www.radiomanchester.com.br\/fm\/#\/schema\/person\/408a7b4d4e32cbebd90e2782852abca3\"},\"breadcrumb\":{\"@id\":\"https:\/\/www.radiomanchester.com.br\/fm\/estado-expande-frentes-de-trabalho-nas-rodovias\/#breadcrumb\"},\"inLanguage\":\"pt-BR\",\"potentialAction\":[{\"@type\":\"ReadAction\",\"target\":[\"https:\/\/www.radiomanchester.com.br\/fm\/estado-expande-frentes-de-trabalho-nas-rodovias\/\"]}]},{\"@type\":\"BreadcrumbList\",\"@id\":\"https:\/\/www.radiomanchester.com.br\/fm\/estado-expande-frentes-de-trabalho-nas-rodovias\/#breadcrumb\",\"itemListElement\":[{\"@type\":\"ListItem\",\"position\":1,\"name\":\"Home\",\"item\":\"https:\/\/www.radiomanchester.com.br\/fm\/\"},{\"@type\":\"ListItem\",\"position\":2,\"name\":\"Estado expande frentes de trabalho nas rodovias\"}]},{\"@type\":\"Person\",\"@id\":\"https:\/\/www.radiomanchester.com.br\/fm\/#\/schema\/person\/408a7b4d4e32cbebd90e2782852abca3\",\"name\":\"admin\",\"image\":{\"@type\":\"ImageObject\",\"@id\":\"https:\/\/www.radiomanchester.com.br\/fm\/#personlogo\",\"inLanguage\":\"pt-BR\",\"url\":\"https:\/\/secure.gravatar.com\/avatar\/115a974dba3376872eb3addeb276301c?s=96&d=mm&r=g\",\"contentUrl\":\"https:\/\/secure.gravatar.com\/avatar\/115a974dba3376872eb3addeb276301c?s=96&d=mm&r=g\",\"caption\":\"admin\"},\"url\":\"https:\/\/www.radiomanchester.com.br\/fm\/author\/admin\/\"}]}<\/script>\n<!-- \/ Yoast SEO plugin. -->","yoast_head_json":{"title":"Estado expande frentes de trabalho nas rodovias - Manchester FM 93,3","robots":{"index":"index","follow":"follow","max-snippet":"max-snippet:-1","max-image-preview":"max-image-preview:large","max-video-preview":"max-video-preview:-1"},"canonical":"https:\/\/www.radiomanchester.com.br\/fm\/estado-expande-frentes-de-trabalho-nas-rodovias\/","og_locale":"pt_BR","og_type":"article","og_title":"Estado expande frentes de trabalho nas rodovias - Manchester FM 93,3","og_description":"A Ag\u00eancia Goiana de Infraestrutura e Transportes (Goinfra) entra o ano novo com meta de repetir o desempenho hist\u00f3rico alcan\u00e7ado em 2025, quando registrou um recorde de execu\u00e7\u00e3o, com 100 frentes de trabalho ativas e mais de 40 obras entregues ao longo do ano. A estrat\u00e9gia prev\u00ea ampliar a carteira j\u00e1 em andamento com a [&hellip;]","og_url":"https:\/\/www.radiomanchester.com.br\/fm\/estado-expande-frentes-de-trabalho-nas-rodovias\/","og_site_name":"Manchester FM 93,3","article_published_time":"2026-01-17T00:10:50+00:00","article_modified_time":"2026-01-17T00:10:52+00:00","twitter_card":"summary_large_image","twitter_misc":{"Escrito por":"admin","Est. tempo de leitura":"3 minutos"},"schema":{"@context":"https:\/\/schema.org","@graph":[{"@type":"WebSite","@id":"https:\/\/www.radiomanchester.com.br\/fm\/#website","url":"https:\/\/www.radiomanchester.com.br\/fm\/","name":"Manchester FM 93,3","description":"Todo Mundo Ouve!","potentialAction":[{"@type":"SearchAction","target":{"@type":"EntryPoint","urlTemplate":"https:\/\/www.radiomanchester.com.br\/fm\/?s={search_term_string}"},"query-input":"required name=search_term_string"}],"inLanguage":"pt-BR"},{"@type":"WebPage","@id":"https:\/\/www.radiomanchester.com.br\/fm\/estado-expande-frentes-de-trabalho-nas-rodovias\/#webpage","url":"https:\/\/www.radiomanchester.com.br\/fm\/estado-expande-frentes-de-trabalho-nas-rodovias\/","name":"Estado expande frentes de trabalho nas rodovias - Manchester FM 93,3","isPartOf":{"@id":"https:\/\/www.radiomanchester.com.br\/fm\/#website"},"datePublished":"2026-01-17T00:10:50+00:00","dateModified":"2026-01-17T00:10:52+00:00","author":{"@id":"https:\/\/www.radiomanchester.com.br\/fm\/#\/schema\/person\/408a7b4d4e32cbebd90e2782852abca3"},"breadcrumb":{"@id":"https:\/\/www.radiomanchester.com.br\/fm\/estado-expande-frentes-de-trabalho-nas-rodovias\/#breadcrumb"},"inLanguage":"pt-BR","potentialAction":[{"@type":"ReadAction","target":["https:\/\/www.radiomanchester.com.br\/fm\/estado-expande-frentes-de-trabalho-nas-rodovias\/"]}]},{"@type":"BreadcrumbList","@id":"https:\/\/www.radiomanchester.com.br\/fm\/estado-expande-frentes-de-trabalho-nas-rodovias\/#breadcrumb","itemListElement":[{"@type":"ListItem","position":1,"name":"Home","item":"https:\/\/www.radiomanchester.com.br\/fm\/"},{"@type":"ListItem","position":2,"name":"Estado expande frentes de trabalho nas rodovias"}]},{"@type":"Person","@id":"https:\/\/www.radiomanchester.com.br\/fm\/#\/schema\/person\/408a7b4d4e32cbebd90e2782852abca3","name":"admin","image":{"@type":"ImageObject","@id":"https:\/\/www.radiomanchester.com.br\/fm\/#personlogo","inLanguage":"pt-BR","url":"https:\/\/secure.gravatar.com\/avatar\/115a974dba3376872eb3addeb276301c?s=96&d=mm&r=g","contentUrl":"https:\/\/secure.gravatar.com\/avatar\/115a974dba3376872eb3addeb276301c?s=96&d=mm&r=g","caption":"admin"},"url":"https:\/\/www.radiomanchester.com.br\/fm\/author\/admin\/"}]}},"_links":{"self":[{"href":"https:\/\/www.radiomanchester.com.br\/fm\/wp-json\/wp\/v2\/posts\/17177"}],"collection":[{"href":"https:\/\/www.radiomanchester.com.br\/fm\/wp-json\/wp\/v2\/posts"}],"about":[{"href":"https:\/\/www.radiomanchester.com.br\/fm\/wp-json\/wp\/v2\/types\/post"}],"author":[{"embeddable":true,"href":"https:\/\/www.radiomanchester.com.br\/fm\/wp-json\/wp\/v2\/users\/1"}],"replies":[{"embeddable":true,"href":"https:\/\/www.radiomanchester.com.br\/fm\/wp-json\/wp\/v2\/comments?post=17177"}],"version-history":[{"count":1,"href":"https:\/\/www.radiomanchester.com.br\/fm\/wp-json\/wp\/v2\/posts\/17177\/revisions"}],"predecessor-version":[{"id":17178,"href":"https:\/\/www.radiomanchester.com.br\/fm\/wp-json\/wp\/v2\/posts\/17177\/revisions\/17178"}],"wp:attachment":[{"href":"https:\/\/www.radiomanchester.com.br\/fm\/wp-json\/wp\/v2\/media?parent=17177"}],"wp:term":[{"taxonomy":"category","embeddable":true,"href":"https:\/\/www.radiomanchester.com.br\/fm\/wp-json\/wp\/v2\/categories?post=17177"},{"taxonomy":"post_tag","embeddable":true,"href":"https:\/\/www.radiomanchester.com.br\/fm\/wp-json\/wp\/v2\/tags?post=17177"}],"curies":[{"name":"wp","href":"https:\/\/api.w.org\/{rel}","templated":true}]}}