{"id":17179,"date":"2026-01-17T08:30:00","date_gmt":"2026-01-17T11:30:00","guid":{"rendered":"https:\/\/www.radiomanchester.com.br\/fm\/?p=17179"},"modified":"2026-01-16T21:45:32","modified_gmt":"2026-01-17T00:45:32","slug":"apresentadora-luciana-gimenez-deixa-a-redetv-apos-25-anos","status":"publish","type":"post","link":"https:\/\/www.radiomanchester.com.br\/fm\/apresentadora-luciana-gimenez-deixa-a-redetv-apos-25-anos\/","title":{"rendered":"Apresentadora Luciana Gimenez deixa a RedeTV! ap\u00f3s 25 anos"},"content":{"rendered":"\n<p>A apresentadora Luciana Gimenez deixou a RedeTV! ap\u00f3s 25 anos de contrato. A decis\u00e3o foi divulgada pela pr\u00f3pria emissora nesta sexta-feira (16\/01), por meio de um comunicado.<\/p>\n\n\n\n<p>\u201cAo longo de mais de duas d\u00e9cadas, Luciana construiu uma trajet\u00f3ria marcante na emissora, tornando-se um dos rostos mais emblem\u00e1ticos da televis\u00e3o brasileira. Sua dedica\u00e7\u00e3o, profissionalismo e talento foram fundamentais para o sucesso do SuperPop e para a consolida\u00e7\u00e3o de uma rela\u00e7\u00e3o de confian\u00e7a e respeito m\u00fatuo com o p\u00fablico e com a RedeTV!\u201d, diz um trecho da nota.<\/p>\n\n\n\n<p>Sem especificar o motivo, a RedeTV! informou que a decis\u00e3o foi tomada \u201cem comum acordo\u201d. Na emissora, Luciana Gimenez comandava o SuperPop, exibido \u00e0s quartas-feiras \u00e0 noite. O programa abordava temas variados, reunindo hist\u00f3rias de vida, entrevistas e quadros de humor.<\/p>\n\n\n\n<p>A atra\u00e7\u00e3o foi fundamental para a consolida\u00e7\u00e3o da identidade da RedeTV! no entretenimento. Com o passar dos anos, por\u00e9m, passou por reformula\u00e7\u00f5es e acabou perdendo espa\u00e7o na audi\u00eancia.<\/p>\n\n\n\n<p>At\u00e9 o momento, Luciana n\u00e3o se manifestou nas redes sociais sobre a sa\u00edda da emissora.<\/p>\n\n\n\n<p>porRepMetr0p0les parceiro Manchester<\/p>\n","protected":false},"excerpt":{"rendered":"<p class=\"excerpt\">A apresentadora Luciana Gimenez deixou a RedeTV! ap\u00f3s 25 anos de contrato. A decis\u00e3o foi divulgada pela pr\u00f3pria emissora nesta sexta-feira (16\/01), por meio de um comunicado. \u201cAo longo de mais de duas d\u00e9cadas, Luciana construiu uma trajet\u00f3ria marcante na emissora, tornando-se um dos rostos mais emblem\u00e1ticos da televis\u00e3o brasileira. Sua dedica\u00e7\u00e3o, profissionalismo e talento [&hellip;]<\/p>\n","protected":false},"author":1,"featured_media":0,"comment_status":"open","ping_status":"open","sticky":false,"template":"","format":"standard","meta":[],"categories":[8,17],"tags":[22,137,24,113,83,92],"yoast_head":"<!-- This site is optimized with the Yoast SEO plugin v18.3 - https:\/\/yoast.com\/wordpress\/plugins\/seo\/ -->\n<title>Apresentadora Luciana Gimenez deixa a RedeTV! ap\u00f3s 25 anos - Manchester FM 93,3<\/title>\n<meta name=\"robots\" content=\"index, follow, max-snippet:-1, max-image-preview:large, max-video-preview:-1\" \/>\n<link rel=\"canonical\" href=\"https:\/\/www.radiomanchester.com.br\/fm\/apresentadora-luciana-gimenez-deixa-a-redetv-apos-25-anos\/\" \/>\n<meta property=\"og:locale\" content=\"pt_BR\" \/>\n<meta property=\"og:type\" content=\"article\" \/>\n<meta property=\"og:title\" content=\"Apresentadora Luciana Gimenez deixa a RedeTV! ap\u00f3s 25 anos - Manchester FM 93,3\" \/>\n<meta property=\"og:description\" content=\"A apresentadora Luciana Gimenez deixou a RedeTV! ap\u00f3s 25 anos de contrato. A decis\u00e3o foi divulgada pela pr\u00f3pria emissora nesta sexta-feira (16\/01), por meio de um comunicado. \u201cAo longo de mais de duas d\u00e9cadas, Luciana construiu uma trajet\u00f3ria marcante na emissora, tornando-se um dos rostos mais emblem\u00e1ticos da televis\u00e3o brasileira. Sua dedica\u00e7\u00e3o, profissionalismo e talento [&hellip;]\" \/>\n<meta property=\"og:url\" content=\"https:\/\/www.radiomanchester.com.br\/fm\/apresentadora-luciana-gimenez-deixa-a-redetv-apos-25-anos\/\" \/>\n<meta property=\"og:site_name\" content=\"Manchester FM 93,3\" \/>\n<meta property=\"article:published_time\" content=\"2026-01-17T11:30:00+00:00\" \/>\n<meta property=\"article:modified_time\" content=\"2026-01-17T00:45:32+00:00\" \/>\n<meta name=\"twitter:card\" content=\"summary_large_image\" \/>\n<meta name=\"twitter:label1\" content=\"Escrito por\" \/>\n\t<meta name=\"twitter:data1\" content=\"admin\" \/>\n\t<meta name=\"twitter:label2\" content=\"Est. tempo de leitura\" \/>\n\t<meta name=\"twitter:data2\" content=\"1 minuto\" \/>\n<script type=\"application\/ld+json\" class=\"yoast-schema-graph\">{\"@context\":\"https:\/\/schema.org\",\"@graph\":[{\"@type\":\"WebSite\",\"@id\":\"https:\/\/www.radiomanchester.com.br\/fm\/#website\",\"url\":\"https:\/\/www.radiomanchester.com.br\/fm\/\",\"name\":\"Manchester FM 93,3\",\"description\":\"Todo Mundo Ouve!\",\"potentialAction\":[{\"@type\":\"SearchAction\",\"target\":{\"@type\":\"EntryPoint\",\"urlTemplate\":\"https:\/\/www.radiomanchester.com.br\/fm\/?s={search_term_string}\"},\"query-input\":\"required name=search_term_string\"}],\"inLanguage\":\"pt-BR\"},{\"@type\":\"WebPage\",\"@id\":\"https:\/\/www.radiomanchester.com.br\/fm\/apresentadora-luciana-gimenez-deixa-a-redetv-apos-25-anos\/#webpage\",\"url\":\"https:\/\/www.radiomanchester.com.br\/fm\/apresentadora-luciana-gimenez-deixa-a-redetv-apos-25-anos\/\",\"name\":\"Apresentadora Luciana Gimenez deixa a RedeTV! ap\u00f3s 25 anos - Manchester FM 93,3\",\"isPartOf\":{\"@id\":\"https:\/\/www.radiomanchester.com.br\/fm\/#website\"},\"datePublished\":\"2026-01-17T11:30:00+00:00\",\"dateModified\":\"2026-01-17T00:45:32+00:00\",\"author\":{\"@id\":\"https:\/\/www.radiomanchester.com.br\/fm\/#\/schema\/person\/408a7b4d4e32cbebd90e2782852abca3\"},\"breadcrumb\":{\"@id\":\"https:\/\/www.radiomanchester.com.br\/fm\/apresentadora-luciana-gimenez-deixa-a-redetv-apos-25-anos\/#breadcrumb\"},\"inLanguage\":\"pt-BR\",\"potentialAction\":[{\"@type\":\"ReadAction\",\"target\":[\"https:\/\/www.radiomanchester.com.br\/fm\/apresentadora-luciana-gimenez-deixa-a-redetv-apos-25-anos\/\"]}]},{\"@type\":\"BreadcrumbList\",\"@id\":\"https:\/\/www.radiomanchester.com.br\/fm\/apresentadora-luciana-gimenez-deixa-a-redetv-apos-25-anos\/#breadcrumb\",\"itemListElement\":[{\"@type\":\"ListItem\",\"position\":1,\"name\":\"Home\",\"item\":\"https:\/\/www.radiomanchester.com.br\/fm\/\"},{\"@type\":\"ListItem\",\"position\":2,\"name\":\"Apresentadora Luciana Gimenez deixa a RedeTV! ap\u00f3s 25 anos\"}]},{\"@type\":\"Person\",\"@id\":\"https:\/\/www.radiomanchester.com.br\/fm\/#\/schema\/person\/408a7b4d4e32cbebd90e2782852abca3\",\"name\":\"admin\",\"image\":{\"@type\":\"ImageObject\",\"@id\":\"https:\/\/www.radiomanchester.com.br\/fm\/#personlogo\",\"inLanguage\":\"pt-BR\",\"url\":\"https:\/\/secure.gravatar.com\/avatar\/115a974dba3376872eb3addeb276301c?s=96&d=mm&r=g\",\"contentUrl\":\"https:\/\/secure.gravatar.com\/avatar\/115a974dba3376872eb3addeb276301c?s=96&d=mm&r=g\",\"caption\":\"admin\"},\"url\":\"https:\/\/www.radiomanchester.com.br\/fm\/author\/admin\/\"}]}<\/script>\n<!-- \/ Yoast SEO plugin. -->","yoast_head_json":{"title":"Apresentadora Luciana Gimenez deixa a RedeTV! ap\u00f3s 25 anos - Manchester FM 93,3","robots":{"index":"index","follow":"follow","max-snippet":"max-snippet:-1","max-image-preview":"max-image-preview:large","max-video-preview":"max-video-preview:-1"},"canonical":"https:\/\/www.radiomanchester.com.br\/fm\/apresentadora-luciana-gimenez-deixa-a-redetv-apos-25-anos\/","og_locale":"pt_BR","og_type":"article","og_title":"Apresentadora Luciana Gimenez deixa a RedeTV! ap\u00f3s 25 anos - Manchester FM 93,3","og_description":"A apresentadora Luciana Gimenez deixou a RedeTV! ap\u00f3s 25 anos de contrato. A decis\u00e3o foi divulgada pela pr\u00f3pria emissora nesta sexta-feira (16\/01), por meio de um comunicado. \u201cAo longo de mais de duas d\u00e9cadas, Luciana construiu uma trajet\u00f3ria marcante na emissora, tornando-se um dos rostos mais emblem\u00e1ticos da televis\u00e3o brasileira. Sua dedica\u00e7\u00e3o, profissionalismo e talento [&hellip;]","og_url":"https:\/\/www.radiomanchester.com.br\/fm\/apresentadora-luciana-gimenez-deixa-a-redetv-apos-25-anos\/","og_site_name":"Manchester FM 93,3","article_published_time":"2026-01-17T11:30:00+00:00","article_modified_time":"2026-01-17T00:45:32+00:00","twitter_card":"summary_large_image","twitter_misc":{"Escrito por":"admin","Est. tempo de leitura":"1 minuto"},"schema":{"@context":"https:\/\/schema.org","@graph":[{"@type":"WebSite","@id":"https:\/\/www.radiomanchester.com.br\/fm\/#website","url":"https:\/\/www.radiomanchester.com.br\/fm\/","name":"Manchester FM 93,3","description":"Todo Mundo Ouve!","potentialAction":[{"@type":"SearchAction","target":{"@type":"EntryPoint","urlTemplate":"https:\/\/www.radiomanchester.com.br\/fm\/?s={search_term_string}"},"query-input":"required name=search_term_string"}],"inLanguage":"pt-BR"},{"@type":"WebPage","@id":"https:\/\/www.radiomanchester.com.br\/fm\/apresentadora-luciana-gimenez-deixa-a-redetv-apos-25-anos\/#webpage","url":"https:\/\/www.radiomanchester.com.br\/fm\/apresentadora-luciana-gimenez-deixa-a-redetv-apos-25-anos\/","name":"Apresentadora Luciana Gimenez deixa a RedeTV! ap\u00f3s 25 anos - Manchester FM 93,3","isPartOf":{"@id":"https:\/\/www.radiomanchester.com.br\/fm\/#website"},"datePublished":"2026-01-17T11:30:00+00:00","dateModified":"2026-01-17T00:45:32+00:00","author":{"@id":"https:\/\/www.radiomanchester.com.br\/fm\/#\/schema\/person\/408a7b4d4e32cbebd90e2782852abca3"},"breadcrumb":{"@id":"https:\/\/www.radiomanchester.com.br\/fm\/apresentadora-luciana-gimenez-deixa-a-redetv-apos-25-anos\/#breadcrumb"},"inLanguage":"pt-BR","potentialAction":[{"@type":"ReadAction","target":["https:\/\/www.radiomanchester.com.br\/fm\/apresentadora-luciana-gimenez-deixa-a-redetv-apos-25-anos\/"]}]},{"@type":"BreadcrumbList","@id":"https:\/\/www.radiomanchester.com.br\/fm\/apresentadora-luciana-gimenez-deixa-a-redetv-apos-25-anos\/#breadcrumb","itemListElement":[{"@type":"ListItem","position":1,"name":"Home","item":"https:\/\/www.radiomanchester.com.br\/fm\/"},{"@type":"ListItem","position":2,"name":"Apresentadora Luciana Gimenez deixa a RedeTV! ap\u00f3s 25 anos"}]},{"@type":"Person","@id":"https:\/\/www.radiomanchester.com.br\/fm\/#\/schema\/person\/408a7b4d4e32cbebd90e2782852abca3","name":"admin","image":{"@type":"ImageObject","@id":"https:\/\/www.radiomanchester.com.br\/fm\/#personlogo","inLanguage":"pt-BR","url":"https:\/\/secure.gravatar.com\/avatar\/115a974dba3376872eb3addeb276301c?s=96&d=mm&r=g","contentUrl":"https:\/\/secure.gravatar.com\/avatar\/115a974dba3376872eb3addeb276301c?s=96&d=mm&r=g","caption":"admin"},"url":"https:\/\/www.radiomanchester.com.br\/fm\/author\/admin\/"}]}},"_links":{"self":[{"href":"https:\/\/www.radiomanchester.com.br\/fm\/wp-json\/wp\/v2\/posts\/17179"}],"collection":[{"href":"https:\/\/www.radiomanchester.com.br\/fm\/wp-json\/wp\/v2\/posts"}],"about":[{"href":"https:\/\/www.radiomanchester.com.br\/fm\/wp-json\/wp\/v2\/types\/post"}],"author":[{"embeddable":true,"href":"https:\/\/www.radiomanchester.com.br\/fm\/wp-json\/wp\/v2\/users\/1"}],"replies":[{"embeddable":true,"href":"https:\/\/www.radiomanchester.com.br\/fm\/wp-json\/wp\/v2\/comments?post=17179"}],"version-history":[{"count":1,"href":"https:\/\/www.radiomanchester.com.br\/fm\/wp-json\/wp\/v2\/posts\/17179\/revisions"}],"predecessor-version":[{"id":17180,"href":"https:\/\/www.radiomanchester.com.br\/fm\/wp-json\/wp\/v2\/posts\/17179\/revisions\/17180"}],"wp:attachment":[{"href":"https:\/\/www.radiomanchester.com.br\/fm\/wp-json\/wp\/v2\/media?parent=17179"}],"wp:term":[{"taxonomy":"category","embeddable":true,"href":"https:\/\/www.radiomanchester.com.br\/fm\/wp-json\/wp\/v2\/categories?post=17179"},{"taxonomy":"post_tag","embeddable":true,"href":"https:\/\/www.radiomanchester.com.br\/fm\/wp-json\/wp\/v2\/tags?post=17179"}],"curies":[{"name":"wp","href":"https:\/\/api.w.org\/{rel}","templated":true}]}}