{"id":17181,"date":"2026-01-17T22:04:20","date_gmt":"2026-01-18T01:04:20","guid":{"rendered":"https:\/\/www.radiomanchester.com.br\/fm\/?p=17181"},"modified":"2026-01-17T22:04:23","modified_gmt":"2026-01-18T01:04:23","slug":"helicoptero-cai-na-zona-oeste-do-rio-e-deixa-tres-pessoas-mortas","status":"publish","type":"post","link":"https:\/\/www.radiomanchester.com.br\/fm\/helicoptero-cai-na-zona-oeste-do-rio-e-deixa-tres-pessoas-mortas\/","title":{"rendered":"Helic\u00f3ptero cai na zona oeste do Rio e deixa tr\u00eas pessoas mortas"},"content":{"rendered":"\n<p><em><strong>Queda ocorreu em \u00e1rea de mata fechada em Guaratiba<\/strong><\/em><\/p>\n\n\n\n<hr class=\"wp-block-separator\"\/>\n\n\n\n<p>Tr\u00eas passageiros morreram durante a queda de um helic\u00f3ptero em uma regi\u00e3o de mata, em Guaratiba, na zona oeste da cidade do Rio de Janeiro. O resgate dos corpos \u00e9 feito pelo Corpo de Bombeiros.<\/p>\n\n\n\n<p>Em nota, a corpora\u00e7\u00e3o informou que a queda ocorreu em uma \u00e1rea de mata fechada, dificultando o acesso. O local fica perto do cruzamento entre a Avenida Levy Neves e a Rua Tasso da Silveira.<\/p>\n\n\n\n<p>&#8220;O Grupamento de Opera\u00e7\u00f5es A\u00e9reas, especialistas do Grupo de Opera\u00e7\u00f5es Especiais e militares do quartel de Guaratiba est\u00e3o mobilizados na ocorr\u00eancia, em uma \u00e1rea de dif\u00edcil acesso&#8221;, diz a nota.<\/p>\n\n\n\n<p>Ainda n\u00e3o h\u00e1 informa\u00e7\u00f5es sobre a origem e o destino da aeronave.<\/p>\n\n\n\n<p>porAg\u00eancia Brasil<\/p>\n","protected":false},"excerpt":{"rendered":"<p class=\"excerpt\">Queda ocorreu em \u00e1rea de mata fechada em Guaratiba Tr\u00eas passageiros morreram durante a queda de um helic\u00f3ptero em uma regi\u00e3o de mata, em Guaratiba, na zona oeste da cidade do Rio de Janeiro. O resgate dos corpos \u00e9 feito pelo Corpo de Bombeiros. Em nota, a corpora\u00e7\u00e3o informou que a queda ocorreu em uma [&hellip;]<\/p>\n","protected":false},"author":1,"featured_media":0,"comment_status":"open","ping_status":"open","sticky":false,"template":"","format":"standard","meta":[],"categories":[8,17],"tags":[22,24,113,83,92],"yoast_head":"<!-- This site is optimized with the Yoast SEO plugin v18.3 - https:\/\/yoast.com\/wordpress\/plugins\/seo\/ -->\n<title>Helic\u00f3ptero cai na zona oeste do Rio e deixa tr\u00eas pessoas mortas - Manchester FM 93,3<\/title>\n<meta name=\"robots\" content=\"index, follow, max-snippet:-1, max-image-preview:large, max-video-preview:-1\" \/>\n<link rel=\"canonical\" href=\"https:\/\/www.radiomanchester.com.br\/fm\/helicoptero-cai-na-zona-oeste-do-rio-e-deixa-tres-pessoas-mortas\/\" \/>\n<meta property=\"og:locale\" content=\"pt_BR\" \/>\n<meta property=\"og:type\" content=\"article\" \/>\n<meta property=\"og:title\" content=\"Helic\u00f3ptero cai na zona oeste do Rio e deixa tr\u00eas pessoas mortas - Manchester FM 93,3\" \/>\n<meta property=\"og:description\" content=\"Queda ocorreu em \u00e1rea de mata fechada em Guaratiba Tr\u00eas passageiros morreram durante a queda de um helic\u00f3ptero em uma regi\u00e3o de mata, em Guaratiba, na zona oeste da cidade do Rio de Janeiro. O resgate dos corpos \u00e9 feito pelo Corpo de Bombeiros. Em nota, a corpora\u00e7\u00e3o informou que a queda ocorreu em uma [&hellip;]\" \/>\n<meta property=\"og:url\" content=\"https:\/\/www.radiomanchester.com.br\/fm\/helicoptero-cai-na-zona-oeste-do-rio-e-deixa-tres-pessoas-mortas\/\" \/>\n<meta property=\"og:site_name\" content=\"Manchester FM 93,3\" \/>\n<meta property=\"article:published_time\" content=\"2026-01-18T01:04:20+00:00\" \/>\n<meta property=\"article:modified_time\" content=\"2026-01-18T01:04:23+00:00\" \/>\n<meta name=\"twitter:card\" content=\"summary_large_image\" \/>\n<meta name=\"twitter:label1\" content=\"Escrito por\" \/>\n\t<meta name=\"twitter:data1\" content=\"admin\" \/>\n\t<meta name=\"twitter:label2\" content=\"Est. tempo de leitura\" \/>\n\t<meta name=\"twitter:data2\" content=\"1 minuto\" \/>\n<script type=\"application\/ld+json\" class=\"yoast-schema-graph\">{\"@context\":\"https:\/\/schema.org\",\"@graph\":[{\"@type\":\"WebSite\",\"@id\":\"https:\/\/www.radiomanchester.com.br\/fm\/#website\",\"url\":\"https:\/\/www.radiomanchester.com.br\/fm\/\",\"name\":\"Manchester FM 93,3\",\"description\":\"Todo Mundo Ouve!\",\"potentialAction\":[{\"@type\":\"SearchAction\",\"target\":{\"@type\":\"EntryPoint\",\"urlTemplate\":\"https:\/\/www.radiomanchester.com.br\/fm\/?s={search_term_string}\"},\"query-input\":\"required name=search_term_string\"}],\"inLanguage\":\"pt-BR\"},{\"@type\":\"WebPage\",\"@id\":\"https:\/\/www.radiomanchester.com.br\/fm\/helicoptero-cai-na-zona-oeste-do-rio-e-deixa-tres-pessoas-mortas\/#webpage\",\"url\":\"https:\/\/www.radiomanchester.com.br\/fm\/helicoptero-cai-na-zona-oeste-do-rio-e-deixa-tres-pessoas-mortas\/\",\"name\":\"Helic\u00f3ptero cai na zona oeste do Rio e deixa tr\u00eas pessoas mortas - Manchester FM 93,3\",\"isPartOf\":{\"@id\":\"https:\/\/www.radiomanchester.com.br\/fm\/#website\"},\"datePublished\":\"2026-01-18T01:04:20+00:00\",\"dateModified\":\"2026-01-18T01:04:23+00:00\",\"author\":{\"@id\":\"https:\/\/www.radiomanchester.com.br\/fm\/#\/schema\/person\/408a7b4d4e32cbebd90e2782852abca3\"},\"breadcrumb\":{\"@id\":\"https:\/\/www.radiomanchester.com.br\/fm\/helicoptero-cai-na-zona-oeste-do-rio-e-deixa-tres-pessoas-mortas\/#breadcrumb\"},\"inLanguage\":\"pt-BR\",\"potentialAction\":[{\"@type\":\"ReadAction\",\"target\":[\"https:\/\/www.radiomanchester.com.br\/fm\/helicoptero-cai-na-zona-oeste-do-rio-e-deixa-tres-pessoas-mortas\/\"]}]},{\"@type\":\"BreadcrumbList\",\"@id\":\"https:\/\/www.radiomanchester.com.br\/fm\/helicoptero-cai-na-zona-oeste-do-rio-e-deixa-tres-pessoas-mortas\/#breadcrumb\",\"itemListElement\":[{\"@type\":\"ListItem\",\"position\":1,\"name\":\"Home\",\"item\":\"https:\/\/www.radiomanchester.com.br\/fm\/\"},{\"@type\":\"ListItem\",\"position\":2,\"name\":\"Helic\u00f3ptero cai na zona oeste do Rio e deixa tr\u00eas pessoas mortas\"}]},{\"@type\":\"Person\",\"@id\":\"https:\/\/www.radiomanchester.com.br\/fm\/#\/schema\/person\/408a7b4d4e32cbebd90e2782852abca3\",\"name\":\"admin\",\"image\":{\"@type\":\"ImageObject\",\"@id\":\"https:\/\/www.radiomanchester.com.br\/fm\/#personlogo\",\"inLanguage\":\"pt-BR\",\"url\":\"https:\/\/secure.gravatar.com\/avatar\/115a974dba3376872eb3addeb276301c?s=96&d=mm&r=g\",\"contentUrl\":\"https:\/\/secure.gravatar.com\/avatar\/115a974dba3376872eb3addeb276301c?s=96&d=mm&r=g\",\"caption\":\"admin\"},\"url\":\"https:\/\/www.radiomanchester.com.br\/fm\/author\/admin\/\"}]}<\/script>\n<!-- \/ Yoast SEO plugin. -->","yoast_head_json":{"title":"Helic\u00f3ptero cai na zona oeste do Rio e deixa tr\u00eas pessoas mortas - Manchester FM 93,3","robots":{"index":"index","follow":"follow","max-snippet":"max-snippet:-1","max-image-preview":"max-image-preview:large","max-video-preview":"max-video-preview:-1"},"canonical":"https:\/\/www.radiomanchester.com.br\/fm\/helicoptero-cai-na-zona-oeste-do-rio-e-deixa-tres-pessoas-mortas\/","og_locale":"pt_BR","og_type":"article","og_title":"Helic\u00f3ptero cai na zona oeste do Rio e deixa tr\u00eas pessoas mortas - Manchester FM 93,3","og_description":"Queda ocorreu em \u00e1rea de mata fechada em Guaratiba Tr\u00eas passageiros morreram durante a queda de um helic\u00f3ptero em uma regi\u00e3o de mata, em Guaratiba, na zona oeste da cidade do Rio de Janeiro. O resgate dos corpos \u00e9 feito pelo Corpo de Bombeiros. Em nota, a corpora\u00e7\u00e3o informou que a queda ocorreu em uma [&hellip;]","og_url":"https:\/\/www.radiomanchester.com.br\/fm\/helicoptero-cai-na-zona-oeste-do-rio-e-deixa-tres-pessoas-mortas\/","og_site_name":"Manchester FM 93,3","article_published_time":"2026-01-18T01:04:20+00:00","article_modified_time":"2026-01-18T01:04:23+00:00","twitter_card":"summary_large_image","twitter_misc":{"Escrito por":"admin","Est. tempo de leitura":"1 minuto"},"schema":{"@context":"https:\/\/schema.org","@graph":[{"@type":"WebSite","@id":"https:\/\/www.radiomanchester.com.br\/fm\/#website","url":"https:\/\/www.radiomanchester.com.br\/fm\/","name":"Manchester FM 93,3","description":"Todo Mundo Ouve!","potentialAction":[{"@type":"SearchAction","target":{"@type":"EntryPoint","urlTemplate":"https:\/\/www.radiomanchester.com.br\/fm\/?s={search_term_string}"},"query-input":"required name=search_term_string"}],"inLanguage":"pt-BR"},{"@type":"WebPage","@id":"https:\/\/www.radiomanchester.com.br\/fm\/helicoptero-cai-na-zona-oeste-do-rio-e-deixa-tres-pessoas-mortas\/#webpage","url":"https:\/\/www.radiomanchester.com.br\/fm\/helicoptero-cai-na-zona-oeste-do-rio-e-deixa-tres-pessoas-mortas\/","name":"Helic\u00f3ptero cai na zona oeste do Rio e deixa tr\u00eas pessoas mortas - Manchester FM 93,3","isPartOf":{"@id":"https:\/\/www.radiomanchester.com.br\/fm\/#website"},"datePublished":"2026-01-18T01:04:20+00:00","dateModified":"2026-01-18T01:04:23+00:00","author":{"@id":"https:\/\/www.radiomanchester.com.br\/fm\/#\/schema\/person\/408a7b4d4e32cbebd90e2782852abca3"},"breadcrumb":{"@id":"https:\/\/www.radiomanchester.com.br\/fm\/helicoptero-cai-na-zona-oeste-do-rio-e-deixa-tres-pessoas-mortas\/#breadcrumb"},"inLanguage":"pt-BR","potentialAction":[{"@type":"ReadAction","target":["https:\/\/www.radiomanchester.com.br\/fm\/helicoptero-cai-na-zona-oeste-do-rio-e-deixa-tres-pessoas-mortas\/"]}]},{"@type":"BreadcrumbList","@id":"https:\/\/www.radiomanchester.com.br\/fm\/helicoptero-cai-na-zona-oeste-do-rio-e-deixa-tres-pessoas-mortas\/#breadcrumb","itemListElement":[{"@type":"ListItem","position":1,"name":"Home","item":"https:\/\/www.radiomanchester.com.br\/fm\/"},{"@type":"ListItem","position":2,"name":"Helic\u00f3ptero cai na zona oeste do Rio e deixa tr\u00eas pessoas mortas"}]},{"@type":"Person","@id":"https:\/\/www.radiomanchester.com.br\/fm\/#\/schema\/person\/408a7b4d4e32cbebd90e2782852abca3","name":"admin","image":{"@type":"ImageObject","@id":"https:\/\/www.radiomanchester.com.br\/fm\/#personlogo","inLanguage":"pt-BR","url":"https:\/\/secure.gravatar.com\/avatar\/115a974dba3376872eb3addeb276301c?s=96&d=mm&r=g","contentUrl":"https:\/\/secure.gravatar.com\/avatar\/115a974dba3376872eb3addeb276301c?s=96&d=mm&r=g","caption":"admin"},"url":"https:\/\/www.radiomanchester.com.br\/fm\/author\/admin\/"}]}},"_links":{"self":[{"href":"https:\/\/www.radiomanchester.com.br\/fm\/wp-json\/wp\/v2\/posts\/17181"}],"collection":[{"href":"https:\/\/www.radiomanchester.com.br\/fm\/wp-json\/wp\/v2\/posts"}],"about":[{"href":"https:\/\/www.radiomanchester.com.br\/fm\/wp-json\/wp\/v2\/types\/post"}],"author":[{"embeddable":true,"href":"https:\/\/www.radiomanchester.com.br\/fm\/wp-json\/wp\/v2\/users\/1"}],"replies":[{"embeddable":true,"href":"https:\/\/www.radiomanchester.com.br\/fm\/wp-json\/wp\/v2\/comments?post=17181"}],"version-history":[{"count":1,"href":"https:\/\/www.radiomanchester.com.br\/fm\/wp-json\/wp\/v2\/posts\/17181\/revisions"}],"predecessor-version":[{"id":17182,"href":"https:\/\/www.radiomanchester.com.br\/fm\/wp-json\/wp\/v2\/posts\/17181\/revisions\/17182"}],"wp:attachment":[{"href":"https:\/\/www.radiomanchester.com.br\/fm\/wp-json\/wp\/v2\/media?parent=17181"}],"wp:term":[{"taxonomy":"category","embeddable":true,"href":"https:\/\/www.radiomanchester.com.br\/fm\/wp-json\/wp\/v2\/categories?post=17181"},{"taxonomy":"post_tag","embeddable":true,"href":"https:\/\/www.radiomanchester.com.br\/fm\/wp-json\/wp\/v2\/tags?post=17181"}],"curies":[{"name":"wp","href":"https:\/\/api.w.org\/{rel}","templated":true}]}}