{"id":17183,"date":"2026-01-18T19:48:04","date_gmt":"2026-01-18T22:48:04","guid":{"rendered":"https:\/\/www.radiomanchester.com.br\/fm\/?p=17183"},"modified":"2026-01-18T19:48:08","modified_gmt":"2026-01-18T22:48:08","slug":"sus-vai-vacinar-profissionais-de-saude-contra-dengue-em-fevereiro","status":"publish","type":"post","link":"https:\/\/www.radiomanchester.com.br\/fm\/sus-vai-vacinar-profissionais-de-saude-contra-dengue-em-fevereiro\/","title":{"rendered":"SUS vai vacinar profissionais de sa\u00fade contra dengue em fevereiro"},"content":{"rendered":"\n<p><em><strong>Vacina ser\u00e1 a de dose \u00fanica desenvolvida pelo Instituto Butantan<\/strong><\/em><\/p>\n\n\n\n<hr class=\"wp-block-separator\"\/>\n\n\n\n<p>O ministro da Sa\u00fade, Alexandre Padilha, anunciou neste domingo (18\/01) que cerca de 1,1 milh\u00e3o de profissionais que atuam na aten\u00e7\u00e3o prim\u00e1ria \u00e0 sa\u00fade de todo o pa\u00eds poder\u00e3o ser imunizados, a partir de 9 de fevereiro, com a vacina Butantan-DV, com tecnologia 100% nacional, desenvolvida pelo Instituto Butantan. O imunizante contra a arbovirose \u00e9 o primeiro de dose \u00fanica do mundo.<\/p>\n\n\n\n<p>\u201cS\u00e3o aqueles profissionais que atuam nas unidades b\u00e1sicas de sa\u00fade, que visitam as fam\u00edlias, s\u00e3o os primeiros profissionais a receber quem tem sinal e sintoma de dengue&#8221;, anunciou o ministro da Sa\u00fade.<\/p>\n\n\n\n<p>&#8220;Os primeiros cuidados s\u00e3o feitos pelos m\u00e9dicos, enfermeiros, t\u00e9cnicos de enfermagem, agentes comunit\u00e1rios de sa\u00fade, profissionais e equipes multifuncionais que est\u00e3o cadastrados nas unidades b\u00e1sicas de sa\u00fade\u201d, complementou.<\/p>\n\n\n\n<p>O ministro explicou que a vacina\u00e7\u00e3o deste p\u00fablico ser\u00e1 poss\u00edvel com a chegada de mais doses da Butantan-DV. O Instituto Butantan deve produzir e entregar at\u00e9 31 de janeiro cerca de 1,1 milh\u00e3o de doses adicionais desta vacina nacional contra a dengue, para garantir a imuniza\u00e7\u00e3o dos profissionais que atuam na linha de frente do Sistema \u00danico de Sa\u00fade (SUS).<\/p>\n\n\n\n<p>Os anticorpos da Butantan-DV oferecem prote\u00e7\u00e3o contra os quatro sorotipos do v\u00edrus da dengue. Os estudos cl\u00ednicos indicam efic\u00e1cia global de 74% da vacina brasileira, com redu\u00e7\u00e3o de 91% dos casos graves e 100% de prote\u00e7\u00e3o contra hospitaliza\u00e7\u00e3o pela doen\u00e7a transmitida pelo mosquito Aedes aegypti.<\/p>\n\n\n\n<p><strong>Produ\u00e7\u00e3o de mais doses<br><\/strong>O governo federal quer ampliar gradualmente a vacina\u00e7\u00e3o em dose \u00fanica para todo o pa\u00eds, para pessoas de 15 a 59 anos, o que depende da disponibilidade de novas unidades da vacina Butantan-DV, que foram encomendadas no m\u00eas passado pelo Minist\u00e9rio da Sa\u00fade.<\/p>\n\n\n\n<p>Para acelerar a fabrica\u00e7\u00e3o em larga escala do imunizante, o ministro divulgou que o Instituto Butantan firmou uma parceria de transfer\u00eancia de tecnologia \u00e0 empresa WuXi Vaccines, da China.<\/p>\n\n\n\n<p>Com a parceria, a expectativa do Minist\u00e9rio da Sa\u00fade \u00e9 que a produ\u00e7\u00e3o chinesa da vacina com tecnologia brasileira seja ampliada em at\u00e9 30 vezes.<\/p>\n\n\n\n<p>\u201cEles [diretores da WuXi Vaccines] se comprometeram com um cronograma de produ\u00e7\u00e3o e de entrega. Nossa expectativa \u00e9 de termos, neste ano ainda, em torno de 25 a 30 milh\u00f5es de doses [da vacina Butantan-DV]\u201d, estimou o ministro da Sa\u00fade.<\/p>\n\n\n\n<p>O titular da pasta prev\u00ea que \u00e0 medida que cheguem as novas doses importadas, o pr\u00f3ximo passo do governo brasileiro ser\u00e1 realizar a vacina\u00e7\u00e3o nacional do p\u00fablico de 15 a 59 anos, come\u00e7ando pela popula\u00e7\u00e3o mais velha (59 anos) e avan\u00e7ando at\u00e9 o p\u00fablico mais jovem (15 anos).<\/p>\n\n\n\n<p>\u201cNa medida que a gente come\u00e7a a ter uma grande produ\u00e7\u00e3o, isso vai entrar no calend\u00e1rio oficial [de vacina\u00e7\u00e3o] de forma permanente\u201d, projeta o ministro.<\/p>\n\n\n\n<p>Para acompanhar a produ\u00e7\u00e3o das doses da vacina desenvolvida pelo Butant\u00e3, em mar\u00e7o deste ano, t\u00e9cnicos do Minist\u00e9rio da Sa\u00fade devem viajar \u00e0 China. \u201cA gente quer ver essas doses de vacinas o mais r\u00e1pido poss\u00edvel aqui do Brasil\u201d.<\/p>\n\n\n\n<p>Alexandre Padilha explicou tamb\u00e9m que o Instituto Butantan j\u00e1 tem autoriza\u00e7\u00e3o da Ag\u00eancia Nacional de Vigil\u00e2ncia Sanit\u00e1ria (Anvisa) para fazer a avalia\u00e7\u00e3o da vacina Butantan-DV no p\u00fablico com mais de 60 anos e j\u00e1 come\u00e7ou o recrutamento de volunt\u00e1rios deste p\u00fablico.<\/p>\n\n\n\n<p>\u201cN\u00f3s estamos otimistas que tamb\u00e9m seja uma vacina segura para quem tem mais de 60 anos de idade, o que vai ser muito importante para o combate \u00e0 dengue\u201d, disse o ministro da Sa\u00fade, Alexandre Padilha.<\/p>\n\n\n\n<p>A declara\u00e7\u00e3o foi dada pelo ministro em Botucatu (SP), no in\u00edcio da campanha de vacina\u00e7\u00e3o em massa da popula\u00e7\u00e3o de 15 a 59 anos deste munic\u00edpio. A iniciativa piloto ocorre tamb\u00e9m nas cidades de Maranguape (CE) e Nova Lima (MG), desde o \u00faltimo s\u00e1bado (17). O objetivo \u00e9 avaliar o impacto da imuniza\u00e7\u00e3o com o novo imunizante.<\/p>\n\n\n\n<p>\u201cN\u00e3o tenho d\u00favida nenhuma que essa vacina 100% do Butantan pode ser uma grande arma internacional para combater a dengue em outros pa\u00edses no mundo\u201d, disse Alexandre Padilha.<\/p>\n\n\n\n<p><strong>QDenga em todo o pa\u00eds<br><\/strong>Para o p\u00fablico de 10 a 14 anos, o SUS oferece gratuitamente o imunizante internacional QDenga, com esquema vacinal de duas doses.<\/p>\n\n\n\n<p>O Minist\u00e9rio da Sa\u00fade afirma que o Brasil \u00e9 o primeiro pa\u00eds do mundo a oferecer o imunizante no sistema p\u00fablico de sa\u00fade.<\/p>\n\n\n\n<p>Neste domingo (18), o ministro da Sa\u00fade, Alexandre Padilha anunciou a amplia\u00e7\u00e3o para todo o pa\u00eds da aplica\u00e7\u00e3o da vacina japonesa para esta mesma faixa et\u00e1ria. A expans\u00e3o ocorre a partir da aquisi\u00e7\u00e3o de mais estoques da farmac\u00eautica japonesa Takeda.<\/p>\n\n\n\n<p>&#8220;A gente comprou 9 milh\u00f5es de doses, para 2026; mais 9 milh\u00f5es de doses, para 2027. Ao todo 18 milh\u00f5es [de doses]. O que permite que a gente possa distribu\u00ed-la em todos os munic\u00edpios brasileiros.\u201d<\/p>\n\n\n\n<p>Aprovada em 2023 pela Ag\u00eancia Nacional de Vigil\u00e2ncia Sanit\u00e1ria (Anvisa), a QDenga foi inicialmente disponibilizada em 2024 \u00e0s crian\u00e7as e adolescentes de 2,1 mil munic\u00edpios considerados priorit\u00e1rios pelo governo do Brasil.<\/p>\n\n\n\n<p>Com o aumento dos estoques, a vacina\u00e7\u00e3o da QDenga ser\u00e1 feita em unidades b\u00e1sicas de sa\u00fade (UBS) do SUS dos mais de 5,5 mil munic\u00edpios brasileiros, exclusivamente ao p\u00fablico de 10 a 14 anos.<\/p>\n\n\n\n<p>O ministro contabiliza que foram distribu\u00eddos e aplicados no Brasil, em 2024 e 2025, cerca de 10 milh\u00f5es de doses da QDenga para o p\u00fablico infanto-juvenil.<br>porAg\u00eancia Brasil<\/p>\n","protected":false},"excerpt":{"rendered":"<p class=\"excerpt\">Vacina ser\u00e1 a de dose \u00fanica desenvolvida pelo Instituto Butantan O ministro da Sa\u00fade, Alexandre Padilha, anunciou neste domingo (18\/01) que cerca de 1,1 milh\u00e3o de profissionais que atuam na aten\u00e7\u00e3o prim\u00e1ria \u00e0 sa\u00fade de todo o pa\u00eds poder\u00e3o ser imunizados, a partir de 9 de fevereiro, com a vacina Butantan-DV, com tecnologia 100% nacional, [&hellip;]<\/p>\n","protected":false},"author":1,"featured_media":0,"comment_status":"open","ping_status":"open","sticky":false,"template":"","format":"standard","meta":[],"categories":[8,17],"tags":[22,24,113,83,92],"yoast_head":"<!-- This site is optimized with the Yoast SEO plugin v18.3 - https:\/\/yoast.com\/wordpress\/plugins\/seo\/ -->\n<title>SUS vai vacinar profissionais de sa\u00fade contra dengue em fevereiro - Manchester FM 93,3<\/title>\n<meta name=\"robots\" content=\"index, follow, max-snippet:-1, max-image-preview:large, max-video-preview:-1\" \/>\n<link rel=\"canonical\" href=\"https:\/\/www.radiomanchester.com.br\/fm\/sus-vai-vacinar-profissionais-de-saude-contra-dengue-em-fevereiro\/\" \/>\n<meta property=\"og:locale\" content=\"pt_BR\" \/>\n<meta property=\"og:type\" content=\"article\" \/>\n<meta property=\"og:title\" content=\"SUS vai vacinar profissionais de sa\u00fade contra dengue em fevereiro - Manchester FM 93,3\" \/>\n<meta property=\"og:description\" content=\"Vacina ser\u00e1 a de dose \u00fanica desenvolvida pelo Instituto Butantan O ministro da Sa\u00fade, Alexandre Padilha, anunciou neste domingo (18\/01) que cerca de 1,1 milh\u00e3o de profissionais que atuam na aten\u00e7\u00e3o prim\u00e1ria \u00e0 sa\u00fade de todo o pa\u00eds poder\u00e3o ser imunizados, a partir de 9 de fevereiro, com a vacina Butantan-DV, com tecnologia 100% nacional, [&hellip;]\" \/>\n<meta property=\"og:url\" content=\"https:\/\/www.radiomanchester.com.br\/fm\/sus-vai-vacinar-profissionais-de-saude-contra-dengue-em-fevereiro\/\" \/>\n<meta property=\"og:site_name\" content=\"Manchester FM 93,3\" \/>\n<meta property=\"article:published_time\" content=\"2026-01-18T22:48:04+00:00\" \/>\n<meta property=\"article:modified_time\" content=\"2026-01-18T22:48:08+00:00\" \/>\n<meta name=\"twitter:card\" content=\"summary_large_image\" \/>\n<meta name=\"twitter:label1\" content=\"Escrito por\" \/>\n\t<meta name=\"twitter:data1\" content=\"admin\" \/>\n\t<meta name=\"twitter:label2\" content=\"Est. tempo de leitura\" \/>\n\t<meta name=\"twitter:data2\" content=\"5 minutos\" \/>\n<script type=\"application\/ld+json\" class=\"yoast-schema-graph\">{\"@context\":\"https:\/\/schema.org\",\"@graph\":[{\"@type\":\"WebSite\",\"@id\":\"https:\/\/www.radiomanchester.com.br\/fm\/#website\",\"url\":\"https:\/\/www.radiomanchester.com.br\/fm\/\",\"name\":\"Manchester FM 93,3\",\"description\":\"Todo Mundo Ouve!\",\"potentialAction\":[{\"@type\":\"SearchAction\",\"target\":{\"@type\":\"EntryPoint\",\"urlTemplate\":\"https:\/\/www.radiomanchester.com.br\/fm\/?s={search_term_string}\"},\"query-input\":\"required name=search_term_string\"}],\"inLanguage\":\"pt-BR\"},{\"@type\":\"WebPage\",\"@id\":\"https:\/\/www.radiomanchester.com.br\/fm\/sus-vai-vacinar-profissionais-de-saude-contra-dengue-em-fevereiro\/#webpage\",\"url\":\"https:\/\/www.radiomanchester.com.br\/fm\/sus-vai-vacinar-profissionais-de-saude-contra-dengue-em-fevereiro\/\",\"name\":\"SUS vai vacinar profissionais de sa\u00fade contra dengue em fevereiro - Manchester FM 93,3\",\"isPartOf\":{\"@id\":\"https:\/\/www.radiomanchester.com.br\/fm\/#website\"},\"datePublished\":\"2026-01-18T22:48:04+00:00\",\"dateModified\":\"2026-01-18T22:48:08+00:00\",\"author\":{\"@id\":\"https:\/\/www.radiomanchester.com.br\/fm\/#\/schema\/person\/408a7b4d4e32cbebd90e2782852abca3\"},\"breadcrumb\":{\"@id\":\"https:\/\/www.radiomanchester.com.br\/fm\/sus-vai-vacinar-profissionais-de-saude-contra-dengue-em-fevereiro\/#breadcrumb\"},\"inLanguage\":\"pt-BR\",\"potentialAction\":[{\"@type\":\"ReadAction\",\"target\":[\"https:\/\/www.radiomanchester.com.br\/fm\/sus-vai-vacinar-profissionais-de-saude-contra-dengue-em-fevereiro\/\"]}]},{\"@type\":\"BreadcrumbList\",\"@id\":\"https:\/\/www.radiomanchester.com.br\/fm\/sus-vai-vacinar-profissionais-de-saude-contra-dengue-em-fevereiro\/#breadcrumb\",\"itemListElement\":[{\"@type\":\"ListItem\",\"position\":1,\"name\":\"Home\",\"item\":\"https:\/\/www.radiomanchester.com.br\/fm\/\"},{\"@type\":\"ListItem\",\"position\":2,\"name\":\"SUS vai vacinar profissionais de sa\u00fade contra dengue em fevereiro\"}]},{\"@type\":\"Person\",\"@id\":\"https:\/\/www.radiomanchester.com.br\/fm\/#\/schema\/person\/408a7b4d4e32cbebd90e2782852abca3\",\"name\":\"admin\",\"image\":{\"@type\":\"ImageObject\",\"@id\":\"https:\/\/www.radiomanchester.com.br\/fm\/#personlogo\",\"inLanguage\":\"pt-BR\",\"url\":\"https:\/\/secure.gravatar.com\/avatar\/115a974dba3376872eb3addeb276301c?s=96&d=mm&r=g\",\"contentUrl\":\"https:\/\/secure.gravatar.com\/avatar\/115a974dba3376872eb3addeb276301c?s=96&d=mm&r=g\",\"caption\":\"admin\"},\"url\":\"https:\/\/www.radiomanchester.com.br\/fm\/author\/admin\/\"}]}<\/script>\n<!-- \/ Yoast SEO plugin. -->","yoast_head_json":{"title":"SUS vai vacinar profissionais de sa\u00fade contra dengue em fevereiro - Manchester FM 93,3","robots":{"index":"index","follow":"follow","max-snippet":"max-snippet:-1","max-image-preview":"max-image-preview:large","max-video-preview":"max-video-preview:-1"},"canonical":"https:\/\/www.radiomanchester.com.br\/fm\/sus-vai-vacinar-profissionais-de-saude-contra-dengue-em-fevereiro\/","og_locale":"pt_BR","og_type":"article","og_title":"SUS vai vacinar profissionais de sa\u00fade contra dengue em fevereiro - Manchester FM 93,3","og_description":"Vacina ser\u00e1 a de dose \u00fanica desenvolvida pelo Instituto Butantan O ministro da Sa\u00fade, Alexandre Padilha, anunciou neste domingo (18\/01) que cerca de 1,1 milh\u00e3o de profissionais que atuam na aten\u00e7\u00e3o prim\u00e1ria \u00e0 sa\u00fade de todo o pa\u00eds poder\u00e3o ser imunizados, a partir de 9 de fevereiro, com a vacina Butantan-DV, com tecnologia 100% nacional, [&hellip;]","og_url":"https:\/\/www.radiomanchester.com.br\/fm\/sus-vai-vacinar-profissionais-de-saude-contra-dengue-em-fevereiro\/","og_site_name":"Manchester FM 93,3","article_published_time":"2026-01-18T22:48:04+00:00","article_modified_time":"2026-01-18T22:48:08+00:00","twitter_card":"summary_large_image","twitter_misc":{"Escrito por":"admin","Est. tempo de leitura":"5 minutos"},"schema":{"@context":"https:\/\/schema.org","@graph":[{"@type":"WebSite","@id":"https:\/\/www.radiomanchester.com.br\/fm\/#website","url":"https:\/\/www.radiomanchester.com.br\/fm\/","name":"Manchester FM 93,3","description":"Todo Mundo Ouve!","potentialAction":[{"@type":"SearchAction","target":{"@type":"EntryPoint","urlTemplate":"https:\/\/www.radiomanchester.com.br\/fm\/?s={search_term_string}"},"query-input":"required name=search_term_string"}],"inLanguage":"pt-BR"},{"@type":"WebPage","@id":"https:\/\/www.radiomanchester.com.br\/fm\/sus-vai-vacinar-profissionais-de-saude-contra-dengue-em-fevereiro\/#webpage","url":"https:\/\/www.radiomanchester.com.br\/fm\/sus-vai-vacinar-profissionais-de-saude-contra-dengue-em-fevereiro\/","name":"SUS vai vacinar profissionais de sa\u00fade contra dengue em fevereiro - Manchester FM 93,3","isPartOf":{"@id":"https:\/\/www.radiomanchester.com.br\/fm\/#website"},"datePublished":"2026-01-18T22:48:04+00:00","dateModified":"2026-01-18T22:48:08+00:00","author":{"@id":"https:\/\/www.radiomanchester.com.br\/fm\/#\/schema\/person\/408a7b4d4e32cbebd90e2782852abca3"},"breadcrumb":{"@id":"https:\/\/www.radiomanchester.com.br\/fm\/sus-vai-vacinar-profissionais-de-saude-contra-dengue-em-fevereiro\/#breadcrumb"},"inLanguage":"pt-BR","potentialAction":[{"@type":"ReadAction","target":["https:\/\/www.radiomanchester.com.br\/fm\/sus-vai-vacinar-profissionais-de-saude-contra-dengue-em-fevereiro\/"]}]},{"@type":"BreadcrumbList","@id":"https:\/\/www.radiomanchester.com.br\/fm\/sus-vai-vacinar-profissionais-de-saude-contra-dengue-em-fevereiro\/#breadcrumb","itemListElement":[{"@type":"ListItem","position":1,"name":"Home","item":"https:\/\/www.radiomanchester.com.br\/fm\/"},{"@type":"ListItem","position":2,"name":"SUS vai vacinar profissionais de sa\u00fade contra dengue em fevereiro"}]},{"@type":"Person","@id":"https:\/\/www.radiomanchester.com.br\/fm\/#\/schema\/person\/408a7b4d4e32cbebd90e2782852abca3","name":"admin","image":{"@type":"ImageObject","@id":"https:\/\/www.radiomanchester.com.br\/fm\/#personlogo","inLanguage":"pt-BR","url":"https:\/\/secure.gravatar.com\/avatar\/115a974dba3376872eb3addeb276301c?s=96&d=mm&r=g","contentUrl":"https:\/\/secure.gravatar.com\/avatar\/115a974dba3376872eb3addeb276301c?s=96&d=mm&r=g","caption":"admin"},"url":"https:\/\/www.radiomanchester.com.br\/fm\/author\/admin\/"}]}},"_links":{"self":[{"href":"https:\/\/www.radiomanchester.com.br\/fm\/wp-json\/wp\/v2\/posts\/17183"}],"collection":[{"href":"https:\/\/www.radiomanchester.com.br\/fm\/wp-json\/wp\/v2\/posts"}],"about":[{"href":"https:\/\/www.radiomanchester.com.br\/fm\/wp-json\/wp\/v2\/types\/post"}],"author":[{"embeddable":true,"href":"https:\/\/www.radiomanchester.com.br\/fm\/wp-json\/wp\/v2\/users\/1"}],"replies":[{"embeddable":true,"href":"https:\/\/www.radiomanchester.com.br\/fm\/wp-json\/wp\/v2\/comments?post=17183"}],"version-history":[{"count":1,"href":"https:\/\/www.radiomanchester.com.br\/fm\/wp-json\/wp\/v2\/posts\/17183\/revisions"}],"predecessor-version":[{"id":17184,"href":"https:\/\/www.radiomanchester.com.br\/fm\/wp-json\/wp\/v2\/posts\/17183\/revisions\/17184"}],"wp:attachment":[{"href":"https:\/\/www.radiomanchester.com.br\/fm\/wp-json\/wp\/v2\/media?parent=17183"}],"wp:term":[{"taxonomy":"category","embeddable":true,"href":"https:\/\/www.radiomanchester.com.br\/fm\/wp-json\/wp\/v2\/categories?post=17183"},{"taxonomy":"post_tag","embeddable":true,"href":"https:\/\/www.radiomanchester.com.br\/fm\/wp-json\/wp\/v2\/tags?post=17183"}],"curies":[{"name":"wp","href":"https:\/\/api.w.org\/{rel}","templated":true}]}}