{"id":17185,"date":"2026-01-19T07:00:00","date_gmt":"2026-01-19T10:00:00","guid":{"rendered":"https:\/\/www.radiomanchester.com.br\/fm\/?p=17185"},"modified":"2026-01-18T19:55:40","modified_gmt":"2026-01-18T22:55:40","slug":"escolas-do-futuro-abrem-mais-de-600-vagas-para-cursos-tecnicos-de-nivel-medio","status":"publish","type":"post","link":"https:\/\/www.radiomanchester.com.br\/fm\/escolas-do-futuro-abrem-mais-de-600-vagas-para-cursos-tecnicos-de-nivel-medio\/","title":{"rendered":"Escolas do Futuro abrem mais de 600 vagas para cursos t\u00e9cnicos de n\u00edvel m\u00e9dio"},"content":{"rendered":"\n<p><\/p>\n\n\n\n<p>As Escolas do Futuro de Goi\u00e1s (EFGs) est\u00e3o com 647 vagas abertas para cursos gratuitos em T\u00e9cnico de n\u00edvel m\u00e9dio nas \u00e1reas de Tecnologia, Inova\u00e7\u00e3o e Empreendedorismo, nas unidades de Goi\u00e2nia, Aparecida de Goi\u00e2nia, Valpara\u00edso de Goi\u00e1s, Santo Ant\u00f4nio do Descoberto e Mineiros.<\/p>\n\n\n\n<p>As inscri\u00e7\u00f5es devem ser realizadas at\u00e9 27 de janeiro deste ano pelo site <a href=\"http:\/\/efg.org.br\/editaiscursos\">efg.org.br\/editaiscursos<\/a>, onde o candidato tamb\u00e9m pode conferir os requisitos de cada curso, datas do processo e o m\u00e9todo de sele\u00e7\u00e3o.<\/p>\n\n\n\n<p>Com o objetivo de desenvolver as habilidades em cada uma dessas \u00e1reas e preparar os jovens para o mercado de trabalho, as EFGs oferecem 20 turmas nas modalidades presencial e Ensino \u00e0 Dist\u00e2ncia (EaD), com carga hor\u00e1ria que varia de 960 a 1440 horas.<\/p>\n\n\n\n<p>Neste ano letivo, as cinco unidades v\u00e3o receber estudantes para os cursos de Empresas Digitais, Marketing e M\u00eddias Sociais, Desenvolvimento Web Mobile e Ci\u00eancia de Dados.<\/p>\n\n\n\n<p>\u201cQueremos formar os goianos para que alcancem seus objetivos nas \u00e1reas de tecnologia e inova\u00e7\u00e3o, seja conseguindo bons empregos em tecnologia ou criando seus pr\u00f3prios neg\u00f3cios. Por isso, investimos muito nas Escolas do Futuro, que t\u00eam estruturas de ponta e podem ajudar as pessoas a melhorar suas vidas\u201d, afirma o secret\u00e1rio de Ci\u00eancia, Tecnologia e Inova\u00e7\u00e3o, Jos\u00e9 Frederico Lyra Netto.<\/p>\n\n\n\n<p><strong>Quem pode se inscrever<br><\/strong>Para se candidatar \u00e0s vagas, \u00e9 necess\u00e1rio cursar o 2\u00ba ou 3\u00ba ano do ensino m\u00e9dio, ou ter conclu\u00eddo essa fase de ensino. Quanto \u00e0 idade m\u00ednima, \u00e9 exigido que o estudante que queira concorrer a uma vaga na modalidade presencial tenha no m\u00ednimo 16 anos, enquanto para a modalidade EaD \u00e9 necess\u00e1rio ter completado 18 anos no ato da matr\u00edcula.<\/p>\n\n\n\n<p>A sele\u00e7\u00e3o ser\u00e1 realizada a partir do ranqueamento da m\u00e9dia global das notas obtidas no \u00faltimo ano do ensino m\u00e9dio conclu\u00eddo ou por meio da m\u00e9dia das notas alcan\u00e7adas nas provas do Exame Nacional do Ensino M\u00e9dio (Enem) ou ainda do Exame Nacional para Certifica\u00e7\u00e3o de Compet\u00eancias de Jovens e Adultos (ENCCEJA).<\/p>\n\n\n\n<p>Os resultados preliminares ser\u00e3o divulgados no site da EFG no dia 29 de janeiro, com previs\u00e3o para o in\u00edcio das aulas na primeira quinzena de fevereiro.<\/p>\n\n\n\n<p><strong>Escolas do Futuro<br><\/strong>As Escolas do Futuro de Goi\u00e1s s\u00e3o unidades profissionalizantes do Governo de Goi\u00e1s, mantidas pela Secretaria de Estado de Ci\u00eancia, Tecnologia e Inova\u00e7\u00e3o (Secti). Desde 2021, s\u00e3o geridas pela Universidade Federal de Goi\u00e1s, por meio do Centro de Educa\u00e7\u00e3o, Trabalho e Tecnologia (CETT\/UFG).<\/p>\n\n\n\n<p><strong>Servi\u00e7o<br><\/strong>Assunto: Inscri\u00e7\u00f5es para cursos das Escolas do Futuro de Goi\u00e1s<br>Cursos: T\u00e9cnico de n\u00edvel m\u00e9dio<br>Onde: <a href=\"http:\/\/efg.org.br\/editaiscursos\">Site EFG<\/a><br>Inscri\u00e7\u00f5es: at\u00e9 27 de janeiro de 2026<\/p>\n\n\n\n<p>porAg\u00eancia Cora Coralina Gov. Goi\u00e1s<\/p>\n","protected":false},"excerpt":{"rendered":"<p class=\"excerpt\">As Escolas do Futuro de Goi\u00e1s (EFGs) est\u00e3o com 647 vagas abertas para cursos gratuitos em T\u00e9cnico de n\u00edvel m\u00e9dio nas \u00e1reas de Tecnologia, Inova\u00e7\u00e3o e Empreendedorismo, nas unidades de Goi\u00e2nia, Aparecida de Goi\u00e2nia, Valpara\u00edso de Goi\u00e1s, Santo Ant\u00f4nio do Descoberto e Mineiros. As inscri\u00e7\u00f5es devem ser realizadas at\u00e9 27 de janeiro deste ano pelo [&hellip;]<\/p>\n","protected":false},"author":1,"featured_media":0,"comment_status":"open","ping_status":"open","sticky":false,"template":"","format":"standard","meta":[],"categories":[8,17],"tags":[22,24,172,113,83,92],"yoast_head":"<!-- This site is optimized with the Yoast SEO plugin v18.3 - https:\/\/yoast.com\/wordpress\/plugins\/seo\/ -->\n<title>Escolas do Futuro abrem mais de 600 vagas para cursos t\u00e9cnicos de n\u00edvel m\u00e9dio - Manchester FM 93,3<\/title>\n<meta name=\"robots\" content=\"index, follow, max-snippet:-1, max-image-preview:large, max-video-preview:-1\" \/>\n<link rel=\"canonical\" href=\"https:\/\/www.radiomanchester.com.br\/fm\/escolas-do-futuro-abrem-mais-de-600-vagas-para-cursos-tecnicos-de-nivel-medio\/\" \/>\n<meta property=\"og:locale\" content=\"pt_BR\" \/>\n<meta property=\"og:type\" content=\"article\" \/>\n<meta property=\"og:title\" content=\"Escolas do Futuro abrem mais de 600 vagas para cursos t\u00e9cnicos de n\u00edvel m\u00e9dio - Manchester FM 93,3\" \/>\n<meta property=\"og:description\" content=\"As Escolas do Futuro de Goi\u00e1s (EFGs) est\u00e3o com 647 vagas abertas para cursos gratuitos em T\u00e9cnico de n\u00edvel m\u00e9dio nas \u00e1reas de Tecnologia, Inova\u00e7\u00e3o e Empreendedorismo, nas unidades de Goi\u00e2nia, Aparecida de Goi\u00e2nia, Valpara\u00edso de Goi\u00e1s, Santo Ant\u00f4nio do Descoberto e Mineiros. As inscri\u00e7\u00f5es devem ser realizadas at\u00e9 27 de janeiro deste ano pelo [&hellip;]\" \/>\n<meta property=\"og:url\" content=\"https:\/\/www.radiomanchester.com.br\/fm\/escolas-do-futuro-abrem-mais-de-600-vagas-para-cursos-tecnicos-de-nivel-medio\/\" \/>\n<meta property=\"og:site_name\" content=\"Manchester FM 93,3\" \/>\n<meta property=\"article:published_time\" content=\"2026-01-19T10:00:00+00:00\" \/>\n<meta property=\"article:modified_time\" content=\"2026-01-18T22:55:40+00:00\" \/>\n<meta name=\"twitter:card\" content=\"summary_large_image\" \/>\n<meta name=\"twitter:label1\" content=\"Escrito por\" \/>\n\t<meta name=\"twitter:data1\" content=\"admin\" \/>\n\t<meta name=\"twitter:label2\" content=\"Est. tempo de leitura\" \/>\n\t<meta name=\"twitter:data2\" content=\"3 minutos\" \/>\n<script type=\"application\/ld+json\" class=\"yoast-schema-graph\">{\"@context\":\"https:\/\/schema.org\",\"@graph\":[{\"@type\":\"WebSite\",\"@id\":\"https:\/\/www.radiomanchester.com.br\/fm\/#website\",\"url\":\"https:\/\/www.radiomanchester.com.br\/fm\/\",\"name\":\"Manchester FM 93,3\",\"description\":\"Todo Mundo Ouve!\",\"potentialAction\":[{\"@type\":\"SearchAction\",\"target\":{\"@type\":\"EntryPoint\",\"urlTemplate\":\"https:\/\/www.radiomanchester.com.br\/fm\/?s={search_term_string}\"},\"query-input\":\"required name=search_term_string\"}],\"inLanguage\":\"pt-BR\"},{\"@type\":\"WebPage\",\"@id\":\"https:\/\/www.radiomanchester.com.br\/fm\/escolas-do-futuro-abrem-mais-de-600-vagas-para-cursos-tecnicos-de-nivel-medio\/#webpage\",\"url\":\"https:\/\/www.radiomanchester.com.br\/fm\/escolas-do-futuro-abrem-mais-de-600-vagas-para-cursos-tecnicos-de-nivel-medio\/\",\"name\":\"Escolas do Futuro abrem mais de 600 vagas para cursos t\u00e9cnicos de n\u00edvel m\u00e9dio - Manchester FM 93,3\",\"isPartOf\":{\"@id\":\"https:\/\/www.radiomanchester.com.br\/fm\/#website\"},\"datePublished\":\"2026-01-19T10:00:00+00:00\",\"dateModified\":\"2026-01-18T22:55:40+00:00\",\"author\":{\"@id\":\"https:\/\/www.radiomanchester.com.br\/fm\/#\/schema\/person\/408a7b4d4e32cbebd90e2782852abca3\"},\"breadcrumb\":{\"@id\":\"https:\/\/www.radiomanchester.com.br\/fm\/escolas-do-futuro-abrem-mais-de-600-vagas-para-cursos-tecnicos-de-nivel-medio\/#breadcrumb\"},\"inLanguage\":\"pt-BR\",\"potentialAction\":[{\"@type\":\"ReadAction\",\"target\":[\"https:\/\/www.radiomanchester.com.br\/fm\/escolas-do-futuro-abrem-mais-de-600-vagas-para-cursos-tecnicos-de-nivel-medio\/\"]}]},{\"@type\":\"BreadcrumbList\",\"@id\":\"https:\/\/www.radiomanchester.com.br\/fm\/escolas-do-futuro-abrem-mais-de-600-vagas-para-cursos-tecnicos-de-nivel-medio\/#breadcrumb\",\"itemListElement\":[{\"@type\":\"ListItem\",\"position\":1,\"name\":\"Home\",\"item\":\"https:\/\/www.radiomanchester.com.br\/fm\/\"},{\"@type\":\"ListItem\",\"position\":2,\"name\":\"Escolas do Futuro abrem mais de 600 vagas para cursos t\u00e9cnicos de n\u00edvel m\u00e9dio\"}]},{\"@type\":\"Person\",\"@id\":\"https:\/\/www.radiomanchester.com.br\/fm\/#\/schema\/person\/408a7b4d4e32cbebd90e2782852abca3\",\"name\":\"admin\",\"image\":{\"@type\":\"ImageObject\",\"@id\":\"https:\/\/www.radiomanchester.com.br\/fm\/#personlogo\",\"inLanguage\":\"pt-BR\",\"url\":\"https:\/\/secure.gravatar.com\/avatar\/115a974dba3376872eb3addeb276301c?s=96&d=mm&r=g\",\"contentUrl\":\"https:\/\/secure.gravatar.com\/avatar\/115a974dba3376872eb3addeb276301c?s=96&d=mm&r=g\",\"caption\":\"admin\"},\"url\":\"https:\/\/www.radiomanchester.com.br\/fm\/author\/admin\/\"}]}<\/script>\n<!-- \/ Yoast SEO plugin. -->","yoast_head_json":{"title":"Escolas do Futuro abrem mais de 600 vagas para cursos t\u00e9cnicos de n\u00edvel m\u00e9dio - Manchester FM 93,3","robots":{"index":"index","follow":"follow","max-snippet":"max-snippet:-1","max-image-preview":"max-image-preview:large","max-video-preview":"max-video-preview:-1"},"canonical":"https:\/\/www.radiomanchester.com.br\/fm\/escolas-do-futuro-abrem-mais-de-600-vagas-para-cursos-tecnicos-de-nivel-medio\/","og_locale":"pt_BR","og_type":"article","og_title":"Escolas do Futuro abrem mais de 600 vagas para cursos t\u00e9cnicos de n\u00edvel m\u00e9dio - Manchester FM 93,3","og_description":"As Escolas do Futuro de Goi\u00e1s (EFGs) est\u00e3o com 647 vagas abertas para cursos gratuitos em T\u00e9cnico de n\u00edvel m\u00e9dio nas \u00e1reas de Tecnologia, Inova\u00e7\u00e3o e Empreendedorismo, nas unidades de Goi\u00e2nia, Aparecida de Goi\u00e2nia, Valpara\u00edso de Goi\u00e1s, Santo Ant\u00f4nio do Descoberto e Mineiros. As inscri\u00e7\u00f5es devem ser realizadas at\u00e9 27 de janeiro deste ano pelo [&hellip;]","og_url":"https:\/\/www.radiomanchester.com.br\/fm\/escolas-do-futuro-abrem-mais-de-600-vagas-para-cursos-tecnicos-de-nivel-medio\/","og_site_name":"Manchester FM 93,3","article_published_time":"2026-01-19T10:00:00+00:00","article_modified_time":"2026-01-18T22:55:40+00:00","twitter_card":"summary_large_image","twitter_misc":{"Escrito por":"admin","Est. tempo de leitura":"3 minutos"},"schema":{"@context":"https:\/\/schema.org","@graph":[{"@type":"WebSite","@id":"https:\/\/www.radiomanchester.com.br\/fm\/#website","url":"https:\/\/www.radiomanchester.com.br\/fm\/","name":"Manchester FM 93,3","description":"Todo Mundo Ouve!","potentialAction":[{"@type":"SearchAction","target":{"@type":"EntryPoint","urlTemplate":"https:\/\/www.radiomanchester.com.br\/fm\/?s={search_term_string}"},"query-input":"required name=search_term_string"}],"inLanguage":"pt-BR"},{"@type":"WebPage","@id":"https:\/\/www.radiomanchester.com.br\/fm\/escolas-do-futuro-abrem-mais-de-600-vagas-para-cursos-tecnicos-de-nivel-medio\/#webpage","url":"https:\/\/www.radiomanchester.com.br\/fm\/escolas-do-futuro-abrem-mais-de-600-vagas-para-cursos-tecnicos-de-nivel-medio\/","name":"Escolas do Futuro abrem mais de 600 vagas para cursos t\u00e9cnicos de n\u00edvel m\u00e9dio - Manchester FM 93,3","isPartOf":{"@id":"https:\/\/www.radiomanchester.com.br\/fm\/#website"},"datePublished":"2026-01-19T10:00:00+00:00","dateModified":"2026-01-18T22:55:40+00:00","author":{"@id":"https:\/\/www.radiomanchester.com.br\/fm\/#\/schema\/person\/408a7b4d4e32cbebd90e2782852abca3"},"breadcrumb":{"@id":"https:\/\/www.radiomanchester.com.br\/fm\/escolas-do-futuro-abrem-mais-de-600-vagas-para-cursos-tecnicos-de-nivel-medio\/#breadcrumb"},"inLanguage":"pt-BR","potentialAction":[{"@type":"ReadAction","target":["https:\/\/www.radiomanchester.com.br\/fm\/escolas-do-futuro-abrem-mais-de-600-vagas-para-cursos-tecnicos-de-nivel-medio\/"]}]},{"@type":"BreadcrumbList","@id":"https:\/\/www.radiomanchester.com.br\/fm\/escolas-do-futuro-abrem-mais-de-600-vagas-para-cursos-tecnicos-de-nivel-medio\/#breadcrumb","itemListElement":[{"@type":"ListItem","position":1,"name":"Home","item":"https:\/\/www.radiomanchester.com.br\/fm\/"},{"@type":"ListItem","position":2,"name":"Escolas do Futuro abrem mais de 600 vagas para cursos t\u00e9cnicos de n\u00edvel m\u00e9dio"}]},{"@type":"Person","@id":"https:\/\/www.radiomanchester.com.br\/fm\/#\/schema\/person\/408a7b4d4e32cbebd90e2782852abca3","name":"admin","image":{"@type":"ImageObject","@id":"https:\/\/www.radiomanchester.com.br\/fm\/#personlogo","inLanguage":"pt-BR","url":"https:\/\/secure.gravatar.com\/avatar\/115a974dba3376872eb3addeb276301c?s=96&d=mm&r=g","contentUrl":"https:\/\/secure.gravatar.com\/avatar\/115a974dba3376872eb3addeb276301c?s=96&d=mm&r=g","caption":"admin"},"url":"https:\/\/www.radiomanchester.com.br\/fm\/author\/admin\/"}]}},"_links":{"self":[{"href":"https:\/\/www.radiomanchester.com.br\/fm\/wp-json\/wp\/v2\/posts\/17185"}],"collection":[{"href":"https:\/\/www.radiomanchester.com.br\/fm\/wp-json\/wp\/v2\/posts"}],"about":[{"href":"https:\/\/www.radiomanchester.com.br\/fm\/wp-json\/wp\/v2\/types\/post"}],"author":[{"embeddable":true,"href":"https:\/\/www.radiomanchester.com.br\/fm\/wp-json\/wp\/v2\/users\/1"}],"replies":[{"embeddable":true,"href":"https:\/\/www.radiomanchester.com.br\/fm\/wp-json\/wp\/v2\/comments?post=17185"}],"version-history":[{"count":1,"href":"https:\/\/www.radiomanchester.com.br\/fm\/wp-json\/wp\/v2\/posts\/17185\/revisions"}],"predecessor-version":[{"id":17186,"href":"https:\/\/www.radiomanchester.com.br\/fm\/wp-json\/wp\/v2\/posts\/17185\/revisions\/17186"}],"wp:attachment":[{"href":"https:\/\/www.radiomanchester.com.br\/fm\/wp-json\/wp\/v2\/media?parent=17185"}],"wp:term":[{"taxonomy":"category","embeddable":true,"href":"https:\/\/www.radiomanchester.com.br\/fm\/wp-json\/wp\/v2\/categories?post=17185"},{"taxonomy":"post_tag","embeddable":true,"href":"https:\/\/www.radiomanchester.com.br\/fm\/wp-json\/wp\/v2\/tags?post=17185"}],"curies":[{"name":"wp","href":"https:\/\/api.w.org\/{rel}","templated":true}]}}