{"id":17211,"date":"2026-01-24T18:34:04","date_gmt":"2026-01-24T21:34:04","guid":{"rendered":"https:\/\/www.radiomanchester.com.br\/fm\/?p=17211"},"modified":"2026-01-24T18:34:06","modified_gmt":"2026-01-24T21:34:06","slug":"deputado-nikolas-ferreira-comeca-a-usar-colete-a-prova-de-balas-durante-caminhada","status":"publish","type":"post","link":"https:\/\/www.radiomanchester.com.br\/fm\/deputado-nikolas-ferreira-comeca-a-usar-colete-a-prova-de-balas-durante-caminhada\/","title":{"rendered":"Deputado Nikolas Ferreira come\u00e7a a usar colete \u00e0 prova de balas durante caminhada"},"content":{"rendered":"\n<p>O deputado federal Nikolas Ferreira (PL-MG) adotou a utiliza\u00e7\u00e3o de um colete \u00e0 prova de balas neste s\u00e1bado (24\/01). A medida foi tomada ap\u00f3s ele seguir a orienta\u00e7\u00e3o da pr\u00f3pria equipe de seguran\u00e7a que o acompanha na \u201cCaminhada da Liberdade\u201d.<\/p>\n\n\n\n<p>A equipe de Nikolas repassou a orienta\u00e7\u00e3o ao deputado ap\u00f3s poss\u00edveis amea\u00e7as de viol\u00eancia terem supostamente sido feitas ao parlamentar.<\/p>\n\n\n\n<p>Este \u00e9 o sexto dia do ato batizado pelo deputado de \u201cCaminhada da Liberdade\u201d. A jornada foi iniciada na \u00faltima segunda-feira (19\/1), em Paracatu (MG).<\/p>\n\n\n\n<p>Na tarde deste s\u00e1bado, Nikolas e o grupo que o acompanha passavam por Santa Maria (DF), pr\u00f3ximo \u00e0 Est\u00e1tua do Chifrudo.<\/p>\n\n\n\n<p><strong>Motiva\u00e7\u00e3o<br><\/strong>A Caminhada da Liberdade re\u00fane apoiadores do parlamentar e aliados pol\u00edticos em um trajeto a p\u00e9 at\u00e9 a capital federal organizada por Nikolas em protesto contra a condena\u00e7\u00e3o dos envolvidos nos atos antidemocr\u00e1ticos de 8 de janeiro. O objetivo do grupo \u00e9 chegar em Bras\u00edlia no domingo (25\/01).<\/p>\n\n\n\n<p>porRep Metr0p0les parceiro Manchester<\/p>\n","protected":false},"excerpt":{"rendered":"<p class=\"excerpt\">O deputado federal Nikolas Ferreira (PL-MG) adotou a utiliza\u00e7\u00e3o de um colete \u00e0 prova de balas neste s\u00e1bado (24\/01). A medida foi tomada ap\u00f3s ele seguir a orienta\u00e7\u00e3o da pr\u00f3pria equipe de seguran\u00e7a que o acompanha na \u201cCaminhada da Liberdade\u201d. A equipe de Nikolas repassou a orienta\u00e7\u00e3o ao deputado ap\u00f3s poss\u00edveis amea\u00e7as de viol\u00eancia terem [&hellip;]<\/p>\n","protected":false},"author":1,"featured_media":0,"comment_status":"open","ping_status":"open","sticky":false,"template":"","format":"standard","meta":[],"categories":[8,17],"tags":[22,24,113,83,92],"yoast_head":"<!-- This site is optimized with the Yoast SEO plugin v18.3 - https:\/\/yoast.com\/wordpress\/plugins\/seo\/ -->\n<title>Deputado Nikolas Ferreira come\u00e7a a usar colete \u00e0 prova de balas durante caminhada - Manchester FM 93,3<\/title>\n<meta name=\"robots\" content=\"index, follow, max-snippet:-1, max-image-preview:large, max-video-preview:-1\" \/>\n<link rel=\"canonical\" href=\"https:\/\/www.radiomanchester.com.br\/fm\/deputado-nikolas-ferreira-comeca-a-usar-colete-a-prova-de-balas-durante-caminhada\/\" \/>\n<meta property=\"og:locale\" content=\"pt_BR\" \/>\n<meta property=\"og:type\" content=\"article\" \/>\n<meta property=\"og:title\" content=\"Deputado Nikolas Ferreira come\u00e7a a usar colete \u00e0 prova de balas durante caminhada - Manchester FM 93,3\" \/>\n<meta property=\"og:description\" content=\"O deputado federal Nikolas Ferreira (PL-MG) adotou a utiliza\u00e7\u00e3o de um colete \u00e0 prova de balas neste s\u00e1bado (24\/01). A medida foi tomada ap\u00f3s ele seguir a orienta\u00e7\u00e3o da pr\u00f3pria equipe de seguran\u00e7a que o acompanha na \u201cCaminhada da Liberdade\u201d. A equipe de Nikolas repassou a orienta\u00e7\u00e3o ao deputado ap\u00f3s poss\u00edveis amea\u00e7as de viol\u00eancia terem [&hellip;]\" \/>\n<meta property=\"og:url\" content=\"https:\/\/www.radiomanchester.com.br\/fm\/deputado-nikolas-ferreira-comeca-a-usar-colete-a-prova-de-balas-durante-caminhada\/\" \/>\n<meta property=\"og:site_name\" content=\"Manchester FM 93,3\" \/>\n<meta property=\"article:published_time\" content=\"2026-01-24T21:34:04+00:00\" \/>\n<meta property=\"article:modified_time\" content=\"2026-01-24T21:34:06+00:00\" \/>\n<meta name=\"twitter:card\" content=\"summary_large_image\" \/>\n<meta name=\"twitter:label1\" content=\"Escrito por\" \/>\n\t<meta name=\"twitter:data1\" content=\"admin\" \/>\n\t<meta name=\"twitter:label2\" content=\"Est. tempo de leitura\" \/>\n\t<meta name=\"twitter:data2\" content=\"1 minuto\" \/>\n<script type=\"application\/ld+json\" class=\"yoast-schema-graph\">{\"@context\":\"https:\/\/schema.org\",\"@graph\":[{\"@type\":\"WebSite\",\"@id\":\"https:\/\/www.radiomanchester.com.br\/fm\/#website\",\"url\":\"https:\/\/www.radiomanchester.com.br\/fm\/\",\"name\":\"Manchester FM 93,3\",\"description\":\"Todo Mundo Ouve!\",\"potentialAction\":[{\"@type\":\"SearchAction\",\"target\":{\"@type\":\"EntryPoint\",\"urlTemplate\":\"https:\/\/www.radiomanchester.com.br\/fm\/?s={search_term_string}\"},\"query-input\":\"required name=search_term_string\"}],\"inLanguage\":\"pt-BR\"},{\"@type\":\"WebPage\",\"@id\":\"https:\/\/www.radiomanchester.com.br\/fm\/deputado-nikolas-ferreira-comeca-a-usar-colete-a-prova-de-balas-durante-caminhada\/#webpage\",\"url\":\"https:\/\/www.radiomanchester.com.br\/fm\/deputado-nikolas-ferreira-comeca-a-usar-colete-a-prova-de-balas-durante-caminhada\/\",\"name\":\"Deputado Nikolas Ferreira come\u00e7a a usar colete \u00e0 prova de balas durante caminhada - Manchester FM 93,3\",\"isPartOf\":{\"@id\":\"https:\/\/www.radiomanchester.com.br\/fm\/#website\"},\"datePublished\":\"2026-01-24T21:34:04+00:00\",\"dateModified\":\"2026-01-24T21:34:06+00:00\",\"author\":{\"@id\":\"https:\/\/www.radiomanchester.com.br\/fm\/#\/schema\/person\/408a7b4d4e32cbebd90e2782852abca3\"},\"breadcrumb\":{\"@id\":\"https:\/\/www.radiomanchester.com.br\/fm\/deputado-nikolas-ferreira-comeca-a-usar-colete-a-prova-de-balas-durante-caminhada\/#breadcrumb\"},\"inLanguage\":\"pt-BR\",\"potentialAction\":[{\"@type\":\"ReadAction\",\"target\":[\"https:\/\/www.radiomanchester.com.br\/fm\/deputado-nikolas-ferreira-comeca-a-usar-colete-a-prova-de-balas-durante-caminhada\/\"]}]},{\"@type\":\"BreadcrumbList\",\"@id\":\"https:\/\/www.radiomanchester.com.br\/fm\/deputado-nikolas-ferreira-comeca-a-usar-colete-a-prova-de-balas-durante-caminhada\/#breadcrumb\",\"itemListElement\":[{\"@type\":\"ListItem\",\"position\":1,\"name\":\"Home\",\"item\":\"https:\/\/www.radiomanchester.com.br\/fm\/\"},{\"@type\":\"ListItem\",\"position\":2,\"name\":\"Deputado Nikolas Ferreira come\u00e7a a usar colete \u00e0 prova de balas durante caminhada\"}]},{\"@type\":\"Person\",\"@id\":\"https:\/\/www.radiomanchester.com.br\/fm\/#\/schema\/person\/408a7b4d4e32cbebd90e2782852abca3\",\"name\":\"admin\",\"image\":{\"@type\":\"ImageObject\",\"@id\":\"https:\/\/www.radiomanchester.com.br\/fm\/#personlogo\",\"inLanguage\":\"pt-BR\",\"url\":\"https:\/\/secure.gravatar.com\/avatar\/115a974dba3376872eb3addeb276301c?s=96&d=mm&r=g\",\"contentUrl\":\"https:\/\/secure.gravatar.com\/avatar\/115a974dba3376872eb3addeb276301c?s=96&d=mm&r=g\",\"caption\":\"admin\"},\"url\":\"https:\/\/www.radiomanchester.com.br\/fm\/author\/admin\/\"}]}<\/script>\n<!-- \/ Yoast SEO plugin. -->","yoast_head_json":{"title":"Deputado Nikolas Ferreira come\u00e7a a usar colete \u00e0 prova de balas durante caminhada - Manchester FM 93,3","robots":{"index":"index","follow":"follow","max-snippet":"max-snippet:-1","max-image-preview":"max-image-preview:large","max-video-preview":"max-video-preview:-1"},"canonical":"https:\/\/www.radiomanchester.com.br\/fm\/deputado-nikolas-ferreira-comeca-a-usar-colete-a-prova-de-balas-durante-caminhada\/","og_locale":"pt_BR","og_type":"article","og_title":"Deputado Nikolas Ferreira come\u00e7a a usar colete \u00e0 prova de balas durante caminhada - Manchester FM 93,3","og_description":"O deputado federal Nikolas Ferreira (PL-MG) adotou a utiliza\u00e7\u00e3o de um colete \u00e0 prova de balas neste s\u00e1bado (24\/01). A medida foi tomada ap\u00f3s ele seguir a orienta\u00e7\u00e3o da pr\u00f3pria equipe de seguran\u00e7a que o acompanha na \u201cCaminhada da Liberdade\u201d. A equipe de Nikolas repassou a orienta\u00e7\u00e3o ao deputado ap\u00f3s poss\u00edveis amea\u00e7as de viol\u00eancia terem [&hellip;]","og_url":"https:\/\/www.radiomanchester.com.br\/fm\/deputado-nikolas-ferreira-comeca-a-usar-colete-a-prova-de-balas-durante-caminhada\/","og_site_name":"Manchester FM 93,3","article_published_time":"2026-01-24T21:34:04+00:00","article_modified_time":"2026-01-24T21:34:06+00:00","twitter_card":"summary_large_image","twitter_misc":{"Escrito por":"admin","Est. tempo de leitura":"1 minuto"},"schema":{"@context":"https:\/\/schema.org","@graph":[{"@type":"WebSite","@id":"https:\/\/www.radiomanchester.com.br\/fm\/#website","url":"https:\/\/www.radiomanchester.com.br\/fm\/","name":"Manchester FM 93,3","description":"Todo Mundo Ouve!","potentialAction":[{"@type":"SearchAction","target":{"@type":"EntryPoint","urlTemplate":"https:\/\/www.radiomanchester.com.br\/fm\/?s={search_term_string}"},"query-input":"required name=search_term_string"}],"inLanguage":"pt-BR"},{"@type":"WebPage","@id":"https:\/\/www.radiomanchester.com.br\/fm\/deputado-nikolas-ferreira-comeca-a-usar-colete-a-prova-de-balas-durante-caminhada\/#webpage","url":"https:\/\/www.radiomanchester.com.br\/fm\/deputado-nikolas-ferreira-comeca-a-usar-colete-a-prova-de-balas-durante-caminhada\/","name":"Deputado Nikolas Ferreira come\u00e7a a usar colete \u00e0 prova de balas durante caminhada - Manchester FM 93,3","isPartOf":{"@id":"https:\/\/www.radiomanchester.com.br\/fm\/#website"},"datePublished":"2026-01-24T21:34:04+00:00","dateModified":"2026-01-24T21:34:06+00:00","author":{"@id":"https:\/\/www.radiomanchester.com.br\/fm\/#\/schema\/person\/408a7b4d4e32cbebd90e2782852abca3"},"breadcrumb":{"@id":"https:\/\/www.radiomanchester.com.br\/fm\/deputado-nikolas-ferreira-comeca-a-usar-colete-a-prova-de-balas-durante-caminhada\/#breadcrumb"},"inLanguage":"pt-BR","potentialAction":[{"@type":"ReadAction","target":["https:\/\/www.radiomanchester.com.br\/fm\/deputado-nikolas-ferreira-comeca-a-usar-colete-a-prova-de-balas-durante-caminhada\/"]}]},{"@type":"BreadcrumbList","@id":"https:\/\/www.radiomanchester.com.br\/fm\/deputado-nikolas-ferreira-comeca-a-usar-colete-a-prova-de-balas-durante-caminhada\/#breadcrumb","itemListElement":[{"@type":"ListItem","position":1,"name":"Home","item":"https:\/\/www.radiomanchester.com.br\/fm\/"},{"@type":"ListItem","position":2,"name":"Deputado Nikolas Ferreira come\u00e7a a usar colete \u00e0 prova de balas durante caminhada"}]},{"@type":"Person","@id":"https:\/\/www.radiomanchester.com.br\/fm\/#\/schema\/person\/408a7b4d4e32cbebd90e2782852abca3","name":"admin","image":{"@type":"ImageObject","@id":"https:\/\/www.radiomanchester.com.br\/fm\/#personlogo","inLanguage":"pt-BR","url":"https:\/\/secure.gravatar.com\/avatar\/115a974dba3376872eb3addeb276301c?s=96&d=mm&r=g","contentUrl":"https:\/\/secure.gravatar.com\/avatar\/115a974dba3376872eb3addeb276301c?s=96&d=mm&r=g","caption":"admin"},"url":"https:\/\/www.radiomanchester.com.br\/fm\/author\/admin\/"}]}},"_links":{"self":[{"href":"https:\/\/www.radiomanchester.com.br\/fm\/wp-json\/wp\/v2\/posts\/17211"}],"collection":[{"href":"https:\/\/www.radiomanchester.com.br\/fm\/wp-json\/wp\/v2\/posts"}],"about":[{"href":"https:\/\/www.radiomanchester.com.br\/fm\/wp-json\/wp\/v2\/types\/post"}],"author":[{"embeddable":true,"href":"https:\/\/www.radiomanchester.com.br\/fm\/wp-json\/wp\/v2\/users\/1"}],"replies":[{"embeddable":true,"href":"https:\/\/www.radiomanchester.com.br\/fm\/wp-json\/wp\/v2\/comments?post=17211"}],"version-history":[{"count":1,"href":"https:\/\/www.radiomanchester.com.br\/fm\/wp-json\/wp\/v2\/posts\/17211\/revisions"}],"predecessor-version":[{"id":17212,"href":"https:\/\/www.radiomanchester.com.br\/fm\/wp-json\/wp\/v2\/posts\/17211\/revisions\/17212"}],"wp:attachment":[{"href":"https:\/\/www.radiomanchester.com.br\/fm\/wp-json\/wp\/v2\/media?parent=17211"}],"wp:term":[{"taxonomy":"category","embeddable":true,"href":"https:\/\/www.radiomanchester.com.br\/fm\/wp-json\/wp\/v2\/categories?post=17211"},{"taxonomy":"post_tag","embeddable":true,"href":"https:\/\/www.radiomanchester.com.br\/fm\/wp-json\/wp\/v2\/tags?post=17211"}],"curies":[{"name":"wp","href":"https:\/\/api.w.org\/{rel}","templated":true}]}}