{"id":17213,"date":"2026-01-24T19:03:43","date_gmt":"2026-01-24T22:03:43","guid":{"rendered":"https:\/\/www.radiomanchester.com.br\/fm\/?p=17213"},"modified":"2026-01-24T19:03:47","modified_gmt":"2026-01-24T22:03:47","slug":"acidente-na-go-080-deixa-dois-jovens-mortos-em-neropolis","status":"publish","type":"post","link":"https:\/\/www.radiomanchester.com.br\/fm\/acidente-na-go-080-deixa-dois-jovens-mortos-em-neropolis\/","title":{"rendered":"Acidente na GO-080 deixa dois jovens mortos em Ner\u00f3polis"},"content":{"rendered":"\n<p>No fim da noite desta sexta-feira (23\/01), por volta das 23h36, os Bombeiros foram acionados para atender uma ocorr\u00eancia de acidente de tr\u00e2nsito do tipo sa\u00edda de pista seguida de capotamento, na GO-080, no trecho entre Ner\u00f3polis e Petrolina de Goi\u00e1s, nas proximidades da ponte sobre o Ribeir\u00e3o Jo\u00e3o Leite.<\/p>\n\n\n\n<p>Ao chegarem ao local, os militares encontraram duas v\u00edtimas. A primeira, uma jovem de 23 anos, foi localizada fora do ve\u00edculo, inconsciente, por\u00e9m com sinais vitais. Ela recebeu atendimento pr\u00e9-hospitalar e foi encaminhada ao Hospital Sagrado Cora\u00e7\u00e3o de Jesus, em Ner\u00f3polis, mas infelizmente n\u00e3o resistiu aos ferimentos e veio a \u00f3bito.<\/p>\n\n\n\n<p>A segunda v\u00edtima, o condutor do ve\u00edculo, um jovem de 20 anos, foi encontrado j\u00e1 sem sinais vitais, tendo o \u00f3bito constatado ainda no local. O corpo ficou sob os cuidados da Pol\u00edcia Militar, aguardando a chegada do Instituto M\u00e9dico Legal (IML).<\/p>\n\n\n\n<p>As circunst\u00e2ncias do acidente ser\u00e3o apuradas pelas autoridades competentes.<\/p>\n\n\n\n<p>porRepCBMGO<\/p>\n","protected":false},"excerpt":{"rendered":"<p class=\"excerpt\">No fim da noite desta sexta-feira (23\/01), por volta das 23h36, os Bombeiros foram acionados para atender uma ocorr\u00eancia de acidente de tr\u00e2nsito do tipo sa\u00edda de pista seguida de capotamento, na GO-080, no trecho entre Ner\u00f3polis e Petrolina de Goi\u00e1s, nas proximidades da ponte sobre o Ribeir\u00e3o Jo\u00e3o Leite. Ao chegarem ao local, os [&hellip;]<\/p>\n","protected":false},"author":1,"featured_media":0,"comment_status":"open","ping_status":"open","sticky":false,"template":"","format":"standard","meta":[],"categories":[8,17],"tags":[22,24,113,83,92],"yoast_head":"<!-- This site is optimized with the Yoast SEO plugin v18.3 - https:\/\/yoast.com\/wordpress\/plugins\/seo\/ -->\n<title>Acidente na GO-080 deixa dois jovens mortos em Ner\u00f3polis - Manchester FM 93,3<\/title>\n<meta name=\"robots\" content=\"index, follow, max-snippet:-1, max-image-preview:large, max-video-preview:-1\" \/>\n<link rel=\"canonical\" href=\"https:\/\/www.radiomanchester.com.br\/fm\/acidente-na-go-080-deixa-dois-jovens-mortos-em-neropolis\/\" \/>\n<meta property=\"og:locale\" content=\"pt_BR\" \/>\n<meta property=\"og:type\" content=\"article\" \/>\n<meta property=\"og:title\" content=\"Acidente na GO-080 deixa dois jovens mortos em Ner\u00f3polis - Manchester FM 93,3\" \/>\n<meta property=\"og:description\" content=\"No fim da noite desta sexta-feira (23\/01), por volta das 23h36, os Bombeiros foram acionados para atender uma ocorr\u00eancia de acidente de tr\u00e2nsito do tipo sa\u00edda de pista seguida de capotamento, na GO-080, no trecho entre Ner\u00f3polis e Petrolina de Goi\u00e1s, nas proximidades da ponte sobre o Ribeir\u00e3o Jo\u00e3o Leite. Ao chegarem ao local, os [&hellip;]\" \/>\n<meta property=\"og:url\" content=\"https:\/\/www.radiomanchester.com.br\/fm\/acidente-na-go-080-deixa-dois-jovens-mortos-em-neropolis\/\" \/>\n<meta property=\"og:site_name\" content=\"Manchester FM 93,3\" \/>\n<meta property=\"article:published_time\" content=\"2026-01-24T22:03:43+00:00\" \/>\n<meta property=\"article:modified_time\" content=\"2026-01-24T22:03:47+00:00\" \/>\n<meta name=\"twitter:card\" content=\"summary_large_image\" \/>\n<meta name=\"twitter:label1\" content=\"Escrito por\" \/>\n\t<meta name=\"twitter:data1\" content=\"admin\" \/>\n\t<meta name=\"twitter:label2\" content=\"Est. tempo de leitura\" \/>\n\t<meta name=\"twitter:data2\" content=\"1 minuto\" \/>\n<script type=\"application\/ld+json\" class=\"yoast-schema-graph\">{\"@context\":\"https:\/\/schema.org\",\"@graph\":[{\"@type\":\"WebSite\",\"@id\":\"https:\/\/www.radiomanchester.com.br\/fm\/#website\",\"url\":\"https:\/\/www.radiomanchester.com.br\/fm\/\",\"name\":\"Manchester FM 93,3\",\"description\":\"Todo Mundo Ouve!\",\"potentialAction\":[{\"@type\":\"SearchAction\",\"target\":{\"@type\":\"EntryPoint\",\"urlTemplate\":\"https:\/\/www.radiomanchester.com.br\/fm\/?s={search_term_string}\"},\"query-input\":\"required name=search_term_string\"}],\"inLanguage\":\"pt-BR\"},{\"@type\":\"WebPage\",\"@id\":\"https:\/\/www.radiomanchester.com.br\/fm\/acidente-na-go-080-deixa-dois-jovens-mortos-em-neropolis\/#webpage\",\"url\":\"https:\/\/www.radiomanchester.com.br\/fm\/acidente-na-go-080-deixa-dois-jovens-mortos-em-neropolis\/\",\"name\":\"Acidente na GO-080 deixa dois jovens mortos em Ner\u00f3polis - Manchester FM 93,3\",\"isPartOf\":{\"@id\":\"https:\/\/www.radiomanchester.com.br\/fm\/#website\"},\"datePublished\":\"2026-01-24T22:03:43+00:00\",\"dateModified\":\"2026-01-24T22:03:47+00:00\",\"author\":{\"@id\":\"https:\/\/www.radiomanchester.com.br\/fm\/#\/schema\/person\/408a7b4d4e32cbebd90e2782852abca3\"},\"breadcrumb\":{\"@id\":\"https:\/\/www.radiomanchester.com.br\/fm\/acidente-na-go-080-deixa-dois-jovens-mortos-em-neropolis\/#breadcrumb\"},\"inLanguage\":\"pt-BR\",\"potentialAction\":[{\"@type\":\"ReadAction\",\"target\":[\"https:\/\/www.radiomanchester.com.br\/fm\/acidente-na-go-080-deixa-dois-jovens-mortos-em-neropolis\/\"]}]},{\"@type\":\"BreadcrumbList\",\"@id\":\"https:\/\/www.radiomanchester.com.br\/fm\/acidente-na-go-080-deixa-dois-jovens-mortos-em-neropolis\/#breadcrumb\",\"itemListElement\":[{\"@type\":\"ListItem\",\"position\":1,\"name\":\"Home\",\"item\":\"https:\/\/www.radiomanchester.com.br\/fm\/\"},{\"@type\":\"ListItem\",\"position\":2,\"name\":\"Acidente na GO-080 deixa dois jovens mortos em Ner\u00f3polis\"}]},{\"@type\":\"Person\",\"@id\":\"https:\/\/www.radiomanchester.com.br\/fm\/#\/schema\/person\/408a7b4d4e32cbebd90e2782852abca3\",\"name\":\"admin\",\"image\":{\"@type\":\"ImageObject\",\"@id\":\"https:\/\/www.radiomanchester.com.br\/fm\/#personlogo\",\"inLanguage\":\"pt-BR\",\"url\":\"https:\/\/secure.gravatar.com\/avatar\/115a974dba3376872eb3addeb276301c?s=96&d=mm&r=g\",\"contentUrl\":\"https:\/\/secure.gravatar.com\/avatar\/115a974dba3376872eb3addeb276301c?s=96&d=mm&r=g\",\"caption\":\"admin\"},\"url\":\"https:\/\/www.radiomanchester.com.br\/fm\/author\/admin\/\"}]}<\/script>\n<!-- \/ Yoast SEO plugin. -->","yoast_head_json":{"title":"Acidente na GO-080 deixa dois jovens mortos em Ner\u00f3polis - Manchester FM 93,3","robots":{"index":"index","follow":"follow","max-snippet":"max-snippet:-1","max-image-preview":"max-image-preview:large","max-video-preview":"max-video-preview:-1"},"canonical":"https:\/\/www.radiomanchester.com.br\/fm\/acidente-na-go-080-deixa-dois-jovens-mortos-em-neropolis\/","og_locale":"pt_BR","og_type":"article","og_title":"Acidente na GO-080 deixa dois jovens mortos em Ner\u00f3polis - Manchester FM 93,3","og_description":"No fim da noite desta sexta-feira (23\/01), por volta das 23h36, os Bombeiros foram acionados para atender uma ocorr\u00eancia de acidente de tr\u00e2nsito do tipo sa\u00edda de pista seguida de capotamento, na GO-080, no trecho entre Ner\u00f3polis e Petrolina de Goi\u00e1s, nas proximidades da ponte sobre o Ribeir\u00e3o Jo\u00e3o Leite. Ao chegarem ao local, os [&hellip;]","og_url":"https:\/\/www.radiomanchester.com.br\/fm\/acidente-na-go-080-deixa-dois-jovens-mortos-em-neropolis\/","og_site_name":"Manchester FM 93,3","article_published_time":"2026-01-24T22:03:43+00:00","article_modified_time":"2026-01-24T22:03:47+00:00","twitter_card":"summary_large_image","twitter_misc":{"Escrito por":"admin","Est. tempo de leitura":"1 minuto"},"schema":{"@context":"https:\/\/schema.org","@graph":[{"@type":"WebSite","@id":"https:\/\/www.radiomanchester.com.br\/fm\/#website","url":"https:\/\/www.radiomanchester.com.br\/fm\/","name":"Manchester FM 93,3","description":"Todo Mundo Ouve!","potentialAction":[{"@type":"SearchAction","target":{"@type":"EntryPoint","urlTemplate":"https:\/\/www.radiomanchester.com.br\/fm\/?s={search_term_string}"},"query-input":"required name=search_term_string"}],"inLanguage":"pt-BR"},{"@type":"WebPage","@id":"https:\/\/www.radiomanchester.com.br\/fm\/acidente-na-go-080-deixa-dois-jovens-mortos-em-neropolis\/#webpage","url":"https:\/\/www.radiomanchester.com.br\/fm\/acidente-na-go-080-deixa-dois-jovens-mortos-em-neropolis\/","name":"Acidente na GO-080 deixa dois jovens mortos em Ner\u00f3polis - Manchester FM 93,3","isPartOf":{"@id":"https:\/\/www.radiomanchester.com.br\/fm\/#website"},"datePublished":"2026-01-24T22:03:43+00:00","dateModified":"2026-01-24T22:03:47+00:00","author":{"@id":"https:\/\/www.radiomanchester.com.br\/fm\/#\/schema\/person\/408a7b4d4e32cbebd90e2782852abca3"},"breadcrumb":{"@id":"https:\/\/www.radiomanchester.com.br\/fm\/acidente-na-go-080-deixa-dois-jovens-mortos-em-neropolis\/#breadcrumb"},"inLanguage":"pt-BR","potentialAction":[{"@type":"ReadAction","target":["https:\/\/www.radiomanchester.com.br\/fm\/acidente-na-go-080-deixa-dois-jovens-mortos-em-neropolis\/"]}]},{"@type":"BreadcrumbList","@id":"https:\/\/www.radiomanchester.com.br\/fm\/acidente-na-go-080-deixa-dois-jovens-mortos-em-neropolis\/#breadcrumb","itemListElement":[{"@type":"ListItem","position":1,"name":"Home","item":"https:\/\/www.radiomanchester.com.br\/fm\/"},{"@type":"ListItem","position":2,"name":"Acidente na GO-080 deixa dois jovens mortos em Ner\u00f3polis"}]},{"@type":"Person","@id":"https:\/\/www.radiomanchester.com.br\/fm\/#\/schema\/person\/408a7b4d4e32cbebd90e2782852abca3","name":"admin","image":{"@type":"ImageObject","@id":"https:\/\/www.radiomanchester.com.br\/fm\/#personlogo","inLanguage":"pt-BR","url":"https:\/\/secure.gravatar.com\/avatar\/115a974dba3376872eb3addeb276301c?s=96&d=mm&r=g","contentUrl":"https:\/\/secure.gravatar.com\/avatar\/115a974dba3376872eb3addeb276301c?s=96&d=mm&r=g","caption":"admin"},"url":"https:\/\/www.radiomanchester.com.br\/fm\/author\/admin\/"}]}},"_links":{"self":[{"href":"https:\/\/www.radiomanchester.com.br\/fm\/wp-json\/wp\/v2\/posts\/17213"}],"collection":[{"href":"https:\/\/www.radiomanchester.com.br\/fm\/wp-json\/wp\/v2\/posts"}],"about":[{"href":"https:\/\/www.radiomanchester.com.br\/fm\/wp-json\/wp\/v2\/types\/post"}],"author":[{"embeddable":true,"href":"https:\/\/www.radiomanchester.com.br\/fm\/wp-json\/wp\/v2\/users\/1"}],"replies":[{"embeddable":true,"href":"https:\/\/www.radiomanchester.com.br\/fm\/wp-json\/wp\/v2\/comments?post=17213"}],"version-history":[{"count":1,"href":"https:\/\/www.radiomanchester.com.br\/fm\/wp-json\/wp\/v2\/posts\/17213\/revisions"}],"predecessor-version":[{"id":17214,"href":"https:\/\/www.radiomanchester.com.br\/fm\/wp-json\/wp\/v2\/posts\/17213\/revisions\/17214"}],"wp:attachment":[{"href":"https:\/\/www.radiomanchester.com.br\/fm\/wp-json\/wp\/v2\/media?parent=17213"}],"wp:term":[{"taxonomy":"category","embeddable":true,"href":"https:\/\/www.radiomanchester.com.br\/fm\/wp-json\/wp\/v2\/categories?post=17213"},{"taxonomy":"post_tag","embeddable":true,"href":"https:\/\/www.radiomanchester.com.br\/fm\/wp-json\/wp\/v2\/tags?post=17213"}],"curies":[{"name":"wp","href":"https:\/\/api.w.org\/{rel}","templated":true}]}}