{"id":17239,"date":"2026-01-30T19:52:31","date_gmt":"2026-01-30T22:52:31","guid":{"rendered":"https:\/\/www.radiomanchester.com.br\/fm\/?p=17239"},"modified":"2026-01-30T19:52:35","modified_gmt":"2026-01-30T22:52:35","slug":"prefeitura-divulga-programacao-de-tapa-buracos-da-proxima-segunda-02-quase-70-bairros-ja-foram-atendidos","status":"publish","type":"post","link":"https:\/\/www.radiomanchester.com.br\/fm\/prefeitura-divulga-programacao-de-tapa-buracos-da-proxima-segunda-02-quase-70-bairros-ja-foram-atendidos\/","title":{"rendered":"Prefeitura divulga programa\u00e7\u00e3o de tapa-buracos da pr\u00f3xima segunda (02); quase 70 bairros j\u00e1 foram atendidos"},"content":{"rendered":"\n<p>A Prefeitura de An\u00e1polis divulgou a programa\u00e7\u00e3o dos servi\u00e7os de tapa-buracos previstos para a pr\u00f3xima segunda-feira (2\/02). Entram na lista de execu\u00e7\u00e3o: Jaiara, Adriana Parque, Nova Vila Jaiara, Jandaia, Residencial M\u00f4nica Braga e Anexo Itamaraty. Ao se concentrar na regi\u00e3o Norte, as equipes otimizam tempo e atendem de forma mais intensa as demandas registradas pela popula\u00e7\u00e3o por meio do aplicativo Conecta An\u00e1polis.<\/p>\n\n\n\n<p>A a\u00e7\u00e3o, coordenada pela Secretaria Municipal de Obras, Habita\u00e7\u00e3o, Planejamento Urbano e Meio Ambiente, integra um cronograma cont\u00ednuo de manuten\u00e7\u00e3o e revitaliza\u00e7\u00e3o da malha vi\u00e1ria em diferentes pontos da cidade.<\/p>\n\n\n\n<p>Somente em janeiro, as equipes j\u00e1 atenderam quase 70 bairros, em v\u00e1rias regi\u00f5es do munic\u00edpio, incluindo: Vila Uni\u00e3o, S\u00e3o Joaquim, Santa Cec\u00edlia, Residencial Floren\u00e7a, Jardim Calixto, Para\u00edso, Novo Para\u00edso, Residencial Pedro Ludovico, Parque Das Primaveras, Jibran, Morumbi, Viviam Parque, Calixtopolis, Vila S\u00e3o Vicente, Parque Das Na\u00e7\u00f5es e Jardim Na\u00e7\u00f5es Unidas.<\/p>\n\n\n\n<p>Al\u00e9m disso, as equipes tamb\u00e9m atenderam os bairros IAPC, Jardim Goiano, Jardim Das Oliveiras. Centro, Jardim Gon\u00e7alves, Jardim Ana Paula, Miguel Jo\u00e3o, Santo Andr\u00e9, Vila Formosa, Arco Verde, Jundia\u00ed, JK Nova Capital, An\u00e1polis City, Jardim Europa, Parque Bras\u00edlia, Filostro Machado, Jardim das Am\u00e9ricas 3\u00aa Etapa, Residencial Araguaia, Boa Vista, Alvorada, S\u00e3o Carlos, Santa Maria de Nazareth. Assim tamb\u00e9m como nos bairros: Maracan\u00e3zinho, Maracan\u00e3, Cidade Jardim, Alexandrina, Bom Sucesso, Bairro Batista, Setor Sul Jamil Miguel, Calixtolandia, S\u00e3o Jo\u00e3o, Vila Esperan\u00e7a, Jardim Planalto, Itamaraty, Jardim Petr\u00f3polis, Adriana Parque, Escala, Dom Felipe, Residencial Bela Vista, Jardim Vera Cruz, Ildefonso Lim\u00edrio, Jardim Alvorada, S\u00e3o Sebasti\u00e3o, Santa Isabel e Polocentro.<\/p>\n\n\n\n<p>Os servi\u00e7os seguem um planejamento baseado nas demandas registradas pela popula\u00e7\u00e3o por meio do Zap da Prefeitura, no n\u00famero (62) 98551-6888.<\/p>\n\n\n\n<p><strong>Chuvas<\/strong><br>A Prefeitura refor\u00e7a que o cronograma \u00e9 din\u00e2mico e pode ser ajustado conforme a demanda e as condi\u00e7\u00f5es das vias, garantindo que as regi\u00f5es mais afetadas recebam atendimento priorit\u00e1rio.<\/p>\n","protected":false},"excerpt":{"rendered":"<p class=\"excerpt\">A Prefeitura de An\u00e1polis divulgou a programa\u00e7\u00e3o dos servi\u00e7os de tapa-buracos previstos para a pr\u00f3xima segunda-feira (2\/02). Entram na lista de execu\u00e7\u00e3o: Jaiara, Adriana Parque, Nova Vila Jaiara, Jandaia, Residencial M\u00f4nica Braga e Anexo Itamaraty. Ao se concentrar na regi\u00e3o Norte, as equipes otimizam tempo e atendem de forma mais intensa as demandas registradas pela [&hellip;]<\/p>\n","protected":false},"author":1,"featured_media":0,"comment_status":"open","ping_status":"open","sticky":false,"template":"","format":"standard","meta":[],"categories":[8,17],"tags":[22,24,113,83,129,92],"yoast_head":"<!-- This site is optimized with the Yoast SEO plugin v18.3 - https:\/\/yoast.com\/wordpress\/plugins\/seo\/ -->\n<title>Prefeitura divulga programa\u00e7\u00e3o de tapa-buracos da pr\u00f3xima segunda (02); quase 70 bairros j\u00e1 foram atendidos - Manchester FM 93,3<\/title>\n<meta name=\"robots\" content=\"index, follow, max-snippet:-1, max-image-preview:large, max-video-preview:-1\" \/>\n<link rel=\"canonical\" href=\"https:\/\/www.radiomanchester.com.br\/fm\/prefeitura-divulga-programacao-de-tapa-buracos-da-proxima-segunda-02-quase-70-bairros-ja-foram-atendidos\/\" \/>\n<meta property=\"og:locale\" content=\"pt_BR\" \/>\n<meta property=\"og:type\" content=\"article\" \/>\n<meta property=\"og:title\" content=\"Prefeitura divulga programa\u00e7\u00e3o de tapa-buracos da pr\u00f3xima segunda (02); quase 70 bairros j\u00e1 foram atendidos - Manchester FM 93,3\" \/>\n<meta property=\"og:description\" content=\"A Prefeitura de An\u00e1polis divulgou a programa\u00e7\u00e3o dos servi\u00e7os de tapa-buracos previstos para a pr\u00f3xima segunda-feira (2\/02). Entram na lista de execu\u00e7\u00e3o: Jaiara, Adriana Parque, Nova Vila Jaiara, Jandaia, Residencial M\u00f4nica Braga e Anexo Itamaraty. Ao se concentrar na regi\u00e3o Norte, as equipes otimizam tempo e atendem de forma mais intensa as demandas registradas pela [&hellip;]\" \/>\n<meta property=\"og:url\" content=\"https:\/\/www.radiomanchester.com.br\/fm\/prefeitura-divulga-programacao-de-tapa-buracos-da-proxima-segunda-02-quase-70-bairros-ja-foram-atendidos\/\" \/>\n<meta property=\"og:site_name\" content=\"Manchester FM 93,3\" \/>\n<meta property=\"article:published_time\" content=\"2026-01-30T22:52:31+00:00\" \/>\n<meta property=\"article:modified_time\" content=\"2026-01-30T22:52:35+00:00\" \/>\n<meta name=\"twitter:card\" content=\"summary_large_image\" \/>\n<meta name=\"twitter:label1\" content=\"Escrito por\" \/>\n\t<meta name=\"twitter:data1\" content=\"admin\" \/>\n\t<meta name=\"twitter:label2\" content=\"Est. tempo de leitura\" \/>\n\t<meta name=\"twitter:data2\" content=\"2 minutos\" \/>\n<script type=\"application\/ld+json\" class=\"yoast-schema-graph\">{\"@context\":\"https:\/\/schema.org\",\"@graph\":[{\"@type\":\"WebSite\",\"@id\":\"https:\/\/www.radiomanchester.com.br\/fm\/#website\",\"url\":\"https:\/\/www.radiomanchester.com.br\/fm\/\",\"name\":\"Manchester FM 93,3\",\"description\":\"Todo Mundo Ouve!\",\"potentialAction\":[{\"@type\":\"SearchAction\",\"target\":{\"@type\":\"EntryPoint\",\"urlTemplate\":\"https:\/\/www.radiomanchester.com.br\/fm\/?s={search_term_string}\"},\"query-input\":\"required name=search_term_string\"}],\"inLanguage\":\"pt-BR\"},{\"@type\":\"WebPage\",\"@id\":\"https:\/\/www.radiomanchester.com.br\/fm\/prefeitura-divulga-programacao-de-tapa-buracos-da-proxima-segunda-02-quase-70-bairros-ja-foram-atendidos\/#webpage\",\"url\":\"https:\/\/www.radiomanchester.com.br\/fm\/prefeitura-divulga-programacao-de-tapa-buracos-da-proxima-segunda-02-quase-70-bairros-ja-foram-atendidos\/\",\"name\":\"Prefeitura divulga programa\u00e7\u00e3o de tapa-buracos da pr\u00f3xima segunda (02); quase 70 bairros j\u00e1 foram atendidos - Manchester FM 93,3\",\"isPartOf\":{\"@id\":\"https:\/\/www.radiomanchester.com.br\/fm\/#website\"},\"datePublished\":\"2026-01-30T22:52:31+00:00\",\"dateModified\":\"2026-01-30T22:52:35+00:00\",\"author\":{\"@id\":\"https:\/\/www.radiomanchester.com.br\/fm\/#\/schema\/person\/408a7b4d4e32cbebd90e2782852abca3\"},\"breadcrumb\":{\"@id\":\"https:\/\/www.radiomanchester.com.br\/fm\/prefeitura-divulga-programacao-de-tapa-buracos-da-proxima-segunda-02-quase-70-bairros-ja-foram-atendidos\/#breadcrumb\"},\"inLanguage\":\"pt-BR\",\"potentialAction\":[{\"@type\":\"ReadAction\",\"target\":[\"https:\/\/www.radiomanchester.com.br\/fm\/prefeitura-divulga-programacao-de-tapa-buracos-da-proxima-segunda-02-quase-70-bairros-ja-foram-atendidos\/\"]}]},{\"@type\":\"BreadcrumbList\",\"@id\":\"https:\/\/www.radiomanchester.com.br\/fm\/prefeitura-divulga-programacao-de-tapa-buracos-da-proxima-segunda-02-quase-70-bairros-ja-foram-atendidos\/#breadcrumb\",\"itemListElement\":[{\"@type\":\"ListItem\",\"position\":1,\"name\":\"Home\",\"item\":\"https:\/\/www.radiomanchester.com.br\/fm\/\"},{\"@type\":\"ListItem\",\"position\":2,\"name\":\"Prefeitura divulga programa\u00e7\u00e3o de tapa-buracos da pr\u00f3xima segunda (02); quase 70 bairros j\u00e1 foram atendidos\"}]},{\"@type\":\"Person\",\"@id\":\"https:\/\/www.radiomanchester.com.br\/fm\/#\/schema\/person\/408a7b4d4e32cbebd90e2782852abca3\",\"name\":\"admin\",\"image\":{\"@type\":\"ImageObject\",\"@id\":\"https:\/\/www.radiomanchester.com.br\/fm\/#personlogo\",\"inLanguage\":\"pt-BR\",\"url\":\"https:\/\/secure.gravatar.com\/avatar\/115a974dba3376872eb3addeb276301c?s=96&d=mm&r=g\",\"contentUrl\":\"https:\/\/secure.gravatar.com\/avatar\/115a974dba3376872eb3addeb276301c?s=96&d=mm&r=g\",\"caption\":\"admin\"},\"url\":\"https:\/\/www.radiomanchester.com.br\/fm\/author\/admin\/\"}]}<\/script>\n<!-- \/ Yoast SEO plugin. -->","yoast_head_json":{"title":"Prefeitura divulga programa\u00e7\u00e3o de tapa-buracos da pr\u00f3xima segunda (02); quase 70 bairros j\u00e1 foram atendidos - Manchester FM 93,3","robots":{"index":"index","follow":"follow","max-snippet":"max-snippet:-1","max-image-preview":"max-image-preview:large","max-video-preview":"max-video-preview:-1"},"canonical":"https:\/\/www.radiomanchester.com.br\/fm\/prefeitura-divulga-programacao-de-tapa-buracos-da-proxima-segunda-02-quase-70-bairros-ja-foram-atendidos\/","og_locale":"pt_BR","og_type":"article","og_title":"Prefeitura divulga programa\u00e7\u00e3o de tapa-buracos da pr\u00f3xima segunda (02); quase 70 bairros j\u00e1 foram atendidos - Manchester FM 93,3","og_description":"A Prefeitura de An\u00e1polis divulgou a programa\u00e7\u00e3o dos servi\u00e7os de tapa-buracos previstos para a pr\u00f3xima segunda-feira (2\/02). Entram na lista de execu\u00e7\u00e3o: Jaiara, Adriana Parque, Nova Vila Jaiara, Jandaia, Residencial M\u00f4nica Braga e Anexo Itamaraty. Ao se concentrar na regi\u00e3o Norte, as equipes otimizam tempo e atendem de forma mais intensa as demandas registradas pela [&hellip;]","og_url":"https:\/\/www.radiomanchester.com.br\/fm\/prefeitura-divulga-programacao-de-tapa-buracos-da-proxima-segunda-02-quase-70-bairros-ja-foram-atendidos\/","og_site_name":"Manchester FM 93,3","article_published_time":"2026-01-30T22:52:31+00:00","article_modified_time":"2026-01-30T22:52:35+00:00","twitter_card":"summary_large_image","twitter_misc":{"Escrito por":"admin","Est. tempo de leitura":"2 minutos"},"schema":{"@context":"https:\/\/schema.org","@graph":[{"@type":"WebSite","@id":"https:\/\/www.radiomanchester.com.br\/fm\/#website","url":"https:\/\/www.radiomanchester.com.br\/fm\/","name":"Manchester FM 93,3","description":"Todo Mundo Ouve!","potentialAction":[{"@type":"SearchAction","target":{"@type":"EntryPoint","urlTemplate":"https:\/\/www.radiomanchester.com.br\/fm\/?s={search_term_string}"},"query-input":"required name=search_term_string"}],"inLanguage":"pt-BR"},{"@type":"WebPage","@id":"https:\/\/www.radiomanchester.com.br\/fm\/prefeitura-divulga-programacao-de-tapa-buracos-da-proxima-segunda-02-quase-70-bairros-ja-foram-atendidos\/#webpage","url":"https:\/\/www.radiomanchester.com.br\/fm\/prefeitura-divulga-programacao-de-tapa-buracos-da-proxima-segunda-02-quase-70-bairros-ja-foram-atendidos\/","name":"Prefeitura divulga programa\u00e7\u00e3o de tapa-buracos da pr\u00f3xima segunda (02); quase 70 bairros j\u00e1 foram atendidos - Manchester FM 93,3","isPartOf":{"@id":"https:\/\/www.radiomanchester.com.br\/fm\/#website"},"datePublished":"2026-01-30T22:52:31+00:00","dateModified":"2026-01-30T22:52:35+00:00","author":{"@id":"https:\/\/www.radiomanchester.com.br\/fm\/#\/schema\/person\/408a7b4d4e32cbebd90e2782852abca3"},"breadcrumb":{"@id":"https:\/\/www.radiomanchester.com.br\/fm\/prefeitura-divulga-programacao-de-tapa-buracos-da-proxima-segunda-02-quase-70-bairros-ja-foram-atendidos\/#breadcrumb"},"inLanguage":"pt-BR","potentialAction":[{"@type":"ReadAction","target":["https:\/\/www.radiomanchester.com.br\/fm\/prefeitura-divulga-programacao-de-tapa-buracos-da-proxima-segunda-02-quase-70-bairros-ja-foram-atendidos\/"]}]},{"@type":"BreadcrumbList","@id":"https:\/\/www.radiomanchester.com.br\/fm\/prefeitura-divulga-programacao-de-tapa-buracos-da-proxima-segunda-02-quase-70-bairros-ja-foram-atendidos\/#breadcrumb","itemListElement":[{"@type":"ListItem","position":1,"name":"Home","item":"https:\/\/www.radiomanchester.com.br\/fm\/"},{"@type":"ListItem","position":2,"name":"Prefeitura divulga programa\u00e7\u00e3o de tapa-buracos da pr\u00f3xima segunda (02); quase 70 bairros j\u00e1 foram atendidos"}]},{"@type":"Person","@id":"https:\/\/www.radiomanchester.com.br\/fm\/#\/schema\/person\/408a7b4d4e32cbebd90e2782852abca3","name":"admin","image":{"@type":"ImageObject","@id":"https:\/\/www.radiomanchester.com.br\/fm\/#personlogo","inLanguage":"pt-BR","url":"https:\/\/secure.gravatar.com\/avatar\/115a974dba3376872eb3addeb276301c?s=96&d=mm&r=g","contentUrl":"https:\/\/secure.gravatar.com\/avatar\/115a974dba3376872eb3addeb276301c?s=96&d=mm&r=g","caption":"admin"},"url":"https:\/\/www.radiomanchester.com.br\/fm\/author\/admin\/"}]}},"_links":{"self":[{"href":"https:\/\/www.radiomanchester.com.br\/fm\/wp-json\/wp\/v2\/posts\/17239"}],"collection":[{"href":"https:\/\/www.radiomanchester.com.br\/fm\/wp-json\/wp\/v2\/posts"}],"about":[{"href":"https:\/\/www.radiomanchester.com.br\/fm\/wp-json\/wp\/v2\/types\/post"}],"author":[{"embeddable":true,"href":"https:\/\/www.radiomanchester.com.br\/fm\/wp-json\/wp\/v2\/users\/1"}],"replies":[{"embeddable":true,"href":"https:\/\/www.radiomanchester.com.br\/fm\/wp-json\/wp\/v2\/comments?post=17239"}],"version-history":[{"count":1,"href":"https:\/\/www.radiomanchester.com.br\/fm\/wp-json\/wp\/v2\/posts\/17239\/revisions"}],"predecessor-version":[{"id":17240,"href":"https:\/\/www.radiomanchester.com.br\/fm\/wp-json\/wp\/v2\/posts\/17239\/revisions\/17240"}],"wp:attachment":[{"href":"https:\/\/www.radiomanchester.com.br\/fm\/wp-json\/wp\/v2\/media?parent=17239"}],"wp:term":[{"taxonomy":"category","embeddable":true,"href":"https:\/\/www.radiomanchester.com.br\/fm\/wp-json\/wp\/v2\/categories?post=17239"},{"taxonomy":"post_tag","embeddable":true,"href":"https:\/\/www.radiomanchester.com.br\/fm\/wp-json\/wp\/v2\/tags?post=17239"}],"curies":[{"name":"wp","href":"https:\/\/api.w.org\/{rel}","templated":true}]}}