{"id":17312,"date":"2026-02-11T18:12:33","date_gmt":"2026-02-11T21:12:33","guid":{"rendered":"https:\/\/www.radiomanchester.com.br\/fm\/?p=17312"},"modified":"2026-02-11T18:12:37","modified_gmt":"2026-02-11T21:12:37","slug":"pronto-para-funcionar-com-seguranca-antigo-hospital-jamel-cecilio-reforca-nova-fase-da-saude-em-anapolis","status":"publish","type":"post","link":"https:\/\/www.radiomanchester.com.br\/fm\/pronto-para-funcionar-com-seguranca-antigo-hospital-jamel-cecilio-reforca-nova-fase-da-saude-em-anapolis\/","title":{"rendered":"Pronto para funcionar com seguran\u00e7a, antigo Hospital Jamel Cec\u00edlio refor\u00e7a nova fase da sa\u00fade em An\u00e1polis"},"content":{"rendered":"\n<p><\/p>\n\n\n\n<p><strong><em>Sistema el\u00e9trico, crucial para o funcionamento de uma unidade hospitalar, apresentava s\u00e9rios riscos de seguran\u00e7a<\/em><\/strong><\/p>\n\n\n\n<hr class=\"wp-block-separator\"\/>\n\n\n\n<p>Ap\u00f3s oito meses entre diagn\u00f3stico, planejamento, projeto, reforma e readequa\u00e7\u00f5es importantes, o antigo Hospital Municipal Jamel Cec\u00edlio, localizado na Rua Estrela do Sul, na Vila Jussara, vive uma nova fase. Ele ir\u00e1 receber at\u00e9 domingo (15\/02), toda a estrutura da UPA da Vila Esperan\u00e7a \u2013 leitos, aparelhagem em geral como cilindros de gases medicinais e gerador de energia para assistir os pacientes enquanto a UPA da Vila Esperan\u00e7a passa por ampla reforma \u2013 uma das prioridades da gest\u00e3o de M\u00e1rcio Corr\u00eaa.<\/p>\n\n\n\n<p>Inaugurada na d\u00e9cada de 1960, a unidade j\u00e1 vinha apresentando problemas estruturais nos \u00faltimos anos. Com a promessa de melhorias, o antigo Hospital Municipal Jamel Cec\u00edlio foi fechado para reforma, sem nenhuma solu\u00e7\u00e3o paliativa para dar suporte aos atendimentos de urg\u00eancia e emerg\u00eancia em uma cidade com pouco mais de 400 mil habitantes<\/p>\n\n\n\n<p>O tempo de espera da reforma, na ocasi\u00e3o, al\u00e9m de asfixiante para a rede p\u00fablica, se mostrou in\u00f3cuo. A unidade ficou 15 dias aberta no apagar das luzes de 2024. Confome vistoria realizada pela equipe da Secretaria de Obras, Habita\u00e7\u00e3o, Planejamento Urbano e Meio Ambiente em 2025, 63 pontos de inconformidades foram detectados nos 1860 metros quadrados de constru\u00e7\u00e3o da parte superior do pr\u00e9dio \u2013 que impediam o atendimento de pacientes.<\/p>\n\n\n\n<p>Entre os pontos nevr\u00e1lgicos levantados pela equipe estavam os sistemas hidr\u00e1ulico e el\u00e9trico. Este \u00faltimo, considerado o cora\u00e7\u00e3o de uma unidade hospitalar, apresentava s\u00e9rios riscos de seguran\u00e7a (sobrecarga e superaquecimento dos cabos), sendo necess\u00e1rio refazer a rede el\u00e9trica da edifica\u00e7\u00e3o, que n\u00e3o comportava a demanda da unidade.<\/p>\n\n\n\n<p>Outras inconformidades levantadas foram as infiltra\u00e7\u00f5es\/vazamentos, inadequa\u00e7\u00f5es em todo o sistema de ar-condicionado, a presen\u00e7a de mofo, reparos na alvenaria, fissuras e problemas de acessibilidade \u2013 estruturas cruciais para pacientes de urg\u00eancia e emerg\u00eancia.<\/p>\n\n\n\n<p>Atendimento provis\u00f3rio<\/p>\n\n\n\n<p>Enquanto o antigo Hospital Municipal Jamel Cec\u00edlio \u00e9 reformado, os pacientes ser\u00e3o atendidos provisoriamente no Hospital Municipal Alfredo Abrah\u00e3o e a Unidade Mista da Vila Norte \u2013 ambas com funcionamento 24h.<\/p>\n","protected":false},"excerpt":{"rendered":"<p class=\"excerpt\">Sistema el\u00e9trico, crucial para o funcionamento de uma unidade hospitalar, apresentava s\u00e9rios riscos de seguran\u00e7a Ap\u00f3s oito meses entre diagn\u00f3stico, planejamento, projeto, reforma e readequa\u00e7\u00f5es importantes, o antigo Hospital Municipal Jamel Cec\u00edlio, localizado na Rua Estrela do Sul, na Vila Jussara, vive uma nova fase. Ele ir\u00e1 receber at\u00e9 domingo (15\/02), toda a estrutura da [&hellip;]<\/p>\n","protected":false},"author":1,"featured_media":0,"comment_status":"open","ping_status":"open","sticky":false,"template":"","format":"standard","meta":[],"categories":[8,17],"tags":[22,24,113,83,129,92],"yoast_head":"<!-- This site is optimized with the Yoast SEO plugin v18.3 - https:\/\/yoast.com\/wordpress\/plugins\/seo\/ -->\n<title>Pronto para funcionar com seguran\u00e7a, antigo Hospital Jamel Cec\u00edlio refor\u00e7a nova fase da sa\u00fade em An\u00e1polis - Manchester FM 93,3<\/title>\n<meta name=\"robots\" content=\"index, follow, max-snippet:-1, max-image-preview:large, max-video-preview:-1\" \/>\n<link rel=\"canonical\" href=\"https:\/\/www.radiomanchester.com.br\/fm\/pronto-para-funcionar-com-seguranca-antigo-hospital-jamel-cecilio-reforca-nova-fase-da-saude-em-anapolis\/\" \/>\n<meta property=\"og:locale\" content=\"pt_BR\" \/>\n<meta property=\"og:type\" content=\"article\" \/>\n<meta property=\"og:title\" content=\"Pronto para funcionar com seguran\u00e7a, antigo Hospital Jamel Cec\u00edlio refor\u00e7a nova fase da sa\u00fade em An\u00e1polis - Manchester FM 93,3\" \/>\n<meta property=\"og:description\" content=\"Sistema el\u00e9trico, crucial para o funcionamento de uma unidade hospitalar, apresentava s\u00e9rios riscos de seguran\u00e7a Ap\u00f3s oito meses entre diagn\u00f3stico, planejamento, projeto, reforma e readequa\u00e7\u00f5es importantes, o antigo Hospital Municipal Jamel Cec\u00edlio, localizado na Rua Estrela do Sul, na Vila Jussara, vive uma nova fase. Ele ir\u00e1 receber at\u00e9 domingo (15\/02), toda a estrutura da [&hellip;]\" \/>\n<meta property=\"og:url\" content=\"https:\/\/www.radiomanchester.com.br\/fm\/pronto-para-funcionar-com-seguranca-antigo-hospital-jamel-cecilio-reforca-nova-fase-da-saude-em-anapolis\/\" \/>\n<meta property=\"og:site_name\" content=\"Manchester FM 93,3\" \/>\n<meta property=\"article:published_time\" content=\"2026-02-11T21:12:33+00:00\" \/>\n<meta property=\"article:modified_time\" content=\"2026-02-11T21:12:37+00:00\" \/>\n<meta name=\"twitter:card\" content=\"summary_large_image\" \/>\n<meta name=\"twitter:label1\" content=\"Escrito por\" \/>\n\t<meta name=\"twitter:data1\" content=\"admin\" \/>\n\t<meta name=\"twitter:label2\" content=\"Est. tempo de leitura\" \/>\n\t<meta name=\"twitter:data2\" content=\"2 minutos\" \/>\n<script type=\"application\/ld+json\" class=\"yoast-schema-graph\">{\"@context\":\"https:\/\/schema.org\",\"@graph\":[{\"@type\":\"WebSite\",\"@id\":\"https:\/\/www.radiomanchester.com.br\/fm\/#website\",\"url\":\"https:\/\/www.radiomanchester.com.br\/fm\/\",\"name\":\"Manchester FM 93,3\",\"description\":\"Todo Mundo Ouve!\",\"potentialAction\":[{\"@type\":\"SearchAction\",\"target\":{\"@type\":\"EntryPoint\",\"urlTemplate\":\"https:\/\/www.radiomanchester.com.br\/fm\/?s={search_term_string}\"},\"query-input\":\"required name=search_term_string\"}],\"inLanguage\":\"pt-BR\"},{\"@type\":\"WebPage\",\"@id\":\"https:\/\/www.radiomanchester.com.br\/fm\/pronto-para-funcionar-com-seguranca-antigo-hospital-jamel-cecilio-reforca-nova-fase-da-saude-em-anapolis\/#webpage\",\"url\":\"https:\/\/www.radiomanchester.com.br\/fm\/pronto-para-funcionar-com-seguranca-antigo-hospital-jamel-cecilio-reforca-nova-fase-da-saude-em-anapolis\/\",\"name\":\"Pronto para funcionar com seguran\u00e7a, antigo Hospital Jamel Cec\u00edlio refor\u00e7a nova fase da sa\u00fade em An\u00e1polis - Manchester FM 93,3\",\"isPartOf\":{\"@id\":\"https:\/\/www.radiomanchester.com.br\/fm\/#website\"},\"datePublished\":\"2026-02-11T21:12:33+00:00\",\"dateModified\":\"2026-02-11T21:12:37+00:00\",\"author\":{\"@id\":\"https:\/\/www.radiomanchester.com.br\/fm\/#\/schema\/person\/408a7b4d4e32cbebd90e2782852abca3\"},\"breadcrumb\":{\"@id\":\"https:\/\/www.radiomanchester.com.br\/fm\/pronto-para-funcionar-com-seguranca-antigo-hospital-jamel-cecilio-reforca-nova-fase-da-saude-em-anapolis\/#breadcrumb\"},\"inLanguage\":\"pt-BR\",\"potentialAction\":[{\"@type\":\"ReadAction\",\"target\":[\"https:\/\/www.radiomanchester.com.br\/fm\/pronto-para-funcionar-com-seguranca-antigo-hospital-jamel-cecilio-reforca-nova-fase-da-saude-em-anapolis\/\"]}]},{\"@type\":\"BreadcrumbList\",\"@id\":\"https:\/\/www.radiomanchester.com.br\/fm\/pronto-para-funcionar-com-seguranca-antigo-hospital-jamel-cecilio-reforca-nova-fase-da-saude-em-anapolis\/#breadcrumb\",\"itemListElement\":[{\"@type\":\"ListItem\",\"position\":1,\"name\":\"Home\",\"item\":\"https:\/\/www.radiomanchester.com.br\/fm\/\"},{\"@type\":\"ListItem\",\"position\":2,\"name\":\"Pronto para funcionar com seguran\u00e7a, antigo Hospital Jamel Cec\u00edlio refor\u00e7a nova fase da sa\u00fade em An\u00e1polis\"}]},{\"@type\":\"Person\",\"@id\":\"https:\/\/www.radiomanchester.com.br\/fm\/#\/schema\/person\/408a7b4d4e32cbebd90e2782852abca3\",\"name\":\"admin\",\"image\":{\"@type\":\"ImageObject\",\"@id\":\"https:\/\/www.radiomanchester.com.br\/fm\/#personlogo\",\"inLanguage\":\"pt-BR\",\"url\":\"https:\/\/secure.gravatar.com\/avatar\/115a974dba3376872eb3addeb276301c?s=96&d=mm&r=g\",\"contentUrl\":\"https:\/\/secure.gravatar.com\/avatar\/115a974dba3376872eb3addeb276301c?s=96&d=mm&r=g\",\"caption\":\"admin\"},\"url\":\"https:\/\/www.radiomanchester.com.br\/fm\/author\/admin\/\"}]}<\/script>\n<!-- \/ Yoast SEO plugin. -->","yoast_head_json":{"title":"Pronto para funcionar com seguran\u00e7a, antigo Hospital Jamel Cec\u00edlio refor\u00e7a nova fase da sa\u00fade em An\u00e1polis - Manchester FM 93,3","robots":{"index":"index","follow":"follow","max-snippet":"max-snippet:-1","max-image-preview":"max-image-preview:large","max-video-preview":"max-video-preview:-1"},"canonical":"https:\/\/www.radiomanchester.com.br\/fm\/pronto-para-funcionar-com-seguranca-antigo-hospital-jamel-cecilio-reforca-nova-fase-da-saude-em-anapolis\/","og_locale":"pt_BR","og_type":"article","og_title":"Pronto para funcionar com seguran\u00e7a, antigo Hospital Jamel Cec\u00edlio refor\u00e7a nova fase da sa\u00fade em An\u00e1polis - Manchester FM 93,3","og_description":"Sistema el\u00e9trico, crucial para o funcionamento de uma unidade hospitalar, apresentava s\u00e9rios riscos de seguran\u00e7a Ap\u00f3s oito meses entre diagn\u00f3stico, planejamento, projeto, reforma e readequa\u00e7\u00f5es importantes, o antigo Hospital Municipal Jamel Cec\u00edlio, localizado na Rua Estrela do Sul, na Vila Jussara, vive uma nova fase. Ele ir\u00e1 receber at\u00e9 domingo (15\/02), toda a estrutura da [&hellip;]","og_url":"https:\/\/www.radiomanchester.com.br\/fm\/pronto-para-funcionar-com-seguranca-antigo-hospital-jamel-cecilio-reforca-nova-fase-da-saude-em-anapolis\/","og_site_name":"Manchester FM 93,3","article_published_time":"2026-02-11T21:12:33+00:00","article_modified_time":"2026-02-11T21:12:37+00:00","twitter_card":"summary_large_image","twitter_misc":{"Escrito por":"admin","Est. tempo de leitura":"2 minutos"},"schema":{"@context":"https:\/\/schema.org","@graph":[{"@type":"WebSite","@id":"https:\/\/www.radiomanchester.com.br\/fm\/#website","url":"https:\/\/www.radiomanchester.com.br\/fm\/","name":"Manchester FM 93,3","description":"Todo Mundo Ouve!","potentialAction":[{"@type":"SearchAction","target":{"@type":"EntryPoint","urlTemplate":"https:\/\/www.radiomanchester.com.br\/fm\/?s={search_term_string}"},"query-input":"required name=search_term_string"}],"inLanguage":"pt-BR"},{"@type":"WebPage","@id":"https:\/\/www.radiomanchester.com.br\/fm\/pronto-para-funcionar-com-seguranca-antigo-hospital-jamel-cecilio-reforca-nova-fase-da-saude-em-anapolis\/#webpage","url":"https:\/\/www.radiomanchester.com.br\/fm\/pronto-para-funcionar-com-seguranca-antigo-hospital-jamel-cecilio-reforca-nova-fase-da-saude-em-anapolis\/","name":"Pronto para funcionar com seguran\u00e7a, antigo Hospital Jamel Cec\u00edlio refor\u00e7a nova fase da sa\u00fade em An\u00e1polis - Manchester FM 93,3","isPartOf":{"@id":"https:\/\/www.radiomanchester.com.br\/fm\/#website"},"datePublished":"2026-02-11T21:12:33+00:00","dateModified":"2026-02-11T21:12:37+00:00","author":{"@id":"https:\/\/www.radiomanchester.com.br\/fm\/#\/schema\/person\/408a7b4d4e32cbebd90e2782852abca3"},"breadcrumb":{"@id":"https:\/\/www.radiomanchester.com.br\/fm\/pronto-para-funcionar-com-seguranca-antigo-hospital-jamel-cecilio-reforca-nova-fase-da-saude-em-anapolis\/#breadcrumb"},"inLanguage":"pt-BR","potentialAction":[{"@type":"ReadAction","target":["https:\/\/www.radiomanchester.com.br\/fm\/pronto-para-funcionar-com-seguranca-antigo-hospital-jamel-cecilio-reforca-nova-fase-da-saude-em-anapolis\/"]}]},{"@type":"BreadcrumbList","@id":"https:\/\/www.radiomanchester.com.br\/fm\/pronto-para-funcionar-com-seguranca-antigo-hospital-jamel-cecilio-reforca-nova-fase-da-saude-em-anapolis\/#breadcrumb","itemListElement":[{"@type":"ListItem","position":1,"name":"Home","item":"https:\/\/www.radiomanchester.com.br\/fm\/"},{"@type":"ListItem","position":2,"name":"Pronto para funcionar com seguran\u00e7a, antigo Hospital Jamel Cec\u00edlio refor\u00e7a nova fase da sa\u00fade em An\u00e1polis"}]},{"@type":"Person","@id":"https:\/\/www.radiomanchester.com.br\/fm\/#\/schema\/person\/408a7b4d4e32cbebd90e2782852abca3","name":"admin","image":{"@type":"ImageObject","@id":"https:\/\/www.radiomanchester.com.br\/fm\/#personlogo","inLanguage":"pt-BR","url":"https:\/\/secure.gravatar.com\/avatar\/115a974dba3376872eb3addeb276301c?s=96&d=mm&r=g","contentUrl":"https:\/\/secure.gravatar.com\/avatar\/115a974dba3376872eb3addeb276301c?s=96&d=mm&r=g","caption":"admin"},"url":"https:\/\/www.radiomanchester.com.br\/fm\/author\/admin\/"}]}},"_links":{"self":[{"href":"https:\/\/www.radiomanchester.com.br\/fm\/wp-json\/wp\/v2\/posts\/17312"}],"collection":[{"href":"https:\/\/www.radiomanchester.com.br\/fm\/wp-json\/wp\/v2\/posts"}],"about":[{"href":"https:\/\/www.radiomanchester.com.br\/fm\/wp-json\/wp\/v2\/types\/post"}],"author":[{"embeddable":true,"href":"https:\/\/www.radiomanchester.com.br\/fm\/wp-json\/wp\/v2\/users\/1"}],"replies":[{"embeddable":true,"href":"https:\/\/www.radiomanchester.com.br\/fm\/wp-json\/wp\/v2\/comments?post=17312"}],"version-history":[{"count":1,"href":"https:\/\/www.radiomanchester.com.br\/fm\/wp-json\/wp\/v2\/posts\/17312\/revisions"}],"predecessor-version":[{"id":17313,"href":"https:\/\/www.radiomanchester.com.br\/fm\/wp-json\/wp\/v2\/posts\/17312\/revisions\/17313"}],"wp:attachment":[{"href":"https:\/\/www.radiomanchester.com.br\/fm\/wp-json\/wp\/v2\/media?parent=17312"}],"wp:term":[{"taxonomy":"category","embeddable":true,"href":"https:\/\/www.radiomanchester.com.br\/fm\/wp-json\/wp\/v2\/categories?post=17312"},{"taxonomy":"post_tag","embeddable":true,"href":"https:\/\/www.radiomanchester.com.br\/fm\/wp-json\/wp\/v2\/tags?post=17312"}],"curies":[{"name":"wp","href":"https:\/\/api.w.org\/{rel}","templated":true}]}}