{"id":17314,"date":"2026-02-12T07:00:00","date_gmt":"2026-02-12T10:00:00","guid":{"rendered":"https:\/\/www.radiomanchester.com.br\/fm\/?p=17314"},"modified":"2026-02-11T21:02:50","modified_gmt":"2026-02-12T00:02:50","slug":"folia-goias-leva-diversao-acessivel-ao-interior-do-estado","status":"publish","type":"post","link":"https:\/\/www.radiomanchester.com.br\/fm\/folia-goias-leva-diversao-acessivel-ao-interior-do-estado\/","title":{"rendered":"Folia Goi\u00e1s leva divers\u00e3o acess\u00edvel ao interior do estado"},"content":{"rendered":"\n<p>O clima de Carnaval segue mobilizando o interior do estado com a programa\u00e7\u00e3o do Folia Goi\u00e1s, que re\u00fane blocos de rua, cortejos culturais, eventos infantis e apresenta\u00e7\u00f5es art\u00edsticas.<\/p>\n\n\n\n<p>Com o apoio do Governo de Goi\u00e1s, a agenda da semana \u00e9 composta por atividades abertas ao p\u00fablico e se estende por diferentes datas e munic\u00edpios, valorizando manifesta\u00e7\u00f5es locais e ampliando o acesso \u00e0 programa\u00e7\u00e3o carnavalesca.<\/p>\n\n\n\n<p><em><strong>Programa\u00e7\u00e3o do Folia Goi\u00e1s<br><\/strong><\/em><strong>Quinta-feira (12\/02)<br><\/strong>Os festejos do interior goiano come\u00e7am nesta quinta-feira (12\/02), na cidade de Goi\u00e1s, com o Carnaval Infantil no Lar S\u00e3o Jos\u00e9, \u00e0s 14 horas. A atividade integra a programa\u00e7\u00e3o da 20\u00aa edi\u00e7\u00e3o do Carnaval do Largo do Ros\u00e1rio, celebra\u00e7\u00e3o tradicional da regi\u00e3o.<\/p>\n\n\n\n<p><strong>Sexta-feira (13\/02)<br><\/strong>Na sexta-feira (13\/02), as atra\u00e7\u00f5es se expandem. Em Alto Para\u00edso de Goi\u00e1s, o p\u00fablico confere a 6\u00aa edi\u00e7\u00e3o do Bloco Arte\/Educativo Ipeartes, que ocupa a Pra\u00e7a do Cana\u00e3 a partir das 16 horas.<\/p>\n\n\n\n<p>No mesmo dia, Inhumas recebe o tradicional Carnaval Z\u00e9 Pereira, com concentra\u00e7\u00e3o \u00e0s 16 horas, em frente ao Col\u00e9gio Militar Manoel Vila Verde, enquanto o Carna Inhumas 2026 d\u00e1 in\u00edcio \u00e0 sua programa\u00e7\u00e3o na Pra\u00e7a de Eventos. Em An\u00e1polis, o Festival Abre Alas acontece \u00e0s 17 horas, com entrada gratuita.<\/p>\n\n\n\n<p>\u00c0 noite, Anhanguera inicia o primeiro de tr\u00eas dias do Carna Folia, no Clube Municipal, e Piren\u00f3polis promove o Carnaval na Zaz\u00e1, \u00e0s 21h.<\/p>\n\n\n\n<p><strong>S\u00e1bado (14\/02)<br><\/strong>O s\u00e1bado (14\/02) concentra uma das agendas mais amplas. Alto Para\u00edso inicia os festejos do Carnaval na Vila de S\u00e3o Jorge, come\u00e7ando pelo Bloco do Beco no per\u00edodo da tarde e a Turma Que Faz, voltada ao p\u00fablico infantil, no in\u00edcio da noite.<\/p>\n\n\n\n<p>Na cidade de Goi\u00e1s, o Carnaval do Largo do Ros\u00e1rio movimenta o centro hist\u00f3rico \u00e0s 19h30. Em Luzi\u00e2nia, o Carnaval Luzi\u00e2nia em Movimento come\u00e7a no Complexo Esportivo Gedel, enquanto Piren\u00f3polis leva \u00e0s ruas o Bloco Zazaricando.<\/p>\n\n\n\n<p>Em Trindade, o Grito do Carnaval abre a programa\u00e7\u00e3o noturna, seguido pelo Bloco das Virgens. Anhanguera e Inhumas mant\u00eam programa\u00e7\u00e3o cont\u00ednua em seus circuitos.<\/p>\n\n\n\n<p><strong>Domingo<br><\/strong>No domingo (15\/02), as atividades se distribuem entre eventos familiares e apresenta\u00e7\u00f5es culturais. Em Alto Para\u00edso, a programa\u00e7\u00e3o continua com o Bloco Calanguinhos, voltado ao p\u00fablico infantil, e o Bloco da Cachoeira, que desfila \u00e0 tarde.<\/p>\n\n\n\n<p>A cidade de Goi\u00e1s recebe o desfile Era Uma Vez nos 100 Anos da Uni\u00e3o, da Escola de Samba Uni\u00e3o, na Avenida Beira Rio. Ipameri realiza o Bloco Doce Tradi\u00e7\u00e3o, enquanto Luzi\u00e2nia e Anhanguera seguem com suas programa\u00e7\u00f5es.<\/p>\n\n\n\n<p>Em Porangatu, o evento No Ritmo da Folia ocupa o palco principal do Carna Folia. Trindade promove o desfile Do Sil\u00eancio ao Grito, e Valpara\u00edso de Goi\u00e1s recebe o Bloco Barakess\u00e3.<\/p>\n\n\n\n<p><strong>Segunda-feira (16\/02)<br><\/strong>A folia continua na segunda-feira (16\/02) com cortejo cultural e blocos de rua. Em Alto Para\u00edso, o Bloco Miss Traga e o Bloco da Pala ocupam diferentes pontos da cidade.<\/p>\n\n\n\n<p>Na cidade de Goi\u00e1s, o grupo Afox\u00e9 Omo Ode percorre a cidade com seu cortejo, enquanto Piren\u00f3polis recebe mais uma rodada do Bloco Zazaricando. Em Valpara\u00edso de Goi\u00e1s, ocorrem o Bloco Barakess\u00e3 e o Carnaval Sustent\u00e1vel Rum Black, no Parque Maraj\u00f3.<\/p>\n\n\n\n<p><strong>Ter\u00e7a-feira (17\/02)<br><\/strong>A programa\u00e7\u00e3o se intensifica na ter\u00e7a-feira (17\/02), reunindo os festejos em diferentes regi\u00f5es: Alex\u00e2nia recebe o Bloco O Pinto Caipira, enquanto Alto Para\u00edso de Goi\u00e1s promove nova sa\u00edda do Bloco da Cachoeira e atividade da Turma Que Faz.<\/p>\n\n\n\n<p>Em Piren\u00f3polis, o Bloco Zazaricando se despede no Encontro dos Blocos, enquanto Porangatu aproveita mais um dia do evento No Ritmo da Folia. Valpara\u00edso de Goi\u00e1s recebe o Bloco Barakess\u00e3 e o CarnaV\u00e1lia Goiano.<\/p>\n\n\n\n<p>O grupo Oxente Folia encerra as festividades interioranas no s\u00e1bado (21\/2) em Valpara\u00edso de Goi\u00e1s, ampliando o calend\u00e1rio carnavalesco para al\u00e9m do per\u00edodo tradicional e dando um gostinho a mais para os foli\u00f5es se despedirem do per\u00edodo mais animado do ano.<\/p>\n\n\n\n<p><strong>Folia Goi\u00e1s<br><\/strong>Com programa\u00e7\u00e3o distribu\u00edda em m\u00faltiplos munic\u00edpios, o Folia Goi\u00e1s refor\u00e7a o movimento de descentraliza\u00e7\u00e3o cultural no estado, integrando manifesta\u00e7\u00f5es populares, atividades comunit\u00e1rias e circuitos locais de Carnaval.<\/p>\n\n\n\n<p><em>Servi\u00e7o<strong><br><\/strong><\/em><strong><em>Alex\u00e2nia<br><\/em>Bloco Pinto Caipira<br><\/strong>Data: Ter\u00e7a-feira (17\/2)<br>Hor\u00e1rio: 16h<br>Local: Quintal do Pinto Caipira (Casa da \u00c1urea Lu)<\/p>\n\n\n\n<p><strong><em>Alto Para\u00edso de Goi\u00e1s<br><\/em>Bloco Arte\/Educativo Ipeartes<br><\/strong>Data: Sexta-feira (13\/2)<br>Hor\u00e1rio: 16h<br>Local: Pra\u00e7a do Cana\u00e3<\/p>\n\n\n\n<p><strong>Bloco do Beco<br><\/strong>Data: S\u00e1bado (14\/2)<br>Hor\u00e1rio: 15h<br>Local: Beco Cultural<\/p>\n\n\n\n<p><strong>Turma Que Faz (Infantil)<br><\/strong>Data: S\u00e1bado (14\/2) e ter\u00e7a-feira (17\/2)<br>Hor\u00e1rio: 18h<br>Local: Casa Amarela (Concentra\u00e7\u00e3o)<\/p>\n\n\n\n<p><strong>Bloco Calanguinhos (Infantil)<br><\/strong>Data: Domingo (15\/2)<br>Hor\u00e1rio: 10h<br>Local: Quadra de Esportes<\/p>\n\n\n\n<p><strong>Bloco da Cachoeira<br><\/strong>Data: Domingo (15\/2)<br>Hor\u00e1rio: 16h<br>Concentra\u00e7\u00e3o \u00e0s 13h na Rua Pitanga<\/p>\n\n\n\n<p><strong>Bloco da Pala<br><\/strong>Data: Segunda-feira (16\/2)<br>Hor\u00e1rio: 21h<br>Concentra\u00e7\u00e3o \u00e0s 20h na Pizzaria Lua Nova<\/p>\n\n\n\n<p><strong>Miss Traga<br><\/strong>Data: Segunda-feira (16\/2)<br>Hor\u00e1rio: 18h<br>Concentra\u00e7\u00e3o \u00e0s 16h na Pra\u00e7a do Artes\u00e3o<\/p>\n\n\n\n<p><strong>Bloco da Cachoeira<br><\/strong>Data: Ter\u00e7a-feira (17\/2)<br>Hor\u00e1rio: 16h<br>Local: Pra\u00e7a do Artes\u00e3o<\/p>\n\n\n\n<p><strong><em>An\u00e1polis<br><\/em>Festival Abre Alas<br><\/strong>Data: Sexta-feira (13\/2)<br>Hor\u00e1rio: 17h<br>Local: Gastrobar Show<br>Evento aberto ao p\u00fablico<\/p>\n\n\n\n<p><strong><em>Anhanguera<\/em><\/strong><br><strong>Carna Folia Anhanguera<br><\/strong>Data: Sexta a domingo (13, 14 e 15\/2)<br>Hor\u00e1rio: Sexta e s\u00e1bado \u00e0 partir das 21h; Domingo a partir das 14h<br>Local: Clube Municipal<\/p>\n\n\n\n<p><em><strong>Cidade de Goi\u00e1s<br><\/strong><\/em><strong>Carnaval Infantil no Lar S\u00e3o Jos\u00e9<br><\/strong>Data: Quinta-feira (12\/2)<br>Hor\u00e1rio: 14h<br>Local: Lar S\u00e3o Jos\u00e9<\/p>\n\n\n\n<p><strong>Carnaval do Largo do Ros\u00e1rio<br><\/strong>Data: S\u00e1bado (14\/2)<br>Hor\u00e1rio: 19h30<br>Local: Largo do Ros\u00e1rio<\/p>\n\n\n\n<p><strong>Era Uma Vez nos 100 Anos da Uni\u00e3o<br><\/strong>Data: Domingo (15\/2)<br>Hor\u00e1rio: 21h30<br>Local: Avenida Beira Rio<\/p>\n\n\n\n<p><strong>Cortejo Afox\u00e9 Omo Ode<br><\/strong>Data: Segunda-feira (16\/2)<br>Hor\u00e1rio: 16h<br>Local: Concentra\u00e7\u00e3o em frente \u00e0 Igreja do Ros\u00e1rio<\/p>\n\n\n\n<p><strong><em>Inhumas<br><\/em>Carnaval Z\u00e9 Pereira<br><\/strong>Data: Sexta-feira (13\/2)<br>Hor\u00e1rio: 16h<br>Local: Concentra\u00e7\u00e3o em frente ao Col\u00e9gio Militar Manoel Vila Verde<\/p>\n\n\n\n<p><strong>Carna Inhumas 2026<br><\/strong>Data: Sexta e s\u00e1bado (13 e 14\/2)<br>Hor\u00e1rio: A partir das 16h<br>Local: Pra\u00e7a de Eventos, Rua da Feira Central<\/p>\n\n\n\n<p><strong><em>Ipameri<br><\/em>Bloco Doce Tradi\u00e7\u00e3o<br><\/strong>Data: Domingo (15\/2)<br>Hor\u00e1rio: A partir das 14h30<br>Concentra\u00e7\u00e3o no J\u00f3quei Clube de Ipameri<\/p>\n\n\n\n<p><strong>Luzi\u00e2nia<br><\/strong>Carnaval de Luzi\u00e2nia em Movimento<br>Data: S\u00e1bado e domingo (14 e 15\/2)<br>Hor\u00e1rio: A partir das 17h<br>Local: Complexo Esportivo GEDEL<\/p>\n\n\n\n<p><strong><em>Piren\u00f3polis<br><\/em>Carnaval na Zaz\u00e1<br><\/strong>Data: Sexta (13\/2) e ter\u00e7a-feira (17\/2)<br>Hor\u00e1rio: 21h<br>Local: Zaz\u00e1 Caf\u00e9<br>Retirada de ingressos (gratuitos) via Sympla<\/p>\n\n\n\n<p><strong>Bloco Zazaricando<br><\/strong>Data: S\u00e1bado (14\/2) e segunda-feira (16\/2)<br>Hor\u00e1rio: 15h<br>Concentra\u00e7\u00e3o no Zaz\u00e1 Caf\u00e9<\/p>\n\n\n\n<p><strong>Porangatu<br><\/strong>No Ritmo da Folia<br>Data: Domingo (15\/2) e ter\u00e7a-feira (17\/2)<br>Hor\u00e1rio: 19h<br>Local: Matin\u00ea do Carnafolia \u2013 Palco Principal<\/p>\n\n\n\n<p><strong><em>Trindade<br><\/em>Grito do Carnaval de Trindade<br><\/strong>Data: S\u00e1bado (14\/2)<br>Hor\u00e1rio: 18h<br>Local: Ao lado do Gin\u00e1sio de Esportes<\/p>\n\n\n\n<p><strong>Bloco das Virgens<br><\/strong>Data: S\u00e1bado (14\/2)<br>Hor\u00e1rio: 20h<br>Concentra\u00e7\u00e3o no P\u00e1tio do Grupo Desencanto de Teatro<\/p>\n\n\n\n<p><strong>Do Sil\u00eancio ao Grito<br><\/strong>Data: Domingo (15\/2)<br>Hor\u00e1rio: 20h30<br>Local: Gin\u00e1sio de Esportes (Sa\u00edda do desfile)<\/p>\n\n\n\n<p><strong><em>Valpara\u00edso de Goi\u00e1s<br><\/em>Bloco Barakess\u00e3<br><\/strong>Data: Domingo a ter\u00e7a-feira (15, 16 e 17\/2)<br>Hor\u00e1rio: 16h<br>Local: Quintal do Barakess\u00e3, em frente \u00e0 Distribuidora Bob Esponja<\/p>\n\n\n\n<p><strong>Carnaval Sustent\u00e1vel Rum Black<br><\/strong>Data: Segunda-feira (16\/2)<br>Hor\u00e1rio: 16h<br>Local: Parque Maraj\u00f3 \u2013 Rua 10, Av. Belo Horizonte, em frente ao Espa\u00e7o Skina 10<\/p>\n\n\n\n<p><strong>CarnaV\u00e1lia Goiano<br><\/strong>Data: Ter\u00e7a-feira (17\/2)<br>Hor\u00e1rio: 14h<br>Local: C\u00e9u das Artes \u2013 Etapa C<\/p>\n\n\n\n<p><strong>Oxente Folia<br><\/strong>Data: S\u00e1bado (21\/2)<br>Hor\u00e1rio: 14h<br>Local: Pra\u00e7a da Etapa A<\/p>\n\n\n\n<p>por Ag\u00eancia Cora Coralina Gov Goi\u00e1s<\/p>\n","protected":false},"excerpt":{"rendered":"<p class=\"excerpt\">O clima de Carnaval segue mobilizando o interior do estado com a programa\u00e7\u00e3o do Folia Goi\u00e1s, que re\u00fane blocos de rua, cortejos culturais, eventos infantis e apresenta\u00e7\u00f5es art\u00edsticas. Com o apoio do Governo de Goi\u00e1s, a agenda da semana \u00e9 composta por atividades abertas ao p\u00fablico e se estende por diferentes datas e munic\u00edpios, valorizando [&hellip;]<\/p>\n","protected":false},"author":1,"featured_media":0,"comment_status":"open","ping_status":"open","sticky":false,"template":"","format":"standard","meta":[],"categories":[8,17],"tags":[22,24,172,113,83,92],"yoast_head":"<!-- This site is optimized with the Yoast SEO plugin v18.3 - https:\/\/yoast.com\/wordpress\/plugins\/seo\/ -->\n<title>Folia Goi\u00e1s leva divers\u00e3o acess\u00edvel ao interior do estado - Manchester FM 93,3<\/title>\n<meta name=\"robots\" content=\"index, follow, max-snippet:-1, max-image-preview:large, max-video-preview:-1\" \/>\n<link rel=\"canonical\" href=\"https:\/\/www.radiomanchester.com.br\/fm\/folia-goias-leva-diversao-acessivel-ao-interior-do-estado\/\" \/>\n<meta property=\"og:locale\" content=\"pt_BR\" \/>\n<meta property=\"og:type\" content=\"article\" \/>\n<meta property=\"og:title\" content=\"Folia Goi\u00e1s leva divers\u00e3o acess\u00edvel ao interior do estado - Manchester FM 93,3\" \/>\n<meta property=\"og:description\" content=\"O clima de Carnaval segue mobilizando o interior do estado com a programa\u00e7\u00e3o do Folia Goi\u00e1s, que re\u00fane blocos de rua, cortejos culturais, eventos infantis e apresenta\u00e7\u00f5es art\u00edsticas. Com o apoio do Governo de Goi\u00e1s, a agenda da semana \u00e9 composta por atividades abertas ao p\u00fablico e se estende por diferentes datas e munic\u00edpios, valorizando [&hellip;]\" \/>\n<meta property=\"og:url\" content=\"https:\/\/www.radiomanchester.com.br\/fm\/folia-goias-leva-diversao-acessivel-ao-interior-do-estado\/\" \/>\n<meta property=\"og:site_name\" content=\"Manchester FM 93,3\" \/>\n<meta property=\"article:published_time\" content=\"2026-02-12T10:00:00+00:00\" \/>\n<meta property=\"article:modified_time\" content=\"2026-02-12T00:02:50+00:00\" \/>\n<meta name=\"twitter:card\" content=\"summary_large_image\" \/>\n<meta name=\"twitter:label1\" content=\"Escrito por\" \/>\n\t<meta name=\"twitter:data1\" content=\"admin\" \/>\n\t<meta name=\"twitter:label2\" content=\"Est. tempo de leitura\" \/>\n\t<meta name=\"twitter:data2\" content=\"6 minutos\" \/>\n<script type=\"application\/ld+json\" class=\"yoast-schema-graph\">{\"@context\":\"https:\/\/schema.org\",\"@graph\":[{\"@type\":\"WebSite\",\"@id\":\"https:\/\/www.radiomanchester.com.br\/fm\/#website\",\"url\":\"https:\/\/www.radiomanchester.com.br\/fm\/\",\"name\":\"Manchester FM 93,3\",\"description\":\"Todo Mundo Ouve!\",\"potentialAction\":[{\"@type\":\"SearchAction\",\"target\":{\"@type\":\"EntryPoint\",\"urlTemplate\":\"https:\/\/www.radiomanchester.com.br\/fm\/?s={search_term_string}\"},\"query-input\":\"required name=search_term_string\"}],\"inLanguage\":\"pt-BR\"},{\"@type\":\"WebPage\",\"@id\":\"https:\/\/www.radiomanchester.com.br\/fm\/folia-goias-leva-diversao-acessivel-ao-interior-do-estado\/#webpage\",\"url\":\"https:\/\/www.radiomanchester.com.br\/fm\/folia-goias-leva-diversao-acessivel-ao-interior-do-estado\/\",\"name\":\"Folia Goi\u00e1s leva divers\u00e3o acess\u00edvel ao interior do estado - Manchester FM 93,3\",\"isPartOf\":{\"@id\":\"https:\/\/www.radiomanchester.com.br\/fm\/#website\"},\"datePublished\":\"2026-02-12T10:00:00+00:00\",\"dateModified\":\"2026-02-12T00:02:50+00:00\",\"author\":{\"@id\":\"https:\/\/www.radiomanchester.com.br\/fm\/#\/schema\/person\/408a7b4d4e32cbebd90e2782852abca3\"},\"breadcrumb\":{\"@id\":\"https:\/\/www.radiomanchester.com.br\/fm\/folia-goias-leva-diversao-acessivel-ao-interior-do-estado\/#breadcrumb\"},\"inLanguage\":\"pt-BR\",\"potentialAction\":[{\"@type\":\"ReadAction\",\"target\":[\"https:\/\/www.radiomanchester.com.br\/fm\/folia-goias-leva-diversao-acessivel-ao-interior-do-estado\/\"]}]},{\"@type\":\"BreadcrumbList\",\"@id\":\"https:\/\/www.radiomanchester.com.br\/fm\/folia-goias-leva-diversao-acessivel-ao-interior-do-estado\/#breadcrumb\",\"itemListElement\":[{\"@type\":\"ListItem\",\"position\":1,\"name\":\"Home\",\"item\":\"https:\/\/www.radiomanchester.com.br\/fm\/\"},{\"@type\":\"ListItem\",\"position\":2,\"name\":\"Folia Goi\u00e1s leva divers\u00e3o acess\u00edvel ao interior do estado\"}]},{\"@type\":\"Person\",\"@id\":\"https:\/\/www.radiomanchester.com.br\/fm\/#\/schema\/person\/408a7b4d4e32cbebd90e2782852abca3\",\"name\":\"admin\",\"image\":{\"@type\":\"ImageObject\",\"@id\":\"https:\/\/www.radiomanchester.com.br\/fm\/#personlogo\",\"inLanguage\":\"pt-BR\",\"url\":\"https:\/\/secure.gravatar.com\/avatar\/115a974dba3376872eb3addeb276301c?s=96&d=mm&r=g\",\"contentUrl\":\"https:\/\/secure.gravatar.com\/avatar\/115a974dba3376872eb3addeb276301c?s=96&d=mm&r=g\",\"caption\":\"admin\"},\"url\":\"https:\/\/www.radiomanchester.com.br\/fm\/author\/admin\/\"}]}<\/script>\n<!-- \/ Yoast SEO plugin. -->","yoast_head_json":{"title":"Folia Goi\u00e1s leva divers\u00e3o acess\u00edvel ao interior do estado - Manchester FM 93,3","robots":{"index":"index","follow":"follow","max-snippet":"max-snippet:-1","max-image-preview":"max-image-preview:large","max-video-preview":"max-video-preview:-1"},"canonical":"https:\/\/www.radiomanchester.com.br\/fm\/folia-goias-leva-diversao-acessivel-ao-interior-do-estado\/","og_locale":"pt_BR","og_type":"article","og_title":"Folia Goi\u00e1s leva divers\u00e3o acess\u00edvel ao interior do estado - Manchester FM 93,3","og_description":"O clima de Carnaval segue mobilizando o interior do estado com a programa\u00e7\u00e3o do Folia Goi\u00e1s, que re\u00fane blocos de rua, cortejos culturais, eventos infantis e apresenta\u00e7\u00f5es art\u00edsticas. Com o apoio do Governo de Goi\u00e1s, a agenda da semana \u00e9 composta por atividades abertas ao p\u00fablico e se estende por diferentes datas e munic\u00edpios, valorizando [&hellip;]","og_url":"https:\/\/www.radiomanchester.com.br\/fm\/folia-goias-leva-diversao-acessivel-ao-interior-do-estado\/","og_site_name":"Manchester FM 93,3","article_published_time":"2026-02-12T10:00:00+00:00","article_modified_time":"2026-02-12T00:02:50+00:00","twitter_card":"summary_large_image","twitter_misc":{"Escrito por":"admin","Est. tempo de leitura":"6 minutos"},"schema":{"@context":"https:\/\/schema.org","@graph":[{"@type":"WebSite","@id":"https:\/\/www.radiomanchester.com.br\/fm\/#website","url":"https:\/\/www.radiomanchester.com.br\/fm\/","name":"Manchester FM 93,3","description":"Todo Mundo Ouve!","potentialAction":[{"@type":"SearchAction","target":{"@type":"EntryPoint","urlTemplate":"https:\/\/www.radiomanchester.com.br\/fm\/?s={search_term_string}"},"query-input":"required name=search_term_string"}],"inLanguage":"pt-BR"},{"@type":"WebPage","@id":"https:\/\/www.radiomanchester.com.br\/fm\/folia-goias-leva-diversao-acessivel-ao-interior-do-estado\/#webpage","url":"https:\/\/www.radiomanchester.com.br\/fm\/folia-goias-leva-diversao-acessivel-ao-interior-do-estado\/","name":"Folia Goi\u00e1s leva divers\u00e3o acess\u00edvel ao interior do estado - Manchester FM 93,3","isPartOf":{"@id":"https:\/\/www.radiomanchester.com.br\/fm\/#website"},"datePublished":"2026-02-12T10:00:00+00:00","dateModified":"2026-02-12T00:02:50+00:00","author":{"@id":"https:\/\/www.radiomanchester.com.br\/fm\/#\/schema\/person\/408a7b4d4e32cbebd90e2782852abca3"},"breadcrumb":{"@id":"https:\/\/www.radiomanchester.com.br\/fm\/folia-goias-leva-diversao-acessivel-ao-interior-do-estado\/#breadcrumb"},"inLanguage":"pt-BR","potentialAction":[{"@type":"ReadAction","target":["https:\/\/www.radiomanchester.com.br\/fm\/folia-goias-leva-diversao-acessivel-ao-interior-do-estado\/"]}]},{"@type":"BreadcrumbList","@id":"https:\/\/www.radiomanchester.com.br\/fm\/folia-goias-leva-diversao-acessivel-ao-interior-do-estado\/#breadcrumb","itemListElement":[{"@type":"ListItem","position":1,"name":"Home","item":"https:\/\/www.radiomanchester.com.br\/fm\/"},{"@type":"ListItem","position":2,"name":"Folia Goi\u00e1s leva divers\u00e3o acess\u00edvel ao interior do estado"}]},{"@type":"Person","@id":"https:\/\/www.radiomanchester.com.br\/fm\/#\/schema\/person\/408a7b4d4e32cbebd90e2782852abca3","name":"admin","image":{"@type":"ImageObject","@id":"https:\/\/www.radiomanchester.com.br\/fm\/#personlogo","inLanguage":"pt-BR","url":"https:\/\/secure.gravatar.com\/avatar\/115a974dba3376872eb3addeb276301c?s=96&d=mm&r=g","contentUrl":"https:\/\/secure.gravatar.com\/avatar\/115a974dba3376872eb3addeb276301c?s=96&d=mm&r=g","caption":"admin"},"url":"https:\/\/www.radiomanchester.com.br\/fm\/author\/admin\/"}]}},"_links":{"self":[{"href":"https:\/\/www.radiomanchester.com.br\/fm\/wp-json\/wp\/v2\/posts\/17314"}],"collection":[{"href":"https:\/\/www.radiomanchester.com.br\/fm\/wp-json\/wp\/v2\/posts"}],"about":[{"href":"https:\/\/www.radiomanchester.com.br\/fm\/wp-json\/wp\/v2\/types\/post"}],"author":[{"embeddable":true,"href":"https:\/\/www.radiomanchester.com.br\/fm\/wp-json\/wp\/v2\/users\/1"}],"replies":[{"embeddable":true,"href":"https:\/\/www.radiomanchester.com.br\/fm\/wp-json\/wp\/v2\/comments?post=17314"}],"version-history":[{"count":3,"href":"https:\/\/www.radiomanchester.com.br\/fm\/wp-json\/wp\/v2\/posts\/17314\/revisions"}],"predecessor-version":[{"id":17318,"href":"https:\/\/www.radiomanchester.com.br\/fm\/wp-json\/wp\/v2\/posts\/17314\/revisions\/17318"}],"wp:attachment":[{"href":"https:\/\/www.radiomanchester.com.br\/fm\/wp-json\/wp\/v2\/media?parent=17314"}],"wp:term":[{"taxonomy":"category","embeddable":true,"href":"https:\/\/www.radiomanchester.com.br\/fm\/wp-json\/wp\/v2\/categories?post=17314"},{"taxonomy":"post_tag","embeddable":true,"href":"https:\/\/www.radiomanchester.com.br\/fm\/wp-json\/wp\/v2\/tags?post=17314"}],"curies":[{"name":"wp","href":"https:\/\/api.w.org\/{rel}","templated":true}]}}