{"id":17351,"date":"2026-02-20T19:31:36","date_gmt":"2026-02-20T22:31:36","guid":{"rendered":"https:\/\/www.radiomanchester.com.br\/fm\/?p=17351"},"modified":"2026-02-20T19:31:40","modified_gmt":"2026-02-20T22:31:40","slug":"humorista-dede-santana-e-internado-em-hospital-em-goiania","status":"publish","type":"post","link":"https:\/\/www.radiomanchester.com.br\/fm\/humorista-dede-santana-e-internado-em-hospital-em-goiania\/","title":{"rendered":"Humorista Ded\u00e9 Santana \u00e9 internado em hospital em Goi\u00e2nia"},"content":{"rendered":"\n<p><\/p>\n\n\n\n<p>O humorista Ded\u00e9 Santana foi internado, nesta sexta-feira (20\/02), em Goi\u00e2nia. Ele deu entrada no no Hospital Estadual de Urg\u00eancias Governador Ot\u00e1vio Lage de Siqueira de Goi\u00e1s (Hugol) ap\u00f3s uma indisposi\u00e7\u00e3o.<\/p>\n\n\n\n<p>Ded\u00e9 teve altera\u00e7\u00e3o na press\u00e3o e est\u00e1 em observa\u00e7\u00e3o. Segundo a assessoria informou ao g1, ele foi encaminhado ao hospital por precau\u00e7\u00e3o e passar\u00e1 por exames.<\/p>\n\n\n\n<p>De acordo com a produ\u00e7\u00e3o do Espet\u00e1culo Abracadabra, integrado pelo artista, at\u00e9 o momento, a apresenta\u00e7\u00e3o marcada para o dia 28 de fevereiro, em Goi\u00e2nia, est\u00e1 mantida. A assessoria estima que ele deve deixar o hospital em breve.<\/p>\n\n\n\n<p>Em 2025, Ded\u00e9 Santana tamb\u00e9m passou por dois per\u00edodos de interna\u00e7\u00e3o. O primeiro, em S\u00e3o Paulo, tamb\u00e9m por causa de altera\u00e7\u00f5es na press\u00e3o arterial. O humorista chegou a aparecer em cadeira de rodas.<\/p>\n\n\n\n<p>A segunda vez, no Rio de Janeiro, foi devido a um quadro de infec\u00e7\u00e3o urin\u00e1ria que se agravou e evoluiu para um problema renal.<\/p>\n\n\n\n<p>por RepMetr0p0les parceira Manchester<\/p>\n","protected":false},"excerpt":{"rendered":"<p class=\"excerpt\">O humorista Ded\u00e9 Santana foi internado, nesta sexta-feira (20\/02), em Goi\u00e2nia. Ele deu entrada no no Hospital Estadual de Urg\u00eancias Governador Ot\u00e1vio Lage de Siqueira de Goi\u00e1s (Hugol) ap\u00f3s uma indisposi\u00e7\u00e3o. Ded\u00e9 teve altera\u00e7\u00e3o na press\u00e3o e est\u00e1 em observa\u00e7\u00e3o. Segundo a assessoria informou ao g1, ele foi encaminhado ao hospital por precau\u00e7\u00e3o e passar\u00e1 [&hellip;]<\/p>\n","protected":false},"author":1,"featured_media":0,"comment_status":"open","ping_status":"open","sticky":false,"template":"","format":"standard","meta":[],"categories":[8,17],"tags":[22,137,24,113,83,92],"yoast_head":"<!-- This site is optimized with the Yoast SEO plugin v18.3 - https:\/\/yoast.com\/wordpress\/plugins\/seo\/ -->\n<title>Humorista Ded\u00e9 Santana \u00e9 internado em hospital em Goi\u00e2nia - Manchester FM 93,3<\/title>\n<meta name=\"robots\" content=\"index, follow, max-snippet:-1, max-image-preview:large, max-video-preview:-1\" \/>\n<link rel=\"canonical\" href=\"https:\/\/www.radiomanchester.com.br\/fm\/humorista-dede-santana-e-internado-em-hospital-em-goiania\/\" \/>\n<meta property=\"og:locale\" content=\"pt_BR\" \/>\n<meta property=\"og:type\" content=\"article\" \/>\n<meta property=\"og:title\" content=\"Humorista Ded\u00e9 Santana \u00e9 internado em hospital em Goi\u00e2nia - Manchester FM 93,3\" \/>\n<meta property=\"og:description\" content=\"O humorista Ded\u00e9 Santana foi internado, nesta sexta-feira (20\/02), em Goi\u00e2nia. Ele deu entrada no no Hospital Estadual de Urg\u00eancias Governador Ot\u00e1vio Lage de Siqueira de Goi\u00e1s (Hugol) ap\u00f3s uma indisposi\u00e7\u00e3o. Ded\u00e9 teve altera\u00e7\u00e3o na press\u00e3o e est\u00e1 em observa\u00e7\u00e3o. Segundo a assessoria informou ao g1, ele foi encaminhado ao hospital por precau\u00e7\u00e3o e passar\u00e1 [&hellip;]\" \/>\n<meta property=\"og:url\" content=\"https:\/\/www.radiomanchester.com.br\/fm\/humorista-dede-santana-e-internado-em-hospital-em-goiania\/\" \/>\n<meta property=\"og:site_name\" content=\"Manchester FM 93,3\" \/>\n<meta property=\"article:published_time\" content=\"2026-02-20T22:31:36+00:00\" \/>\n<meta property=\"article:modified_time\" content=\"2026-02-20T22:31:40+00:00\" \/>\n<meta name=\"twitter:card\" content=\"summary_large_image\" \/>\n<meta name=\"twitter:label1\" content=\"Escrito por\" \/>\n\t<meta name=\"twitter:data1\" content=\"admin\" \/>\n\t<meta name=\"twitter:label2\" content=\"Est. tempo de leitura\" \/>\n\t<meta name=\"twitter:data2\" content=\"1 minuto\" \/>\n<script type=\"application\/ld+json\" class=\"yoast-schema-graph\">{\"@context\":\"https:\/\/schema.org\",\"@graph\":[{\"@type\":\"WebSite\",\"@id\":\"https:\/\/www.radiomanchester.com.br\/fm\/#website\",\"url\":\"https:\/\/www.radiomanchester.com.br\/fm\/\",\"name\":\"Manchester FM 93,3\",\"description\":\"Todo Mundo Ouve!\",\"potentialAction\":[{\"@type\":\"SearchAction\",\"target\":{\"@type\":\"EntryPoint\",\"urlTemplate\":\"https:\/\/www.radiomanchester.com.br\/fm\/?s={search_term_string}\"},\"query-input\":\"required name=search_term_string\"}],\"inLanguage\":\"pt-BR\"},{\"@type\":\"WebPage\",\"@id\":\"https:\/\/www.radiomanchester.com.br\/fm\/humorista-dede-santana-e-internado-em-hospital-em-goiania\/#webpage\",\"url\":\"https:\/\/www.radiomanchester.com.br\/fm\/humorista-dede-santana-e-internado-em-hospital-em-goiania\/\",\"name\":\"Humorista Ded\u00e9 Santana \u00e9 internado em hospital em Goi\u00e2nia - Manchester FM 93,3\",\"isPartOf\":{\"@id\":\"https:\/\/www.radiomanchester.com.br\/fm\/#website\"},\"datePublished\":\"2026-02-20T22:31:36+00:00\",\"dateModified\":\"2026-02-20T22:31:40+00:00\",\"author\":{\"@id\":\"https:\/\/www.radiomanchester.com.br\/fm\/#\/schema\/person\/408a7b4d4e32cbebd90e2782852abca3\"},\"breadcrumb\":{\"@id\":\"https:\/\/www.radiomanchester.com.br\/fm\/humorista-dede-santana-e-internado-em-hospital-em-goiania\/#breadcrumb\"},\"inLanguage\":\"pt-BR\",\"potentialAction\":[{\"@type\":\"ReadAction\",\"target\":[\"https:\/\/www.radiomanchester.com.br\/fm\/humorista-dede-santana-e-internado-em-hospital-em-goiania\/\"]}]},{\"@type\":\"BreadcrumbList\",\"@id\":\"https:\/\/www.radiomanchester.com.br\/fm\/humorista-dede-santana-e-internado-em-hospital-em-goiania\/#breadcrumb\",\"itemListElement\":[{\"@type\":\"ListItem\",\"position\":1,\"name\":\"Home\",\"item\":\"https:\/\/www.radiomanchester.com.br\/fm\/\"},{\"@type\":\"ListItem\",\"position\":2,\"name\":\"Humorista Ded\u00e9 Santana \u00e9 internado em hospital em Goi\u00e2nia\"}]},{\"@type\":\"Person\",\"@id\":\"https:\/\/www.radiomanchester.com.br\/fm\/#\/schema\/person\/408a7b4d4e32cbebd90e2782852abca3\",\"name\":\"admin\",\"image\":{\"@type\":\"ImageObject\",\"@id\":\"https:\/\/www.radiomanchester.com.br\/fm\/#personlogo\",\"inLanguage\":\"pt-BR\",\"url\":\"https:\/\/secure.gravatar.com\/avatar\/115a974dba3376872eb3addeb276301c?s=96&d=mm&r=g\",\"contentUrl\":\"https:\/\/secure.gravatar.com\/avatar\/115a974dba3376872eb3addeb276301c?s=96&d=mm&r=g\",\"caption\":\"admin\"},\"url\":\"https:\/\/www.radiomanchester.com.br\/fm\/author\/admin\/\"}]}<\/script>\n<!-- \/ Yoast SEO plugin. -->","yoast_head_json":{"title":"Humorista Ded\u00e9 Santana \u00e9 internado em hospital em Goi\u00e2nia - Manchester FM 93,3","robots":{"index":"index","follow":"follow","max-snippet":"max-snippet:-1","max-image-preview":"max-image-preview:large","max-video-preview":"max-video-preview:-1"},"canonical":"https:\/\/www.radiomanchester.com.br\/fm\/humorista-dede-santana-e-internado-em-hospital-em-goiania\/","og_locale":"pt_BR","og_type":"article","og_title":"Humorista Ded\u00e9 Santana \u00e9 internado em hospital em Goi\u00e2nia - Manchester FM 93,3","og_description":"O humorista Ded\u00e9 Santana foi internado, nesta sexta-feira (20\/02), em Goi\u00e2nia. Ele deu entrada no no Hospital Estadual de Urg\u00eancias Governador Ot\u00e1vio Lage de Siqueira de Goi\u00e1s (Hugol) ap\u00f3s uma indisposi\u00e7\u00e3o. Ded\u00e9 teve altera\u00e7\u00e3o na press\u00e3o e est\u00e1 em observa\u00e7\u00e3o. Segundo a assessoria informou ao g1, ele foi encaminhado ao hospital por precau\u00e7\u00e3o e passar\u00e1 [&hellip;]","og_url":"https:\/\/www.radiomanchester.com.br\/fm\/humorista-dede-santana-e-internado-em-hospital-em-goiania\/","og_site_name":"Manchester FM 93,3","article_published_time":"2026-02-20T22:31:36+00:00","article_modified_time":"2026-02-20T22:31:40+00:00","twitter_card":"summary_large_image","twitter_misc":{"Escrito por":"admin","Est. tempo de leitura":"1 minuto"},"schema":{"@context":"https:\/\/schema.org","@graph":[{"@type":"WebSite","@id":"https:\/\/www.radiomanchester.com.br\/fm\/#website","url":"https:\/\/www.radiomanchester.com.br\/fm\/","name":"Manchester FM 93,3","description":"Todo Mundo Ouve!","potentialAction":[{"@type":"SearchAction","target":{"@type":"EntryPoint","urlTemplate":"https:\/\/www.radiomanchester.com.br\/fm\/?s={search_term_string}"},"query-input":"required name=search_term_string"}],"inLanguage":"pt-BR"},{"@type":"WebPage","@id":"https:\/\/www.radiomanchester.com.br\/fm\/humorista-dede-santana-e-internado-em-hospital-em-goiania\/#webpage","url":"https:\/\/www.radiomanchester.com.br\/fm\/humorista-dede-santana-e-internado-em-hospital-em-goiania\/","name":"Humorista Ded\u00e9 Santana \u00e9 internado em hospital em Goi\u00e2nia - Manchester FM 93,3","isPartOf":{"@id":"https:\/\/www.radiomanchester.com.br\/fm\/#website"},"datePublished":"2026-02-20T22:31:36+00:00","dateModified":"2026-02-20T22:31:40+00:00","author":{"@id":"https:\/\/www.radiomanchester.com.br\/fm\/#\/schema\/person\/408a7b4d4e32cbebd90e2782852abca3"},"breadcrumb":{"@id":"https:\/\/www.radiomanchester.com.br\/fm\/humorista-dede-santana-e-internado-em-hospital-em-goiania\/#breadcrumb"},"inLanguage":"pt-BR","potentialAction":[{"@type":"ReadAction","target":["https:\/\/www.radiomanchester.com.br\/fm\/humorista-dede-santana-e-internado-em-hospital-em-goiania\/"]}]},{"@type":"BreadcrumbList","@id":"https:\/\/www.radiomanchester.com.br\/fm\/humorista-dede-santana-e-internado-em-hospital-em-goiania\/#breadcrumb","itemListElement":[{"@type":"ListItem","position":1,"name":"Home","item":"https:\/\/www.radiomanchester.com.br\/fm\/"},{"@type":"ListItem","position":2,"name":"Humorista Ded\u00e9 Santana \u00e9 internado em hospital em Goi\u00e2nia"}]},{"@type":"Person","@id":"https:\/\/www.radiomanchester.com.br\/fm\/#\/schema\/person\/408a7b4d4e32cbebd90e2782852abca3","name":"admin","image":{"@type":"ImageObject","@id":"https:\/\/www.radiomanchester.com.br\/fm\/#personlogo","inLanguage":"pt-BR","url":"https:\/\/secure.gravatar.com\/avatar\/115a974dba3376872eb3addeb276301c?s=96&d=mm&r=g","contentUrl":"https:\/\/secure.gravatar.com\/avatar\/115a974dba3376872eb3addeb276301c?s=96&d=mm&r=g","caption":"admin"},"url":"https:\/\/www.radiomanchester.com.br\/fm\/author\/admin\/"}]}},"_links":{"self":[{"href":"https:\/\/www.radiomanchester.com.br\/fm\/wp-json\/wp\/v2\/posts\/17351"}],"collection":[{"href":"https:\/\/www.radiomanchester.com.br\/fm\/wp-json\/wp\/v2\/posts"}],"about":[{"href":"https:\/\/www.radiomanchester.com.br\/fm\/wp-json\/wp\/v2\/types\/post"}],"author":[{"embeddable":true,"href":"https:\/\/www.radiomanchester.com.br\/fm\/wp-json\/wp\/v2\/users\/1"}],"replies":[{"embeddable":true,"href":"https:\/\/www.radiomanchester.com.br\/fm\/wp-json\/wp\/v2\/comments?post=17351"}],"version-history":[{"count":1,"href":"https:\/\/www.radiomanchester.com.br\/fm\/wp-json\/wp\/v2\/posts\/17351\/revisions"}],"predecessor-version":[{"id":17352,"href":"https:\/\/www.radiomanchester.com.br\/fm\/wp-json\/wp\/v2\/posts\/17351\/revisions\/17352"}],"wp:attachment":[{"href":"https:\/\/www.radiomanchester.com.br\/fm\/wp-json\/wp\/v2\/media?parent=17351"}],"wp:term":[{"taxonomy":"category","embeddable":true,"href":"https:\/\/www.radiomanchester.com.br\/fm\/wp-json\/wp\/v2\/categories?post=17351"},{"taxonomy":"post_tag","embeddable":true,"href":"https:\/\/www.radiomanchester.com.br\/fm\/wp-json\/wp\/v2\/tags?post=17351"}],"curies":[{"name":"wp","href":"https:\/\/api.w.org\/{rel}","templated":true}]}}