{"id":17355,"date":"2026-02-21T08:30:00","date_gmt":"2026-02-21T11:30:00","guid":{"rendered":"https:\/\/www.radiomanchester.com.br\/fm\/?p=17355"},"modified":"2026-02-20T21:43:32","modified_gmt":"2026-02-21T00:43:32","slug":"industria-de-goias-cresce-24-em-2025-e-alcanca-4a-maior-alta-do-pais","status":"publish","type":"post","link":"https:\/\/www.radiomanchester.com.br\/fm\/industria-de-goias-cresce-24-em-2025-e-alcanca-4a-maior-alta-do-pais\/","title":{"rendered":"Ind\u00fastria de Goi\u00e1s cresce 2,4% em 2025 e alcan\u00e7a 4\u00aa maior alta do pa\u00eds"},"content":{"rendered":"\n<p><em><strong>Resultado supera \u00edndice nacional e tem destaque nos setores de m\u00e1quinas e alimentos.<\/strong><\/em><\/p>\n\n\n\n<hr class=\"wp-block-separator\"\/>\n\n\n\n<p>A ind\u00fastria de Goi\u00e1s encerrou 2025 com expans\u00e3o de 2,4% na produ\u00e7\u00e3o. O \u00edndice coloca o estado na quarta posi\u00e7\u00e3o entre as unidades da federa\u00e7\u00e3o com melhor desempenho industrial, acima da m\u00e9dia nacional, que registrou alta de 0,6%.<\/p>\n\n\n\n<p>Os dados s\u00e3o da Pesquisa Industrial Mensal \u2013 Produ\u00e7\u00e3o F\u00edsica (PIM-PF), do Instituto Brasileiro de Geografia e Estat\u00edstica (IBGE), compilados pelo Instituto Mauro Borges (IMB).<\/p>\n\n\n\n<p>O crescimento de 2,4% foi mantido tanto no acumulado do ano quanto no resultado dos \u00faltimos 12 meses.<\/p>\n\n\n\n<p><strong>Segmentos com varia\u00e7\u00e3o positiva<br><\/strong>O setor de produtos aliment\u00edcios registrou alta de 3,1%. Outros segmentos que apresentaram crescimento em 2025 foram:<\/p>\n\n\n\n<ul><li>M\u00e1quinas e equipamentos: +25,8%<\/li><li>Confec\u00e7\u00e3o de vestu\u00e1rio e acess\u00f3rios: +14,5%<\/li><li>Fabrica\u00e7\u00e3o de ve\u00edculos e reboques: +6,1%<\/li><li>Produtos qu\u00edmicos: +5,9%<\/li><li>Farmoqu\u00edmicos e farmac\u00eauticos: +3,3%<\/li><\/ul>\n\n\n\n<p><strong>Impacto nos investimentos e ambiente de neg\u00f3cios<br><\/strong>Segundo o governo estadual, o desempenho industrial est\u00e1 relacionado a pol\u00edticas voltadas ao setor produtivo. \u201cEncerrar o ano com um dos maiores crescimentos industriais do pa\u00eds demonstra a solidez da nossa economia e a efetividade das pol\u00edticas p\u00fablicas adotadas pelo estado. Mesmo diante de um cen\u00e1rio nacional mais desafiador, Goi\u00e1s manteve desempenho acima da m\u00e9dia brasileira, consolidando-se como ambiente competitivo para investimentos e produ\u00e7\u00e3o\u201d, afirmou o secret\u00e1rio de Ind\u00fastria, Com\u00e9rcio e Servi\u00e7os, Joel de Sant\u2019Anna Braga Filho.<\/p>\n\n\n\n<p>Para o secret\u00e1rio-geral de Governo, Adriano da Rocha Lima, o resultado mostra que o estado conseguiu manter um crescimento \u201cconsistente\u201d, mesmo em um contexto nacional \u201cmais adverso\u201d. \u201cIsso \u00e9 fruto de pol\u00edticas p\u00fablicas que fortalecem o ambiente de neg\u00f3cios, estimulam o investimento produtivo e d\u00e3o previsibilidade para quem empreende e gera empregos em Goi\u00e1s\u201d, ressaltou.<\/p>\n\n\n\n<p>por Rep <a href=\"https:\/\/brasil61.com\/n\/industria-de-goias-cresce-2-4-em-2025-e-alcanca-4-maior-alta-do-pais-gvgo260007\">Brasil61<\/a> parceiro Manchester<\/p>\n","protected":false},"excerpt":{"rendered":"<p class=\"excerpt\">Resultado supera \u00edndice nacional e tem destaque nos setores de m\u00e1quinas e alimentos. A ind\u00fastria de Goi\u00e1s encerrou 2025 com expans\u00e3o de 2,4% na produ\u00e7\u00e3o. O \u00edndice coloca o estado na quarta posi\u00e7\u00e3o entre as unidades da federa\u00e7\u00e3o com melhor desempenho industrial, acima da m\u00e9dia nacional, que registrou alta de 0,6%. Os dados s\u00e3o da [&hellip;]<\/p>\n","protected":false},"author":1,"featured_media":0,"comment_status":"open","ping_status":"open","sticky":false,"template":"","format":"standard","meta":[],"categories":[8,17],"tags":[22,24,113,83,92],"yoast_head":"<!-- This site is optimized with the Yoast SEO plugin v18.3 - https:\/\/yoast.com\/wordpress\/plugins\/seo\/ -->\n<title>Ind\u00fastria de Goi\u00e1s cresce 2,4% em 2025 e alcan\u00e7a 4\u00aa maior alta do pa\u00eds - Manchester FM 93,3<\/title>\n<meta name=\"robots\" content=\"index, follow, max-snippet:-1, max-image-preview:large, max-video-preview:-1\" \/>\n<link rel=\"canonical\" href=\"https:\/\/www.radiomanchester.com.br\/fm\/industria-de-goias-cresce-24-em-2025-e-alcanca-4a-maior-alta-do-pais\/\" \/>\n<meta property=\"og:locale\" content=\"pt_BR\" \/>\n<meta property=\"og:type\" content=\"article\" \/>\n<meta property=\"og:title\" content=\"Ind\u00fastria de Goi\u00e1s cresce 2,4% em 2025 e alcan\u00e7a 4\u00aa maior alta do pa\u00eds - Manchester FM 93,3\" \/>\n<meta property=\"og:description\" content=\"Resultado supera \u00edndice nacional e tem destaque nos setores de m\u00e1quinas e alimentos. A ind\u00fastria de Goi\u00e1s encerrou 2025 com expans\u00e3o de 2,4% na produ\u00e7\u00e3o. O \u00edndice coloca o estado na quarta posi\u00e7\u00e3o entre as unidades da federa\u00e7\u00e3o com melhor desempenho industrial, acima da m\u00e9dia nacional, que registrou alta de 0,6%. Os dados s\u00e3o da [&hellip;]\" \/>\n<meta property=\"og:url\" content=\"https:\/\/www.radiomanchester.com.br\/fm\/industria-de-goias-cresce-24-em-2025-e-alcanca-4a-maior-alta-do-pais\/\" \/>\n<meta property=\"og:site_name\" content=\"Manchester FM 93,3\" \/>\n<meta property=\"article:published_time\" content=\"2026-02-21T11:30:00+00:00\" \/>\n<meta property=\"article:modified_time\" content=\"2026-02-21T00:43:32+00:00\" \/>\n<meta name=\"twitter:card\" content=\"summary_large_image\" \/>\n<meta name=\"twitter:label1\" content=\"Escrito por\" \/>\n\t<meta name=\"twitter:data1\" content=\"admin\" \/>\n\t<meta name=\"twitter:label2\" content=\"Est. tempo de leitura\" \/>\n\t<meta name=\"twitter:data2\" content=\"2 minutos\" \/>\n<script type=\"application\/ld+json\" class=\"yoast-schema-graph\">{\"@context\":\"https:\/\/schema.org\",\"@graph\":[{\"@type\":\"WebSite\",\"@id\":\"https:\/\/www.radiomanchester.com.br\/fm\/#website\",\"url\":\"https:\/\/www.radiomanchester.com.br\/fm\/\",\"name\":\"Manchester FM 93,3\",\"description\":\"Todo Mundo Ouve!\",\"potentialAction\":[{\"@type\":\"SearchAction\",\"target\":{\"@type\":\"EntryPoint\",\"urlTemplate\":\"https:\/\/www.radiomanchester.com.br\/fm\/?s={search_term_string}\"},\"query-input\":\"required name=search_term_string\"}],\"inLanguage\":\"pt-BR\"},{\"@type\":\"WebPage\",\"@id\":\"https:\/\/www.radiomanchester.com.br\/fm\/industria-de-goias-cresce-24-em-2025-e-alcanca-4a-maior-alta-do-pais\/#webpage\",\"url\":\"https:\/\/www.radiomanchester.com.br\/fm\/industria-de-goias-cresce-24-em-2025-e-alcanca-4a-maior-alta-do-pais\/\",\"name\":\"Ind\u00fastria de Goi\u00e1s cresce 2,4% em 2025 e alcan\u00e7a 4\u00aa maior alta do pa\u00eds - Manchester FM 93,3\",\"isPartOf\":{\"@id\":\"https:\/\/www.radiomanchester.com.br\/fm\/#website\"},\"datePublished\":\"2026-02-21T11:30:00+00:00\",\"dateModified\":\"2026-02-21T00:43:32+00:00\",\"author\":{\"@id\":\"https:\/\/www.radiomanchester.com.br\/fm\/#\/schema\/person\/408a7b4d4e32cbebd90e2782852abca3\"},\"breadcrumb\":{\"@id\":\"https:\/\/www.radiomanchester.com.br\/fm\/industria-de-goias-cresce-24-em-2025-e-alcanca-4a-maior-alta-do-pais\/#breadcrumb\"},\"inLanguage\":\"pt-BR\",\"potentialAction\":[{\"@type\":\"ReadAction\",\"target\":[\"https:\/\/www.radiomanchester.com.br\/fm\/industria-de-goias-cresce-24-em-2025-e-alcanca-4a-maior-alta-do-pais\/\"]}]},{\"@type\":\"BreadcrumbList\",\"@id\":\"https:\/\/www.radiomanchester.com.br\/fm\/industria-de-goias-cresce-24-em-2025-e-alcanca-4a-maior-alta-do-pais\/#breadcrumb\",\"itemListElement\":[{\"@type\":\"ListItem\",\"position\":1,\"name\":\"Home\",\"item\":\"https:\/\/www.radiomanchester.com.br\/fm\/\"},{\"@type\":\"ListItem\",\"position\":2,\"name\":\"Ind\u00fastria de Goi\u00e1s cresce 2,4% em 2025 e alcan\u00e7a 4\u00aa maior alta do pa\u00eds\"}]},{\"@type\":\"Person\",\"@id\":\"https:\/\/www.radiomanchester.com.br\/fm\/#\/schema\/person\/408a7b4d4e32cbebd90e2782852abca3\",\"name\":\"admin\",\"image\":{\"@type\":\"ImageObject\",\"@id\":\"https:\/\/www.radiomanchester.com.br\/fm\/#personlogo\",\"inLanguage\":\"pt-BR\",\"url\":\"https:\/\/secure.gravatar.com\/avatar\/115a974dba3376872eb3addeb276301c?s=96&d=mm&r=g\",\"contentUrl\":\"https:\/\/secure.gravatar.com\/avatar\/115a974dba3376872eb3addeb276301c?s=96&d=mm&r=g\",\"caption\":\"admin\"},\"url\":\"https:\/\/www.radiomanchester.com.br\/fm\/author\/admin\/\"}]}<\/script>\n<!-- \/ Yoast SEO plugin. -->","yoast_head_json":{"title":"Ind\u00fastria de Goi\u00e1s cresce 2,4% em 2025 e alcan\u00e7a 4\u00aa maior alta do pa\u00eds - Manchester FM 93,3","robots":{"index":"index","follow":"follow","max-snippet":"max-snippet:-1","max-image-preview":"max-image-preview:large","max-video-preview":"max-video-preview:-1"},"canonical":"https:\/\/www.radiomanchester.com.br\/fm\/industria-de-goias-cresce-24-em-2025-e-alcanca-4a-maior-alta-do-pais\/","og_locale":"pt_BR","og_type":"article","og_title":"Ind\u00fastria de Goi\u00e1s cresce 2,4% em 2025 e alcan\u00e7a 4\u00aa maior alta do pa\u00eds - Manchester FM 93,3","og_description":"Resultado supera \u00edndice nacional e tem destaque nos setores de m\u00e1quinas e alimentos. A ind\u00fastria de Goi\u00e1s encerrou 2025 com expans\u00e3o de 2,4% na produ\u00e7\u00e3o. O \u00edndice coloca o estado na quarta posi\u00e7\u00e3o entre as unidades da federa\u00e7\u00e3o com melhor desempenho industrial, acima da m\u00e9dia nacional, que registrou alta de 0,6%. Os dados s\u00e3o da [&hellip;]","og_url":"https:\/\/www.radiomanchester.com.br\/fm\/industria-de-goias-cresce-24-em-2025-e-alcanca-4a-maior-alta-do-pais\/","og_site_name":"Manchester FM 93,3","article_published_time":"2026-02-21T11:30:00+00:00","article_modified_time":"2026-02-21T00:43:32+00:00","twitter_card":"summary_large_image","twitter_misc":{"Escrito por":"admin","Est. tempo de leitura":"2 minutos"},"schema":{"@context":"https:\/\/schema.org","@graph":[{"@type":"WebSite","@id":"https:\/\/www.radiomanchester.com.br\/fm\/#website","url":"https:\/\/www.radiomanchester.com.br\/fm\/","name":"Manchester FM 93,3","description":"Todo Mundo Ouve!","potentialAction":[{"@type":"SearchAction","target":{"@type":"EntryPoint","urlTemplate":"https:\/\/www.radiomanchester.com.br\/fm\/?s={search_term_string}"},"query-input":"required name=search_term_string"}],"inLanguage":"pt-BR"},{"@type":"WebPage","@id":"https:\/\/www.radiomanchester.com.br\/fm\/industria-de-goias-cresce-24-em-2025-e-alcanca-4a-maior-alta-do-pais\/#webpage","url":"https:\/\/www.radiomanchester.com.br\/fm\/industria-de-goias-cresce-24-em-2025-e-alcanca-4a-maior-alta-do-pais\/","name":"Ind\u00fastria de Goi\u00e1s cresce 2,4% em 2025 e alcan\u00e7a 4\u00aa maior alta do pa\u00eds - Manchester FM 93,3","isPartOf":{"@id":"https:\/\/www.radiomanchester.com.br\/fm\/#website"},"datePublished":"2026-02-21T11:30:00+00:00","dateModified":"2026-02-21T00:43:32+00:00","author":{"@id":"https:\/\/www.radiomanchester.com.br\/fm\/#\/schema\/person\/408a7b4d4e32cbebd90e2782852abca3"},"breadcrumb":{"@id":"https:\/\/www.radiomanchester.com.br\/fm\/industria-de-goias-cresce-24-em-2025-e-alcanca-4a-maior-alta-do-pais\/#breadcrumb"},"inLanguage":"pt-BR","potentialAction":[{"@type":"ReadAction","target":["https:\/\/www.radiomanchester.com.br\/fm\/industria-de-goias-cresce-24-em-2025-e-alcanca-4a-maior-alta-do-pais\/"]}]},{"@type":"BreadcrumbList","@id":"https:\/\/www.radiomanchester.com.br\/fm\/industria-de-goias-cresce-24-em-2025-e-alcanca-4a-maior-alta-do-pais\/#breadcrumb","itemListElement":[{"@type":"ListItem","position":1,"name":"Home","item":"https:\/\/www.radiomanchester.com.br\/fm\/"},{"@type":"ListItem","position":2,"name":"Ind\u00fastria de Goi\u00e1s cresce 2,4% em 2025 e alcan\u00e7a 4\u00aa maior alta do pa\u00eds"}]},{"@type":"Person","@id":"https:\/\/www.radiomanchester.com.br\/fm\/#\/schema\/person\/408a7b4d4e32cbebd90e2782852abca3","name":"admin","image":{"@type":"ImageObject","@id":"https:\/\/www.radiomanchester.com.br\/fm\/#personlogo","inLanguage":"pt-BR","url":"https:\/\/secure.gravatar.com\/avatar\/115a974dba3376872eb3addeb276301c?s=96&d=mm&r=g","contentUrl":"https:\/\/secure.gravatar.com\/avatar\/115a974dba3376872eb3addeb276301c?s=96&d=mm&r=g","caption":"admin"},"url":"https:\/\/www.radiomanchester.com.br\/fm\/author\/admin\/"}]}},"_links":{"self":[{"href":"https:\/\/www.radiomanchester.com.br\/fm\/wp-json\/wp\/v2\/posts\/17355"}],"collection":[{"href":"https:\/\/www.radiomanchester.com.br\/fm\/wp-json\/wp\/v2\/posts"}],"about":[{"href":"https:\/\/www.radiomanchester.com.br\/fm\/wp-json\/wp\/v2\/types\/post"}],"author":[{"embeddable":true,"href":"https:\/\/www.radiomanchester.com.br\/fm\/wp-json\/wp\/v2\/users\/1"}],"replies":[{"embeddable":true,"href":"https:\/\/www.radiomanchester.com.br\/fm\/wp-json\/wp\/v2\/comments?post=17355"}],"version-history":[{"count":1,"href":"https:\/\/www.radiomanchester.com.br\/fm\/wp-json\/wp\/v2\/posts\/17355\/revisions"}],"predecessor-version":[{"id":17356,"href":"https:\/\/www.radiomanchester.com.br\/fm\/wp-json\/wp\/v2\/posts\/17355\/revisions\/17356"}],"wp:attachment":[{"href":"https:\/\/www.radiomanchester.com.br\/fm\/wp-json\/wp\/v2\/media?parent=17355"}],"wp:term":[{"taxonomy":"category","embeddable":true,"href":"https:\/\/www.radiomanchester.com.br\/fm\/wp-json\/wp\/v2\/categories?post=17355"},{"taxonomy":"post_tag","embeddable":true,"href":"https:\/\/www.radiomanchester.com.br\/fm\/wp-json\/wp\/v2\/tags?post=17355"}],"curies":[{"name":"wp","href":"https:\/\/api.w.org\/{rel}","templated":true}]}}