{"id":17398,"date":"2026-02-26T20:02:32","date_gmt":"2026-02-26T23:02:32","guid":{"rendered":"https:\/\/www.radiomanchester.com.br\/fm\/?p=17398"},"modified":"2026-02-26T20:02:35","modified_gmt":"2026-02-26T23:02:35","slug":"humorista-marquito-do-programa-do-ratinho-sofre-acidente-e-esta-em-coma","status":"publish","type":"post","link":"https:\/\/www.radiomanchester.com.br\/fm\/humorista-marquito-do-programa-do-ratinho-sofre-acidente-e-esta-em-coma\/","title":{"rendered":"Humorista Marquito do programa do Ratinho sofre acidente e est\u00e1 em coma"},"content":{"rendered":"\n<p><\/p>\n\n\n\n<p>O humorista Marquito que faz parte do elenco do Programa do Ratinho do SBT, sofreu um acidente de moto nesta quinta-feira (26\/02) e foi submetido ao como induzido, preventivamente.<\/p>\n\n\n\n<p>Segundo o portal LeoDias, o humorista sentiu um mal s\u00fabito enquanto pilotava o ve\u00edculo, na regi\u00e3o da Vila Gustavo, na Zona Norte de S\u00e3o Paulo, e bateu em outra moto. Esta conduzida por um enfermeiro que prestou os primeiros socorros.<\/p>\n\n\n\n<p>De acordo com o portal, Marquito foi reanimado no local e socorrido pelo Servi\u00e7o de Atendimento M\u00f3vel de Urg\u00eancia (SAMU).<\/p>\n\n\n\n<p><strong>Quem \u00e9 Marquito?<br><\/strong>Sobrinho do apresentador Raul Gil, Marquito tem 65 anos e \u00e9 nascido no estado de S\u00e3o Paulo. Ele ficou conhecido, principalmente, pelas participa\u00e7\u00f5es no Programa do Ratinho, no SBT.<\/p>\n\n\n\n<p>Al\u00e9m de atuar na televis\u00e3o, ele tamb\u00e9m realiza espet\u00e1culos pelo pa\u00eds e chegou a ser eleito vereador em 2012, fun\u00e7\u00e3o que permaneceu at\u00e9 2016.<\/p>\n\n\n\n<p>A carreira art\u00edstica teve in\u00edcio quando ele tinha cerca de 18 anos, quando come\u00e7ou a se apresentar em boates, casas noturnas e circos na cidade de S\u00e3o Paulo. Pouco depois ele foi convidado a trabalhar no programa de seu tio, onde interpretava um rob\u00f4 no quadro \u201cO Que \u00c9 O Que \u00c9?\u201d.<\/p>\n\n\n\n<p>Depois disso, Marquito participou de dublagens no Programa Barros de Alencar, da TV Record, e no Clube do Bolinha, Da Rede Bandeirantes, onde fazia imita\u00e7\u00e3o de cantores.<\/p>\n\n\n\n<p>Marquito ficou ainda mais famoso quando foi participar do Programa do Ratinho, onde est\u00e1 at\u00e9 hoje. L\u00e1, o humorista ficou respons\u00e1vel por apanhar dos convidados que participavam dos exames de DNA, al\u00e9m de fazer dublagens musicais.<\/p>\n\n\n\n<p>porRepPort.Itatiaia<\/p>\n","protected":false},"excerpt":{"rendered":"<p class=\"excerpt\">O humorista Marquito que faz parte do elenco do Programa do Ratinho do SBT, sofreu um acidente de moto nesta quinta-feira (26\/02) e foi submetido ao como induzido, preventivamente. Segundo o portal LeoDias, o humorista sentiu um mal s\u00fabito enquanto pilotava o ve\u00edculo, na regi\u00e3o da Vila Gustavo, na Zona Norte de S\u00e3o Paulo, e [&hellip;]<\/p>\n","protected":false},"author":1,"featured_media":0,"comment_status":"open","ping_status":"open","sticky":false,"template":"","format":"standard","meta":[],"categories":[8],"tags":[22,137,24,113,83,92],"yoast_head":"<!-- This site is optimized with the Yoast SEO plugin v18.3 - https:\/\/yoast.com\/wordpress\/plugins\/seo\/ -->\n<title>Humorista Marquito do programa do Ratinho sofre acidente e est\u00e1 em coma - Manchester FM 93,3<\/title>\n<meta name=\"robots\" content=\"index, follow, max-snippet:-1, max-image-preview:large, max-video-preview:-1\" \/>\n<link rel=\"canonical\" href=\"https:\/\/www.radiomanchester.com.br\/fm\/humorista-marquito-do-programa-do-ratinho-sofre-acidente-e-esta-em-coma\/\" \/>\n<meta property=\"og:locale\" content=\"pt_BR\" \/>\n<meta property=\"og:type\" content=\"article\" \/>\n<meta property=\"og:title\" content=\"Humorista Marquito do programa do Ratinho sofre acidente e est\u00e1 em coma - Manchester FM 93,3\" \/>\n<meta property=\"og:description\" content=\"O humorista Marquito que faz parte do elenco do Programa do Ratinho do SBT, sofreu um acidente de moto nesta quinta-feira (26\/02) e foi submetido ao como induzido, preventivamente. Segundo o portal LeoDias, o humorista sentiu um mal s\u00fabito enquanto pilotava o ve\u00edculo, na regi\u00e3o da Vila Gustavo, na Zona Norte de S\u00e3o Paulo, e [&hellip;]\" \/>\n<meta property=\"og:url\" content=\"https:\/\/www.radiomanchester.com.br\/fm\/humorista-marquito-do-programa-do-ratinho-sofre-acidente-e-esta-em-coma\/\" \/>\n<meta property=\"og:site_name\" content=\"Manchester FM 93,3\" \/>\n<meta property=\"article:published_time\" content=\"2026-02-26T23:02:32+00:00\" \/>\n<meta property=\"article:modified_time\" content=\"2026-02-26T23:02:35+00:00\" \/>\n<meta name=\"twitter:card\" content=\"summary_large_image\" \/>\n<meta name=\"twitter:label1\" content=\"Escrito por\" \/>\n\t<meta name=\"twitter:data1\" content=\"admin\" \/>\n\t<meta name=\"twitter:label2\" content=\"Est. tempo de leitura\" \/>\n\t<meta name=\"twitter:data2\" content=\"2 minutos\" \/>\n<script type=\"application\/ld+json\" class=\"yoast-schema-graph\">{\"@context\":\"https:\/\/schema.org\",\"@graph\":[{\"@type\":\"WebSite\",\"@id\":\"https:\/\/www.radiomanchester.com.br\/fm\/#website\",\"url\":\"https:\/\/www.radiomanchester.com.br\/fm\/\",\"name\":\"Manchester FM 93,3\",\"description\":\"Todo Mundo Ouve!\",\"potentialAction\":[{\"@type\":\"SearchAction\",\"target\":{\"@type\":\"EntryPoint\",\"urlTemplate\":\"https:\/\/www.radiomanchester.com.br\/fm\/?s={search_term_string}\"},\"query-input\":\"required name=search_term_string\"}],\"inLanguage\":\"pt-BR\"},{\"@type\":\"WebPage\",\"@id\":\"https:\/\/www.radiomanchester.com.br\/fm\/humorista-marquito-do-programa-do-ratinho-sofre-acidente-e-esta-em-coma\/#webpage\",\"url\":\"https:\/\/www.radiomanchester.com.br\/fm\/humorista-marquito-do-programa-do-ratinho-sofre-acidente-e-esta-em-coma\/\",\"name\":\"Humorista Marquito do programa do Ratinho sofre acidente e est\u00e1 em coma - Manchester FM 93,3\",\"isPartOf\":{\"@id\":\"https:\/\/www.radiomanchester.com.br\/fm\/#website\"},\"datePublished\":\"2026-02-26T23:02:32+00:00\",\"dateModified\":\"2026-02-26T23:02:35+00:00\",\"author\":{\"@id\":\"https:\/\/www.radiomanchester.com.br\/fm\/#\/schema\/person\/408a7b4d4e32cbebd90e2782852abca3\"},\"breadcrumb\":{\"@id\":\"https:\/\/www.radiomanchester.com.br\/fm\/humorista-marquito-do-programa-do-ratinho-sofre-acidente-e-esta-em-coma\/#breadcrumb\"},\"inLanguage\":\"pt-BR\",\"potentialAction\":[{\"@type\":\"ReadAction\",\"target\":[\"https:\/\/www.radiomanchester.com.br\/fm\/humorista-marquito-do-programa-do-ratinho-sofre-acidente-e-esta-em-coma\/\"]}]},{\"@type\":\"BreadcrumbList\",\"@id\":\"https:\/\/www.radiomanchester.com.br\/fm\/humorista-marquito-do-programa-do-ratinho-sofre-acidente-e-esta-em-coma\/#breadcrumb\",\"itemListElement\":[{\"@type\":\"ListItem\",\"position\":1,\"name\":\"Home\",\"item\":\"https:\/\/www.radiomanchester.com.br\/fm\/\"},{\"@type\":\"ListItem\",\"position\":2,\"name\":\"Humorista Marquito do programa do Ratinho sofre acidente e est\u00e1 em coma\"}]},{\"@type\":\"Person\",\"@id\":\"https:\/\/www.radiomanchester.com.br\/fm\/#\/schema\/person\/408a7b4d4e32cbebd90e2782852abca3\",\"name\":\"admin\",\"image\":{\"@type\":\"ImageObject\",\"@id\":\"https:\/\/www.radiomanchester.com.br\/fm\/#personlogo\",\"inLanguage\":\"pt-BR\",\"url\":\"https:\/\/secure.gravatar.com\/avatar\/115a974dba3376872eb3addeb276301c?s=96&d=mm&r=g\",\"contentUrl\":\"https:\/\/secure.gravatar.com\/avatar\/115a974dba3376872eb3addeb276301c?s=96&d=mm&r=g\",\"caption\":\"admin\"},\"url\":\"https:\/\/www.radiomanchester.com.br\/fm\/author\/admin\/\"}]}<\/script>\n<!-- \/ Yoast SEO plugin. -->","yoast_head_json":{"title":"Humorista Marquito do programa do Ratinho sofre acidente e est\u00e1 em coma - Manchester FM 93,3","robots":{"index":"index","follow":"follow","max-snippet":"max-snippet:-1","max-image-preview":"max-image-preview:large","max-video-preview":"max-video-preview:-1"},"canonical":"https:\/\/www.radiomanchester.com.br\/fm\/humorista-marquito-do-programa-do-ratinho-sofre-acidente-e-esta-em-coma\/","og_locale":"pt_BR","og_type":"article","og_title":"Humorista Marquito do programa do Ratinho sofre acidente e est\u00e1 em coma - Manchester FM 93,3","og_description":"O humorista Marquito que faz parte do elenco do Programa do Ratinho do SBT, sofreu um acidente de moto nesta quinta-feira (26\/02) e foi submetido ao como induzido, preventivamente. Segundo o portal LeoDias, o humorista sentiu um mal s\u00fabito enquanto pilotava o ve\u00edculo, na regi\u00e3o da Vila Gustavo, na Zona Norte de S\u00e3o Paulo, e [&hellip;]","og_url":"https:\/\/www.radiomanchester.com.br\/fm\/humorista-marquito-do-programa-do-ratinho-sofre-acidente-e-esta-em-coma\/","og_site_name":"Manchester FM 93,3","article_published_time":"2026-02-26T23:02:32+00:00","article_modified_time":"2026-02-26T23:02:35+00:00","twitter_card":"summary_large_image","twitter_misc":{"Escrito por":"admin","Est. tempo de leitura":"2 minutos"},"schema":{"@context":"https:\/\/schema.org","@graph":[{"@type":"WebSite","@id":"https:\/\/www.radiomanchester.com.br\/fm\/#website","url":"https:\/\/www.radiomanchester.com.br\/fm\/","name":"Manchester FM 93,3","description":"Todo Mundo Ouve!","potentialAction":[{"@type":"SearchAction","target":{"@type":"EntryPoint","urlTemplate":"https:\/\/www.radiomanchester.com.br\/fm\/?s={search_term_string}"},"query-input":"required name=search_term_string"}],"inLanguage":"pt-BR"},{"@type":"WebPage","@id":"https:\/\/www.radiomanchester.com.br\/fm\/humorista-marquito-do-programa-do-ratinho-sofre-acidente-e-esta-em-coma\/#webpage","url":"https:\/\/www.radiomanchester.com.br\/fm\/humorista-marquito-do-programa-do-ratinho-sofre-acidente-e-esta-em-coma\/","name":"Humorista Marquito do programa do Ratinho sofre acidente e est\u00e1 em coma - Manchester FM 93,3","isPartOf":{"@id":"https:\/\/www.radiomanchester.com.br\/fm\/#website"},"datePublished":"2026-02-26T23:02:32+00:00","dateModified":"2026-02-26T23:02:35+00:00","author":{"@id":"https:\/\/www.radiomanchester.com.br\/fm\/#\/schema\/person\/408a7b4d4e32cbebd90e2782852abca3"},"breadcrumb":{"@id":"https:\/\/www.radiomanchester.com.br\/fm\/humorista-marquito-do-programa-do-ratinho-sofre-acidente-e-esta-em-coma\/#breadcrumb"},"inLanguage":"pt-BR","potentialAction":[{"@type":"ReadAction","target":["https:\/\/www.radiomanchester.com.br\/fm\/humorista-marquito-do-programa-do-ratinho-sofre-acidente-e-esta-em-coma\/"]}]},{"@type":"BreadcrumbList","@id":"https:\/\/www.radiomanchester.com.br\/fm\/humorista-marquito-do-programa-do-ratinho-sofre-acidente-e-esta-em-coma\/#breadcrumb","itemListElement":[{"@type":"ListItem","position":1,"name":"Home","item":"https:\/\/www.radiomanchester.com.br\/fm\/"},{"@type":"ListItem","position":2,"name":"Humorista Marquito do programa do Ratinho sofre acidente e est\u00e1 em coma"}]},{"@type":"Person","@id":"https:\/\/www.radiomanchester.com.br\/fm\/#\/schema\/person\/408a7b4d4e32cbebd90e2782852abca3","name":"admin","image":{"@type":"ImageObject","@id":"https:\/\/www.radiomanchester.com.br\/fm\/#personlogo","inLanguage":"pt-BR","url":"https:\/\/secure.gravatar.com\/avatar\/115a974dba3376872eb3addeb276301c?s=96&d=mm&r=g","contentUrl":"https:\/\/secure.gravatar.com\/avatar\/115a974dba3376872eb3addeb276301c?s=96&d=mm&r=g","caption":"admin"},"url":"https:\/\/www.radiomanchester.com.br\/fm\/author\/admin\/"}]}},"_links":{"self":[{"href":"https:\/\/www.radiomanchester.com.br\/fm\/wp-json\/wp\/v2\/posts\/17398"}],"collection":[{"href":"https:\/\/www.radiomanchester.com.br\/fm\/wp-json\/wp\/v2\/posts"}],"about":[{"href":"https:\/\/www.radiomanchester.com.br\/fm\/wp-json\/wp\/v2\/types\/post"}],"author":[{"embeddable":true,"href":"https:\/\/www.radiomanchester.com.br\/fm\/wp-json\/wp\/v2\/users\/1"}],"replies":[{"embeddable":true,"href":"https:\/\/www.radiomanchester.com.br\/fm\/wp-json\/wp\/v2\/comments?post=17398"}],"version-history":[{"count":1,"href":"https:\/\/www.radiomanchester.com.br\/fm\/wp-json\/wp\/v2\/posts\/17398\/revisions"}],"predecessor-version":[{"id":17399,"href":"https:\/\/www.radiomanchester.com.br\/fm\/wp-json\/wp\/v2\/posts\/17398\/revisions\/17399"}],"wp:attachment":[{"href":"https:\/\/www.radiomanchester.com.br\/fm\/wp-json\/wp\/v2\/media?parent=17398"}],"wp:term":[{"taxonomy":"category","embeddable":true,"href":"https:\/\/www.radiomanchester.com.br\/fm\/wp-json\/wp\/v2\/categories?post=17398"},{"taxonomy":"post_tag","embeddable":true,"href":"https:\/\/www.radiomanchester.com.br\/fm\/wp-json\/wp\/v2\/tags?post=17398"}],"curies":[{"name":"wp","href":"https:\/\/api.w.org\/{rel}","templated":true}]}}