{"id":17400,"date":"2026-02-26T20:31:26","date_gmt":"2026-02-26T23:31:26","guid":{"rendered":"https:\/\/www.radiomanchester.com.br\/fm\/?p=17400"},"modified":"2026-02-26T20:31:28","modified_gmt":"2026-02-26T23:31:28","slug":"prefeitura-de-anapolis-lanca-programa-elo-itinerante-para-ampliar-atendimento-social-nos-bairros","status":"publish","type":"post","link":"https:\/\/www.radiomanchester.com.br\/fm\/prefeitura-de-anapolis-lanca-programa-elo-itinerante-para-ampliar-atendimento-social-nos-bairros\/","title":{"rendered":"Prefeitura de An\u00e1polis lan\u00e7a Programa Elo Itinerante para ampliar atendimento social nos bairros"},"content":{"rendered":"\n<p><\/p>\n\n\n\n<p>A Prefeitura de An\u00e1polis, por meio da Secretaria Municipal de Assist\u00eancia e Pol\u00edticas Sociais, ter\u00e1 um programa in\u00e9dito no munic\u00edpio: o Elo Itinerante. O objetivo \u00e9 estreitar a dist\u00e2ncia e fortalecer v\u00ednculos entre o poder p\u00fablico e as pessoas que mais precisam. O programa social foi lan\u00e7ado nesta quinta-feira (26), \u00e0s 10h, no hall do estacionamento do Centro Administrativo Adhemar Santillo.<\/p>\n\n\n\n<p>Com o slogan \u201cO Social de Ponta a Ponta\u201d, o Programa Elo Itinerante ir\u00e1 levar a\u00e7\u00f5es sociais e servi\u00e7os essenciais \u00e0s comunidades onde o poder p\u00fablico pouco alcan\u00e7ava. \u201cHoje temos apenas quatro CRAS em uma cidade de mais de 400 mil habitantes e percebemos que esse modelo tem se tornado ineficiente\u201d, explica a secret\u00e1ria de assist\u00eancia e pol\u00edtica social e primeira-dama, Carla Corr\u00eaa.<\/p>\n\n\n\n<p>Com uma van, uma equipe multidisciplinar ir\u00e1 percorrer os quatro cantos da cidade para identificar e acolher fam\u00edlias que t\u00eam o direito n\u00e3o s\u00f3 de receber benef\u00edcios, mas que precisam de acesso a servi\u00e7os em outras \u00e1reas como sa\u00fade e educa\u00e7\u00e3o. Inclusive, no in\u00edcio da gest\u00e3o, foi identificado que An\u00e1polis contava com apenas 1,7 mil pessoas cadastradas no Cad\u00fanico.<\/p>\n\n\n\n<p>Na pr\u00e1tica, de acordo com proje\u00e7\u00f5es federais, o munic\u00edpio teria cerca de 30 mil cidad\u00e3os que poderiam se enquadrar no programa. \u201cEssa \u00e9 uma forma eficaz de atender diretamente essas fam\u00edlias, sem exigir grandes deslocamentos das mesmas, fazendo uma radiografia realista e um papel muito mais acolhedor. \u00c9 levar cuidado, oferecer apoio e dar dignidade a quem mais precisa\u201d, frisou Carla Corr\u00eaa.<\/p>\n","protected":false},"excerpt":{"rendered":"<p class=\"excerpt\">A Prefeitura de An\u00e1polis, por meio da Secretaria Municipal de Assist\u00eancia e Pol\u00edticas Sociais, ter\u00e1 um programa in\u00e9dito no munic\u00edpio: o Elo Itinerante. O objetivo \u00e9 estreitar a dist\u00e2ncia e fortalecer v\u00ednculos entre o poder p\u00fablico e as pessoas que mais precisam. O programa social foi lan\u00e7ado nesta quinta-feira (26), \u00e0s 10h, no hall do [&hellip;]<\/p>\n","protected":false},"author":1,"featured_media":0,"comment_status":"open","ping_status":"open","sticky":false,"template":"","format":"standard","meta":[],"categories":[8,17],"tags":[22,24,113,83,129,92],"yoast_head":"<!-- This site is optimized with the Yoast SEO plugin v18.3 - https:\/\/yoast.com\/wordpress\/plugins\/seo\/ -->\n<title>Prefeitura de An\u00e1polis lan\u00e7a Programa Elo Itinerante para ampliar atendimento social nos bairros - Manchester FM 93,3<\/title>\n<meta name=\"robots\" content=\"index, follow, max-snippet:-1, max-image-preview:large, max-video-preview:-1\" \/>\n<link rel=\"canonical\" href=\"https:\/\/www.radiomanchester.com.br\/fm\/prefeitura-de-anapolis-lanca-programa-elo-itinerante-para-ampliar-atendimento-social-nos-bairros\/\" \/>\n<meta property=\"og:locale\" content=\"pt_BR\" \/>\n<meta property=\"og:type\" content=\"article\" \/>\n<meta property=\"og:title\" content=\"Prefeitura de An\u00e1polis lan\u00e7a Programa Elo Itinerante para ampliar atendimento social nos bairros - Manchester FM 93,3\" \/>\n<meta property=\"og:description\" content=\"A Prefeitura de An\u00e1polis, por meio da Secretaria Municipal de Assist\u00eancia e Pol\u00edticas Sociais, ter\u00e1 um programa in\u00e9dito no munic\u00edpio: o Elo Itinerante. O objetivo \u00e9 estreitar a dist\u00e2ncia e fortalecer v\u00ednculos entre o poder p\u00fablico e as pessoas que mais precisam. O programa social foi lan\u00e7ado nesta quinta-feira (26), \u00e0s 10h, no hall do [&hellip;]\" \/>\n<meta property=\"og:url\" content=\"https:\/\/www.radiomanchester.com.br\/fm\/prefeitura-de-anapolis-lanca-programa-elo-itinerante-para-ampliar-atendimento-social-nos-bairros\/\" \/>\n<meta property=\"og:site_name\" content=\"Manchester FM 93,3\" \/>\n<meta property=\"article:published_time\" content=\"2026-02-26T23:31:26+00:00\" \/>\n<meta property=\"article:modified_time\" content=\"2026-02-26T23:31:28+00:00\" \/>\n<meta name=\"twitter:card\" content=\"summary_large_image\" \/>\n<meta name=\"twitter:label1\" content=\"Escrito por\" \/>\n\t<meta name=\"twitter:data1\" content=\"admin\" \/>\n\t<meta name=\"twitter:label2\" content=\"Est. tempo de leitura\" \/>\n\t<meta name=\"twitter:data2\" content=\"2 minutos\" \/>\n<script type=\"application\/ld+json\" class=\"yoast-schema-graph\">{\"@context\":\"https:\/\/schema.org\",\"@graph\":[{\"@type\":\"WebSite\",\"@id\":\"https:\/\/www.radiomanchester.com.br\/fm\/#website\",\"url\":\"https:\/\/www.radiomanchester.com.br\/fm\/\",\"name\":\"Manchester FM 93,3\",\"description\":\"Todo Mundo Ouve!\",\"potentialAction\":[{\"@type\":\"SearchAction\",\"target\":{\"@type\":\"EntryPoint\",\"urlTemplate\":\"https:\/\/www.radiomanchester.com.br\/fm\/?s={search_term_string}\"},\"query-input\":\"required name=search_term_string\"}],\"inLanguage\":\"pt-BR\"},{\"@type\":\"WebPage\",\"@id\":\"https:\/\/www.radiomanchester.com.br\/fm\/prefeitura-de-anapolis-lanca-programa-elo-itinerante-para-ampliar-atendimento-social-nos-bairros\/#webpage\",\"url\":\"https:\/\/www.radiomanchester.com.br\/fm\/prefeitura-de-anapolis-lanca-programa-elo-itinerante-para-ampliar-atendimento-social-nos-bairros\/\",\"name\":\"Prefeitura de An\u00e1polis lan\u00e7a Programa Elo Itinerante para ampliar atendimento social nos bairros - Manchester FM 93,3\",\"isPartOf\":{\"@id\":\"https:\/\/www.radiomanchester.com.br\/fm\/#website\"},\"datePublished\":\"2026-02-26T23:31:26+00:00\",\"dateModified\":\"2026-02-26T23:31:28+00:00\",\"author\":{\"@id\":\"https:\/\/www.radiomanchester.com.br\/fm\/#\/schema\/person\/408a7b4d4e32cbebd90e2782852abca3\"},\"breadcrumb\":{\"@id\":\"https:\/\/www.radiomanchester.com.br\/fm\/prefeitura-de-anapolis-lanca-programa-elo-itinerante-para-ampliar-atendimento-social-nos-bairros\/#breadcrumb\"},\"inLanguage\":\"pt-BR\",\"potentialAction\":[{\"@type\":\"ReadAction\",\"target\":[\"https:\/\/www.radiomanchester.com.br\/fm\/prefeitura-de-anapolis-lanca-programa-elo-itinerante-para-ampliar-atendimento-social-nos-bairros\/\"]}]},{\"@type\":\"BreadcrumbList\",\"@id\":\"https:\/\/www.radiomanchester.com.br\/fm\/prefeitura-de-anapolis-lanca-programa-elo-itinerante-para-ampliar-atendimento-social-nos-bairros\/#breadcrumb\",\"itemListElement\":[{\"@type\":\"ListItem\",\"position\":1,\"name\":\"Home\",\"item\":\"https:\/\/www.radiomanchester.com.br\/fm\/\"},{\"@type\":\"ListItem\",\"position\":2,\"name\":\"Prefeitura de An\u00e1polis lan\u00e7a Programa Elo Itinerante para ampliar atendimento social nos bairros\"}]},{\"@type\":\"Person\",\"@id\":\"https:\/\/www.radiomanchester.com.br\/fm\/#\/schema\/person\/408a7b4d4e32cbebd90e2782852abca3\",\"name\":\"admin\",\"image\":{\"@type\":\"ImageObject\",\"@id\":\"https:\/\/www.radiomanchester.com.br\/fm\/#personlogo\",\"inLanguage\":\"pt-BR\",\"url\":\"https:\/\/secure.gravatar.com\/avatar\/115a974dba3376872eb3addeb276301c?s=96&d=mm&r=g\",\"contentUrl\":\"https:\/\/secure.gravatar.com\/avatar\/115a974dba3376872eb3addeb276301c?s=96&d=mm&r=g\",\"caption\":\"admin\"},\"url\":\"https:\/\/www.radiomanchester.com.br\/fm\/author\/admin\/\"}]}<\/script>\n<!-- \/ Yoast SEO plugin. -->","yoast_head_json":{"title":"Prefeitura de An\u00e1polis lan\u00e7a Programa Elo Itinerante para ampliar atendimento social nos bairros - Manchester FM 93,3","robots":{"index":"index","follow":"follow","max-snippet":"max-snippet:-1","max-image-preview":"max-image-preview:large","max-video-preview":"max-video-preview:-1"},"canonical":"https:\/\/www.radiomanchester.com.br\/fm\/prefeitura-de-anapolis-lanca-programa-elo-itinerante-para-ampliar-atendimento-social-nos-bairros\/","og_locale":"pt_BR","og_type":"article","og_title":"Prefeitura de An\u00e1polis lan\u00e7a Programa Elo Itinerante para ampliar atendimento social nos bairros - Manchester FM 93,3","og_description":"A Prefeitura de An\u00e1polis, por meio da Secretaria Municipal de Assist\u00eancia e Pol\u00edticas Sociais, ter\u00e1 um programa in\u00e9dito no munic\u00edpio: o Elo Itinerante. O objetivo \u00e9 estreitar a dist\u00e2ncia e fortalecer v\u00ednculos entre o poder p\u00fablico e as pessoas que mais precisam. O programa social foi lan\u00e7ado nesta quinta-feira (26), \u00e0s 10h, no hall do [&hellip;]","og_url":"https:\/\/www.radiomanchester.com.br\/fm\/prefeitura-de-anapolis-lanca-programa-elo-itinerante-para-ampliar-atendimento-social-nos-bairros\/","og_site_name":"Manchester FM 93,3","article_published_time":"2026-02-26T23:31:26+00:00","article_modified_time":"2026-02-26T23:31:28+00:00","twitter_card":"summary_large_image","twitter_misc":{"Escrito por":"admin","Est. tempo de leitura":"2 minutos"},"schema":{"@context":"https:\/\/schema.org","@graph":[{"@type":"WebSite","@id":"https:\/\/www.radiomanchester.com.br\/fm\/#website","url":"https:\/\/www.radiomanchester.com.br\/fm\/","name":"Manchester FM 93,3","description":"Todo Mundo Ouve!","potentialAction":[{"@type":"SearchAction","target":{"@type":"EntryPoint","urlTemplate":"https:\/\/www.radiomanchester.com.br\/fm\/?s={search_term_string}"},"query-input":"required name=search_term_string"}],"inLanguage":"pt-BR"},{"@type":"WebPage","@id":"https:\/\/www.radiomanchester.com.br\/fm\/prefeitura-de-anapolis-lanca-programa-elo-itinerante-para-ampliar-atendimento-social-nos-bairros\/#webpage","url":"https:\/\/www.radiomanchester.com.br\/fm\/prefeitura-de-anapolis-lanca-programa-elo-itinerante-para-ampliar-atendimento-social-nos-bairros\/","name":"Prefeitura de An\u00e1polis lan\u00e7a Programa Elo Itinerante para ampliar atendimento social nos bairros - Manchester FM 93,3","isPartOf":{"@id":"https:\/\/www.radiomanchester.com.br\/fm\/#website"},"datePublished":"2026-02-26T23:31:26+00:00","dateModified":"2026-02-26T23:31:28+00:00","author":{"@id":"https:\/\/www.radiomanchester.com.br\/fm\/#\/schema\/person\/408a7b4d4e32cbebd90e2782852abca3"},"breadcrumb":{"@id":"https:\/\/www.radiomanchester.com.br\/fm\/prefeitura-de-anapolis-lanca-programa-elo-itinerante-para-ampliar-atendimento-social-nos-bairros\/#breadcrumb"},"inLanguage":"pt-BR","potentialAction":[{"@type":"ReadAction","target":["https:\/\/www.radiomanchester.com.br\/fm\/prefeitura-de-anapolis-lanca-programa-elo-itinerante-para-ampliar-atendimento-social-nos-bairros\/"]}]},{"@type":"BreadcrumbList","@id":"https:\/\/www.radiomanchester.com.br\/fm\/prefeitura-de-anapolis-lanca-programa-elo-itinerante-para-ampliar-atendimento-social-nos-bairros\/#breadcrumb","itemListElement":[{"@type":"ListItem","position":1,"name":"Home","item":"https:\/\/www.radiomanchester.com.br\/fm\/"},{"@type":"ListItem","position":2,"name":"Prefeitura de An\u00e1polis lan\u00e7a Programa Elo Itinerante para ampliar atendimento social nos bairros"}]},{"@type":"Person","@id":"https:\/\/www.radiomanchester.com.br\/fm\/#\/schema\/person\/408a7b4d4e32cbebd90e2782852abca3","name":"admin","image":{"@type":"ImageObject","@id":"https:\/\/www.radiomanchester.com.br\/fm\/#personlogo","inLanguage":"pt-BR","url":"https:\/\/secure.gravatar.com\/avatar\/115a974dba3376872eb3addeb276301c?s=96&d=mm&r=g","contentUrl":"https:\/\/secure.gravatar.com\/avatar\/115a974dba3376872eb3addeb276301c?s=96&d=mm&r=g","caption":"admin"},"url":"https:\/\/www.radiomanchester.com.br\/fm\/author\/admin\/"}]}},"_links":{"self":[{"href":"https:\/\/www.radiomanchester.com.br\/fm\/wp-json\/wp\/v2\/posts\/17400"}],"collection":[{"href":"https:\/\/www.radiomanchester.com.br\/fm\/wp-json\/wp\/v2\/posts"}],"about":[{"href":"https:\/\/www.radiomanchester.com.br\/fm\/wp-json\/wp\/v2\/types\/post"}],"author":[{"embeddable":true,"href":"https:\/\/www.radiomanchester.com.br\/fm\/wp-json\/wp\/v2\/users\/1"}],"replies":[{"embeddable":true,"href":"https:\/\/www.radiomanchester.com.br\/fm\/wp-json\/wp\/v2\/comments?post=17400"}],"version-history":[{"count":1,"href":"https:\/\/www.radiomanchester.com.br\/fm\/wp-json\/wp\/v2\/posts\/17400\/revisions"}],"predecessor-version":[{"id":17401,"href":"https:\/\/www.radiomanchester.com.br\/fm\/wp-json\/wp\/v2\/posts\/17400\/revisions\/17401"}],"wp:attachment":[{"href":"https:\/\/www.radiomanchester.com.br\/fm\/wp-json\/wp\/v2\/media?parent=17400"}],"wp:term":[{"taxonomy":"category","embeddable":true,"href":"https:\/\/www.radiomanchester.com.br\/fm\/wp-json\/wp\/v2\/categories?post=17400"},{"taxonomy":"post_tag","embeddable":true,"href":"https:\/\/www.radiomanchester.com.br\/fm\/wp-json\/wp\/v2\/tags?post=17400"}],"curies":[{"name":"wp","href":"https:\/\/api.w.org\/{rel}","templated":true}]}}