{"id":17402,"date":"2026-02-27T07:00:00","date_gmt":"2026-02-27T10:00:00","guid":{"rendered":"https:\/\/www.radiomanchester.com.br\/fm\/?p=17402"},"modified":"2026-02-26T21:44:20","modified_gmt":"2026-02-27T00:44:20","slug":"a-saneago-e-dos-goianos-e-nao-sera-privatizada-reafirma-caiado","status":"publish","type":"post","link":"https:\/\/www.radiomanchester.com.br\/fm\/a-saneago-e-dos-goianos-e-nao-sera-privatizada-reafirma-caiado\/","title":{"rendered":"\u201cA Saneago \u00e9 dos goianos e n\u00e3o ser\u00e1 privatizada\u201d, reafirma Caiado"},"content":{"rendered":"\n<p><\/p>\n\n\n\n<p>O governador Ronaldo Caiado reafirmou, na tarde desta quinta-feira (26\/02), que a Saneago \u00e9 e continuar\u00e1 sendo um patrim\u00f4nio dos goianos. A fala esclarece a verdade em rela\u00e7\u00e3o a uma s\u00e9rie de fake news que t\u00eam associado a ado\u00e7\u00e3o do modelo de parceria p\u00fablico-privada para ampliar o servi\u00e7o de esgotamento sanit\u00e1rio no estado a uma poss\u00edvel privatiza\u00e7\u00e3o da empresa.<\/p>\n\n\n\n<p>\u201cPrecisamos deixar claro para a popula\u00e7\u00e3o de Goi\u00e1s que a Saneago n\u00e3o ser\u00e1 privatizada. O Governo de Goi\u00e1s segue acionista majorit\u00e1rio, ou seja, \u00e9 quem det\u00e9m o controle da companhia. O que est\u00e1 sendo feito \u00e9 uma parceria p\u00fablico-privada para ampliar a rede de esgoto no estado\u201d, disse.<\/p>\n\n\n\n<p>Ainda de acordo com o governador, o tr\u00e2mite tem sido conduzido com acompanhamento \u201crigoroso\u201d, com foco na qualidade do atendimento ao cidad\u00e3o.<\/p>\n\n\n\n<p>\u201cEu pe\u00e7o a todos voc\u00eas: n\u00e3o caiam em fake news. A Saneago continua sendo dos goianos e est\u00e1 trabalhando cada dia mais para atender a nossa gente. N\u00f3s tiramos a Saneago da corrup\u00e7\u00e3o, da negociata, da propina e a entregamos aos servidores, com dignidade. Hoje, \u00e9 uma empresa refer\u00eancia nacional\u201d, destacou, indicando que a estatal seguir\u00e1 cumprindo sua miss\u00e3o p\u00fablica.<\/p>\n\n\n\n<p><strong>PPP<br><\/strong>A parceria p\u00fablico-privada, cujo leil\u00e3o ocorrer\u00e1 no pr\u00f3ximo m\u00eas de mar\u00e7o, estabelece um contrato de concess\u00e3o administrativa do servi\u00e7o de esgotamento sanit\u00e1rio, beneficiando 3,2 milh\u00f5es de pessoas em 216 cidades goianas.<\/p>\n\n\n\n<p>O objetivo \u00e9 atender as metas do Novo Marco Legal do Saneamento, que exige a universaliza\u00e7\u00e3o do acesso a coleta e tratamento de esgoto at\u00e9 2033.<\/p>\n\n\n\n<p>A Saneago ser\u00e1 a gestora e fiscalizadora dos contratos, acompanhando indicadores como cobertura, qualidade do esgoto, regularidade ambiental e desempenho operacional. Os parceiros s\u00f3 recebem se entregarem os resultados contratados.<\/p>\n\n\n\n<p>Al\u00e9m disso, o projeto foi estruturado em conformidade com a Lei n\u00ba 11.079\/2004, passou por consulta p\u00fablica, an\u00e1lise t\u00e9cnica e aprova\u00e7\u00e3o do Tribunal de Contas do Estado de Goi\u00e1s (TCE\/GO).<\/p>\n\n\n\n<p>porAg\u00eancia Goi\u00e1s de Not\u00edcias Gov Goi\u00e1s<\/p>\n","protected":false},"excerpt":{"rendered":"<p class=\"excerpt\">O governador Ronaldo Caiado reafirmou, na tarde desta quinta-feira (26\/02), que a Saneago \u00e9 e continuar\u00e1 sendo um patrim\u00f4nio dos goianos. A fala esclarece a verdade em rela\u00e7\u00e3o a uma s\u00e9rie de fake news que t\u00eam associado a ado\u00e7\u00e3o do modelo de parceria p\u00fablico-privada para ampliar o servi\u00e7o de esgotamento sanit\u00e1rio no estado a uma [&hellip;]<\/p>\n","protected":false},"author":1,"featured_media":0,"comment_status":"open","ping_status":"open","sticky":false,"template":"","format":"standard","meta":[],"categories":[8,17],"tags":[22,24,172,113,83,92],"yoast_head":"<!-- This site is optimized with the Yoast SEO plugin v18.3 - https:\/\/yoast.com\/wordpress\/plugins\/seo\/ -->\n<title>\u201cA Saneago \u00e9 dos goianos e n\u00e3o ser\u00e1 privatizada\u201d, reafirma Caiado - Manchester FM 93,3<\/title>\n<meta name=\"robots\" content=\"index, follow, max-snippet:-1, max-image-preview:large, max-video-preview:-1\" \/>\n<link rel=\"canonical\" href=\"https:\/\/www.radiomanchester.com.br\/fm\/a-saneago-e-dos-goianos-e-nao-sera-privatizada-reafirma-caiado\/\" \/>\n<meta property=\"og:locale\" content=\"pt_BR\" \/>\n<meta property=\"og:type\" content=\"article\" \/>\n<meta property=\"og:title\" content=\"\u201cA Saneago \u00e9 dos goianos e n\u00e3o ser\u00e1 privatizada\u201d, reafirma Caiado - Manchester FM 93,3\" \/>\n<meta property=\"og:description\" content=\"O governador Ronaldo Caiado reafirmou, na tarde desta quinta-feira (26\/02), que a Saneago \u00e9 e continuar\u00e1 sendo um patrim\u00f4nio dos goianos. A fala esclarece a verdade em rela\u00e7\u00e3o a uma s\u00e9rie de fake news que t\u00eam associado a ado\u00e7\u00e3o do modelo de parceria p\u00fablico-privada para ampliar o servi\u00e7o de esgotamento sanit\u00e1rio no estado a uma [&hellip;]\" \/>\n<meta property=\"og:url\" content=\"https:\/\/www.radiomanchester.com.br\/fm\/a-saneago-e-dos-goianos-e-nao-sera-privatizada-reafirma-caiado\/\" \/>\n<meta property=\"og:site_name\" content=\"Manchester FM 93,3\" \/>\n<meta property=\"article:published_time\" content=\"2026-02-27T10:00:00+00:00\" \/>\n<meta property=\"article:modified_time\" content=\"2026-02-27T00:44:20+00:00\" \/>\n<meta name=\"twitter:card\" content=\"summary_large_image\" \/>\n<meta name=\"twitter:label1\" content=\"Escrito por\" \/>\n\t<meta name=\"twitter:data1\" content=\"admin\" \/>\n\t<meta name=\"twitter:label2\" content=\"Est. tempo de leitura\" \/>\n\t<meta name=\"twitter:data2\" content=\"2 minutos\" \/>\n<script type=\"application\/ld+json\" class=\"yoast-schema-graph\">{\"@context\":\"https:\/\/schema.org\",\"@graph\":[{\"@type\":\"WebSite\",\"@id\":\"https:\/\/www.radiomanchester.com.br\/fm\/#website\",\"url\":\"https:\/\/www.radiomanchester.com.br\/fm\/\",\"name\":\"Manchester FM 93,3\",\"description\":\"Todo Mundo Ouve!\",\"potentialAction\":[{\"@type\":\"SearchAction\",\"target\":{\"@type\":\"EntryPoint\",\"urlTemplate\":\"https:\/\/www.radiomanchester.com.br\/fm\/?s={search_term_string}\"},\"query-input\":\"required name=search_term_string\"}],\"inLanguage\":\"pt-BR\"},{\"@type\":\"WebPage\",\"@id\":\"https:\/\/www.radiomanchester.com.br\/fm\/a-saneago-e-dos-goianos-e-nao-sera-privatizada-reafirma-caiado\/#webpage\",\"url\":\"https:\/\/www.radiomanchester.com.br\/fm\/a-saneago-e-dos-goianos-e-nao-sera-privatizada-reafirma-caiado\/\",\"name\":\"\u201cA Saneago \u00e9 dos goianos e n\u00e3o ser\u00e1 privatizada\u201d, reafirma Caiado - Manchester FM 93,3\",\"isPartOf\":{\"@id\":\"https:\/\/www.radiomanchester.com.br\/fm\/#website\"},\"datePublished\":\"2026-02-27T10:00:00+00:00\",\"dateModified\":\"2026-02-27T00:44:20+00:00\",\"author\":{\"@id\":\"https:\/\/www.radiomanchester.com.br\/fm\/#\/schema\/person\/408a7b4d4e32cbebd90e2782852abca3\"},\"breadcrumb\":{\"@id\":\"https:\/\/www.radiomanchester.com.br\/fm\/a-saneago-e-dos-goianos-e-nao-sera-privatizada-reafirma-caiado\/#breadcrumb\"},\"inLanguage\":\"pt-BR\",\"potentialAction\":[{\"@type\":\"ReadAction\",\"target\":[\"https:\/\/www.radiomanchester.com.br\/fm\/a-saneago-e-dos-goianos-e-nao-sera-privatizada-reafirma-caiado\/\"]}]},{\"@type\":\"BreadcrumbList\",\"@id\":\"https:\/\/www.radiomanchester.com.br\/fm\/a-saneago-e-dos-goianos-e-nao-sera-privatizada-reafirma-caiado\/#breadcrumb\",\"itemListElement\":[{\"@type\":\"ListItem\",\"position\":1,\"name\":\"Home\",\"item\":\"https:\/\/www.radiomanchester.com.br\/fm\/\"},{\"@type\":\"ListItem\",\"position\":2,\"name\":\"\u201cA Saneago \u00e9 dos goianos e n\u00e3o ser\u00e1 privatizada\u201d, reafirma Caiado\"}]},{\"@type\":\"Person\",\"@id\":\"https:\/\/www.radiomanchester.com.br\/fm\/#\/schema\/person\/408a7b4d4e32cbebd90e2782852abca3\",\"name\":\"admin\",\"image\":{\"@type\":\"ImageObject\",\"@id\":\"https:\/\/www.radiomanchester.com.br\/fm\/#personlogo\",\"inLanguage\":\"pt-BR\",\"url\":\"https:\/\/secure.gravatar.com\/avatar\/115a974dba3376872eb3addeb276301c?s=96&d=mm&r=g\",\"contentUrl\":\"https:\/\/secure.gravatar.com\/avatar\/115a974dba3376872eb3addeb276301c?s=96&d=mm&r=g\",\"caption\":\"admin\"},\"url\":\"https:\/\/www.radiomanchester.com.br\/fm\/author\/admin\/\"}]}<\/script>\n<!-- \/ Yoast SEO plugin. -->","yoast_head_json":{"title":"\u201cA Saneago \u00e9 dos goianos e n\u00e3o ser\u00e1 privatizada\u201d, reafirma Caiado - Manchester FM 93,3","robots":{"index":"index","follow":"follow","max-snippet":"max-snippet:-1","max-image-preview":"max-image-preview:large","max-video-preview":"max-video-preview:-1"},"canonical":"https:\/\/www.radiomanchester.com.br\/fm\/a-saneago-e-dos-goianos-e-nao-sera-privatizada-reafirma-caiado\/","og_locale":"pt_BR","og_type":"article","og_title":"\u201cA Saneago \u00e9 dos goianos e n\u00e3o ser\u00e1 privatizada\u201d, reafirma Caiado - Manchester FM 93,3","og_description":"O governador Ronaldo Caiado reafirmou, na tarde desta quinta-feira (26\/02), que a Saneago \u00e9 e continuar\u00e1 sendo um patrim\u00f4nio dos goianos. A fala esclarece a verdade em rela\u00e7\u00e3o a uma s\u00e9rie de fake news que t\u00eam associado a ado\u00e7\u00e3o do modelo de parceria p\u00fablico-privada para ampliar o servi\u00e7o de esgotamento sanit\u00e1rio no estado a uma [&hellip;]","og_url":"https:\/\/www.radiomanchester.com.br\/fm\/a-saneago-e-dos-goianos-e-nao-sera-privatizada-reafirma-caiado\/","og_site_name":"Manchester FM 93,3","article_published_time":"2026-02-27T10:00:00+00:00","article_modified_time":"2026-02-27T00:44:20+00:00","twitter_card":"summary_large_image","twitter_misc":{"Escrito por":"admin","Est. tempo de leitura":"2 minutos"},"schema":{"@context":"https:\/\/schema.org","@graph":[{"@type":"WebSite","@id":"https:\/\/www.radiomanchester.com.br\/fm\/#website","url":"https:\/\/www.radiomanchester.com.br\/fm\/","name":"Manchester FM 93,3","description":"Todo Mundo Ouve!","potentialAction":[{"@type":"SearchAction","target":{"@type":"EntryPoint","urlTemplate":"https:\/\/www.radiomanchester.com.br\/fm\/?s={search_term_string}"},"query-input":"required name=search_term_string"}],"inLanguage":"pt-BR"},{"@type":"WebPage","@id":"https:\/\/www.radiomanchester.com.br\/fm\/a-saneago-e-dos-goianos-e-nao-sera-privatizada-reafirma-caiado\/#webpage","url":"https:\/\/www.radiomanchester.com.br\/fm\/a-saneago-e-dos-goianos-e-nao-sera-privatizada-reafirma-caiado\/","name":"\u201cA Saneago \u00e9 dos goianos e n\u00e3o ser\u00e1 privatizada\u201d, reafirma Caiado - Manchester FM 93,3","isPartOf":{"@id":"https:\/\/www.radiomanchester.com.br\/fm\/#website"},"datePublished":"2026-02-27T10:00:00+00:00","dateModified":"2026-02-27T00:44:20+00:00","author":{"@id":"https:\/\/www.radiomanchester.com.br\/fm\/#\/schema\/person\/408a7b4d4e32cbebd90e2782852abca3"},"breadcrumb":{"@id":"https:\/\/www.radiomanchester.com.br\/fm\/a-saneago-e-dos-goianos-e-nao-sera-privatizada-reafirma-caiado\/#breadcrumb"},"inLanguage":"pt-BR","potentialAction":[{"@type":"ReadAction","target":["https:\/\/www.radiomanchester.com.br\/fm\/a-saneago-e-dos-goianos-e-nao-sera-privatizada-reafirma-caiado\/"]}]},{"@type":"BreadcrumbList","@id":"https:\/\/www.radiomanchester.com.br\/fm\/a-saneago-e-dos-goianos-e-nao-sera-privatizada-reafirma-caiado\/#breadcrumb","itemListElement":[{"@type":"ListItem","position":1,"name":"Home","item":"https:\/\/www.radiomanchester.com.br\/fm\/"},{"@type":"ListItem","position":2,"name":"\u201cA Saneago \u00e9 dos goianos e n\u00e3o ser\u00e1 privatizada\u201d, reafirma Caiado"}]},{"@type":"Person","@id":"https:\/\/www.radiomanchester.com.br\/fm\/#\/schema\/person\/408a7b4d4e32cbebd90e2782852abca3","name":"admin","image":{"@type":"ImageObject","@id":"https:\/\/www.radiomanchester.com.br\/fm\/#personlogo","inLanguage":"pt-BR","url":"https:\/\/secure.gravatar.com\/avatar\/115a974dba3376872eb3addeb276301c?s=96&d=mm&r=g","contentUrl":"https:\/\/secure.gravatar.com\/avatar\/115a974dba3376872eb3addeb276301c?s=96&d=mm&r=g","caption":"admin"},"url":"https:\/\/www.radiomanchester.com.br\/fm\/author\/admin\/"}]}},"_links":{"self":[{"href":"https:\/\/www.radiomanchester.com.br\/fm\/wp-json\/wp\/v2\/posts\/17402"}],"collection":[{"href":"https:\/\/www.radiomanchester.com.br\/fm\/wp-json\/wp\/v2\/posts"}],"about":[{"href":"https:\/\/www.radiomanchester.com.br\/fm\/wp-json\/wp\/v2\/types\/post"}],"author":[{"embeddable":true,"href":"https:\/\/www.radiomanchester.com.br\/fm\/wp-json\/wp\/v2\/users\/1"}],"replies":[{"embeddable":true,"href":"https:\/\/www.radiomanchester.com.br\/fm\/wp-json\/wp\/v2\/comments?post=17402"}],"version-history":[{"count":1,"href":"https:\/\/www.radiomanchester.com.br\/fm\/wp-json\/wp\/v2\/posts\/17402\/revisions"}],"predecessor-version":[{"id":17403,"href":"https:\/\/www.radiomanchester.com.br\/fm\/wp-json\/wp\/v2\/posts\/17402\/revisions\/17403"}],"wp:attachment":[{"href":"https:\/\/www.radiomanchester.com.br\/fm\/wp-json\/wp\/v2\/media?parent=17402"}],"wp:term":[{"taxonomy":"category","embeddable":true,"href":"https:\/\/www.radiomanchester.com.br\/fm\/wp-json\/wp\/v2\/categories?post=17402"},{"taxonomy":"post_tag","embeddable":true,"href":"https:\/\/www.radiomanchester.com.br\/fm\/wp-json\/wp\/v2\/tags?post=17402"}],"curies":[{"name":"wp","href":"https:\/\/api.w.org\/{rel}","templated":true}]}}