{"id":17406,"date":"2026-02-28T08:30:00","date_gmt":"2026-02-28T11:30:00","guid":{"rendered":"https:\/\/www.radiomanchester.com.br\/fm\/?p=17406"},"modified":"2026-02-27T21:14:45","modified_gmt":"2026-02-28T00:14:45","slug":"goias-e-1o-lugar-em-crescimento-economico-no-brasil","status":"publish","type":"post","link":"https:\/\/www.radiomanchester.com.br\/fm\/goias-e-1o-lugar-em-crescimento-economico-no-brasil\/","title":{"rendered":"Goi\u00e1s \u00e9 1\u00ba lugar em crescimento econ\u00f4mico no Brasil"},"content":{"rendered":"\n<p><\/p>\n\n\n\n<p>A economia goiana, que tem acumulado avan\u00e7os na produ\u00e7\u00e3o, gera\u00e7\u00e3o de emprego e investimentos p\u00fablicos, alcan\u00e7a a primeira coloca\u00e7\u00e3o entre os estados brasileiros no \u00cdndice de Atividade Econ\u00f4mica (IBCR), divulgado pelo Banco Central na quarta-feira (25\/02).<\/p>\n\n\n\n<p>No acumulado de 2025, Goi\u00e1s obteve alta de 4,4%, o melhor resultado no pa\u00eds, juntamente com o estado do Par\u00e1. O IBCR \u00e9 composto por indicadores de grandes setores, como agropecu\u00e1ria, ind\u00fastria e servi\u00e7os, e \u00e9 utilizado como uma pr\u00e9via do Produto Interno Bruto (PIB).<\/p>\n\n\n\n<p>Al\u00e9m do bom resultado para o ano, Goi\u00e1s soma 17 meses seguidos de crescimento, sempre com resultado melhor do que no mesmo m\u00eas do ano anterior. Tamb\u00e9m supera a m\u00e9dia nacional para o per\u00edodo de 2025, que foi de 2,5%.<\/p>\n\n\n\n<p>Para o governador Ronaldo Caiado, os n\u00fameros demonstram o protagonismo de Goi\u00e1s no cen\u00e1rio econ\u00f4mico nacional. \u201cResultado atesta a competitividade do nosso estado e a consolida\u00e7\u00e3o de Goi\u00e1s como o estado que mais cresce no Brasil. Vencemos as dificuldades iniciais e, nos \u00faltimos anos, a solidez da nossa economia tem se transformado em mais emprego, renda e qualidade de vida para os goianos\u201d, afirmou.<\/p>\n\n\n\n<p><strong>Outras an\u00e1lises<br><\/strong>Na compara\u00e7\u00e3o do IBCR interanual de dezembro de 2025 com dezembro de 2024, Goi\u00e1s apresentou expans\u00e3o de 3,4%, o quinto melhor desempenho entre as unidades da federa\u00e7\u00e3o, superando a m\u00e9dia nacional, que foi de 3,1%.<\/p>\n\n\n\n<p>J\u00e1 na varia\u00e7\u00e3o mensal com ajuste sazonal (dezembro de 2025 frente a novembro de 2025), o estado avan\u00e7ou 0,2%, enquanto o Brasil registrou retra\u00e7\u00e3o de 0,2%. Tamb\u00e9m nesse recorte, Goi\u00e1s ocupou a quinta posi\u00e7\u00e3o no ranking nacional.<\/p>\n\n\n\n<p><strong>Taxa de desocupa\u00e7\u00e3o<br><\/strong>Em rela\u00e7\u00e3o ao mercado de trabalho, o Instituto Brasileiro de Geografia e Estat\u00edstica (IBGE) divulgou, recentemente, que a taxa de desocupa\u00e7\u00e3o em Goi\u00e1s no ano de 2025 foi de 4,6%, a menor desde o in\u00edcio da s\u00e9rie hist\u00f3rica, em 2012.<\/p>\n\n\n\n<p>O maior valor foi registrado em 2020, ano em teve in\u00edcio da pandemia de Covid-19: 13,2%.<\/p>\n\n\n\n<p>por Ag\u00eancia Goi\u00e1s de Not\u00edcias &#8211; Gov Goi\u00e1s<\/p>\n","protected":false},"excerpt":{"rendered":"<p class=\"excerpt\">A economia goiana, que tem acumulado avan\u00e7os na produ\u00e7\u00e3o, gera\u00e7\u00e3o de emprego e investimentos p\u00fablicos, alcan\u00e7a a primeira coloca\u00e7\u00e3o entre os estados brasileiros no \u00cdndice de Atividade Econ\u00f4mica (IBCR), divulgado pelo Banco Central na quarta-feira (25\/02). No acumulado de 2025, Goi\u00e1s obteve alta de 4,4%, o melhor resultado no pa\u00eds, juntamente com o estado do [&hellip;]<\/p>\n","protected":false},"author":1,"featured_media":0,"comment_status":"open","ping_status":"open","sticky":false,"template":"","format":"standard","meta":[],"categories":[8,17],"tags":[22,24,172,113,83,92],"yoast_head":"<!-- This site is optimized with the Yoast SEO plugin v18.3 - https:\/\/yoast.com\/wordpress\/plugins\/seo\/ -->\n<title>Goi\u00e1s \u00e9 1\u00ba lugar em crescimento econ\u00f4mico no Brasil - Manchester FM 93,3<\/title>\n<meta name=\"robots\" content=\"index, follow, max-snippet:-1, max-image-preview:large, max-video-preview:-1\" \/>\n<link rel=\"canonical\" href=\"https:\/\/www.radiomanchester.com.br\/fm\/goias-e-1o-lugar-em-crescimento-economico-no-brasil\/\" \/>\n<meta property=\"og:locale\" content=\"pt_BR\" \/>\n<meta property=\"og:type\" content=\"article\" \/>\n<meta property=\"og:title\" content=\"Goi\u00e1s \u00e9 1\u00ba lugar em crescimento econ\u00f4mico no Brasil - Manchester FM 93,3\" \/>\n<meta property=\"og:description\" content=\"A economia goiana, que tem acumulado avan\u00e7os na produ\u00e7\u00e3o, gera\u00e7\u00e3o de emprego e investimentos p\u00fablicos, alcan\u00e7a a primeira coloca\u00e7\u00e3o entre os estados brasileiros no \u00cdndice de Atividade Econ\u00f4mica (IBCR), divulgado pelo Banco Central na quarta-feira (25\/02). No acumulado de 2025, Goi\u00e1s obteve alta de 4,4%, o melhor resultado no pa\u00eds, juntamente com o estado do [&hellip;]\" \/>\n<meta property=\"og:url\" content=\"https:\/\/www.radiomanchester.com.br\/fm\/goias-e-1o-lugar-em-crescimento-economico-no-brasil\/\" \/>\n<meta property=\"og:site_name\" content=\"Manchester FM 93,3\" \/>\n<meta property=\"article:published_time\" content=\"2026-02-28T11:30:00+00:00\" \/>\n<meta property=\"article:modified_time\" content=\"2026-02-28T00:14:45+00:00\" \/>\n<meta name=\"twitter:card\" content=\"summary_large_image\" \/>\n<meta name=\"twitter:label1\" content=\"Escrito por\" \/>\n\t<meta name=\"twitter:data1\" content=\"admin\" \/>\n\t<meta name=\"twitter:label2\" content=\"Est. tempo de leitura\" \/>\n\t<meta name=\"twitter:data2\" content=\"2 minutos\" \/>\n<script type=\"application\/ld+json\" class=\"yoast-schema-graph\">{\"@context\":\"https:\/\/schema.org\",\"@graph\":[{\"@type\":\"WebSite\",\"@id\":\"https:\/\/www.radiomanchester.com.br\/fm\/#website\",\"url\":\"https:\/\/www.radiomanchester.com.br\/fm\/\",\"name\":\"Manchester FM 93,3\",\"description\":\"Todo Mundo Ouve!\",\"potentialAction\":[{\"@type\":\"SearchAction\",\"target\":{\"@type\":\"EntryPoint\",\"urlTemplate\":\"https:\/\/www.radiomanchester.com.br\/fm\/?s={search_term_string}\"},\"query-input\":\"required name=search_term_string\"}],\"inLanguage\":\"pt-BR\"},{\"@type\":\"WebPage\",\"@id\":\"https:\/\/www.radiomanchester.com.br\/fm\/goias-e-1o-lugar-em-crescimento-economico-no-brasil\/#webpage\",\"url\":\"https:\/\/www.radiomanchester.com.br\/fm\/goias-e-1o-lugar-em-crescimento-economico-no-brasil\/\",\"name\":\"Goi\u00e1s \u00e9 1\u00ba lugar em crescimento econ\u00f4mico no Brasil - Manchester FM 93,3\",\"isPartOf\":{\"@id\":\"https:\/\/www.radiomanchester.com.br\/fm\/#website\"},\"datePublished\":\"2026-02-28T11:30:00+00:00\",\"dateModified\":\"2026-02-28T00:14:45+00:00\",\"author\":{\"@id\":\"https:\/\/www.radiomanchester.com.br\/fm\/#\/schema\/person\/408a7b4d4e32cbebd90e2782852abca3\"},\"breadcrumb\":{\"@id\":\"https:\/\/www.radiomanchester.com.br\/fm\/goias-e-1o-lugar-em-crescimento-economico-no-brasil\/#breadcrumb\"},\"inLanguage\":\"pt-BR\",\"potentialAction\":[{\"@type\":\"ReadAction\",\"target\":[\"https:\/\/www.radiomanchester.com.br\/fm\/goias-e-1o-lugar-em-crescimento-economico-no-brasil\/\"]}]},{\"@type\":\"BreadcrumbList\",\"@id\":\"https:\/\/www.radiomanchester.com.br\/fm\/goias-e-1o-lugar-em-crescimento-economico-no-brasil\/#breadcrumb\",\"itemListElement\":[{\"@type\":\"ListItem\",\"position\":1,\"name\":\"Home\",\"item\":\"https:\/\/www.radiomanchester.com.br\/fm\/\"},{\"@type\":\"ListItem\",\"position\":2,\"name\":\"Goi\u00e1s \u00e9 1\u00ba lugar em crescimento econ\u00f4mico no Brasil\"}]},{\"@type\":\"Person\",\"@id\":\"https:\/\/www.radiomanchester.com.br\/fm\/#\/schema\/person\/408a7b4d4e32cbebd90e2782852abca3\",\"name\":\"admin\",\"image\":{\"@type\":\"ImageObject\",\"@id\":\"https:\/\/www.radiomanchester.com.br\/fm\/#personlogo\",\"inLanguage\":\"pt-BR\",\"url\":\"https:\/\/secure.gravatar.com\/avatar\/115a974dba3376872eb3addeb276301c?s=96&d=mm&r=g\",\"contentUrl\":\"https:\/\/secure.gravatar.com\/avatar\/115a974dba3376872eb3addeb276301c?s=96&d=mm&r=g\",\"caption\":\"admin\"},\"url\":\"https:\/\/www.radiomanchester.com.br\/fm\/author\/admin\/\"}]}<\/script>\n<!-- \/ Yoast SEO plugin. -->","yoast_head_json":{"title":"Goi\u00e1s \u00e9 1\u00ba lugar em crescimento econ\u00f4mico no Brasil - Manchester FM 93,3","robots":{"index":"index","follow":"follow","max-snippet":"max-snippet:-1","max-image-preview":"max-image-preview:large","max-video-preview":"max-video-preview:-1"},"canonical":"https:\/\/www.radiomanchester.com.br\/fm\/goias-e-1o-lugar-em-crescimento-economico-no-brasil\/","og_locale":"pt_BR","og_type":"article","og_title":"Goi\u00e1s \u00e9 1\u00ba lugar em crescimento econ\u00f4mico no Brasil - Manchester FM 93,3","og_description":"A economia goiana, que tem acumulado avan\u00e7os na produ\u00e7\u00e3o, gera\u00e7\u00e3o de emprego e investimentos p\u00fablicos, alcan\u00e7a a primeira coloca\u00e7\u00e3o entre os estados brasileiros no \u00cdndice de Atividade Econ\u00f4mica (IBCR), divulgado pelo Banco Central na quarta-feira (25\/02). No acumulado de 2025, Goi\u00e1s obteve alta de 4,4%, o melhor resultado no pa\u00eds, juntamente com o estado do [&hellip;]","og_url":"https:\/\/www.radiomanchester.com.br\/fm\/goias-e-1o-lugar-em-crescimento-economico-no-brasil\/","og_site_name":"Manchester FM 93,3","article_published_time":"2026-02-28T11:30:00+00:00","article_modified_time":"2026-02-28T00:14:45+00:00","twitter_card":"summary_large_image","twitter_misc":{"Escrito por":"admin","Est. tempo de leitura":"2 minutos"},"schema":{"@context":"https:\/\/schema.org","@graph":[{"@type":"WebSite","@id":"https:\/\/www.radiomanchester.com.br\/fm\/#website","url":"https:\/\/www.radiomanchester.com.br\/fm\/","name":"Manchester FM 93,3","description":"Todo Mundo Ouve!","potentialAction":[{"@type":"SearchAction","target":{"@type":"EntryPoint","urlTemplate":"https:\/\/www.radiomanchester.com.br\/fm\/?s={search_term_string}"},"query-input":"required name=search_term_string"}],"inLanguage":"pt-BR"},{"@type":"WebPage","@id":"https:\/\/www.radiomanchester.com.br\/fm\/goias-e-1o-lugar-em-crescimento-economico-no-brasil\/#webpage","url":"https:\/\/www.radiomanchester.com.br\/fm\/goias-e-1o-lugar-em-crescimento-economico-no-brasil\/","name":"Goi\u00e1s \u00e9 1\u00ba lugar em crescimento econ\u00f4mico no Brasil - Manchester FM 93,3","isPartOf":{"@id":"https:\/\/www.radiomanchester.com.br\/fm\/#website"},"datePublished":"2026-02-28T11:30:00+00:00","dateModified":"2026-02-28T00:14:45+00:00","author":{"@id":"https:\/\/www.radiomanchester.com.br\/fm\/#\/schema\/person\/408a7b4d4e32cbebd90e2782852abca3"},"breadcrumb":{"@id":"https:\/\/www.radiomanchester.com.br\/fm\/goias-e-1o-lugar-em-crescimento-economico-no-brasil\/#breadcrumb"},"inLanguage":"pt-BR","potentialAction":[{"@type":"ReadAction","target":["https:\/\/www.radiomanchester.com.br\/fm\/goias-e-1o-lugar-em-crescimento-economico-no-brasil\/"]}]},{"@type":"BreadcrumbList","@id":"https:\/\/www.radiomanchester.com.br\/fm\/goias-e-1o-lugar-em-crescimento-economico-no-brasil\/#breadcrumb","itemListElement":[{"@type":"ListItem","position":1,"name":"Home","item":"https:\/\/www.radiomanchester.com.br\/fm\/"},{"@type":"ListItem","position":2,"name":"Goi\u00e1s \u00e9 1\u00ba lugar em crescimento econ\u00f4mico no Brasil"}]},{"@type":"Person","@id":"https:\/\/www.radiomanchester.com.br\/fm\/#\/schema\/person\/408a7b4d4e32cbebd90e2782852abca3","name":"admin","image":{"@type":"ImageObject","@id":"https:\/\/www.radiomanchester.com.br\/fm\/#personlogo","inLanguage":"pt-BR","url":"https:\/\/secure.gravatar.com\/avatar\/115a974dba3376872eb3addeb276301c?s=96&d=mm&r=g","contentUrl":"https:\/\/secure.gravatar.com\/avatar\/115a974dba3376872eb3addeb276301c?s=96&d=mm&r=g","caption":"admin"},"url":"https:\/\/www.radiomanchester.com.br\/fm\/author\/admin\/"}]}},"_links":{"self":[{"href":"https:\/\/www.radiomanchester.com.br\/fm\/wp-json\/wp\/v2\/posts\/17406"}],"collection":[{"href":"https:\/\/www.radiomanchester.com.br\/fm\/wp-json\/wp\/v2\/posts"}],"about":[{"href":"https:\/\/www.radiomanchester.com.br\/fm\/wp-json\/wp\/v2\/types\/post"}],"author":[{"embeddable":true,"href":"https:\/\/www.radiomanchester.com.br\/fm\/wp-json\/wp\/v2\/users\/1"}],"replies":[{"embeddable":true,"href":"https:\/\/www.radiomanchester.com.br\/fm\/wp-json\/wp\/v2\/comments?post=17406"}],"version-history":[{"count":1,"href":"https:\/\/www.radiomanchester.com.br\/fm\/wp-json\/wp\/v2\/posts\/17406\/revisions"}],"predecessor-version":[{"id":17407,"href":"https:\/\/www.radiomanchester.com.br\/fm\/wp-json\/wp\/v2\/posts\/17406\/revisions\/17407"}],"wp:attachment":[{"href":"https:\/\/www.radiomanchester.com.br\/fm\/wp-json\/wp\/v2\/media?parent=17406"}],"wp:term":[{"taxonomy":"category","embeddable":true,"href":"https:\/\/www.radiomanchester.com.br\/fm\/wp-json\/wp\/v2\/categories?post=17406"},{"taxonomy":"post_tag","embeddable":true,"href":"https:\/\/www.radiomanchester.com.br\/fm\/wp-json\/wp\/v2\/tags?post=17406"}],"curies":[{"name":"wp","href":"https:\/\/api.w.org\/{rel}","templated":true}]}}