{"id":17408,"date":"2026-02-28T18:47:17","date_gmt":"2026-02-28T21:47:17","guid":{"rendered":"https:\/\/www.radiomanchester.com.br\/fm\/?p=17408"},"modified":"2026-02-28T18:47:19","modified_gmt":"2026-02-28T21:47:19","slug":"israel-diz-ter-sinais-de-que-ali-khamenei-morreu-em-ataque","status":"publish","type":"post","link":"https:\/\/www.radiomanchester.com.br\/fm\/israel-diz-ter-sinais-de-que-ali-khamenei-morreu-em-ataque\/","title":{"rendered":"Israel diz ter \u201csinais\u201d de que Ali Khamenei morreu em ataque"},"content":{"rendered":"\n<p><\/p>\n\n\n\n<p>O primeiro-ministro de Israel, Benjamin Netanyahu, disse ter \u201csinais\u201d de que o l\u00edder supremo do Ir\u00e3, Ali Khamenei, morreu durante os ataques coordenados pelos Estados Unidos e o ex\u00e9rcito israelense, neste s\u00e1bado (28\/02), \u00e0 capital Teer\u00e3. O paradeiro de Khamenei \u00e9 desconhecido.<\/p>\n\n\n\n<p>Em um pronunciamento \u00e0 popula\u00e7\u00e3o, o premi\u00ea afirmou que h\u00e1 \u201cv\u00e1rios sinais\u201d de que o aiatol\u00e1 \u201cn\u00e3o est\u00e1 mais entre n\u00f3s\u201d. Netanyahu tamb\u00e9m garantiu que a opera\u00e7\u00e3o contra o Ir\u00e3 \u201ccontinuar\u00e1 enquanto for necess\u00e1rio\u201d.<\/p>\n\n\n\n<p>Segundo a ag\u00eancia de not\u00edcias Reuters, uma autoridade de alto escal\u00e3o do governo israelense disse sob anonimato que Khamenei est\u00e1 morto e que o corpo do l\u00edder supremo j\u00e1 foi encontrado.<\/p>\n\n\n\n<p>Autoridades iranianas negam a morte do l\u00edder supremo. \u00c0 emissora ABC News, o porta-voz do Minist\u00e9rio das Rela\u00e7\u00f5es Exteriores do Ir\u00e3, Esmaeil Baghaei, afirmou que Khamenei e o presidente Masoud Pezeshkian est\u00e3o \u201cs\u00e3os e salvos\u201d.<\/p>\n\n\n\n<p>Imagens de sat\u00e9lite feitas pela Airbus neste s\u00e1bado (28\/2) mostram a situa\u00e7\u00e3o da resid\u00eancia do l\u00edder supremo do Ir\u00e3, na capital Teer\u00e3, ap\u00f3s o ataque.<\/p>\n\n\n\n<p><strong>Entenda o ataque contra o Ir\u00e3<br><\/strong>Ap\u00f3s semanas de tens\u00e3o, os Estados Unidos, em a\u00e7\u00e3o coordenada com Israel, atacaram o Ir\u00e3 na manh\u00e3 deste s\u00e1bado. A a\u00e7\u00e3o, segundo o presidente norte-americano Donald Trump teve como objetivo acabar com amea\u00e7as aos norte-americanos, que seriam as armas nucleares supostamente em posse do Ir\u00e3.<\/p>\n\n\n\n<p>Horas ap\u00f3s os ataques dos EUA, a base da Marinha dos Estados Unidos no Bahrein foi alvo de m\u00edsseis iranianos, informaram as autoridades norte-americanas.<\/p>\n\n\n\n<p>Segundo o chanceler iraniano, Abbas Araghchi, o l\u00edder Ali Khamenei est\u00e1 vivo \u201cat\u00e9 onde se sabe\u201d. Nas redes sociais, ele avaliou que o \u201cIr\u00e3 punir\u00e1 aqueles que matarem nossas crian\u00e7as. Nossa inimizade n\u00e3o \u00e9 com o povo americano, que est\u00e1 sendo enganado mais uma vez\u201d, disse.<\/p>\n\n\n\n<p>O governo brasileiro se posicionou contra os ataques e expressou \u201cgrande preocupa\u00e7\u00e3o\u201d diante da situa\u00e7\u00e3o.<\/p>\n\n\n\n<p>\u201cOs ataques ocorreram em meio a um processo de negocia\u00e7\u00e3o entre as partes, que \u00e9 o \u00fanico caminho vi\u00e1vel para a paz, posi\u00e7\u00e3o tradicionalmente defendida pelo Brasil na regi\u00e3o\u201d, disse o governo em nota.<\/p>\n\n\n\n<p>porRepMetr0p0les parceiro Manchester<\/p>\n","protected":false},"excerpt":{"rendered":"<p class=\"excerpt\">O primeiro-ministro de Israel, Benjamin Netanyahu, disse ter \u201csinais\u201d de que o l\u00edder supremo do Ir\u00e3, Ali Khamenei, morreu durante os ataques coordenados pelos Estados Unidos e o ex\u00e9rcito israelense, neste s\u00e1bado (28\/02), \u00e0 capital Teer\u00e3. O paradeiro de Khamenei \u00e9 desconhecido. Em um pronunciamento \u00e0 popula\u00e7\u00e3o, o premi\u00ea afirmou que h\u00e1 \u201cv\u00e1rios sinais\u201d de [&hellip;]<\/p>\n","protected":false},"author":1,"featured_media":0,"comment_status":"open","ping_status":"open","sticky":false,"template":"","format":"standard","meta":[],"categories":[8,17],"tags":[22,24,113,83,92],"yoast_head":"<!-- This site is optimized with the Yoast SEO plugin v18.3 - https:\/\/yoast.com\/wordpress\/plugins\/seo\/ -->\n<title>Israel diz ter \u201csinais\u201d de que Ali Khamenei morreu em ataque - Manchester FM 93,3<\/title>\n<meta name=\"robots\" content=\"index, follow, max-snippet:-1, max-image-preview:large, max-video-preview:-1\" \/>\n<link rel=\"canonical\" href=\"https:\/\/www.radiomanchester.com.br\/fm\/israel-diz-ter-sinais-de-que-ali-khamenei-morreu-em-ataque\/\" \/>\n<meta property=\"og:locale\" content=\"pt_BR\" \/>\n<meta property=\"og:type\" content=\"article\" \/>\n<meta property=\"og:title\" content=\"Israel diz ter \u201csinais\u201d de que Ali Khamenei morreu em ataque - Manchester FM 93,3\" \/>\n<meta property=\"og:description\" content=\"O primeiro-ministro de Israel, Benjamin Netanyahu, disse ter \u201csinais\u201d de que o l\u00edder supremo do Ir\u00e3, Ali Khamenei, morreu durante os ataques coordenados pelos Estados Unidos e o ex\u00e9rcito israelense, neste s\u00e1bado (28\/02), \u00e0 capital Teer\u00e3. O paradeiro de Khamenei \u00e9 desconhecido. Em um pronunciamento \u00e0 popula\u00e7\u00e3o, o premi\u00ea afirmou que h\u00e1 \u201cv\u00e1rios sinais\u201d de [&hellip;]\" \/>\n<meta property=\"og:url\" content=\"https:\/\/www.radiomanchester.com.br\/fm\/israel-diz-ter-sinais-de-que-ali-khamenei-morreu-em-ataque\/\" \/>\n<meta property=\"og:site_name\" content=\"Manchester FM 93,3\" \/>\n<meta property=\"article:published_time\" content=\"2026-02-28T21:47:17+00:00\" \/>\n<meta property=\"article:modified_time\" content=\"2026-02-28T21:47:19+00:00\" \/>\n<meta name=\"twitter:card\" content=\"summary_large_image\" \/>\n<meta name=\"twitter:label1\" content=\"Escrito por\" \/>\n\t<meta name=\"twitter:data1\" content=\"admin\" \/>\n\t<meta name=\"twitter:label2\" content=\"Est. tempo de leitura\" \/>\n\t<meta name=\"twitter:data2\" content=\"2 minutos\" \/>\n<script type=\"application\/ld+json\" class=\"yoast-schema-graph\">{\"@context\":\"https:\/\/schema.org\",\"@graph\":[{\"@type\":\"WebSite\",\"@id\":\"https:\/\/www.radiomanchester.com.br\/fm\/#website\",\"url\":\"https:\/\/www.radiomanchester.com.br\/fm\/\",\"name\":\"Manchester FM 93,3\",\"description\":\"Todo Mundo Ouve!\",\"potentialAction\":[{\"@type\":\"SearchAction\",\"target\":{\"@type\":\"EntryPoint\",\"urlTemplate\":\"https:\/\/www.radiomanchester.com.br\/fm\/?s={search_term_string}\"},\"query-input\":\"required name=search_term_string\"}],\"inLanguage\":\"pt-BR\"},{\"@type\":\"WebPage\",\"@id\":\"https:\/\/www.radiomanchester.com.br\/fm\/israel-diz-ter-sinais-de-que-ali-khamenei-morreu-em-ataque\/#webpage\",\"url\":\"https:\/\/www.radiomanchester.com.br\/fm\/israel-diz-ter-sinais-de-que-ali-khamenei-morreu-em-ataque\/\",\"name\":\"Israel diz ter \u201csinais\u201d de que Ali Khamenei morreu em ataque - Manchester FM 93,3\",\"isPartOf\":{\"@id\":\"https:\/\/www.radiomanchester.com.br\/fm\/#website\"},\"datePublished\":\"2026-02-28T21:47:17+00:00\",\"dateModified\":\"2026-02-28T21:47:19+00:00\",\"author\":{\"@id\":\"https:\/\/www.radiomanchester.com.br\/fm\/#\/schema\/person\/408a7b4d4e32cbebd90e2782852abca3\"},\"breadcrumb\":{\"@id\":\"https:\/\/www.radiomanchester.com.br\/fm\/israel-diz-ter-sinais-de-que-ali-khamenei-morreu-em-ataque\/#breadcrumb\"},\"inLanguage\":\"pt-BR\",\"potentialAction\":[{\"@type\":\"ReadAction\",\"target\":[\"https:\/\/www.radiomanchester.com.br\/fm\/israel-diz-ter-sinais-de-que-ali-khamenei-morreu-em-ataque\/\"]}]},{\"@type\":\"BreadcrumbList\",\"@id\":\"https:\/\/www.radiomanchester.com.br\/fm\/israel-diz-ter-sinais-de-que-ali-khamenei-morreu-em-ataque\/#breadcrumb\",\"itemListElement\":[{\"@type\":\"ListItem\",\"position\":1,\"name\":\"Home\",\"item\":\"https:\/\/www.radiomanchester.com.br\/fm\/\"},{\"@type\":\"ListItem\",\"position\":2,\"name\":\"Israel diz ter \u201csinais\u201d de que Ali Khamenei morreu em ataque\"}]},{\"@type\":\"Person\",\"@id\":\"https:\/\/www.radiomanchester.com.br\/fm\/#\/schema\/person\/408a7b4d4e32cbebd90e2782852abca3\",\"name\":\"admin\",\"image\":{\"@type\":\"ImageObject\",\"@id\":\"https:\/\/www.radiomanchester.com.br\/fm\/#personlogo\",\"inLanguage\":\"pt-BR\",\"url\":\"https:\/\/secure.gravatar.com\/avatar\/115a974dba3376872eb3addeb276301c?s=96&d=mm&r=g\",\"contentUrl\":\"https:\/\/secure.gravatar.com\/avatar\/115a974dba3376872eb3addeb276301c?s=96&d=mm&r=g\",\"caption\":\"admin\"},\"url\":\"https:\/\/www.radiomanchester.com.br\/fm\/author\/admin\/\"}]}<\/script>\n<!-- \/ Yoast SEO plugin. -->","yoast_head_json":{"title":"Israel diz ter \u201csinais\u201d de que Ali Khamenei morreu em ataque - Manchester FM 93,3","robots":{"index":"index","follow":"follow","max-snippet":"max-snippet:-1","max-image-preview":"max-image-preview:large","max-video-preview":"max-video-preview:-1"},"canonical":"https:\/\/www.radiomanchester.com.br\/fm\/israel-diz-ter-sinais-de-que-ali-khamenei-morreu-em-ataque\/","og_locale":"pt_BR","og_type":"article","og_title":"Israel diz ter \u201csinais\u201d de que Ali Khamenei morreu em ataque - Manchester FM 93,3","og_description":"O primeiro-ministro de Israel, Benjamin Netanyahu, disse ter \u201csinais\u201d de que o l\u00edder supremo do Ir\u00e3, Ali Khamenei, morreu durante os ataques coordenados pelos Estados Unidos e o ex\u00e9rcito israelense, neste s\u00e1bado (28\/02), \u00e0 capital Teer\u00e3. O paradeiro de Khamenei \u00e9 desconhecido. Em um pronunciamento \u00e0 popula\u00e7\u00e3o, o premi\u00ea afirmou que h\u00e1 \u201cv\u00e1rios sinais\u201d de [&hellip;]","og_url":"https:\/\/www.radiomanchester.com.br\/fm\/israel-diz-ter-sinais-de-que-ali-khamenei-morreu-em-ataque\/","og_site_name":"Manchester FM 93,3","article_published_time":"2026-02-28T21:47:17+00:00","article_modified_time":"2026-02-28T21:47:19+00:00","twitter_card":"summary_large_image","twitter_misc":{"Escrito por":"admin","Est. tempo de leitura":"2 minutos"},"schema":{"@context":"https:\/\/schema.org","@graph":[{"@type":"WebSite","@id":"https:\/\/www.radiomanchester.com.br\/fm\/#website","url":"https:\/\/www.radiomanchester.com.br\/fm\/","name":"Manchester FM 93,3","description":"Todo Mundo Ouve!","potentialAction":[{"@type":"SearchAction","target":{"@type":"EntryPoint","urlTemplate":"https:\/\/www.radiomanchester.com.br\/fm\/?s={search_term_string}"},"query-input":"required name=search_term_string"}],"inLanguage":"pt-BR"},{"@type":"WebPage","@id":"https:\/\/www.radiomanchester.com.br\/fm\/israel-diz-ter-sinais-de-que-ali-khamenei-morreu-em-ataque\/#webpage","url":"https:\/\/www.radiomanchester.com.br\/fm\/israel-diz-ter-sinais-de-que-ali-khamenei-morreu-em-ataque\/","name":"Israel diz ter \u201csinais\u201d de que Ali Khamenei morreu em ataque - Manchester FM 93,3","isPartOf":{"@id":"https:\/\/www.radiomanchester.com.br\/fm\/#website"},"datePublished":"2026-02-28T21:47:17+00:00","dateModified":"2026-02-28T21:47:19+00:00","author":{"@id":"https:\/\/www.radiomanchester.com.br\/fm\/#\/schema\/person\/408a7b4d4e32cbebd90e2782852abca3"},"breadcrumb":{"@id":"https:\/\/www.radiomanchester.com.br\/fm\/israel-diz-ter-sinais-de-que-ali-khamenei-morreu-em-ataque\/#breadcrumb"},"inLanguage":"pt-BR","potentialAction":[{"@type":"ReadAction","target":["https:\/\/www.radiomanchester.com.br\/fm\/israel-diz-ter-sinais-de-que-ali-khamenei-morreu-em-ataque\/"]}]},{"@type":"BreadcrumbList","@id":"https:\/\/www.radiomanchester.com.br\/fm\/israel-diz-ter-sinais-de-que-ali-khamenei-morreu-em-ataque\/#breadcrumb","itemListElement":[{"@type":"ListItem","position":1,"name":"Home","item":"https:\/\/www.radiomanchester.com.br\/fm\/"},{"@type":"ListItem","position":2,"name":"Israel diz ter \u201csinais\u201d de que Ali Khamenei morreu em ataque"}]},{"@type":"Person","@id":"https:\/\/www.radiomanchester.com.br\/fm\/#\/schema\/person\/408a7b4d4e32cbebd90e2782852abca3","name":"admin","image":{"@type":"ImageObject","@id":"https:\/\/www.radiomanchester.com.br\/fm\/#personlogo","inLanguage":"pt-BR","url":"https:\/\/secure.gravatar.com\/avatar\/115a974dba3376872eb3addeb276301c?s=96&d=mm&r=g","contentUrl":"https:\/\/secure.gravatar.com\/avatar\/115a974dba3376872eb3addeb276301c?s=96&d=mm&r=g","caption":"admin"},"url":"https:\/\/www.radiomanchester.com.br\/fm\/author\/admin\/"}]}},"_links":{"self":[{"href":"https:\/\/www.radiomanchester.com.br\/fm\/wp-json\/wp\/v2\/posts\/17408"}],"collection":[{"href":"https:\/\/www.radiomanchester.com.br\/fm\/wp-json\/wp\/v2\/posts"}],"about":[{"href":"https:\/\/www.radiomanchester.com.br\/fm\/wp-json\/wp\/v2\/types\/post"}],"author":[{"embeddable":true,"href":"https:\/\/www.radiomanchester.com.br\/fm\/wp-json\/wp\/v2\/users\/1"}],"replies":[{"embeddable":true,"href":"https:\/\/www.radiomanchester.com.br\/fm\/wp-json\/wp\/v2\/comments?post=17408"}],"version-history":[{"count":1,"href":"https:\/\/www.radiomanchester.com.br\/fm\/wp-json\/wp\/v2\/posts\/17408\/revisions"}],"predecessor-version":[{"id":17409,"href":"https:\/\/www.radiomanchester.com.br\/fm\/wp-json\/wp\/v2\/posts\/17408\/revisions\/17409"}],"wp:attachment":[{"href":"https:\/\/www.radiomanchester.com.br\/fm\/wp-json\/wp\/v2\/media?parent=17408"}],"wp:term":[{"taxonomy":"category","embeddable":true,"href":"https:\/\/www.radiomanchester.com.br\/fm\/wp-json\/wp\/v2\/categories?post=17408"},{"taxonomy":"post_tag","embeddable":true,"href":"https:\/\/www.radiomanchester.com.br\/fm\/wp-json\/wp\/v2\/tags?post=17408"}],"curies":[{"name":"wp","href":"https:\/\/api.w.org\/{rel}","templated":true}]}}