{"id":17421,"date":"2026-03-01T16:45:50","date_gmt":"2026-03-01T19:45:50","guid":{"rendered":"https:\/\/www.radiomanchester.com.br\/fm\/?p=17421"},"modified":"2026-03-01T16:52:21","modified_gmt":"2026-03-01T19:52:21","slug":"sobe-para-72-o-numero-de-mortos-nas-chuvas-em-minas-gerais","status":"publish","type":"post","link":"https:\/\/www.radiomanchester.com.br\/fm\/sobe-para-72-o-numero-de-mortos-nas-chuvas-em-minas-gerais\/","title":{"rendered":"Sobe para 72 o n\u00famero de mortos nas chuvas em Minas Gerais"},"content":{"rendered":"\n<p><em><strong>Uma pessoa continua desaparecida em Ub\u00e1, segundo Pol\u00edcia Civil<\/strong><\/em><\/p>\n\n\n\n<hr class=\"wp-block-separator\"\/>\n\n\n\n<p>O n\u00famero de mortes causadas por deslizamentos e enchentes desencadeados pelas chuvas desta semana na Zona da Mata de Minas Gerais chegou a 72 na manh\u00e3 deste domingo (1\u00b0\/03). As informa\u00e7\u00f5es foram atualizadas em uma entrevista coletiva \u00e0 imprensa, pela Pol\u00edcia Civil de Minas Gerais.<\/p>\n\n\n\n<p>Segundo a corpora\u00e7\u00e3o, 72 corpos foram encaminhados ao Instituto M\u00e9dico Legal (IML), sendo sete de moradores de Ub\u00e1 e 65, de Juiz de Fora.<\/p>\n\n\n\n<p>Uma pessoa segue desaparecida em Ub\u00e1, onde as buscas ser\u00e3o intensificadas. Em Juiz de Fora, o corpo do \u00faltimo desaparecido, o menino Pietro, de 9 anos, foi encontrado na noite de s\u00e1bado (28), no bairro Paineiras. As buscas na cidade foram encerradas.<\/p>\n\n\n\n<p>Desde a noite de segunda-feira (23), somente o Corpo de Bombeiros Militar de Minas Gerais localizou 61 corpos em Juiz de Fora e sete em Ub\u00e1. As for\u00e7as relataram trabalhos exaustivos, em terrenos \u00edngremes e inst\u00e1veis.<\/p>\n\n\n\n<p>Ao todo, 51 pessoas em Juiz de Fora e 145 em Ub\u00e1 foram resgatadas com vida. Segundo a prefeitura de Juiz de Fora, mais de 8,5 mil pessoas seguem desalojadas ou desabrigadas e, de acordo com a Defesa Civil, mais de 400, em Ub\u00e1, perderam ou est\u00e3o sem acesso \u00e0 pr\u00f3pria casa.<\/p>\n\n\n\n<p>Em um esfor\u00e7o conjunto, as Defesas Civis municipais, estadual e federal se concentram agora na vistoria dos im\u00f3veis em locais de risco e pedem a colabora\u00e7\u00e3o da popula\u00e7\u00e3o local.<\/p>\n\n\n\n<p>A Pol\u00edcia Militar informou que refor\u00e7ar\u00e1 o policiamento dos im\u00f3veis atingidos pelas chuvas e tamb\u00e9m daqueles que est\u00e3o em risco, al\u00e9m de proteger as fam\u00edlias que est\u00e3o nos abrigos das cidades.<\/p>\n\n\n\n<p>J\u00e1 a Pol\u00edcia Civil segue trabalhando principalmente em tr\u00eas frentes: na libera\u00e7\u00e3o dos corpos identificados, para que sejam velados pelas fam\u00edlias, em mutir\u00f5es para a emiss\u00e3o de documentos para a popula\u00e7\u00e3o e no combate a golpes.<\/p>\n\n\n\n<p>A corpora\u00e7\u00e3o refor\u00e7ou que \u00e9 necess\u00e1rio cuidado ao fazer doa\u00e7\u00f5es, especialmente por Pix, para contas desconhecidas. Quem deseja ajudar, deve procurar canais oficiais e buscar orienta\u00e7\u00f5es das prefeituras.<\/p>\n\n\n\n<p>porAg\u00eancia Brasil<\/p>\n","protected":false},"excerpt":{"rendered":"<p class=\"excerpt\">Uma pessoa continua desaparecida em Ub\u00e1, segundo Pol\u00edcia Civil O n\u00famero de mortes causadas por deslizamentos e enchentes desencadeados pelas chuvas desta semana na Zona da Mata de Minas Gerais chegou a 72 na manh\u00e3 deste domingo (1\u00b0\/03). As informa\u00e7\u00f5es foram atualizadas em uma entrevista coletiva \u00e0 imprensa, pela Pol\u00edcia Civil de Minas Gerais. Segundo [&hellip;]<\/p>\n","protected":false},"author":1,"featured_media":0,"comment_status":"open","ping_status":"open","sticky":false,"template":"","format":"standard","meta":[],"categories":[8,17],"tags":[22,24,113,83,92],"yoast_head":"<!-- This site is optimized with the Yoast SEO plugin v18.3 - https:\/\/yoast.com\/wordpress\/plugins\/seo\/ -->\n<title>Sobe para 72 o n\u00famero de mortos nas chuvas em Minas Gerais - Manchester FM 93,3<\/title>\n<meta name=\"robots\" content=\"index, follow, max-snippet:-1, max-image-preview:large, max-video-preview:-1\" \/>\n<link rel=\"canonical\" href=\"https:\/\/www.radiomanchester.com.br\/fm\/sobe-para-72-o-numero-de-mortos-nas-chuvas-em-minas-gerais\/\" \/>\n<meta property=\"og:locale\" content=\"pt_BR\" \/>\n<meta property=\"og:type\" content=\"article\" \/>\n<meta property=\"og:title\" content=\"Sobe para 72 o n\u00famero de mortos nas chuvas em Minas Gerais - Manchester FM 93,3\" \/>\n<meta property=\"og:description\" content=\"Uma pessoa continua desaparecida em Ub\u00e1, segundo Pol\u00edcia Civil O n\u00famero de mortes causadas por deslizamentos e enchentes desencadeados pelas chuvas desta semana na Zona da Mata de Minas Gerais chegou a 72 na manh\u00e3 deste domingo (1\u00b0\/03). As informa\u00e7\u00f5es foram atualizadas em uma entrevista coletiva \u00e0 imprensa, pela Pol\u00edcia Civil de Minas Gerais. Segundo [&hellip;]\" \/>\n<meta property=\"og:url\" content=\"https:\/\/www.radiomanchester.com.br\/fm\/sobe-para-72-o-numero-de-mortos-nas-chuvas-em-minas-gerais\/\" \/>\n<meta property=\"og:site_name\" content=\"Manchester FM 93,3\" \/>\n<meta property=\"article:published_time\" content=\"2026-03-01T19:45:50+00:00\" \/>\n<meta property=\"article:modified_time\" content=\"2026-03-01T19:52:21+00:00\" \/>\n<meta name=\"twitter:card\" content=\"summary_large_image\" \/>\n<meta name=\"twitter:label1\" content=\"Escrito por\" \/>\n\t<meta name=\"twitter:data1\" content=\"admin\" \/>\n\t<meta name=\"twitter:label2\" content=\"Est. tempo de leitura\" \/>\n\t<meta name=\"twitter:data2\" content=\"2 minutos\" \/>\n<script type=\"application\/ld+json\" class=\"yoast-schema-graph\">{\"@context\":\"https:\/\/schema.org\",\"@graph\":[{\"@type\":\"WebSite\",\"@id\":\"https:\/\/www.radiomanchester.com.br\/fm\/#website\",\"url\":\"https:\/\/www.radiomanchester.com.br\/fm\/\",\"name\":\"Manchester FM 93,3\",\"description\":\"Todo Mundo Ouve!\",\"potentialAction\":[{\"@type\":\"SearchAction\",\"target\":{\"@type\":\"EntryPoint\",\"urlTemplate\":\"https:\/\/www.radiomanchester.com.br\/fm\/?s={search_term_string}\"},\"query-input\":\"required name=search_term_string\"}],\"inLanguage\":\"pt-BR\"},{\"@type\":\"WebPage\",\"@id\":\"https:\/\/www.radiomanchester.com.br\/fm\/sobe-para-72-o-numero-de-mortos-nas-chuvas-em-minas-gerais\/#webpage\",\"url\":\"https:\/\/www.radiomanchester.com.br\/fm\/sobe-para-72-o-numero-de-mortos-nas-chuvas-em-minas-gerais\/\",\"name\":\"Sobe para 72 o n\u00famero de mortos nas chuvas em Minas Gerais - Manchester FM 93,3\",\"isPartOf\":{\"@id\":\"https:\/\/www.radiomanchester.com.br\/fm\/#website\"},\"datePublished\":\"2026-03-01T19:45:50+00:00\",\"dateModified\":\"2026-03-01T19:52:21+00:00\",\"author\":{\"@id\":\"https:\/\/www.radiomanchester.com.br\/fm\/#\/schema\/person\/408a7b4d4e32cbebd90e2782852abca3\"},\"breadcrumb\":{\"@id\":\"https:\/\/www.radiomanchester.com.br\/fm\/sobe-para-72-o-numero-de-mortos-nas-chuvas-em-minas-gerais\/#breadcrumb\"},\"inLanguage\":\"pt-BR\",\"potentialAction\":[{\"@type\":\"ReadAction\",\"target\":[\"https:\/\/www.radiomanchester.com.br\/fm\/sobe-para-72-o-numero-de-mortos-nas-chuvas-em-minas-gerais\/\"]}]},{\"@type\":\"BreadcrumbList\",\"@id\":\"https:\/\/www.radiomanchester.com.br\/fm\/sobe-para-72-o-numero-de-mortos-nas-chuvas-em-minas-gerais\/#breadcrumb\",\"itemListElement\":[{\"@type\":\"ListItem\",\"position\":1,\"name\":\"Home\",\"item\":\"https:\/\/www.radiomanchester.com.br\/fm\/\"},{\"@type\":\"ListItem\",\"position\":2,\"name\":\"Sobe para 72 o n\u00famero de mortos nas chuvas em Minas Gerais\"}]},{\"@type\":\"Person\",\"@id\":\"https:\/\/www.radiomanchester.com.br\/fm\/#\/schema\/person\/408a7b4d4e32cbebd90e2782852abca3\",\"name\":\"admin\",\"image\":{\"@type\":\"ImageObject\",\"@id\":\"https:\/\/www.radiomanchester.com.br\/fm\/#personlogo\",\"inLanguage\":\"pt-BR\",\"url\":\"https:\/\/secure.gravatar.com\/avatar\/115a974dba3376872eb3addeb276301c?s=96&d=mm&r=g\",\"contentUrl\":\"https:\/\/secure.gravatar.com\/avatar\/115a974dba3376872eb3addeb276301c?s=96&d=mm&r=g\",\"caption\":\"admin\"},\"url\":\"https:\/\/www.radiomanchester.com.br\/fm\/author\/admin\/\"}]}<\/script>\n<!-- \/ Yoast SEO plugin. -->","yoast_head_json":{"title":"Sobe para 72 o n\u00famero de mortos nas chuvas em Minas Gerais - Manchester FM 93,3","robots":{"index":"index","follow":"follow","max-snippet":"max-snippet:-1","max-image-preview":"max-image-preview:large","max-video-preview":"max-video-preview:-1"},"canonical":"https:\/\/www.radiomanchester.com.br\/fm\/sobe-para-72-o-numero-de-mortos-nas-chuvas-em-minas-gerais\/","og_locale":"pt_BR","og_type":"article","og_title":"Sobe para 72 o n\u00famero de mortos nas chuvas em Minas Gerais - Manchester FM 93,3","og_description":"Uma pessoa continua desaparecida em Ub\u00e1, segundo Pol\u00edcia Civil O n\u00famero de mortes causadas por deslizamentos e enchentes desencadeados pelas chuvas desta semana na Zona da Mata de Minas Gerais chegou a 72 na manh\u00e3 deste domingo (1\u00b0\/03). As informa\u00e7\u00f5es foram atualizadas em uma entrevista coletiva \u00e0 imprensa, pela Pol\u00edcia Civil de Minas Gerais. Segundo [&hellip;]","og_url":"https:\/\/www.radiomanchester.com.br\/fm\/sobe-para-72-o-numero-de-mortos-nas-chuvas-em-minas-gerais\/","og_site_name":"Manchester FM 93,3","article_published_time":"2026-03-01T19:45:50+00:00","article_modified_time":"2026-03-01T19:52:21+00:00","twitter_card":"summary_large_image","twitter_misc":{"Escrito por":"admin","Est. tempo de leitura":"2 minutos"},"schema":{"@context":"https:\/\/schema.org","@graph":[{"@type":"WebSite","@id":"https:\/\/www.radiomanchester.com.br\/fm\/#website","url":"https:\/\/www.radiomanchester.com.br\/fm\/","name":"Manchester FM 93,3","description":"Todo Mundo Ouve!","potentialAction":[{"@type":"SearchAction","target":{"@type":"EntryPoint","urlTemplate":"https:\/\/www.radiomanchester.com.br\/fm\/?s={search_term_string}"},"query-input":"required name=search_term_string"}],"inLanguage":"pt-BR"},{"@type":"WebPage","@id":"https:\/\/www.radiomanchester.com.br\/fm\/sobe-para-72-o-numero-de-mortos-nas-chuvas-em-minas-gerais\/#webpage","url":"https:\/\/www.radiomanchester.com.br\/fm\/sobe-para-72-o-numero-de-mortos-nas-chuvas-em-minas-gerais\/","name":"Sobe para 72 o n\u00famero de mortos nas chuvas em Minas Gerais - Manchester FM 93,3","isPartOf":{"@id":"https:\/\/www.radiomanchester.com.br\/fm\/#website"},"datePublished":"2026-03-01T19:45:50+00:00","dateModified":"2026-03-01T19:52:21+00:00","author":{"@id":"https:\/\/www.radiomanchester.com.br\/fm\/#\/schema\/person\/408a7b4d4e32cbebd90e2782852abca3"},"breadcrumb":{"@id":"https:\/\/www.radiomanchester.com.br\/fm\/sobe-para-72-o-numero-de-mortos-nas-chuvas-em-minas-gerais\/#breadcrumb"},"inLanguage":"pt-BR","potentialAction":[{"@type":"ReadAction","target":["https:\/\/www.radiomanchester.com.br\/fm\/sobe-para-72-o-numero-de-mortos-nas-chuvas-em-minas-gerais\/"]}]},{"@type":"BreadcrumbList","@id":"https:\/\/www.radiomanchester.com.br\/fm\/sobe-para-72-o-numero-de-mortos-nas-chuvas-em-minas-gerais\/#breadcrumb","itemListElement":[{"@type":"ListItem","position":1,"name":"Home","item":"https:\/\/www.radiomanchester.com.br\/fm\/"},{"@type":"ListItem","position":2,"name":"Sobe para 72 o n\u00famero de mortos nas chuvas em Minas Gerais"}]},{"@type":"Person","@id":"https:\/\/www.radiomanchester.com.br\/fm\/#\/schema\/person\/408a7b4d4e32cbebd90e2782852abca3","name":"admin","image":{"@type":"ImageObject","@id":"https:\/\/www.radiomanchester.com.br\/fm\/#personlogo","inLanguage":"pt-BR","url":"https:\/\/secure.gravatar.com\/avatar\/115a974dba3376872eb3addeb276301c?s=96&d=mm&r=g","contentUrl":"https:\/\/secure.gravatar.com\/avatar\/115a974dba3376872eb3addeb276301c?s=96&d=mm&r=g","caption":"admin"},"url":"https:\/\/www.radiomanchester.com.br\/fm\/author\/admin\/"}]}},"_links":{"self":[{"href":"https:\/\/www.radiomanchester.com.br\/fm\/wp-json\/wp\/v2\/posts\/17421"}],"collection":[{"href":"https:\/\/www.radiomanchester.com.br\/fm\/wp-json\/wp\/v2\/posts"}],"about":[{"href":"https:\/\/www.radiomanchester.com.br\/fm\/wp-json\/wp\/v2\/types\/post"}],"author":[{"embeddable":true,"href":"https:\/\/www.radiomanchester.com.br\/fm\/wp-json\/wp\/v2\/users\/1"}],"replies":[{"embeddable":true,"href":"https:\/\/www.radiomanchester.com.br\/fm\/wp-json\/wp\/v2\/comments?post=17421"}],"version-history":[{"count":2,"href":"https:\/\/www.radiomanchester.com.br\/fm\/wp-json\/wp\/v2\/posts\/17421\/revisions"}],"predecessor-version":[{"id":17424,"href":"https:\/\/www.radiomanchester.com.br\/fm\/wp-json\/wp\/v2\/posts\/17421\/revisions\/17424"}],"wp:attachment":[{"href":"https:\/\/www.radiomanchester.com.br\/fm\/wp-json\/wp\/v2\/media?parent=17421"}],"wp:term":[{"taxonomy":"category","embeddable":true,"href":"https:\/\/www.radiomanchester.com.br\/fm\/wp-json\/wp\/v2\/categories?post=17421"},{"taxonomy":"post_tag","embeddable":true,"href":"https:\/\/www.radiomanchester.com.br\/fm\/wp-json\/wp\/v2\/tags?post=17421"}],"curies":[{"name":"wp","href":"https:\/\/api.w.org\/{rel}","templated":true}]}}