{"id":17431,"date":"2026-03-03T07:00:00","date_gmt":"2026-03-03T10:00:00","guid":{"rendered":"https:\/\/www.radiomanchester.com.br\/fm\/?p=17431"},"modified":"2026-03-02T20:23:05","modified_gmt":"2026-03-02T23:23:05","slug":"prefeitura-planeja-intervencoes-para-desafogar-transito-do-trevo-da-havan","status":"publish","type":"post","link":"https:\/\/www.radiomanchester.com.br\/fm\/prefeitura-planeja-intervencoes-para-desafogar-transito-do-trevo-da-havan\/","title":{"rendered":"Prefeitura planeja interven\u00e7\u00f5es para desafogar tr\u00e2nsito do Trevo da Havan"},"content":{"rendered":"\n<p><\/p>\n\n\n\n<p>A Prefeitura de An\u00e1polis, por meio da Secretaria de Obras, Habita\u00e7\u00e3o, Planejamento Urbano e Meio Ambiente e da Companhia Municipal de Tr\u00e2nsito e Transporte (CMTT), est\u00e1 desenvolvendo um estudo para desafogar o tr\u00e2nsito do viaduto Miguel Moreira Braga \u2013 conhecido popularmente como trevo da Havan.<\/p>\n\n\n\n<p>De acordo com o presidente da CMTT, Igor Lino, o primeiro passo \u00e9 buscar uma solu\u00e7\u00e3o paliativa, semelhantes as a\u00e7\u00f5es realizadas no Viaduto Ayrton Senna e do Recanto do Sol \u2013 como alargamento da pista. Por\u00e9m, Igor informa que a situa\u00e7\u00e3o do local \u00e9 considerada mais complexa em fun\u00e7\u00e3o do intenso fluxo de ve\u00edculos do importante entroncamento das BRs-153 e 060.<\/p>\n\n\n\n<p>&#8220;Contratamos microssimula\u00e7\u00e3o de tr\u00e1fego e estamos estudando uma forma de viabilizar altera\u00e7\u00f5es dentro do territ\u00f3rio da cidade, sem interferir na \u00e1rea da Uni\u00e3o para tentarmos dar uma melhor fluidez na regi\u00e3o&#8221;, explicou.<\/p>\n\n\n\n<p>Essa interven\u00e7\u00e3o ir\u00e1 somar a uma obra de maior lastro. O secret\u00e1rio de Obras, Thiago de S\u00e1, explica que houve uma reuni\u00e3o com as equipes da EcoVias Araguaia (que \u00e9 a concession\u00e1ria atua no entroncamento) e da Ag\u00eancia Nacional de Transportes Terrestres (ANTT), no intuito de antecipar a constru\u00e7\u00e3o de uma trincheira prevista para 2040, de acordo com as normas contratuais da concess\u00e3o. Essa infraestrutura vai garantir acesso direto para a Regi\u00e3o Norte da BR-153.<\/p>\n\n\n\n<p>\u201cEles t\u00eam um compromisso de antecipar, mas precisam acertar projetos ambientais e, como o Anel Vi\u00e1rio do DAIA desemboca naquela regi\u00e3o, eles tamb\u00e9m ter\u00e3o que rever esse projeto estrutural\u201d, explicou.<\/p>\n\n\n\n<p>Thiago adianta ainda que est\u00e1 em fase adiantada o projeto para estender o Anel Vi\u00e1rio Duplicado do Daia, inaugurado no \u00faltimo s\u00e1bado (28), at\u00e9 a BR-060 \u2013 na altura da Churrascaria Catarinense. \u201cEstamos com esse compromisso com a Goinfra de fazemos o projeto, que j\u00e1 est\u00e1 em fase adiantada\u201d, diz.<\/p>\n","protected":false},"excerpt":{"rendered":"<p class=\"excerpt\">A Prefeitura de An\u00e1polis, por meio da Secretaria de Obras, Habita\u00e7\u00e3o, Planejamento Urbano e Meio Ambiente e da Companhia Municipal de Tr\u00e2nsito e Transporte (CMTT), est\u00e1 desenvolvendo um estudo para desafogar o tr\u00e2nsito do viaduto Miguel Moreira Braga \u2013 conhecido popularmente como trevo da Havan. De acordo com o presidente da CMTT, Igor Lino, o [&hellip;]<\/p>\n","protected":false},"author":1,"featured_media":0,"comment_status":"open","ping_status":"open","sticky":false,"template":"","format":"standard","meta":[],"categories":[8,17],"tags":[22,24,113,83,129,92],"yoast_head":"<!-- This site is optimized with the Yoast SEO plugin v18.3 - https:\/\/yoast.com\/wordpress\/plugins\/seo\/ -->\n<title>Prefeitura planeja interven\u00e7\u00f5es para desafogar tr\u00e2nsito do Trevo da Havan - Manchester FM 93,3<\/title>\n<meta name=\"robots\" content=\"index, follow, max-snippet:-1, max-image-preview:large, max-video-preview:-1\" \/>\n<link rel=\"canonical\" href=\"https:\/\/www.radiomanchester.com.br\/fm\/prefeitura-planeja-intervencoes-para-desafogar-transito-do-trevo-da-havan\/\" \/>\n<meta property=\"og:locale\" content=\"pt_BR\" \/>\n<meta property=\"og:type\" content=\"article\" \/>\n<meta property=\"og:title\" content=\"Prefeitura planeja interven\u00e7\u00f5es para desafogar tr\u00e2nsito do Trevo da Havan - Manchester FM 93,3\" \/>\n<meta property=\"og:description\" content=\"A Prefeitura de An\u00e1polis, por meio da Secretaria de Obras, Habita\u00e7\u00e3o, Planejamento Urbano e Meio Ambiente e da Companhia Municipal de Tr\u00e2nsito e Transporte (CMTT), est\u00e1 desenvolvendo um estudo para desafogar o tr\u00e2nsito do viaduto Miguel Moreira Braga \u2013 conhecido popularmente como trevo da Havan. De acordo com o presidente da CMTT, Igor Lino, o [&hellip;]\" \/>\n<meta property=\"og:url\" content=\"https:\/\/www.radiomanchester.com.br\/fm\/prefeitura-planeja-intervencoes-para-desafogar-transito-do-trevo-da-havan\/\" \/>\n<meta property=\"og:site_name\" content=\"Manchester FM 93,3\" \/>\n<meta property=\"article:published_time\" content=\"2026-03-03T10:00:00+00:00\" \/>\n<meta property=\"article:modified_time\" content=\"2026-03-02T23:23:05+00:00\" \/>\n<meta name=\"twitter:card\" content=\"summary_large_image\" \/>\n<meta name=\"twitter:label1\" content=\"Escrito por\" \/>\n\t<meta name=\"twitter:data1\" content=\"admin\" \/>\n\t<meta name=\"twitter:label2\" content=\"Est. tempo de leitura\" \/>\n\t<meta name=\"twitter:data2\" content=\"2 minutos\" \/>\n<script type=\"application\/ld+json\" class=\"yoast-schema-graph\">{\"@context\":\"https:\/\/schema.org\",\"@graph\":[{\"@type\":\"WebSite\",\"@id\":\"https:\/\/www.radiomanchester.com.br\/fm\/#website\",\"url\":\"https:\/\/www.radiomanchester.com.br\/fm\/\",\"name\":\"Manchester FM 93,3\",\"description\":\"Todo Mundo Ouve!\",\"potentialAction\":[{\"@type\":\"SearchAction\",\"target\":{\"@type\":\"EntryPoint\",\"urlTemplate\":\"https:\/\/www.radiomanchester.com.br\/fm\/?s={search_term_string}\"},\"query-input\":\"required name=search_term_string\"}],\"inLanguage\":\"pt-BR\"},{\"@type\":\"WebPage\",\"@id\":\"https:\/\/www.radiomanchester.com.br\/fm\/prefeitura-planeja-intervencoes-para-desafogar-transito-do-trevo-da-havan\/#webpage\",\"url\":\"https:\/\/www.radiomanchester.com.br\/fm\/prefeitura-planeja-intervencoes-para-desafogar-transito-do-trevo-da-havan\/\",\"name\":\"Prefeitura planeja interven\u00e7\u00f5es para desafogar tr\u00e2nsito do Trevo da Havan - Manchester FM 93,3\",\"isPartOf\":{\"@id\":\"https:\/\/www.radiomanchester.com.br\/fm\/#website\"},\"datePublished\":\"2026-03-03T10:00:00+00:00\",\"dateModified\":\"2026-03-02T23:23:05+00:00\",\"author\":{\"@id\":\"https:\/\/www.radiomanchester.com.br\/fm\/#\/schema\/person\/408a7b4d4e32cbebd90e2782852abca3\"},\"breadcrumb\":{\"@id\":\"https:\/\/www.radiomanchester.com.br\/fm\/prefeitura-planeja-intervencoes-para-desafogar-transito-do-trevo-da-havan\/#breadcrumb\"},\"inLanguage\":\"pt-BR\",\"potentialAction\":[{\"@type\":\"ReadAction\",\"target\":[\"https:\/\/www.radiomanchester.com.br\/fm\/prefeitura-planeja-intervencoes-para-desafogar-transito-do-trevo-da-havan\/\"]}]},{\"@type\":\"BreadcrumbList\",\"@id\":\"https:\/\/www.radiomanchester.com.br\/fm\/prefeitura-planeja-intervencoes-para-desafogar-transito-do-trevo-da-havan\/#breadcrumb\",\"itemListElement\":[{\"@type\":\"ListItem\",\"position\":1,\"name\":\"Home\",\"item\":\"https:\/\/www.radiomanchester.com.br\/fm\/\"},{\"@type\":\"ListItem\",\"position\":2,\"name\":\"Prefeitura planeja interven\u00e7\u00f5es para desafogar tr\u00e2nsito do Trevo da Havan\"}]},{\"@type\":\"Person\",\"@id\":\"https:\/\/www.radiomanchester.com.br\/fm\/#\/schema\/person\/408a7b4d4e32cbebd90e2782852abca3\",\"name\":\"admin\",\"image\":{\"@type\":\"ImageObject\",\"@id\":\"https:\/\/www.radiomanchester.com.br\/fm\/#personlogo\",\"inLanguage\":\"pt-BR\",\"url\":\"https:\/\/secure.gravatar.com\/avatar\/115a974dba3376872eb3addeb276301c?s=96&d=mm&r=g\",\"contentUrl\":\"https:\/\/secure.gravatar.com\/avatar\/115a974dba3376872eb3addeb276301c?s=96&d=mm&r=g\",\"caption\":\"admin\"},\"url\":\"https:\/\/www.radiomanchester.com.br\/fm\/author\/admin\/\"}]}<\/script>\n<!-- \/ Yoast SEO plugin. -->","yoast_head_json":{"title":"Prefeitura planeja interven\u00e7\u00f5es para desafogar tr\u00e2nsito do Trevo da Havan - Manchester FM 93,3","robots":{"index":"index","follow":"follow","max-snippet":"max-snippet:-1","max-image-preview":"max-image-preview:large","max-video-preview":"max-video-preview:-1"},"canonical":"https:\/\/www.radiomanchester.com.br\/fm\/prefeitura-planeja-intervencoes-para-desafogar-transito-do-trevo-da-havan\/","og_locale":"pt_BR","og_type":"article","og_title":"Prefeitura planeja interven\u00e7\u00f5es para desafogar tr\u00e2nsito do Trevo da Havan - Manchester FM 93,3","og_description":"A Prefeitura de An\u00e1polis, por meio da Secretaria de Obras, Habita\u00e7\u00e3o, Planejamento Urbano e Meio Ambiente e da Companhia Municipal de Tr\u00e2nsito e Transporte (CMTT), est\u00e1 desenvolvendo um estudo para desafogar o tr\u00e2nsito do viaduto Miguel Moreira Braga \u2013 conhecido popularmente como trevo da Havan. De acordo com o presidente da CMTT, Igor Lino, o [&hellip;]","og_url":"https:\/\/www.radiomanchester.com.br\/fm\/prefeitura-planeja-intervencoes-para-desafogar-transito-do-trevo-da-havan\/","og_site_name":"Manchester FM 93,3","article_published_time":"2026-03-03T10:00:00+00:00","article_modified_time":"2026-03-02T23:23:05+00:00","twitter_card":"summary_large_image","twitter_misc":{"Escrito por":"admin","Est. tempo de leitura":"2 minutos"},"schema":{"@context":"https:\/\/schema.org","@graph":[{"@type":"WebSite","@id":"https:\/\/www.radiomanchester.com.br\/fm\/#website","url":"https:\/\/www.radiomanchester.com.br\/fm\/","name":"Manchester FM 93,3","description":"Todo Mundo Ouve!","potentialAction":[{"@type":"SearchAction","target":{"@type":"EntryPoint","urlTemplate":"https:\/\/www.radiomanchester.com.br\/fm\/?s={search_term_string}"},"query-input":"required name=search_term_string"}],"inLanguage":"pt-BR"},{"@type":"WebPage","@id":"https:\/\/www.radiomanchester.com.br\/fm\/prefeitura-planeja-intervencoes-para-desafogar-transito-do-trevo-da-havan\/#webpage","url":"https:\/\/www.radiomanchester.com.br\/fm\/prefeitura-planeja-intervencoes-para-desafogar-transito-do-trevo-da-havan\/","name":"Prefeitura planeja interven\u00e7\u00f5es para desafogar tr\u00e2nsito do Trevo da Havan - Manchester FM 93,3","isPartOf":{"@id":"https:\/\/www.radiomanchester.com.br\/fm\/#website"},"datePublished":"2026-03-03T10:00:00+00:00","dateModified":"2026-03-02T23:23:05+00:00","author":{"@id":"https:\/\/www.radiomanchester.com.br\/fm\/#\/schema\/person\/408a7b4d4e32cbebd90e2782852abca3"},"breadcrumb":{"@id":"https:\/\/www.radiomanchester.com.br\/fm\/prefeitura-planeja-intervencoes-para-desafogar-transito-do-trevo-da-havan\/#breadcrumb"},"inLanguage":"pt-BR","potentialAction":[{"@type":"ReadAction","target":["https:\/\/www.radiomanchester.com.br\/fm\/prefeitura-planeja-intervencoes-para-desafogar-transito-do-trevo-da-havan\/"]}]},{"@type":"BreadcrumbList","@id":"https:\/\/www.radiomanchester.com.br\/fm\/prefeitura-planeja-intervencoes-para-desafogar-transito-do-trevo-da-havan\/#breadcrumb","itemListElement":[{"@type":"ListItem","position":1,"name":"Home","item":"https:\/\/www.radiomanchester.com.br\/fm\/"},{"@type":"ListItem","position":2,"name":"Prefeitura planeja interven\u00e7\u00f5es para desafogar tr\u00e2nsito do Trevo da Havan"}]},{"@type":"Person","@id":"https:\/\/www.radiomanchester.com.br\/fm\/#\/schema\/person\/408a7b4d4e32cbebd90e2782852abca3","name":"admin","image":{"@type":"ImageObject","@id":"https:\/\/www.radiomanchester.com.br\/fm\/#personlogo","inLanguage":"pt-BR","url":"https:\/\/secure.gravatar.com\/avatar\/115a974dba3376872eb3addeb276301c?s=96&d=mm&r=g","contentUrl":"https:\/\/secure.gravatar.com\/avatar\/115a974dba3376872eb3addeb276301c?s=96&d=mm&r=g","caption":"admin"},"url":"https:\/\/www.radiomanchester.com.br\/fm\/author\/admin\/"}]}},"_links":{"self":[{"href":"https:\/\/www.radiomanchester.com.br\/fm\/wp-json\/wp\/v2\/posts\/17431"}],"collection":[{"href":"https:\/\/www.radiomanchester.com.br\/fm\/wp-json\/wp\/v2\/posts"}],"about":[{"href":"https:\/\/www.radiomanchester.com.br\/fm\/wp-json\/wp\/v2\/types\/post"}],"author":[{"embeddable":true,"href":"https:\/\/www.radiomanchester.com.br\/fm\/wp-json\/wp\/v2\/users\/1"}],"replies":[{"embeddable":true,"href":"https:\/\/www.radiomanchester.com.br\/fm\/wp-json\/wp\/v2\/comments?post=17431"}],"version-history":[{"count":1,"href":"https:\/\/www.radiomanchester.com.br\/fm\/wp-json\/wp\/v2\/posts\/17431\/revisions"}],"predecessor-version":[{"id":17432,"href":"https:\/\/www.radiomanchester.com.br\/fm\/wp-json\/wp\/v2\/posts\/17431\/revisions\/17432"}],"wp:attachment":[{"href":"https:\/\/www.radiomanchester.com.br\/fm\/wp-json\/wp\/v2\/media?parent=17431"}],"wp:term":[{"taxonomy":"category","embeddable":true,"href":"https:\/\/www.radiomanchester.com.br\/fm\/wp-json\/wp\/v2\/categories?post=17431"},{"taxonomy":"post_tag","embeddable":true,"href":"https:\/\/www.radiomanchester.com.br\/fm\/wp-json\/wp\/v2\/tags?post=17431"}],"curies":[{"name":"wp","href":"https:\/\/api.w.org\/{rel}","templated":true}]}}