{"id":17433,"date":"2026-03-03T18:07:33","date_gmt":"2026-03-03T21:07:33","guid":{"rendered":"https:\/\/www.radiomanchester.com.br\/fm\/?p=17433"},"modified":"2026-03-03T19:20:13","modified_gmt":"2026-03-03T22:20:13","slug":"frequentadores-aprovam-restricao-de-circulacao-de-bicicletas-no-parque-ipiranga","status":"publish","type":"post","link":"https:\/\/www.radiomanchester.com.br\/fm\/frequentadores-aprovam-restricao-de-circulacao-de-bicicletas-no-parque-ipiranga\/","title":{"rendered":"Frequentadores aprovam restri\u00e7\u00e3o de circula\u00e7\u00e3o de bicicletas no Parque Ipiranga"},"content":{"rendered":"\n<p><\/p>\n\n\n\n<p>A proposta \u00e9 garantir um ambiente mais organizado e seguro para as fam\u00edlias que frequentam o Parque Ipiranga. A medida de restringir a circula\u00e7\u00e3o de bicicletas no espa\u00e7o foi adotada pela Prefeitura de An\u00e1polis ap\u00f3s sucessivos relatos de acidentes e situa\u00e7\u00f5es de risco envolvendo ciclistas. A nova regra \u2014 que permite o uso apenas por crian\u00e7as acompanhadas pelos respons\u00e1veis, com bicicletas de at\u00e9 aro 20 \u2014 passa a vigorar ap\u00f3s a conclus\u00e3o da revitaliza\u00e7\u00e3o do espa\u00e7o p\u00fablico.<\/p>\n\n\n\n<p>As ocorr\u00eancias registradas envolveram principalmente manobras nas pistas internas e circula\u00e7\u00e3o em alta velocidade, o que elevava o risco de quedas e colis\u00f5es, colocando em perigo pedestres, crian\u00e7as e idosos que utilizam o parque para lazer e atividades f\u00edsicas.<\/p>\n\n\n\n<p>Para quem trabalha nas proximidades ou \u00e9 frequentador do parque, a decis\u00e3o era aguardada. O comerciante Dawison Andrade afirma que os acidentes eram frequentes e preocupantes. \u201cEssa mudan\u00e7a para tirar a pista de bicicleta j\u00e1 vinha sendo necess\u00e1ria. Teve muitos acidentes com pedestres, j\u00e1 atropelaram crian\u00e7a, j\u00e1 atropelaram idoso\u201d, relatou.<\/p>\n\n\n\n<p>S\u00e9rgio Ant\u00f4nio Gonzaga, que tamb\u00e9m \u00e9 comerciante na regi\u00e3o, diz que j\u00e1 presenciou diversas situa\u00e7\u00f5es de risco. \u201cEstava uma bagun\u00e7a. Tinha ciclista dando \u2018grau\u2019, andando s\u00f3 em uma roda. Agora vai ficar bem melhor\u201d, contou. Sandra Borges, frequentadora do parque, tamb\u00e9m acredita que a restri\u00e7\u00e3o \u00e9 positiva. \u201cA nova norma vai deixar o parque mais tranquilo e organizado\u201d comentou.<\/p>\n\n\n\n<p>Patr\u00edcia Alencar, que costuma ir ao local para correr, aprovou a medida. \u201cMuito bom, ainda mais para quem corre todo dia. A gente consegue manter o ritmo sem interrup\u00e7\u00e3o\u201d, elogiou.<\/p>\n\n\n\n<p>Agente respons\u00e1vel pela administra\u00e7\u00e3o do Parque Ipiranga, Krislainy Ferraz refor\u00e7a que os problemas s\u00e3o antigos e recorrentes. Segundo ela, vigias que trabalham no local j\u00e1 presenciaram diversas infra\u00e7\u00f5es cometidas por ciclistas, principalmente fora da \u00e1rea que era destinada a eles. \u201cFoi feita uma pista espec\u00edfica para bicicletas ao redor do parque, mas muitos n\u00e3o respeitavam. Nem na pr\u00f3pria pista respeitavam a velocidade. J\u00e1 tivemos colis\u00e3o de bicicleta com bicicleta por alta velocidade, um senhor caiu e quebrou o bra\u00e7o, crian\u00e7as j\u00e1 foram atropeladas na pista de caminhada e at\u00e9 perto do bebedouro e do parquinho\u201d, relatou.<\/p>\n\n\n\n<p>A Prefeitura de An\u00e1polis informa que a sinaliza\u00e7\u00e3o do Parque Ipiranga ser\u00e1 ampliada e refor\u00e7ada, al\u00e9m da continuidade das a\u00e7\u00f5es educativas para orientar os frequentadores sobre as novas regras. A proposta \u00e9 assegurar que o espa\u00e7o permane\u00e7a organizado e seguro, preservando seu perfil de conviv\u00eancia familiar e incentivo ao lazer e \u00e0 pr\u00e1tica de atividades f\u00edsicas.<\/p>\n","protected":false},"excerpt":{"rendered":"<p class=\"excerpt\">A proposta \u00e9 garantir um ambiente mais organizado e seguro para as fam\u00edlias que frequentam o Parque Ipiranga. A medida de restringir a circula\u00e7\u00e3o de bicicletas no espa\u00e7o foi adotada pela Prefeitura de An\u00e1polis ap\u00f3s sucessivos relatos de acidentes e situa\u00e7\u00f5es de risco envolvendo ciclistas. A nova regra \u2014 que permite o uso apenas por [&hellip;]<\/p>\n","protected":false},"author":1,"featured_media":0,"comment_status":"open","ping_status":"open","sticky":false,"template":"","format":"standard","meta":[],"categories":[8,17],"tags":[22,24,113,83,129,92],"yoast_head":"<!-- This site is optimized with the Yoast SEO plugin v18.3 - https:\/\/yoast.com\/wordpress\/plugins\/seo\/ -->\n<title>Frequentadores aprovam restri\u00e7\u00e3o de circula\u00e7\u00e3o de bicicletas no Parque Ipiranga - Manchester FM 93,3<\/title>\n<meta name=\"robots\" content=\"index, follow, max-snippet:-1, max-image-preview:large, max-video-preview:-1\" \/>\n<link rel=\"canonical\" href=\"https:\/\/www.radiomanchester.com.br\/fm\/frequentadores-aprovam-restricao-de-circulacao-de-bicicletas-no-parque-ipiranga\/\" \/>\n<meta property=\"og:locale\" content=\"pt_BR\" \/>\n<meta property=\"og:type\" content=\"article\" \/>\n<meta property=\"og:title\" content=\"Frequentadores aprovam restri\u00e7\u00e3o de circula\u00e7\u00e3o de bicicletas no Parque Ipiranga - Manchester FM 93,3\" \/>\n<meta property=\"og:description\" content=\"A proposta \u00e9 garantir um ambiente mais organizado e seguro para as fam\u00edlias que frequentam o Parque Ipiranga. A medida de restringir a circula\u00e7\u00e3o de bicicletas no espa\u00e7o foi adotada pela Prefeitura de An\u00e1polis ap\u00f3s sucessivos relatos de acidentes e situa\u00e7\u00f5es de risco envolvendo ciclistas. A nova regra \u2014 que permite o uso apenas por [&hellip;]\" \/>\n<meta property=\"og:url\" content=\"https:\/\/www.radiomanchester.com.br\/fm\/frequentadores-aprovam-restricao-de-circulacao-de-bicicletas-no-parque-ipiranga\/\" \/>\n<meta property=\"og:site_name\" content=\"Manchester FM 93,3\" \/>\n<meta property=\"article:published_time\" content=\"2026-03-03T21:07:33+00:00\" \/>\n<meta property=\"article:modified_time\" content=\"2026-03-03T22:20:13+00:00\" \/>\n<meta name=\"twitter:card\" content=\"summary_large_image\" \/>\n<meta name=\"twitter:label1\" content=\"Escrito por\" \/>\n\t<meta name=\"twitter:data1\" content=\"admin\" \/>\n\t<meta name=\"twitter:label2\" content=\"Est. tempo de leitura\" \/>\n\t<meta name=\"twitter:data2\" content=\"3 minutos\" \/>\n<script type=\"application\/ld+json\" class=\"yoast-schema-graph\">{\"@context\":\"https:\/\/schema.org\",\"@graph\":[{\"@type\":\"WebSite\",\"@id\":\"https:\/\/www.radiomanchester.com.br\/fm\/#website\",\"url\":\"https:\/\/www.radiomanchester.com.br\/fm\/\",\"name\":\"Manchester FM 93,3\",\"description\":\"Todo Mundo Ouve!\",\"potentialAction\":[{\"@type\":\"SearchAction\",\"target\":{\"@type\":\"EntryPoint\",\"urlTemplate\":\"https:\/\/www.radiomanchester.com.br\/fm\/?s={search_term_string}\"},\"query-input\":\"required name=search_term_string\"}],\"inLanguage\":\"pt-BR\"},{\"@type\":\"WebPage\",\"@id\":\"https:\/\/www.radiomanchester.com.br\/fm\/frequentadores-aprovam-restricao-de-circulacao-de-bicicletas-no-parque-ipiranga\/#webpage\",\"url\":\"https:\/\/www.radiomanchester.com.br\/fm\/frequentadores-aprovam-restricao-de-circulacao-de-bicicletas-no-parque-ipiranga\/\",\"name\":\"Frequentadores aprovam restri\u00e7\u00e3o de circula\u00e7\u00e3o de bicicletas no Parque Ipiranga - Manchester FM 93,3\",\"isPartOf\":{\"@id\":\"https:\/\/www.radiomanchester.com.br\/fm\/#website\"},\"datePublished\":\"2026-03-03T21:07:33+00:00\",\"dateModified\":\"2026-03-03T22:20:13+00:00\",\"author\":{\"@id\":\"https:\/\/www.radiomanchester.com.br\/fm\/#\/schema\/person\/408a7b4d4e32cbebd90e2782852abca3\"},\"breadcrumb\":{\"@id\":\"https:\/\/www.radiomanchester.com.br\/fm\/frequentadores-aprovam-restricao-de-circulacao-de-bicicletas-no-parque-ipiranga\/#breadcrumb\"},\"inLanguage\":\"pt-BR\",\"potentialAction\":[{\"@type\":\"ReadAction\",\"target\":[\"https:\/\/www.radiomanchester.com.br\/fm\/frequentadores-aprovam-restricao-de-circulacao-de-bicicletas-no-parque-ipiranga\/\"]}]},{\"@type\":\"BreadcrumbList\",\"@id\":\"https:\/\/www.radiomanchester.com.br\/fm\/frequentadores-aprovam-restricao-de-circulacao-de-bicicletas-no-parque-ipiranga\/#breadcrumb\",\"itemListElement\":[{\"@type\":\"ListItem\",\"position\":1,\"name\":\"Home\",\"item\":\"https:\/\/www.radiomanchester.com.br\/fm\/\"},{\"@type\":\"ListItem\",\"position\":2,\"name\":\"Frequentadores aprovam restri\u00e7\u00e3o de circula\u00e7\u00e3o de bicicletas no Parque Ipiranga\"}]},{\"@type\":\"Person\",\"@id\":\"https:\/\/www.radiomanchester.com.br\/fm\/#\/schema\/person\/408a7b4d4e32cbebd90e2782852abca3\",\"name\":\"admin\",\"image\":{\"@type\":\"ImageObject\",\"@id\":\"https:\/\/www.radiomanchester.com.br\/fm\/#personlogo\",\"inLanguage\":\"pt-BR\",\"url\":\"https:\/\/secure.gravatar.com\/avatar\/115a974dba3376872eb3addeb276301c?s=96&d=mm&r=g\",\"contentUrl\":\"https:\/\/secure.gravatar.com\/avatar\/115a974dba3376872eb3addeb276301c?s=96&d=mm&r=g\",\"caption\":\"admin\"},\"url\":\"https:\/\/www.radiomanchester.com.br\/fm\/author\/admin\/\"}]}<\/script>\n<!-- \/ Yoast SEO plugin. -->","yoast_head_json":{"title":"Frequentadores aprovam restri\u00e7\u00e3o de circula\u00e7\u00e3o de bicicletas no Parque Ipiranga - Manchester FM 93,3","robots":{"index":"index","follow":"follow","max-snippet":"max-snippet:-1","max-image-preview":"max-image-preview:large","max-video-preview":"max-video-preview:-1"},"canonical":"https:\/\/www.radiomanchester.com.br\/fm\/frequentadores-aprovam-restricao-de-circulacao-de-bicicletas-no-parque-ipiranga\/","og_locale":"pt_BR","og_type":"article","og_title":"Frequentadores aprovam restri\u00e7\u00e3o de circula\u00e7\u00e3o de bicicletas no Parque Ipiranga - Manchester FM 93,3","og_description":"A proposta \u00e9 garantir um ambiente mais organizado e seguro para as fam\u00edlias que frequentam o Parque Ipiranga. A medida de restringir a circula\u00e7\u00e3o de bicicletas no espa\u00e7o foi adotada pela Prefeitura de An\u00e1polis ap\u00f3s sucessivos relatos de acidentes e situa\u00e7\u00f5es de risco envolvendo ciclistas. A nova regra \u2014 que permite o uso apenas por [&hellip;]","og_url":"https:\/\/www.radiomanchester.com.br\/fm\/frequentadores-aprovam-restricao-de-circulacao-de-bicicletas-no-parque-ipiranga\/","og_site_name":"Manchester FM 93,3","article_published_time":"2026-03-03T21:07:33+00:00","article_modified_time":"2026-03-03T22:20:13+00:00","twitter_card":"summary_large_image","twitter_misc":{"Escrito por":"admin","Est. tempo de leitura":"3 minutos"},"schema":{"@context":"https:\/\/schema.org","@graph":[{"@type":"WebSite","@id":"https:\/\/www.radiomanchester.com.br\/fm\/#website","url":"https:\/\/www.radiomanchester.com.br\/fm\/","name":"Manchester FM 93,3","description":"Todo Mundo Ouve!","potentialAction":[{"@type":"SearchAction","target":{"@type":"EntryPoint","urlTemplate":"https:\/\/www.radiomanchester.com.br\/fm\/?s={search_term_string}"},"query-input":"required name=search_term_string"}],"inLanguage":"pt-BR"},{"@type":"WebPage","@id":"https:\/\/www.radiomanchester.com.br\/fm\/frequentadores-aprovam-restricao-de-circulacao-de-bicicletas-no-parque-ipiranga\/#webpage","url":"https:\/\/www.radiomanchester.com.br\/fm\/frequentadores-aprovam-restricao-de-circulacao-de-bicicletas-no-parque-ipiranga\/","name":"Frequentadores aprovam restri\u00e7\u00e3o de circula\u00e7\u00e3o de bicicletas no Parque Ipiranga - Manchester FM 93,3","isPartOf":{"@id":"https:\/\/www.radiomanchester.com.br\/fm\/#website"},"datePublished":"2026-03-03T21:07:33+00:00","dateModified":"2026-03-03T22:20:13+00:00","author":{"@id":"https:\/\/www.radiomanchester.com.br\/fm\/#\/schema\/person\/408a7b4d4e32cbebd90e2782852abca3"},"breadcrumb":{"@id":"https:\/\/www.radiomanchester.com.br\/fm\/frequentadores-aprovam-restricao-de-circulacao-de-bicicletas-no-parque-ipiranga\/#breadcrumb"},"inLanguage":"pt-BR","potentialAction":[{"@type":"ReadAction","target":["https:\/\/www.radiomanchester.com.br\/fm\/frequentadores-aprovam-restricao-de-circulacao-de-bicicletas-no-parque-ipiranga\/"]}]},{"@type":"BreadcrumbList","@id":"https:\/\/www.radiomanchester.com.br\/fm\/frequentadores-aprovam-restricao-de-circulacao-de-bicicletas-no-parque-ipiranga\/#breadcrumb","itemListElement":[{"@type":"ListItem","position":1,"name":"Home","item":"https:\/\/www.radiomanchester.com.br\/fm\/"},{"@type":"ListItem","position":2,"name":"Frequentadores aprovam restri\u00e7\u00e3o de circula\u00e7\u00e3o de bicicletas no Parque Ipiranga"}]},{"@type":"Person","@id":"https:\/\/www.radiomanchester.com.br\/fm\/#\/schema\/person\/408a7b4d4e32cbebd90e2782852abca3","name":"admin","image":{"@type":"ImageObject","@id":"https:\/\/www.radiomanchester.com.br\/fm\/#personlogo","inLanguage":"pt-BR","url":"https:\/\/secure.gravatar.com\/avatar\/115a974dba3376872eb3addeb276301c?s=96&d=mm&r=g","contentUrl":"https:\/\/secure.gravatar.com\/avatar\/115a974dba3376872eb3addeb276301c?s=96&d=mm&r=g","caption":"admin"},"url":"https:\/\/www.radiomanchester.com.br\/fm\/author\/admin\/"}]}},"_links":{"self":[{"href":"https:\/\/www.radiomanchester.com.br\/fm\/wp-json\/wp\/v2\/posts\/17433"}],"collection":[{"href":"https:\/\/www.radiomanchester.com.br\/fm\/wp-json\/wp\/v2\/posts"}],"about":[{"href":"https:\/\/www.radiomanchester.com.br\/fm\/wp-json\/wp\/v2\/types\/post"}],"author":[{"embeddable":true,"href":"https:\/\/www.radiomanchester.com.br\/fm\/wp-json\/wp\/v2\/users\/1"}],"replies":[{"embeddable":true,"href":"https:\/\/www.radiomanchester.com.br\/fm\/wp-json\/wp\/v2\/comments?post=17433"}],"version-history":[{"count":2,"href":"https:\/\/www.radiomanchester.com.br\/fm\/wp-json\/wp\/v2\/posts\/17433\/revisions"}],"predecessor-version":[{"id":17435,"href":"https:\/\/www.radiomanchester.com.br\/fm\/wp-json\/wp\/v2\/posts\/17433\/revisions\/17435"}],"wp:attachment":[{"href":"https:\/\/www.radiomanchester.com.br\/fm\/wp-json\/wp\/v2\/media?parent=17433"}],"wp:term":[{"taxonomy":"category","embeddable":true,"href":"https:\/\/www.radiomanchester.com.br\/fm\/wp-json\/wp\/v2\/categories?post=17433"},{"taxonomy":"post_tag","embeddable":true,"href":"https:\/\/www.radiomanchester.com.br\/fm\/wp-json\/wp\/v2\/tags?post=17433"}],"curies":[{"name":"wp","href":"https:\/\/api.w.org\/{rel}","templated":true}]}}