{"id":17437,"date":"2026-03-03T20:39:49","date_gmt":"2026-03-03T23:39:49","guid":{"rendered":"https:\/\/www.radiomanchester.com.br\/fm\/?p=17437"},"modified":"2026-03-03T20:39:51","modified_gmt":"2026-03-03T23:39:51","slug":"apresentador-danilo-gentili-anuncia-saida-do-sbt-apos-12-anos","status":"publish","type":"post","link":"https:\/\/www.radiomanchester.com.br\/fm\/apresentador-danilo-gentili-anuncia-saida-do-sbt-apos-12-anos\/","title":{"rendered":"Apresentador Danilo Gentili anuncia sa\u00edda do SBT ap\u00f3s 12 anos"},"content":{"rendered":"\n<p><\/p>\n\n\n\n<p>O apresentador Danilo Gentili anunciou que assinou sua rescis\u00e3o contratual com o SBT, encerrando oficialmente o v\u00ednculo com a emissora ap\u00f3s mais de uma d\u00e9cada.<\/p>\n\n\n\n<p>Em publica\u00e7\u00e3o nas redes sociais, o humorista afirmou que o ciclo foi conclu\u00eddo de forma amig\u00e1vel. \u201cASSINEI AGORA A MINHA RESCIS\u00c3O COM O SBT. \u00c9 isso a\u00ed pessoal, quando a gente constr\u00f3i uma hist\u00f3ria de sucesso e respeito m\u00fatuo encerramos o nosso ciclo como amigos e de cabe\u00e7a erguida. Obrigado por tudo SBT!\u201d, escreveu.<\/p>\n\n\n\n<p>Gentili destacou o per\u00edodo de parceria e a trajet\u00f3ria constru\u00edda na televis\u00e3o. \u201cTivemos mais de uma d\u00e9cada juntos fazendo hist\u00f3ria na TV brasileira! Eu aqui continuarei como espectador SBTista como sempre fui! Saio sendo anda mais f\u00e3 dessa emissora e feliz por ter trabalhado e feito hist\u00f3ria com ela!\u201d, declarou.<\/p>\n\n\n\n<p>O apresentador tamb\u00e9m indicou que j\u00e1 prepara novos projetos profissionais. \u201cQue venha a nossa pr\u00f3xima fase! Em breve anunciarei novidades aqui sobre a pr\u00f3xima etapa da minha carreira. E ela ser\u00e1 muito legal!\u201d, completou, sem dar detalhes sobre o futuro na TV ou em outras plataformas.<\/p>\n\n\n\n<p>porR3pMetr0p0les parceiro Manchester<\/p>\n","protected":false},"excerpt":{"rendered":"<p class=\"excerpt\">O apresentador Danilo Gentili anunciou que assinou sua rescis\u00e3o contratual com o SBT, encerrando oficialmente o v\u00ednculo com a emissora ap\u00f3s mais de uma d\u00e9cada. Em publica\u00e7\u00e3o nas redes sociais, o humorista afirmou que o ciclo foi conclu\u00eddo de forma amig\u00e1vel. \u201cASSINEI AGORA A MINHA RESCIS\u00c3O COM O SBT. \u00c9 isso a\u00ed pessoal, quando a [&hellip;]<\/p>\n","protected":false},"author":1,"featured_media":0,"comment_status":"open","ping_status":"open","sticky":false,"template":"","format":"standard","meta":[],"categories":[8,17],"tags":[22,137,24,113,83,92],"yoast_head":"<!-- This site is optimized with the Yoast SEO plugin v18.3 - https:\/\/yoast.com\/wordpress\/plugins\/seo\/ -->\n<title>Apresentador Danilo Gentili anuncia sa\u00edda do SBT ap\u00f3s 12 anos - Manchester FM 93,3<\/title>\n<meta name=\"robots\" content=\"index, follow, max-snippet:-1, max-image-preview:large, max-video-preview:-1\" \/>\n<link rel=\"canonical\" href=\"https:\/\/www.radiomanchester.com.br\/fm\/apresentador-danilo-gentili-anuncia-saida-do-sbt-apos-12-anos\/\" \/>\n<meta property=\"og:locale\" content=\"pt_BR\" \/>\n<meta property=\"og:type\" content=\"article\" \/>\n<meta property=\"og:title\" content=\"Apresentador Danilo Gentili anuncia sa\u00edda do SBT ap\u00f3s 12 anos - Manchester FM 93,3\" \/>\n<meta property=\"og:description\" content=\"O apresentador Danilo Gentili anunciou que assinou sua rescis\u00e3o contratual com o SBT, encerrando oficialmente o v\u00ednculo com a emissora ap\u00f3s mais de uma d\u00e9cada. Em publica\u00e7\u00e3o nas redes sociais, o humorista afirmou que o ciclo foi conclu\u00eddo de forma amig\u00e1vel. \u201cASSINEI AGORA A MINHA RESCIS\u00c3O COM O SBT. \u00c9 isso a\u00ed pessoal, quando a [&hellip;]\" \/>\n<meta property=\"og:url\" content=\"https:\/\/www.radiomanchester.com.br\/fm\/apresentador-danilo-gentili-anuncia-saida-do-sbt-apos-12-anos\/\" \/>\n<meta property=\"og:site_name\" content=\"Manchester FM 93,3\" \/>\n<meta property=\"article:published_time\" content=\"2026-03-03T23:39:49+00:00\" \/>\n<meta property=\"article:modified_time\" content=\"2026-03-03T23:39:51+00:00\" \/>\n<meta name=\"twitter:card\" content=\"summary_large_image\" \/>\n<meta name=\"twitter:label1\" content=\"Escrito por\" \/>\n\t<meta name=\"twitter:data1\" content=\"admin\" \/>\n\t<meta name=\"twitter:label2\" content=\"Est. tempo de leitura\" \/>\n\t<meta name=\"twitter:data2\" content=\"1 minuto\" \/>\n<script type=\"application\/ld+json\" class=\"yoast-schema-graph\">{\"@context\":\"https:\/\/schema.org\",\"@graph\":[{\"@type\":\"WebSite\",\"@id\":\"https:\/\/www.radiomanchester.com.br\/fm\/#website\",\"url\":\"https:\/\/www.radiomanchester.com.br\/fm\/\",\"name\":\"Manchester FM 93,3\",\"description\":\"Todo Mundo Ouve!\",\"potentialAction\":[{\"@type\":\"SearchAction\",\"target\":{\"@type\":\"EntryPoint\",\"urlTemplate\":\"https:\/\/www.radiomanchester.com.br\/fm\/?s={search_term_string}\"},\"query-input\":\"required name=search_term_string\"}],\"inLanguage\":\"pt-BR\"},{\"@type\":\"WebPage\",\"@id\":\"https:\/\/www.radiomanchester.com.br\/fm\/apresentador-danilo-gentili-anuncia-saida-do-sbt-apos-12-anos\/#webpage\",\"url\":\"https:\/\/www.radiomanchester.com.br\/fm\/apresentador-danilo-gentili-anuncia-saida-do-sbt-apos-12-anos\/\",\"name\":\"Apresentador Danilo Gentili anuncia sa\u00edda do SBT ap\u00f3s 12 anos - Manchester FM 93,3\",\"isPartOf\":{\"@id\":\"https:\/\/www.radiomanchester.com.br\/fm\/#website\"},\"datePublished\":\"2026-03-03T23:39:49+00:00\",\"dateModified\":\"2026-03-03T23:39:51+00:00\",\"author\":{\"@id\":\"https:\/\/www.radiomanchester.com.br\/fm\/#\/schema\/person\/408a7b4d4e32cbebd90e2782852abca3\"},\"breadcrumb\":{\"@id\":\"https:\/\/www.radiomanchester.com.br\/fm\/apresentador-danilo-gentili-anuncia-saida-do-sbt-apos-12-anos\/#breadcrumb\"},\"inLanguage\":\"pt-BR\",\"potentialAction\":[{\"@type\":\"ReadAction\",\"target\":[\"https:\/\/www.radiomanchester.com.br\/fm\/apresentador-danilo-gentili-anuncia-saida-do-sbt-apos-12-anos\/\"]}]},{\"@type\":\"BreadcrumbList\",\"@id\":\"https:\/\/www.radiomanchester.com.br\/fm\/apresentador-danilo-gentili-anuncia-saida-do-sbt-apos-12-anos\/#breadcrumb\",\"itemListElement\":[{\"@type\":\"ListItem\",\"position\":1,\"name\":\"Home\",\"item\":\"https:\/\/www.radiomanchester.com.br\/fm\/\"},{\"@type\":\"ListItem\",\"position\":2,\"name\":\"Apresentador Danilo Gentili anuncia sa\u00edda do SBT ap\u00f3s 12 anos\"}]},{\"@type\":\"Person\",\"@id\":\"https:\/\/www.radiomanchester.com.br\/fm\/#\/schema\/person\/408a7b4d4e32cbebd90e2782852abca3\",\"name\":\"admin\",\"image\":{\"@type\":\"ImageObject\",\"@id\":\"https:\/\/www.radiomanchester.com.br\/fm\/#personlogo\",\"inLanguage\":\"pt-BR\",\"url\":\"https:\/\/secure.gravatar.com\/avatar\/115a974dba3376872eb3addeb276301c?s=96&d=mm&r=g\",\"contentUrl\":\"https:\/\/secure.gravatar.com\/avatar\/115a974dba3376872eb3addeb276301c?s=96&d=mm&r=g\",\"caption\":\"admin\"},\"url\":\"https:\/\/www.radiomanchester.com.br\/fm\/author\/admin\/\"}]}<\/script>\n<!-- \/ Yoast SEO plugin. -->","yoast_head_json":{"title":"Apresentador Danilo Gentili anuncia sa\u00edda do SBT ap\u00f3s 12 anos - Manchester FM 93,3","robots":{"index":"index","follow":"follow","max-snippet":"max-snippet:-1","max-image-preview":"max-image-preview:large","max-video-preview":"max-video-preview:-1"},"canonical":"https:\/\/www.radiomanchester.com.br\/fm\/apresentador-danilo-gentili-anuncia-saida-do-sbt-apos-12-anos\/","og_locale":"pt_BR","og_type":"article","og_title":"Apresentador Danilo Gentili anuncia sa\u00edda do SBT ap\u00f3s 12 anos - Manchester FM 93,3","og_description":"O apresentador Danilo Gentili anunciou que assinou sua rescis\u00e3o contratual com o SBT, encerrando oficialmente o v\u00ednculo com a emissora ap\u00f3s mais de uma d\u00e9cada. Em publica\u00e7\u00e3o nas redes sociais, o humorista afirmou que o ciclo foi conclu\u00eddo de forma amig\u00e1vel. \u201cASSINEI AGORA A MINHA RESCIS\u00c3O COM O SBT. \u00c9 isso a\u00ed pessoal, quando a [&hellip;]","og_url":"https:\/\/www.radiomanchester.com.br\/fm\/apresentador-danilo-gentili-anuncia-saida-do-sbt-apos-12-anos\/","og_site_name":"Manchester FM 93,3","article_published_time":"2026-03-03T23:39:49+00:00","article_modified_time":"2026-03-03T23:39:51+00:00","twitter_card":"summary_large_image","twitter_misc":{"Escrito por":"admin","Est. tempo de leitura":"1 minuto"},"schema":{"@context":"https:\/\/schema.org","@graph":[{"@type":"WebSite","@id":"https:\/\/www.radiomanchester.com.br\/fm\/#website","url":"https:\/\/www.radiomanchester.com.br\/fm\/","name":"Manchester FM 93,3","description":"Todo Mundo Ouve!","potentialAction":[{"@type":"SearchAction","target":{"@type":"EntryPoint","urlTemplate":"https:\/\/www.radiomanchester.com.br\/fm\/?s={search_term_string}"},"query-input":"required name=search_term_string"}],"inLanguage":"pt-BR"},{"@type":"WebPage","@id":"https:\/\/www.radiomanchester.com.br\/fm\/apresentador-danilo-gentili-anuncia-saida-do-sbt-apos-12-anos\/#webpage","url":"https:\/\/www.radiomanchester.com.br\/fm\/apresentador-danilo-gentili-anuncia-saida-do-sbt-apos-12-anos\/","name":"Apresentador Danilo Gentili anuncia sa\u00edda do SBT ap\u00f3s 12 anos - Manchester FM 93,3","isPartOf":{"@id":"https:\/\/www.radiomanchester.com.br\/fm\/#website"},"datePublished":"2026-03-03T23:39:49+00:00","dateModified":"2026-03-03T23:39:51+00:00","author":{"@id":"https:\/\/www.radiomanchester.com.br\/fm\/#\/schema\/person\/408a7b4d4e32cbebd90e2782852abca3"},"breadcrumb":{"@id":"https:\/\/www.radiomanchester.com.br\/fm\/apresentador-danilo-gentili-anuncia-saida-do-sbt-apos-12-anos\/#breadcrumb"},"inLanguage":"pt-BR","potentialAction":[{"@type":"ReadAction","target":["https:\/\/www.radiomanchester.com.br\/fm\/apresentador-danilo-gentili-anuncia-saida-do-sbt-apos-12-anos\/"]}]},{"@type":"BreadcrumbList","@id":"https:\/\/www.radiomanchester.com.br\/fm\/apresentador-danilo-gentili-anuncia-saida-do-sbt-apos-12-anos\/#breadcrumb","itemListElement":[{"@type":"ListItem","position":1,"name":"Home","item":"https:\/\/www.radiomanchester.com.br\/fm\/"},{"@type":"ListItem","position":2,"name":"Apresentador Danilo Gentili anuncia sa\u00edda do SBT ap\u00f3s 12 anos"}]},{"@type":"Person","@id":"https:\/\/www.radiomanchester.com.br\/fm\/#\/schema\/person\/408a7b4d4e32cbebd90e2782852abca3","name":"admin","image":{"@type":"ImageObject","@id":"https:\/\/www.radiomanchester.com.br\/fm\/#personlogo","inLanguage":"pt-BR","url":"https:\/\/secure.gravatar.com\/avatar\/115a974dba3376872eb3addeb276301c?s=96&d=mm&r=g","contentUrl":"https:\/\/secure.gravatar.com\/avatar\/115a974dba3376872eb3addeb276301c?s=96&d=mm&r=g","caption":"admin"},"url":"https:\/\/www.radiomanchester.com.br\/fm\/author\/admin\/"}]}},"_links":{"self":[{"href":"https:\/\/www.radiomanchester.com.br\/fm\/wp-json\/wp\/v2\/posts\/17437"}],"collection":[{"href":"https:\/\/www.radiomanchester.com.br\/fm\/wp-json\/wp\/v2\/posts"}],"about":[{"href":"https:\/\/www.radiomanchester.com.br\/fm\/wp-json\/wp\/v2\/types\/post"}],"author":[{"embeddable":true,"href":"https:\/\/www.radiomanchester.com.br\/fm\/wp-json\/wp\/v2\/users\/1"}],"replies":[{"embeddable":true,"href":"https:\/\/www.radiomanchester.com.br\/fm\/wp-json\/wp\/v2\/comments?post=17437"}],"version-history":[{"count":1,"href":"https:\/\/www.radiomanchester.com.br\/fm\/wp-json\/wp\/v2\/posts\/17437\/revisions"}],"predecessor-version":[{"id":17438,"href":"https:\/\/www.radiomanchester.com.br\/fm\/wp-json\/wp\/v2\/posts\/17437\/revisions\/17438"}],"wp:attachment":[{"href":"https:\/\/www.radiomanchester.com.br\/fm\/wp-json\/wp\/v2\/media?parent=17437"}],"wp:term":[{"taxonomy":"category","embeddable":true,"href":"https:\/\/www.radiomanchester.com.br\/fm\/wp-json\/wp\/v2\/categories?post=17437"},{"taxonomy":"post_tag","embeddable":true,"href":"https:\/\/www.radiomanchester.com.br\/fm\/wp-json\/wp\/v2\/tags?post=17437"}],"curies":[{"name":"wp","href":"https:\/\/api.w.org\/{rel}","templated":true}]}}