{"id":17439,"date":"2026-03-04T07:00:00","date_gmt":"2026-03-04T10:00:00","guid":{"rendered":"https:\/\/www.radiomanchester.com.br\/fm\/?p=17439"},"modified":"2026-03-03T21:16:26","modified_gmt":"2026-03-04T00:16:26","slug":"conflito-no-oriente-medio-pode-ter-efeitos-indiretos-sobre-a-economia-brasileira-aponta-professora","status":"publish","type":"post","link":"https:\/\/www.radiomanchester.com.br\/fm\/conflito-no-oriente-medio-pode-ter-efeitos-indiretos-sobre-a-economia-brasileira-aponta-professora\/","title":{"rendered":"Conflito no Oriente M\u00e9dio pode ter efeitos indiretos sobre a economia brasileira, aponta professora"},"content":{"rendered":"\n<p><em><strong>Com\u00e9rcio entre Brasil e Ir\u00e3 n\u00e3o \u00e9 relevante e pode ser redirecionado, mas a log\u00edstica internacional do petr\u00f3leo pode encarecer produtos<\/strong><\/em><\/p>\n\n\n\n<hr class=\"wp-block-separator\"\/>\n\n\n\n<p>Mais de 550 mortos, 700 feridos e uma fissura no regime. Esse \u00e9 o resultado de momento do ataque coordenado entre Estados Unidos e Israel contra o Ir\u00e3. Al\u00e9m das vidas diretamente afetadas, h\u00e1 tamb\u00e9m impactos indiretos, com pessoas presas nas zonas de conflito no Oriente M\u00e9dio, impedimento de deslocamento e impossibilidade de comunica\u00e7\u00e3o com parentes, devido ao bloqueio de internet e sinal telef\u00f4nico.<\/p>\n\n\n\n<p>Brasileiros que estavam na regi\u00e3o durante os ataques relatam momentos de tens\u00e3o. Enquanto alguns contam receber constantes avisos sobre o disparo de novos m\u00edsseis, outros dizem ter perdido contato com parentes que vivem nos pa\u00edses envolvidos. Cerca de 52 mil brasileiros moram em \u00e1reas consideradas de risco, segundo levantamento do Minist\u00e9rio de Rela\u00e7\u00f5es Exteriores, que recomenda aos cidad\u00e3os ficarem em casa e evitar aglomera\u00e7\u00f5es.<\/p>\n\n\n\n<p><strong>Diplomacia<br><\/strong>Se a posi\u00e7\u00e3o geogr\u00e1fica desses brasileiros \u00e9 arriscada, a posi\u00e7\u00e3o diplom\u00e1tica do Brasil se mostra vantajosa. Para a professora de Rela\u00e7\u00f5es Internacionais do Centro Universit\u00e1rio de Bras\u00edlia (CEUB), Fernanda Medeiros, o pa\u00eds pode assumir papel central como mediador do impasse. \u201cO Brasil tem bom tr\u00e2nsito com os americanos e com os iranianos, s\u00f3 n\u00e3o tem um tr\u00e2nsito muito bom com Israel por causa da nossa posi\u00e7\u00e3o em rela\u00e7\u00e3o \u00e0 Palestina. Mas o Brasil tem tamb\u00e9m bom tr\u00e2nsito com os europeus, R\u00fassia e China. Ent\u00e3o, se destaca imediatamente como um ator de relev\u00e2ncia por n\u00e3o estar diretamente envolvido no conflito e por ter uma vis\u00e3o mais objetiva do que est\u00e1 acontecendo\u201d, avalia.<\/p>\n\n\n\n<p>O governo brasileiro condenou o ataque que resultou na morte do ayatollah Ali Khamenei, l\u00edder supremo do regime mu\u00e7ulmano iraniano, em meio a negocia\u00e7\u00f5es para o fim do programa nuclear do pa\u00eds. &#8220;O Brasil apela a todas as partes que respeitem o Direito Internacional e exer\u00e7am m\u00e1xima conten\u00e7\u00e3o, de maneira a evitar a escalada de hostilidades e a assegurar a prote\u00e7\u00e3o de civis e da infraestrutura civil&#8221;, ressalta a nota divulgada pelo Itamaraty.<\/p>\n\n\n\n<p>Medeiro pontua que a posi\u00e7\u00e3o pacifista e cr\u00edtica ao uso da viol\u00eancia \u00e9 uma posi\u00e7\u00e3o hist\u00f3rica da representa\u00e7\u00e3o internacional brasileira, e que n\u00e3o significa assumir lados no conflito. \u201cPara n\u00f3s \u00e9 fundamental que o conflito n\u00e3o se alargue, n\u00e3o s\u00f3 por quest\u00f5es econ\u00f4micas, n\u00e3o s\u00f3 pela quest\u00e3o do petr\u00f3leo \u2013 que \u00e9 muito importante tamb\u00e9m \u2013, mas porque esses conflitos todos significam, na verdade, um aumento da inseguran\u00e7a no mundo todo\u201d, alerta.<\/p>\n\n\n\n<p><strong>Com\u00e9rcio<br><\/strong>A balan\u00e7a comercial entre Brasil e Ir\u00e3 n\u00e3o \u00e9 muito relevante. Em 2025, os pa\u00edses movimentaram US$ 3 bilh\u00f5es, sendo US$ 2,9 bilh\u00f5es em compras iranianas de produtos agr\u00edcolas brasileiros, o que representa menos de 1% de todas as exporta\u00e7\u00f5es nacionais. Mas as repercuss\u00f5es econ\u00f4micas do conflito v\u00e3o muito al\u00e9m disso.<\/p>\n\n\n\n<p>\u201cO Ir\u00e3 \u00e9 um produtor de petr\u00f3leo muito relevante, mas os outros pa\u00edses que ele atacou tamb\u00e9m s\u00e3o: Catar, Ar\u00e1bia Saudita e Emirados \u00c1rabes Unidos. O Estreito de Ormuz \u00e9 muito importante para a passagem do petr\u00f3leo extra\u00eddo ali na regi\u00e3o, ent\u00e3o fechar aquela parte do Golfo causaria danos imediatos \u00e0 economia global\u201d, analisa Medeiros.<\/p>\n\n\n\n<p>Foi justamente o que ocorreu. Como controlador do Estreito de Ormuz, no Golfo P\u00e9rsico, o Ir\u00e3 fechou a passagem ap\u00f3s os ataques. Ali passam cerca de 25% da produ\u00e7\u00e3o de petr\u00f3leo bruto do mundo, por isso o pre\u00e7o do combust\u00edvel disparou nesta segunda-feira (2).<\/p>\n\n\n\n<p>Fonte: <a href=\"https:\/\/brasil61.com\/n\/conflito-no-oriente-medio-pode-ter-efeitos-indiretos-sobre-a-economia-brasileira-aponta-professora-bras2615979\">Brasil 61<\/a><\/p>\n","protected":false},"excerpt":{"rendered":"<p class=\"excerpt\">Com\u00e9rcio entre Brasil e Ir\u00e3 n\u00e3o \u00e9 relevante e pode ser redirecionado, mas a log\u00edstica internacional do petr\u00f3leo pode encarecer produtos Mais de 550 mortos, 700 feridos e uma fissura no regime. Esse \u00e9 o resultado de momento do ataque coordenado entre Estados Unidos e Israel contra o Ir\u00e3. Al\u00e9m das vidas diretamente afetadas, h\u00e1 [&hellip;]<\/p>\n","protected":false},"author":1,"featured_media":0,"comment_status":"open","ping_status":"open","sticky":false,"template":"","format":"standard","meta":[],"categories":[8,17],"tags":[22,24,113,83,92],"yoast_head":"<!-- This site is optimized with the Yoast SEO plugin v18.3 - https:\/\/yoast.com\/wordpress\/plugins\/seo\/ -->\n<title>Conflito no Oriente M\u00e9dio pode ter efeitos indiretos sobre a economia brasileira, aponta professora - Manchester FM 93,3<\/title>\n<meta name=\"robots\" content=\"index, follow, max-snippet:-1, max-image-preview:large, max-video-preview:-1\" \/>\n<link rel=\"canonical\" href=\"https:\/\/www.radiomanchester.com.br\/fm\/conflito-no-oriente-medio-pode-ter-efeitos-indiretos-sobre-a-economia-brasileira-aponta-professora\/\" \/>\n<meta property=\"og:locale\" content=\"pt_BR\" \/>\n<meta property=\"og:type\" content=\"article\" \/>\n<meta property=\"og:title\" content=\"Conflito no Oriente M\u00e9dio pode ter efeitos indiretos sobre a economia brasileira, aponta professora - Manchester FM 93,3\" \/>\n<meta property=\"og:description\" content=\"Com\u00e9rcio entre Brasil e Ir\u00e3 n\u00e3o \u00e9 relevante e pode ser redirecionado, mas a log\u00edstica internacional do petr\u00f3leo pode encarecer produtos Mais de 550 mortos, 700 feridos e uma fissura no regime. Esse \u00e9 o resultado de momento do ataque coordenado entre Estados Unidos e Israel contra o Ir\u00e3. Al\u00e9m das vidas diretamente afetadas, h\u00e1 [&hellip;]\" \/>\n<meta property=\"og:url\" content=\"https:\/\/www.radiomanchester.com.br\/fm\/conflito-no-oriente-medio-pode-ter-efeitos-indiretos-sobre-a-economia-brasileira-aponta-professora\/\" \/>\n<meta property=\"og:site_name\" content=\"Manchester FM 93,3\" \/>\n<meta property=\"article:published_time\" content=\"2026-03-04T10:00:00+00:00\" \/>\n<meta property=\"article:modified_time\" content=\"2026-03-04T00:16:26+00:00\" \/>\n<meta name=\"twitter:card\" content=\"summary_large_image\" \/>\n<meta name=\"twitter:label1\" content=\"Escrito por\" \/>\n\t<meta name=\"twitter:data1\" content=\"admin\" \/>\n\t<meta name=\"twitter:label2\" content=\"Est. tempo de leitura\" \/>\n\t<meta name=\"twitter:data2\" content=\"4 minutos\" \/>\n<script type=\"application\/ld+json\" class=\"yoast-schema-graph\">{\"@context\":\"https:\/\/schema.org\",\"@graph\":[{\"@type\":\"WebSite\",\"@id\":\"https:\/\/www.radiomanchester.com.br\/fm\/#website\",\"url\":\"https:\/\/www.radiomanchester.com.br\/fm\/\",\"name\":\"Manchester FM 93,3\",\"description\":\"Todo Mundo Ouve!\",\"potentialAction\":[{\"@type\":\"SearchAction\",\"target\":{\"@type\":\"EntryPoint\",\"urlTemplate\":\"https:\/\/www.radiomanchester.com.br\/fm\/?s={search_term_string}\"},\"query-input\":\"required name=search_term_string\"}],\"inLanguage\":\"pt-BR\"},{\"@type\":\"WebPage\",\"@id\":\"https:\/\/www.radiomanchester.com.br\/fm\/conflito-no-oriente-medio-pode-ter-efeitos-indiretos-sobre-a-economia-brasileira-aponta-professora\/#webpage\",\"url\":\"https:\/\/www.radiomanchester.com.br\/fm\/conflito-no-oriente-medio-pode-ter-efeitos-indiretos-sobre-a-economia-brasileira-aponta-professora\/\",\"name\":\"Conflito no Oriente M\u00e9dio pode ter efeitos indiretos sobre a economia brasileira, aponta professora - Manchester FM 93,3\",\"isPartOf\":{\"@id\":\"https:\/\/www.radiomanchester.com.br\/fm\/#website\"},\"datePublished\":\"2026-03-04T10:00:00+00:00\",\"dateModified\":\"2026-03-04T00:16:26+00:00\",\"author\":{\"@id\":\"https:\/\/www.radiomanchester.com.br\/fm\/#\/schema\/person\/408a7b4d4e32cbebd90e2782852abca3\"},\"breadcrumb\":{\"@id\":\"https:\/\/www.radiomanchester.com.br\/fm\/conflito-no-oriente-medio-pode-ter-efeitos-indiretos-sobre-a-economia-brasileira-aponta-professora\/#breadcrumb\"},\"inLanguage\":\"pt-BR\",\"potentialAction\":[{\"@type\":\"ReadAction\",\"target\":[\"https:\/\/www.radiomanchester.com.br\/fm\/conflito-no-oriente-medio-pode-ter-efeitos-indiretos-sobre-a-economia-brasileira-aponta-professora\/\"]}]},{\"@type\":\"BreadcrumbList\",\"@id\":\"https:\/\/www.radiomanchester.com.br\/fm\/conflito-no-oriente-medio-pode-ter-efeitos-indiretos-sobre-a-economia-brasileira-aponta-professora\/#breadcrumb\",\"itemListElement\":[{\"@type\":\"ListItem\",\"position\":1,\"name\":\"Home\",\"item\":\"https:\/\/www.radiomanchester.com.br\/fm\/\"},{\"@type\":\"ListItem\",\"position\":2,\"name\":\"Conflito no Oriente M\u00e9dio pode ter efeitos indiretos sobre a economia brasileira, aponta professora\"}]},{\"@type\":\"Person\",\"@id\":\"https:\/\/www.radiomanchester.com.br\/fm\/#\/schema\/person\/408a7b4d4e32cbebd90e2782852abca3\",\"name\":\"admin\",\"image\":{\"@type\":\"ImageObject\",\"@id\":\"https:\/\/www.radiomanchester.com.br\/fm\/#personlogo\",\"inLanguage\":\"pt-BR\",\"url\":\"https:\/\/secure.gravatar.com\/avatar\/115a974dba3376872eb3addeb276301c?s=96&d=mm&r=g\",\"contentUrl\":\"https:\/\/secure.gravatar.com\/avatar\/115a974dba3376872eb3addeb276301c?s=96&d=mm&r=g\",\"caption\":\"admin\"},\"url\":\"https:\/\/www.radiomanchester.com.br\/fm\/author\/admin\/\"}]}<\/script>\n<!-- \/ Yoast SEO plugin. -->","yoast_head_json":{"title":"Conflito no Oriente M\u00e9dio pode ter efeitos indiretos sobre a economia brasileira, aponta professora - Manchester FM 93,3","robots":{"index":"index","follow":"follow","max-snippet":"max-snippet:-1","max-image-preview":"max-image-preview:large","max-video-preview":"max-video-preview:-1"},"canonical":"https:\/\/www.radiomanchester.com.br\/fm\/conflito-no-oriente-medio-pode-ter-efeitos-indiretos-sobre-a-economia-brasileira-aponta-professora\/","og_locale":"pt_BR","og_type":"article","og_title":"Conflito no Oriente M\u00e9dio pode ter efeitos indiretos sobre a economia brasileira, aponta professora - Manchester FM 93,3","og_description":"Com\u00e9rcio entre Brasil e Ir\u00e3 n\u00e3o \u00e9 relevante e pode ser redirecionado, mas a log\u00edstica internacional do petr\u00f3leo pode encarecer produtos Mais de 550 mortos, 700 feridos e uma fissura no regime. Esse \u00e9 o resultado de momento do ataque coordenado entre Estados Unidos e Israel contra o Ir\u00e3. Al\u00e9m das vidas diretamente afetadas, h\u00e1 [&hellip;]","og_url":"https:\/\/www.radiomanchester.com.br\/fm\/conflito-no-oriente-medio-pode-ter-efeitos-indiretos-sobre-a-economia-brasileira-aponta-professora\/","og_site_name":"Manchester FM 93,3","article_published_time":"2026-03-04T10:00:00+00:00","article_modified_time":"2026-03-04T00:16:26+00:00","twitter_card":"summary_large_image","twitter_misc":{"Escrito por":"admin","Est. tempo de leitura":"4 minutos"},"schema":{"@context":"https:\/\/schema.org","@graph":[{"@type":"WebSite","@id":"https:\/\/www.radiomanchester.com.br\/fm\/#website","url":"https:\/\/www.radiomanchester.com.br\/fm\/","name":"Manchester FM 93,3","description":"Todo Mundo Ouve!","potentialAction":[{"@type":"SearchAction","target":{"@type":"EntryPoint","urlTemplate":"https:\/\/www.radiomanchester.com.br\/fm\/?s={search_term_string}"},"query-input":"required name=search_term_string"}],"inLanguage":"pt-BR"},{"@type":"WebPage","@id":"https:\/\/www.radiomanchester.com.br\/fm\/conflito-no-oriente-medio-pode-ter-efeitos-indiretos-sobre-a-economia-brasileira-aponta-professora\/#webpage","url":"https:\/\/www.radiomanchester.com.br\/fm\/conflito-no-oriente-medio-pode-ter-efeitos-indiretos-sobre-a-economia-brasileira-aponta-professora\/","name":"Conflito no Oriente M\u00e9dio pode ter efeitos indiretos sobre a economia brasileira, aponta professora - Manchester FM 93,3","isPartOf":{"@id":"https:\/\/www.radiomanchester.com.br\/fm\/#website"},"datePublished":"2026-03-04T10:00:00+00:00","dateModified":"2026-03-04T00:16:26+00:00","author":{"@id":"https:\/\/www.radiomanchester.com.br\/fm\/#\/schema\/person\/408a7b4d4e32cbebd90e2782852abca3"},"breadcrumb":{"@id":"https:\/\/www.radiomanchester.com.br\/fm\/conflito-no-oriente-medio-pode-ter-efeitos-indiretos-sobre-a-economia-brasileira-aponta-professora\/#breadcrumb"},"inLanguage":"pt-BR","potentialAction":[{"@type":"ReadAction","target":["https:\/\/www.radiomanchester.com.br\/fm\/conflito-no-oriente-medio-pode-ter-efeitos-indiretos-sobre-a-economia-brasileira-aponta-professora\/"]}]},{"@type":"BreadcrumbList","@id":"https:\/\/www.radiomanchester.com.br\/fm\/conflito-no-oriente-medio-pode-ter-efeitos-indiretos-sobre-a-economia-brasileira-aponta-professora\/#breadcrumb","itemListElement":[{"@type":"ListItem","position":1,"name":"Home","item":"https:\/\/www.radiomanchester.com.br\/fm\/"},{"@type":"ListItem","position":2,"name":"Conflito no Oriente M\u00e9dio pode ter efeitos indiretos sobre a economia brasileira, aponta professora"}]},{"@type":"Person","@id":"https:\/\/www.radiomanchester.com.br\/fm\/#\/schema\/person\/408a7b4d4e32cbebd90e2782852abca3","name":"admin","image":{"@type":"ImageObject","@id":"https:\/\/www.radiomanchester.com.br\/fm\/#personlogo","inLanguage":"pt-BR","url":"https:\/\/secure.gravatar.com\/avatar\/115a974dba3376872eb3addeb276301c?s=96&d=mm&r=g","contentUrl":"https:\/\/secure.gravatar.com\/avatar\/115a974dba3376872eb3addeb276301c?s=96&d=mm&r=g","caption":"admin"},"url":"https:\/\/www.radiomanchester.com.br\/fm\/author\/admin\/"}]}},"_links":{"self":[{"href":"https:\/\/www.radiomanchester.com.br\/fm\/wp-json\/wp\/v2\/posts\/17439"}],"collection":[{"href":"https:\/\/www.radiomanchester.com.br\/fm\/wp-json\/wp\/v2\/posts"}],"about":[{"href":"https:\/\/www.radiomanchester.com.br\/fm\/wp-json\/wp\/v2\/types\/post"}],"author":[{"embeddable":true,"href":"https:\/\/www.radiomanchester.com.br\/fm\/wp-json\/wp\/v2\/users\/1"}],"replies":[{"embeddable":true,"href":"https:\/\/www.radiomanchester.com.br\/fm\/wp-json\/wp\/v2\/comments?post=17439"}],"version-history":[{"count":1,"href":"https:\/\/www.radiomanchester.com.br\/fm\/wp-json\/wp\/v2\/posts\/17439\/revisions"}],"predecessor-version":[{"id":17440,"href":"https:\/\/www.radiomanchester.com.br\/fm\/wp-json\/wp\/v2\/posts\/17439\/revisions\/17440"}],"wp:attachment":[{"href":"https:\/\/www.radiomanchester.com.br\/fm\/wp-json\/wp\/v2\/media?parent=17439"}],"wp:term":[{"taxonomy":"category","embeddable":true,"href":"https:\/\/www.radiomanchester.com.br\/fm\/wp-json\/wp\/v2\/categories?post=17439"},{"taxonomy":"post_tag","embeddable":true,"href":"https:\/\/www.radiomanchester.com.br\/fm\/wp-json\/wp\/v2\/tags?post=17439"}],"curies":[{"name":"wp","href":"https:\/\/api.w.org\/{rel}","templated":true}]}}