{"id":17447,"date":"2026-03-05T11:00:00","date_gmt":"2026-03-05T14:00:00","guid":{"rendered":"https:\/\/www.radiomanchester.com.br\/fm\/?p=17447"},"modified":"2026-03-04T22:09:45","modified_gmt":"2026-03-05T01:09:45","slug":"reducao-da-jornada-pode-elevar-custos-das-empresas-em-ate-r-267-bilhoes-ao-ano","status":"publish","type":"post","link":"https:\/\/www.radiomanchester.com.br\/fm\/reducao-da-jornada-pode-elevar-custos-das-empresas-em-ate-r-267-bilhoes-ao-ano\/","title":{"rendered":"Redu\u00e7\u00e3o da jornada pode elevar custos das empresas em at\u00e9 R$ 267 bilh\u00f5es ao ano"},"content":{"rendered":"\n<p><em><strong>Estudo da CNI estima alta de at\u00e9 7% na folha de pagamentos e mostra estados mais afetados<\/strong><\/em><\/p>\n\n\n\n<hr class=\"wp-block-separator\"\/>\n\n\n\n<p>A proposta de reduzir a jornada semanal de trabalho de 44 para 40 horas \u2014 prevista na PEC 148\/2015, em tramita\u00e7\u00e3o no Senado \u2014 pode elevar em at\u00e9 R$ 267,2 bilh\u00f5es por ano os custos com empregados formais no pa\u00eds. O valor representa um acr\u00e9scimo de at\u00e9 7% na folha de pagamentos das empresas, segundo estudo da Confedera\u00e7\u00e3o Nacional da Ind\u00fastria (CNI).<\/p>\n\n\n\n<p>Entre os estados, S\u00e3o Paulo lidera em impacto absoluto. A estimativa \u00e9 de aumento de R$ 95,83 bilh\u00f5es nos custos para que as empresas paulistas mantenham o atual n\u00edvel de produ\u00e7\u00e3o, considerando o pagamento de horas extras para compensar a redu\u00e7\u00e3o da jornada.<\/p>\n\n\n\n<p><strong>Na sequ\u00eancia aparecem:<br><\/strong>Minas Gerais: R$ 25,55 bilh\u00f5es<br>Paran\u00e1: R$ 19,58 bilh\u00f5es<br>Rio de Janeiro: R$ 17,96 bilh\u00f5es<br>Rio Grande do Sul: R$ 17,67 bilh\u00f5es<br>Santa Catarina: R$ 17,13 bilh\u00f5es<br>Em nota, o presidente da CNI, Ricardo Alban, afirma que o debate deve ser conduzido com cautela. Segundo ele, o impacto n\u00e3o ser\u00e1 igual entre as regi\u00f5es.<\/p>\n\n\n\n<p>\u201cO Brasil tem realidades produtivas diferentes, o que faz com que o aumento de custos seja ainda mais relevante em alguns lugares em rela\u00e7\u00e3o a outros, menos intensivos de m\u00e3o de obra, com reflexos negativos sobre a competitividade e a organiza\u00e7\u00e3o do trabalho\u201d, diz.<\/p>\n\n\n\n<p><strong>Dois cen\u00e1rios<br><\/strong>Para avaliar os efeitos da proposta, a CNI projetou dois cen\u00e1rios:<br>No primeiro, as empresas manteriam o total de horas trabalhadas por meio do pagamento de horas extras. Nesse caso, as ind\u00fastrias da regi\u00e3o Sul teriam o maior impacto, com aumento estimado de at\u00e9 8,1% nos custos. O Sudeste viria em seguida, com alta de 7,3%, seguido pelo Nordeste (6,1%) e pelas regi\u00f5es Norte e Centro-Oeste (5,5% cada).<\/p>\n\n\n\n<p><br>No segundo cen\u00e1rio, a recomposi\u00e7\u00e3o ocorreria com a contrata\u00e7\u00e3o de outros trabalhadores para cumprir as horas reduzidas, preservando o volume de trabalho. Os percentuais de aumento dos custos seriam menores, mas a ordem regional se manteria: Sul (5,4%), Sudeste (4,9%), Nordeste (4,1%) e Norte e Centro-Oeste (3,7% cada). Em termos absolutos, o Sudeste continuaria concentrando o maior impacto, com acr\u00e9scimo estimado em R$ 95,8 bilh\u00f5es.<br>Economicamente improv\u00e1vel e operacionalmente invi\u00e1vel<br>Segundo o estudo da CNI, se a jornada semanal for reduzida de 44 para 40 horas sem corte proporcional nos sal\u00e1rios, o valor da hora trabalhada aumentar\u00e1 automaticamente em cerca de 10%, j\u00e1 que o trabalhador passar\u00e1 a receber o mesmo sal\u00e1rio por menos horas de trabalho.<\/p>\n\n\n\n<p>Al\u00e9m disso, se as horas reduzidas n\u00e3o forem compensadas com pagamento de horas extras ou contrata\u00e7\u00e3o de novos funcion\u00e1rios, haver\u00e1 diminui\u00e7\u00e3o no total de horas trabalhadas na economia, o que pode levar \u00e0 queda na produ\u00e7\u00e3o de bens e servi\u00e7os e, consequentemente, a um recuo da atividade econ\u00f4mica.<\/p>\n\n\n\n<p>Independentemente da estrat\u00e9gia adotada pelas empresas, a compensa\u00e7\u00e3o integral das horas seria dif\u00edcil de implementar. O estudo classifica a recomposi\u00e7\u00e3o como \u201ceconomicamente improv\u00e1vel e operacionalmente invi\u00e1vel em grande parte dos segmentos industriais\u201d, incluindo ind\u00fastria extrativa, ind\u00fastria de transforma\u00e7\u00e3o, constru\u00e7\u00e3o e servi\u00e7os industriais de utilidade p\u00fablica, como eletricidade, g\u00e1s e \u00e1gua.<\/p>\n\n\n\n<p>\u201cEstamos falando de um aumento de custos muito expressivo. Quando o custo do trabalho sobe dessa forma, o impacto n\u00e3o fica restrito a um setor ou a uma regi\u00e3o. Ele se espalha ao longo das cadeias produtivas, encarece insumos, pressiona pre\u00e7os e afeta a competitividade do pa\u00eds\u201d, alerta Alban.<\/p>\n\n\n\n<p><strong>Diminui\u00e7\u00e3o da produtividade<br><\/strong>Um dos objetivos da PEC \u00e9 aumentar a produtividade. Para o economista Sillas Souza, pesquisador da Universidade Estadual de Campinas (Unicamp), por\u00e9m, o efeito pode ser o oposto. Segundo ele, parte dos trabalhadores pode buscar um segundo emprego para compensar a renda, ampliando a jornada total semanal.<\/p>\n\n\n\n<p>\u201cPrimeiro: para os que conseguirem [outro emprego], teremos o efeito oposto da proposta, pois ao inv\u00e9s de 36 horas semanais, ser\u00e3o agora 72. Menos \u00f3cio, portanto, equivaler\u00e1 a uma menor produtividade. Segundo: mais gente ofertando emprego quer dizer mais concorr\u00eancia pelas vagas, o que motivar\u00e1 os empres\u00e1rios a diminu\u00edrem os sal\u00e1rios m\u00e9dios. Temos uma situa\u00e7\u00e3o potencial na qual muita gente trabalhar\u00e1 o dobro para ganhar um pouco mais do que ganhava antes\u201d, explica.<\/p>\n\n\n\n<p>Para a CNI, as proje\u00e7\u00f5es buscam contribuir para o debate sobre a proposta ao indicar poss\u00edveis efeitos econ\u00f4micos, produtivos e regionais da mudan\u00e7a na jornada de trabalho. A entidade defende que uma an\u00e1lise t\u00e9cnica dos impactos \u00e9 fundamental para orientar eventuais altera\u00e7\u00f5es na legisla\u00e7\u00e3o trabalhista, considerando a diversidade da estrutura produtiva brasileira.<\/p>\n\n\n\n<p>Fonte: <a href=\"https:\/\/brasil61.com\/n\/reducao-da-jornada-pode-elevar-custos-das-empresas-em-ate-r-267-bilhoes-ao-ano-pind264715\">Brasil 61 (clique aqui)<\/a><\/p>\n","protected":false},"excerpt":{"rendered":"<p class=\"excerpt\">Estudo da CNI estima alta de at\u00e9 7% na folha de pagamentos e mostra estados mais afetados A proposta de reduzir a jornada semanal de trabalho de 44 para 40 horas \u2014 prevista na PEC 148\/2015, em tramita\u00e7\u00e3o no Senado \u2014 pode elevar em at\u00e9 R$ 267,2 bilh\u00f5es por ano os custos com empregados formais [&hellip;]<\/p>\n","protected":false},"author":1,"featured_media":0,"comment_status":"open","ping_status":"open","sticky":false,"template":"","format":"standard","meta":[],"categories":[8,17],"tags":[22,24,113,83,92],"yoast_head":"<!-- This site is optimized with the Yoast SEO plugin v18.3 - https:\/\/yoast.com\/wordpress\/plugins\/seo\/ -->\n<title>Redu\u00e7\u00e3o da jornada pode elevar custos das empresas em at\u00e9 R$ 267 bilh\u00f5es ao ano - Manchester FM 93,3<\/title>\n<meta name=\"robots\" content=\"index, follow, max-snippet:-1, max-image-preview:large, max-video-preview:-1\" \/>\n<link rel=\"canonical\" href=\"https:\/\/www.radiomanchester.com.br\/fm\/reducao-da-jornada-pode-elevar-custos-das-empresas-em-ate-r-267-bilhoes-ao-ano\/\" \/>\n<meta property=\"og:locale\" content=\"pt_BR\" \/>\n<meta property=\"og:type\" content=\"article\" \/>\n<meta property=\"og:title\" content=\"Redu\u00e7\u00e3o da jornada pode elevar custos das empresas em at\u00e9 R$ 267 bilh\u00f5es ao ano - Manchester FM 93,3\" \/>\n<meta property=\"og:description\" content=\"Estudo da CNI estima alta de at\u00e9 7% na folha de pagamentos e mostra estados mais afetados A proposta de reduzir a jornada semanal de trabalho de 44 para 40 horas \u2014 prevista na PEC 148\/2015, em tramita\u00e7\u00e3o no Senado \u2014 pode elevar em at\u00e9 R$ 267,2 bilh\u00f5es por ano os custos com empregados formais [&hellip;]\" \/>\n<meta property=\"og:url\" content=\"https:\/\/www.radiomanchester.com.br\/fm\/reducao-da-jornada-pode-elevar-custos-das-empresas-em-ate-r-267-bilhoes-ao-ano\/\" \/>\n<meta property=\"og:site_name\" content=\"Manchester FM 93,3\" \/>\n<meta property=\"article:published_time\" content=\"2026-03-05T14:00:00+00:00\" \/>\n<meta property=\"article:modified_time\" content=\"2026-03-05T01:09:45+00:00\" \/>\n<meta name=\"twitter:card\" content=\"summary_large_image\" \/>\n<meta name=\"twitter:label1\" content=\"Escrito por\" \/>\n\t<meta name=\"twitter:data1\" content=\"admin\" \/>\n\t<meta name=\"twitter:label2\" content=\"Est. tempo de leitura\" \/>\n\t<meta name=\"twitter:data2\" content=\"5 minutos\" \/>\n<script type=\"application\/ld+json\" class=\"yoast-schema-graph\">{\"@context\":\"https:\/\/schema.org\",\"@graph\":[{\"@type\":\"WebSite\",\"@id\":\"https:\/\/www.radiomanchester.com.br\/fm\/#website\",\"url\":\"https:\/\/www.radiomanchester.com.br\/fm\/\",\"name\":\"Manchester FM 93,3\",\"description\":\"Todo Mundo Ouve!\",\"potentialAction\":[{\"@type\":\"SearchAction\",\"target\":{\"@type\":\"EntryPoint\",\"urlTemplate\":\"https:\/\/www.radiomanchester.com.br\/fm\/?s={search_term_string}\"},\"query-input\":\"required name=search_term_string\"}],\"inLanguage\":\"pt-BR\"},{\"@type\":\"WebPage\",\"@id\":\"https:\/\/www.radiomanchester.com.br\/fm\/reducao-da-jornada-pode-elevar-custos-das-empresas-em-ate-r-267-bilhoes-ao-ano\/#webpage\",\"url\":\"https:\/\/www.radiomanchester.com.br\/fm\/reducao-da-jornada-pode-elevar-custos-das-empresas-em-ate-r-267-bilhoes-ao-ano\/\",\"name\":\"Redu\u00e7\u00e3o da jornada pode elevar custos das empresas em at\u00e9 R$ 267 bilh\u00f5es ao ano - Manchester FM 93,3\",\"isPartOf\":{\"@id\":\"https:\/\/www.radiomanchester.com.br\/fm\/#website\"},\"datePublished\":\"2026-03-05T14:00:00+00:00\",\"dateModified\":\"2026-03-05T01:09:45+00:00\",\"author\":{\"@id\":\"https:\/\/www.radiomanchester.com.br\/fm\/#\/schema\/person\/408a7b4d4e32cbebd90e2782852abca3\"},\"breadcrumb\":{\"@id\":\"https:\/\/www.radiomanchester.com.br\/fm\/reducao-da-jornada-pode-elevar-custos-das-empresas-em-ate-r-267-bilhoes-ao-ano\/#breadcrumb\"},\"inLanguage\":\"pt-BR\",\"potentialAction\":[{\"@type\":\"ReadAction\",\"target\":[\"https:\/\/www.radiomanchester.com.br\/fm\/reducao-da-jornada-pode-elevar-custos-das-empresas-em-ate-r-267-bilhoes-ao-ano\/\"]}]},{\"@type\":\"BreadcrumbList\",\"@id\":\"https:\/\/www.radiomanchester.com.br\/fm\/reducao-da-jornada-pode-elevar-custos-das-empresas-em-ate-r-267-bilhoes-ao-ano\/#breadcrumb\",\"itemListElement\":[{\"@type\":\"ListItem\",\"position\":1,\"name\":\"Home\",\"item\":\"https:\/\/www.radiomanchester.com.br\/fm\/\"},{\"@type\":\"ListItem\",\"position\":2,\"name\":\"Redu\u00e7\u00e3o da jornada pode elevar custos das empresas em at\u00e9 R$ 267 bilh\u00f5es ao ano\"}]},{\"@type\":\"Person\",\"@id\":\"https:\/\/www.radiomanchester.com.br\/fm\/#\/schema\/person\/408a7b4d4e32cbebd90e2782852abca3\",\"name\":\"admin\",\"image\":{\"@type\":\"ImageObject\",\"@id\":\"https:\/\/www.radiomanchester.com.br\/fm\/#personlogo\",\"inLanguage\":\"pt-BR\",\"url\":\"https:\/\/secure.gravatar.com\/avatar\/115a974dba3376872eb3addeb276301c?s=96&d=mm&r=g\",\"contentUrl\":\"https:\/\/secure.gravatar.com\/avatar\/115a974dba3376872eb3addeb276301c?s=96&d=mm&r=g\",\"caption\":\"admin\"},\"url\":\"https:\/\/www.radiomanchester.com.br\/fm\/author\/admin\/\"}]}<\/script>\n<!-- \/ Yoast SEO plugin. -->","yoast_head_json":{"title":"Redu\u00e7\u00e3o da jornada pode elevar custos das empresas em at\u00e9 R$ 267 bilh\u00f5es ao ano - Manchester FM 93,3","robots":{"index":"index","follow":"follow","max-snippet":"max-snippet:-1","max-image-preview":"max-image-preview:large","max-video-preview":"max-video-preview:-1"},"canonical":"https:\/\/www.radiomanchester.com.br\/fm\/reducao-da-jornada-pode-elevar-custos-das-empresas-em-ate-r-267-bilhoes-ao-ano\/","og_locale":"pt_BR","og_type":"article","og_title":"Redu\u00e7\u00e3o da jornada pode elevar custos das empresas em at\u00e9 R$ 267 bilh\u00f5es ao ano - Manchester FM 93,3","og_description":"Estudo da CNI estima alta de at\u00e9 7% na folha de pagamentos e mostra estados mais afetados A proposta de reduzir a jornada semanal de trabalho de 44 para 40 horas \u2014 prevista na PEC 148\/2015, em tramita\u00e7\u00e3o no Senado \u2014 pode elevar em at\u00e9 R$ 267,2 bilh\u00f5es por ano os custos com empregados formais [&hellip;]","og_url":"https:\/\/www.radiomanchester.com.br\/fm\/reducao-da-jornada-pode-elevar-custos-das-empresas-em-ate-r-267-bilhoes-ao-ano\/","og_site_name":"Manchester FM 93,3","article_published_time":"2026-03-05T14:00:00+00:00","article_modified_time":"2026-03-05T01:09:45+00:00","twitter_card":"summary_large_image","twitter_misc":{"Escrito por":"admin","Est. tempo de leitura":"5 minutos"},"schema":{"@context":"https:\/\/schema.org","@graph":[{"@type":"WebSite","@id":"https:\/\/www.radiomanchester.com.br\/fm\/#website","url":"https:\/\/www.radiomanchester.com.br\/fm\/","name":"Manchester FM 93,3","description":"Todo Mundo Ouve!","potentialAction":[{"@type":"SearchAction","target":{"@type":"EntryPoint","urlTemplate":"https:\/\/www.radiomanchester.com.br\/fm\/?s={search_term_string}"},"query-input":"required name=search_term_string"}],"inLanguage":"pt-BR"},{"@type":"WebPage","@id":"https:\/\/www.radiomanchester.com.br\/fm\/reducao-da-jornada-pode-elevar-custos-das-empresas-em-ate-r-267-bilhoes-ao-ano\/#webpage","url":"https:\/\/www.radiomanchester.com.br\/fm\/reducao-da-jornada-pode-elevar-custos-das-empresas-em-ate-r-267-bilhoes-ao-ano\/","name":"Redu\u00e7\u00e3o da jornada pode elevar custos das empresas em at\u00e9 R$ 267 bilh\u00f5es ao ano - Manchester FM 93,3","isPartOf":{"@id":"https:\/\/www.radiomanchester.com.br\/fm\/#website"},"datePublished":"2026-03-05T14:00:00+00:00","dateModified":"2026-03-05T01:09:45+00:00","author":{"@id":"https:\/\/www.radiomanchester.com.br\/fm\/#\/schema\/person\/408a7b4d4e32cbebd90e2782852abca3"},"breadcrumb":{"@id":"https:\/\/www.radiomanchester.com.br\/fm\/reducao-da-jornada-pode-elevar-custos-das-empresas-em-ate-r-267-bilhoes-ao-ano\/#breadcrumb"},"inLanguage":"pt-BR","potentialAction":[{"@type":"ReadAction","target":["https:\/\/www.radiomanchester.com.br\/fm\/reducao-da-jornada-pode-elevar-custos-das-empresas-em-ate-r-267-bilhoes-ao-ano\/"]}]},{"@type":"BreadcrumbList","@id":"https:\/\/www.radiomanchester.com.br\/fm\/reducao-da-jornada-pode-elevar-custos-das-empresas-em-ate-r-267-bilhoes-ao-ano\/#breadcrumb","itemListElement":[{"@type":"ListItem","position":1,"name":"Home","item":"https:\/\/www.radiomanchester.com.br\/fm\/"},{"@type":"ListItem","position":2,"name":"Redu\u00e7\u00e3o da jornada pode elevar custos das empresas em at\u00e9 R$ 267 bilh\u00f5es ao ano"}]},{"@type":"Person","@id":"https:\/\/www.radiomanchester.com.br\/fm\/#\/schema\/person\/408a7b4d4e32cbebd90e2782852abca3","name":"admin","image":{"@type":"ImageObject","@id":"https:\/\/www.radiomanchester.com.br\/fm\/#personlogo","inLanguage":"pt-BR","url":"https:\/\/secure.gravatar.com\/avatar\/115a974dba3376872eb3addeb276301c?s=96&d=mm&r=g","contentUrl":"https:\/\/secure.gravatar.com\/avatar\/115a974dba3376872eb3addeb276301c?s=96&d=mm&r=g","caption":"admin"},"url":"https:\/\/www.radiomanchester.com.br\/fm\/author\/admin\/"}]}},"_links":{"self":[{"href":"https:\/\/www.radiomanchester.com.br\/fm\/wp-json\/wp\/v2\/posts\/17447"}],"collection":[{"href":"https:\/\/www.radiomanchester.com.br\/fm\/wp-json\/wp\/v2\/posts"}],"about":[{"href":"https:\/\/www.radiomanchester.com.br\/fm\/wp-json\/wp\/v2\/types\/post"}],"author":[{"embeddable":true,"href":"https:\/\/www.radiomanchester.com.br\/fm\/wp-json\/wp\/v2\/users\/1"}],"replies":[{"embeddable":true,"href":"https:\/\/www.radiomanchester.com.br\/fm\/wp-json\/wp\/v2\/comments?post=17447"}],"version-history":[{"count":2,"href":"https:\/\/www.radiomanchester.com.br\/fm\/wp-json\/wp\/v2\/posts\/17447\/revisions"}],"predecessor-version":[{"id":17450,"href":"https:\/\/www.radiomanchester.com.br\/fm\/wp-json\/wp\/v2\/posts\/17447\/revisions\/17450"}],"wp:attachment":[{"href":"https:\/\/www.radiomanchester.com.br\/fm\/wp-json\/wp\/v2\/media?parent=17447"}],"wp:term":[{"taxonomy":"category","embeddable":true,"href":"https:\/\/www.radiomanchester.com.br\/fm\/wp-json\/wp\/v2\/categories?post=17447"},{"taxonomy":"post_tag","embeddable":true,"href":"https:\/\/www.radiomanchester.com.br\/fm\/wp-json\/wp\/v2\/tags?post=17447"}],"curies":[{"name":"wp","href":"https:\/\/api.w.org\/{rel}","templated":true}]}}