{"id":17451,"date":"2026-03-05T19:38:20","date_gmt":"2026-03-05T22:38:20","guid":{"rendered":"https:\/\/www.radiomanchester.com.br\/fm\/?p=17451"},"modified":"2026-03-05T19:38:22","modified_gmt":"2026-03-05T22:38:22","slug":"inedito-estudantes-do-1o-ao-9o-ano-passarao-a-ter-aulas-de-empreendedorismo-em-anapolis","status":"publish","type":"post","link":"https:\/\/www.radiomanchester.com.br\/fm\/inedito-estudantes-do-1o-ao-9o-ano-passarao-a-ter-aulas-de-empreendedorismo-em-anapolis\/","title":{"rendered":"In\u00e9dito: estudantes do 1\u00ba ao 9\u00ba ano passar\u00e3o a ter aulas de empreendedorismo em An\u00e1polis"},"content":{"rendered":"\n<p><\/p>\n\n\n\n<p>Pela primeira vez na hist\u00f3ria, 27,7 mil estudantes da rede p\u00fablica de An\u00e1polis \u2013 que correspondem as turmas do 1\u00ba ao 9\u00ba ano \u2013 ir\u00e3o ter aulas de empreendedorismo. Al\u00e9m dos fundamentos pedag\u00f3gicos disponibilizados pela parceria com o Sebrae, os alunos ser\u00e3o estimulados dentro da sala de aula a desenvolverem criatividade, identifica\u00e7\u00e3o de oportunidades, racioc\u00ednio l\u00f3gico, trabalho em equipe, al\u00e9m de outras habilidades importantes para o dia a dia. Rob\u00f3tica &#8211; que \u00e9 focada na educa\u00e7\u00e3o empreendedora \u2013 e tecnologias digitais entram no radar.<\/p>\n\n\n\n<p>De acordo com a secret\u00e1ria de Educa\u00e7\u00e3o, Adriana Rocha, um projeto piloto foi trabalhado ao longo de 2025 entre os alunos das unidades integrais, gerando resultados bastante positivo. \u201cAo percebermos as mudan\u00e7as de comportamento e interesse dos alunos, buscamos o Sebrae para ampliarmos essa parceria\u201d, afirmou.<\/p>\n\n\n\n<p>Os 23,3 mil estudantes do Ensino Fundamental &#8211; do 1\u00ba ao 5\u00ba ano &#8211; v\u00e3o trilhar as diretrizes do Jovens Empreendedores Primeiro Passo (JEPP) Sebrae, que prop\u00f5e desenvolver compet\u00eancias como iniciativa, coopera\u00e7\u00e3o e planejamento. A metodologia \u00e9 trabalhada de forma multidisciplinar e \u00e9 considerada um marco de transforma\u00e7\u00e3o social.<\/p>\n\n\n\n<p>\u201c\u00c9 importante para uma crian\u00e7a come\u00e7ar a ter consci\u00eancia financeira logo cedo, al\u00e9m de levar os ensinamentos para casa. Muitas vezes, desperta o olhar de uma pessoa pr\u00f3xima para algo que pode transformar a vida de uma fam\u00edlia\u201d, ressalta Adriana.<\/p>\n\n\n\n<p>\u201cS\u00e3o ensinamentos que poder\u00e3o ser aplicados a n\u00edvel socioemocional e que tamb\u00e9m ser\u00e3o desenvolvidos no mundo do trabalho. A expectativa \u00e9 que as apostilas e cadernos sejam entregues no m\u00eas de mar\u00e7o\u201d, explicou a gestora de educa\u00e7\u00e3o empreendedora estadual do Sebrae, Bruna Maia.<\/p>\n\n\n\n<p>J\u00e1 os alunos do 6\u00ba ao 9\u00ba ano trabalhar\u00e3o em cadernos de atividades desenvolvidos e pensados para uma progress\u00e3o por etapas. Na pr\u00e1tica, aprendem a trabalhar com solu\u00e7\u00f5es sustent\u00e1veis (6\u00ba ano), rob\u00f3tica empreendedora (7\u00ba ano), tecnologias digitais e solu\u00e7\u00f5es empreendedoras (8\u00ba ano) e, por \u00faltimo, gera\u00e7\u00e3o empreendedoras (9\u00ba ano).<\/p>\n","protected":false},"excerpt":{"rendered":"<p class=\"excerpt\">Pela primeira vez na hist\u00f3ria, 27,7 mil estudantes da rede p\u00fablica de An\u00e1polis \u2013 que correspondem as turmas do 1\u00ba ao 9\u00ba ano \u2013 ir\u00e3o ter aulas de empreendedorismo. Al\u00e9m dos fundamentos pedag\u00f3gicos disponibilizados pela parceria com o Sebrae, os alunos ser\u00e3o estimulados dentro da sala de aula a desenvolverem criatividade, identifica\u00e7\u00e3o de oportunidades, racioc\u00ednio [&hellip;]<\/p>\n","protected":false},"author":1,"featured_media":0,"comment_status":"open","ping_status":"open","sticky":false,"template":"","format":"standard","meta":[],"categories":[8,17],"tags":[22,24,113,83,129,92],"yoast_head":"<!-- This site is optimized with the Yoast SEO plugin v18.3 - https:\/\/yoast.com\/wordpress\/plugins\/seo\/ -->\n<title>In\u00e9dito: estudantes do 1\u00ba ao 9\u00ba ano passar\u00e3o a ter aulas de empreendedorismo em An\u00e1polis - Manchester FM 93,3<\/title>\n<meta name=\"robots\" content=\"index, follow, max-snippet:-1, max-image-preview:large, max-video-preview:-1\" \/>\n<link rel=\"canonical\" href=\"https:\/\/www.radiomanchester.com.br\/fm\/inedito-estudantes-do-1o-ao-9o-ano-passarao-a-ter-aulas-de-empreendedorismo-em-anapolis\/\" \/>\n<meta property=\"og:locale\" content=\"pt_BR\" \/>\n<meta property=\"og:type\" content=\"article\" \/>\n<meta property=\"og:title\" content=\"In\u00e9dito: estudantes do 1\u00ba ao 9\u00ba ano passar\u00e3o a ter aulas de empreendedorismo em An\u00e1polis - Manchester FM 93,3\" \/>\n<meta property=\"og:description\" content=\"Pela primeira vez na hist\u00f3ria, 27,7 mil estudantes da rede p\u00fablica de An\u00e1polis \u2013 que correspondem as turmas do 1\u00ba ao 9\u00ba ano \u2013 ir\u00e3o ter aulas de empreendedorismo. Al\u00e9m dos fundamentos pedag\u00f3gicos disponibilizados pela parceria com o Sebrae, os alunos ser\u00e3o estimulados dentro da sala de aula a desenvolverem criatividade, identifica\u00e7\u00e3o de oportunidades, racioc\u00ednio [&hellip;]\" \/>\n<meta property=\"og:url\" content=\"https:\/\/www.radiomanchester.com.br\/fm\/inedito-estudantes-do-1o-ao-9o-ano-passarao-a-ter-aulas-de-empreendedorismo-em-anapolis\/\" \/>\n<meta property=\"og:site_name\" content=\"Manchester FM 93,3\" \/>\n<meta property=\"article:published_time\" content=\"2026-03-05T22:38:20+00:00\" \/>\n<meta property=\"article:modified_time\" content=\"2026-03-05T22:38:22+00:00\" \/>\n<meta name=\"twitter:card\" content=\"summary_large_image\" \/>\n<meta name=\"twitter:label1\" content=\"Escrito por\" \/>\n\t<meta name=\"twitter:data1\" content=\"admin\" \/>\n\t<meta name=\"twitter:label2\" content=\"Est. tempo de leitura\" \/>\n\t<meta name=\"twitter:data2\" content=\"2 minutos\" \/>\n<script type=\"application\/ld+json\" class=\"yoast-schema-graph\">{\"@context\":\"https:\/\/schema.org\",\"@graph\":[{\"@type\":\"WebSite\",\"@id\":\"https:\/\/www.radiomanchester.com.br\/fm\/#website\",\"url\":\"https:\/\/www.radiomanchester.com.br\/fm\/\",\"name\":\"Manchester FM 93,3\",\"description\":\"Todo Mundo Ouve!\",\"potentialAction\":[{\"@type\":\"SearchAction\",\"target\":{\"@type\":\"EntryPoint\",\"urlTemplate\":\"https:\/\/www.radiomanchester.com.br\/fm\/?s={search_term_string}\"},\"query-input\":\"required name=search_term_string\"}],\"inLanguage\":\"pt-BR\"},{\"@type\":\"WebPage\",\"@id\":\"https:\/\/www.radiomanchester.com.br\/fm\/inedito-estudantes-do-1o-ao-9o-ano-passarao-a-ter-aulas-de-empreendedorismo-em-anapolis\/#webpage\",\"url\":\"https:\/\/www.radiomanchester.com.br\/fm\/inedito-estudantes-do-1o-ao-9o-ano-passarao-a-ter-aulas-de-empreendedorismo-em-anapolis\/\",\"name\":\"In\u00e9dito: estudantes do 1\u00ba ao 9\u00ba ano passar\u00e3o a ter aulas de empreendedorismo em An\u00e1polis - Manchester FM 93,3\",\"isPartOf\":{\"@id\":\"https:\/\/www.radiomanchester.com.br\/fm\/#website\"},\"datePublished\":\"2026-03-05T22:38:20+00:00\",\"dateModified\":\"2026-03-05T22:38:22+00:00\",\"author\":{\"@id\":\"https:\/\/www.radiomanchester.com.br\/fm\/#\/schema\/person\/408a7b4d4e32cbebd90e2782852abca3\"},\"breadcrumb\":{\"@id\":\"https:\/\/www.radiomanchester.com.br\/fm\/inedito-estudantes-do-1o-ao-9o-ano-passarao-a-ter-aulas-de-empreendedorismo-em-anapolis\/#breadcrumb\"},\"inLanguage\":\"pt-BR\",\"potentialAction\":[{\"@type\":\"ReadAction\",\"target\":[\"https:\/\/www.radiomanchester.com.br\/fm\/inedito-estudantes-do-1o-ao-9o-ano-passarao-a-ter-aulas-de-empreendedorismo-em-anapolis\/\"]}]},{\"@type\":\"BreadcrumbList\",\"@id\":\"https:\/\/www.radiomanchester.com.br\/fm\/inedito-estudantes-do-1o-ao-9o-ano-passarao-a-ter-aulas-de-empreendedorismo-em-anapolis\/#breadcrumb\",\"itemListElement\":[{\"@type\":\"ListItem\",\"position\":1,\"name\":\"Home\",\"item\":\"https:\/\/www.radiomanchester.com.br\/fm\/\"},{\"@type\":\"ListItem\",\"position\":2,\"name\":\"In\u00e9dito: estudantes do 1\u00ba ao 9\u00ba ano passar\u00e3o a ter aulas de empreendedorismo em An\u00e1polis\"}]},{\"@type\":\"Person\",\"@id\":\"https:\/\/www.radiomanchester.com.br\/fm\/#\/schema\/person\/408a7b4d4e32cbebd90e2782852abca3\",\"name\":\"admin\",\"image\":{\"@type\":\"ImageObject\",\"@id\":\"https:\/\/www.radiomanchester.com.br\/fm\/#personlogo\",\"inLanguage\":\"pt-BR\",\"url\":\"https:\/\/secure.gravatar.com\/avatar\/115a974dba3376872eb3addeb276301c?s=96&d=mm&r=g\",\"contentUrl\":\"https:\/\/secure.gravatar.com\/avatar\/115a974dba3376872eb3addeb276301c?s=96&d=mm&r=g\",\"caption\":\"admin\"},\"url\":\"https:\/\/www.radiomanchester.com.br\/fm\/author\/admin\/\"}]}<\/script>\n<!-- \/ Yoast SEO plugin. -->","yoast_head_json":{"title":"In\u00e9dito: estudantes do 1\u00ba ao 9\u00ba ano passar\u00e3o a ter aulas de empreendedorismo em An\u00e1polis - Manchester FM 93,3","robots":{"index":"index","follow":"follow","max-snippet":"max-snippet:-1","max-image-preview":"max-image-preview:large","max-video-preview":"max-video-preview:-1"},"canonical":"https:\/\/www.radiomanchester.com.br\/fm\/inedito-estudantes-do-1o-ao-9o-ano-passarao-a-ter-aulas-de-empreendedorismo-em-anapolis\/","og_locale":"pt_BR","og_type":"article","og_title":"In\u00e9dito: estudantes do 1\u00ba ao 9\u00ba ano passar\u00e3o a ter aulas de empreendedorismo em An\u00e1polis - Manchester FM 93,3","og_description":"Pela primeira vez na hist\u00f3ria, 27,7 mil estudantes da rede p\u00fablica de An\u00e1polis \u2013 que correspondem as turmas do 1\u00ba ao 9\u00ba ano \u2013 ir\u00e3o ter aulas de empreendedorismo. Al\u00e9m dos fundamentos pedag\u00f3gicos disponibilizados pela parceria com o Sebrae, os alunos ser\u00e3o estimulados dentro da sala de aula a desenvolverem criatividade, identifica\u00e7\u00e3o de oportunidades, racioc\u00ednio [&hellip;]","og_url":"https:\/\/www.radiomanchester.com.br\/fm\/inedito-estudantes-do-1o-ao-9o-ano-passarao-a-ter-aulas-de-empreendedorismo-em-anapolis\/","og_site_name":"Manchester FM 93,3","article_published_time":"2026-03-05T22:38:20+00:00","article_modified_time":"2026-03-05T22:38:22+00:00","twitter_card":"summary_large_image","twitter_misc":{"Escrito por":"admin","Est. tempo de leitura":"2 minutos"},"schema":{"@context":"https:\/\/schema.org","@graph":[{"@type":"WebSite","@id":"https:\/\/www.radiomanchester.com.br\/fm\/#website","url":"https:\/\/www.radiomanchester.com.br\/fm\/","name":"Manchester FM 93,3","description":"Todo Mundo Ouve!","potentialAction":[{"@type":"SearchAction","target":{"@type":"EntryPoint","urlTemplate":"https:\/\/www.radiomanchester.com.br\/fm\/?s={search_term_string}"},"query-input":"required name=search_term_string"}],"inLanguage":"pt-BR"},{"@type":"WebPage","@id":"https:\/\/www.radiomanchester.com.br\/fm\/inedito-estudantes-do-1o-ao-9o-ano-passarao-a-ter-aulas-de-empreendedorismo-em-anapolis\/#webpage","url":"https:\/\/www.radiomanchester.com.br\/fm\/inedito-estudantes-do-1o-ao-9o-ano-passarao-a-ter-aulas-de-empreendedorismo-em-anapolis\/","name":"In\u00e9dito: estudantes do 1\u00ba ao 9\u00ba ano passar\u00e3o a ter aulas de empreendedorismo em An\u00e1polis - Manchester FM 93,3","isPartOf":{"@id":"https:\/\/www.radiomanchester.com.br\/fm\/#website"},"datePublished":"2026-03-05T22:38:20+00:00","dateModified":"2026-03-05T22:38:22+00:00","author":{"@id":"https:\/\/www.radiomanchester.com.br\/fm\/#\/schema\/person\/408a7b4d4e32cbebd90e2782852abca3"},"breadcrumb":{"@id":"https:\/\/www.radiomanchester.com.br\/fm\/inedito-estudantes-do-1o-ao-9o-ano-passarao-a-ter-aulas-de-empreendedorismo-em-anapolis\/#breadcrumb"},"inLanguage":"pt-BR","potentialAction":[{"@type":"ReadAction","target":["https:\/\/www.radiomanchester.com.br\/fm\/inedito-estudantes-do-1o-ao-9o-ano-passarao-a-ter-aulas-de-empreendedorismo-em-anapolis\/"]}]},{"@type":"BreadcrumbList","@id":"https:\/\/www.radiomanchester.com.br\/fm\/inedito-estudantes-do-1o-ao-9o-ano-passarao-a-ter-aulas-de-empreendedorismo-em-anapolis\/#breadcrumb","itemListElement":[{"@type":"ListItem","position":1,"name":"Home","item":"https:\/\/www.radiomanchester.com.br\/fm\/"},{"@type":"ListItem","position":2,"name":"In\u00e9dito: estudantes do 1\u00ba ao 9\u00ba ano passar\u00e3o a ter aulas de empreendedorismo em An\u00e1polis"}]},{"@type":"Person","@id":"https:\/\/www.radiomanchester.com.br\/fm\/#\/schema\/person\/408a7b4d4e32cbebd90e2782852abca3","name":"admin","image":{"@type":"ImageObject","@id":"https:\/\/www.radiomanchester.com.br\/fm\/#personlogo","inLanguage":"pt-BR","url":"https:\/\/secure.gravatar.com\/avatar\/115a974dba3376872eb3addeb276301c?s=96&d=mm&r=g","contentUrl":"https:\/\/secure.gravatar.com\/avatar\/115a974dba3376872eb3addeb276301c?s=96&d=mm&r=g","caption":"admin"},"url":"https:\/\/www.radiomanchester.com.br\/fm\/author\/admin\/"}]}},"_links":{"self":[{"href":"https:\/\/www.radiomanchester.com.br\/fm\/wp-json\/wp\/v2\/posts\/17451"}],"collection":[{"href":"https:\/\/www.radiomanchester.com.br\/fm\/wp-json\/wp\/v2\/posts"}],"about":[{"href":"https:\/\/www.radiomanchester.com.br\/fm\/wp-json\/wp\/v2\/types\/post"}],"author":[{"embeddable":true,"href":"https:\/\/www.radiomanchester.com.br\/fm\/wp-json\/wp\/v2\/users\/1"}],"replies":[{"embeddable":true,"href":"https:\/\/www.radiomanchester.com.br\/fm\/wp-json\/wp\/v2\/comments?post=17451"}],"version-history":[{"count":1,"href":"https:\/\/www.radiomanchester.com.br\/fm\/wp-json\/wp\/v2\/posts\/17451\/revisions"}],"predecessor-version":[{"id":17452,"href":"https:\/\/www.radiomanchester.com.br\/fm\/wp-json\/wp\/v2\/posts\/17451\/revisions\/17452"}],"wp:attachment":[{"href":"https:\/\/www.radiomanchester.com.br\/fm\/wp-json\/wp\/v2\/media?parent=17451"}],"wp:term":[{"taxonomy":"category","embeddable":true,"href":"https:\/\/www.radiomanchester.com.br\/fm\/wp-json\/wp\/v2\/categories?post=17451"},{"taxonomy":"post_tag","embeddable":true,"href":"https:\/\/www.radiomanchester.com.br\/fm\/wp-json\/wp\/v2\/tags?post=17451"}],"curies":[{"name":"wp","href":"https:\/\/api.w.org\/{rel}","templated":true}]}}