{"id":17454,"date":"2026-03-06T07:00:00","date_gmt":"2026-03-06T10:00:00","guid":{"rendered":"https:\/\/www.radiomanchester.com.br\/fm\/?p=17454"},"modified":"2026-03-05T21:15:51","modified_gmt":"2026-03-06T00:15:51","slug":"saude-implanta-projeto-de-gestao-de-filas-para-cirurgias-eletivas","status":"publish","type":"post","link":"https:\/\/www.radiomanchester.com.br\/fm\/saude-implanta-projeto-de-gestao-de-filas-para-cirurgias-eletivas\/","title":{"rendered":"Sa\u00fade implanta projeto de gest\u00e3o de filas para cirurgias eletivas"},"content":{"rendered":"\n<p><\/p>\n\n\n\n<p>A Secretaria da Sa\u00fade de Goi\u00e1s (SES-GO) assina termo de coopera\u00e7\u00e3o t\u00e9cnica para implanta\u00e7\u00e3o do projeto de gest\u00e3o de filas de cirurgias eletivas na rede p\u00fablica estadual. A tecnologia, desenvolvida pela empresa Fin-X, come\u00e7a a ser implantada no Centro Estadual de Reabilita\u00e7\u00e3o e Readapta\u00e7\u00e3o Dr. Henrique Santillo (Crer) e no Hospital Ortop\u00e9dico de Ceres (HOC) nos pr\u00f3ximos 6 meses.<\/p>\n\n\n\n<p>Ao final, ser\u00e1 realizada avalia\u00e7\u00e3o dos resultados e o projeto poder\u00e1 ser expandido para toda a rede estadual e hospitais contratualizados.<\/p>\n\n\n\n<p><strong>Cirurgias eletivas<br><\/strong>O sistema visa a moderniza\u00e7\u00e3o da gest\u00e3o com foco no cidad\u00e3o \u00e0 medida que estrutura a jornada cir\u00fargica da primeira consulta com especialista \u00e0 realiza\u00e7\u00e3o do procedimento, com base em tr\u00eas pilares: transpar\u00eancia, efici\u00eancia e redu\u00e7\u00e3o de retrabalho e inconsist\u00eancias.<\/p>\n\n\n\n<p>A metodologia de gerenciamento de cirurgias integra planejamento, prepara\u00e7\u00e3o e execu\u00e7\u00e3o em um fluxo \u00fanico e rastre\u00e1vel.<\/p>\n\n\n\n<p>De acordo com o secret\u00e1rio da Sa\u00fade, Rasivel Santos, a plataforma permite o monitoramento adequado das filas de cirurgias; prepara\u00e7\u00e3o do paciente; planejamento do centro cir\u00fargico de acordo com a demanda; e avalia\u00e7\u00e3o se o tempo de espera est\u00e1 dentro do que \u00e9 aceit\u00e1vel.<\/p>\n\n\n\n<p>\u201cCom isso, a gente vai acelerar o processo de cirurgias eletivas e fazer as entregas que o cidad\u00e3o goiano precisa\u201d, acrescentou.<\/p>\n\n\n\n<p>O subsecret\u00e1rio de Pol\u00edticas e A\u00e7\u00f5es em Sa\u00fade da SES, Luciano de Moura Carvalho, ressaltou a import\u00e2ncia do projeto para a transpar\u00eancia das a\u00e7\u00f5es da secretaria.<\/p>\n\n\n\n<p>\u201cAcredito que teremos \u00f3timos resultados com os projetos pilotos. Com isso, vamos levar o sistema para toda a rede de sa\u00fade do Estado, garantindo maior transpar\u00eancia dos servi\u00e7os ao usu\u00e1rio do SUS em Goi\u00e1s\u201d, afirmou.<\/p>\n\n\n\n<p><strong>Acompanhamento<br><\/strong>A Superintendente de Regula\u00e7\u00e3o, Controle e Avalia\u00e7\u00e3o da SES-GO, Lorena Mota, explicou que a secretaria ir\u00e1 acompanhar toda a jornada assistencial do paciente desde a primeira consulta regulada, at\u00e9 a execu\u00e7\u00e3o da cirurgia.<\/p>\n\n\n\n<p>\u201cEsse modelo, totalmente integrado ao nosso sistema de gest\u00e3o hospitalar e ao sistema de regula\u00e7\u00e3o estadual, nos possibilita acompanhar diariamente o caminho do paciente, reduzindo retrabalho, processos manuais e trazendo mais transpar\u00eancia \u00e0s filas de cirurgias, \u00e0s consultas de retorno e garantia da assist\u00eancia ao nosso usu\u00e1rio\u201d, afirmou.<\/p>\n\n\n\n<p>Para o diretor-geral do Crer, Luiz Sampaio, o sistema vem para atender a uma demanda antiga da unidade. Segundo ele, o projeto permite \u201cver toda a jornada do paciente, pensando na eficientiza\u00e7\u00e3o do processo cir\u00fargico, o que traz uma performance para o hospital em seu processo de transforma\u00e7\u00e3o digital e, acima de tudo, atendendo cada vez melhor o usu\u00e1rio do SUS\u201d.<\/p>\n\n\n\n<p>O fundador da Fin-X, S\u00e9rgio Campagna, o projeto foi pensado levando em conta as demandas dos hospitais e da SES. \u201c\u00c9 um anseio muito grande dos prestadores de servi\u00e7o em trazer essa efici\u00eancia e da secretaria em trabalhar com transpar\u00eancia para gerar informa\u00e7\u00e3o para a popula\u00e7\u00e3o\u201d, completou.<\/p>\n\n\n\n<p>porAg\u00eancia Brasil<\/p>\n","protected":false},"excerpt":{"rendered":"<p class=\"excerpt\">A Secretaria da Sa\u00fade de Goi\u00e1s (SES-GO) assina termo de coopera\u00e7\u00e3o t\u00e9cnica para implanta\u00e7\u00e3o do projeto de gest\u00e3o de filas de cirurgias eletivas na rede p\u00fablica estadual. A tecnologia, desenvolvida pela empresa Fin-X, come\u00e7a a ser implantada no Centro Estadual de Reabilita\u00e7\u00e3o e Readapta\u00e7\u00e3o Dr. Henrique Santillo (Crer) e no Hospital Ortop\u00e9dico de Ceres (HOC) [&hellip;]<\/p>\n","protected":false},"author":1,"featured_media":0,"comment_status":"open","ping_status":"open","sticky":false,"template":"","format":"standard","meta":[],"categories":[8,17],"tags":[22,24,172,113,83,92],"yoast_head":"<!-- This site is optimized with the Yoast SEO plugin v18.3 - https:\/\/yoast.com\/wordpress\/plugins\/seo\/ -->\n<title>Sa\u00fade implanta projeto de gest\u00e3o de filas para cirurgias eletivas - Manchester FM 93,3<\/title>\n<meta name=\"robots\" content=\"index, follow, max-snippet:-1, max-image-preview:large, max-video-preview:-1\" \/>\n<link rel=\"canonical\" href=\"https:\/\/www.radiomanchester.com.br\/fm\/saude-implanta-projeto-de-gestao-de-filas-para-cirurgias-eletivas\/\" \/>\n<meta property=\"og:locale\" content=\"pt_BR\" \/>\n<meta property=\"og:type\" content=\"article\" \/>\n<meta property=\"og:title\" content=\"Sa\u00fade implanta projeto de gest\u00e3o de filas para cirurgias eletivas - Manchester FM 93,3\" \/>\n<meta property=\"og:description\" content=\"A Secretaria da Sa\u00fade de Goi\u00e1s (SES-GO) assina termo de coopera\u00e7\u00e3o t\u00e9cnica para implanta\u00e7\u00e3o do projeto de gest\u00e3o de filas de cirurgias eletivas na rede p\u00fablica estadual. A tecnologia, desenvolvida pela empresa Fin-X, come\u00e7a a ser implantada no Centro Estadual de Reabilita\u00e7\u00e3o e Readapta\u00e7\u00e3o Dr. Henrique Santillo (Crer) e no Hospital Ortop\u00e9dico de Ceres (HOC) [&hellip;]\" \/>\n<meta property=\"og:url\" content=\"https:\/\/www.radiomanchester.com.br\/fm\/saude-implanta-projeto-de-gestao-de-filas-para-cirurgias-eletivas\/\" \/>\n<meta property=\"og:site_name\" content=\"Manchester FM 93,3\" \/>\n<meta property=\"article:published_time\" content=\"2026-03-06T10:00:00+00:00\" \/>\n<meta property=\"article:modified_time\" content=\"2026-03-06T00:15:51+00:00\" \/>\n<meta name=\"twitter:card\" content=\"summary_large_image\" \/>\n<meta name=\"twitter:label1\" content=\"Escrito por\" \/>\n\t<meta name=\"twitter:data1\" content=\"admin\" \/>\n\t<meta name=\"twitter:label2\" content=\"Est. tempo de leitura\" \/>\n\t<meta name=\"twitter:data2\" content=\"3 minutos\" \/>\n<script type=\"application\/ld+json\" class=\"yoast-schema-graph\">{\"@context\":\"https:\/\/schema.org\",\"@graph\":[{\"@type\":\"WebSite\",\"@id\":\"https:\/\/www.radiomanchester.com.br\/fm\/#website\",\"url\":\"https:\/\/www.radiomanchester.com.br\/fm\/\",\"name\":\"Manchester FM 93,3\",\"description\":\"Todo Mundo Ouve!\",\"potentialAction\":[{\"@type\":\"SearchAction\",\"target\":{\"@type\":\"EntryPoint\",\"urlTemplate\":\"https:\/\/www.radiomanchester.com.br\/fm\/?s={search_term_string}\"},\"query-input\":\"required name=search_term_string\"}],\"inLanguage\":\"pt-BR\"},{\"@type\":\"WebPage\",\"@id\":\"https:\/\/www.radiomanchester.com.br\/fm\/saude-implanta-projeto-de-gestao-de-filas-para-cirurgias-eletivas\/#webpage\",\"url\":\"https:\/\/www.radiomanchester.com.br\/fm\/saude-implanta-projeto-de-gestao-de-filas-para-cirurgias-eletivas\/\",\"name\":\"Sa\u00fade implanta projeto de gest\u00e3o de filas para cirurgias eletivas - Manchester FM 93,3\",\"isPartOf\":{\"@id\":\"https:\/\/www.radiomanchester.com.br\/fm\/#website\"},\"datePublished\":\"2026-03-06T10:00:00+00:00\",\"dateModified\":\"2026-03-06T00:15:51+00:00\",\"author\":{\"@id\":\"https:\/\/www.radiomanchester.com.br\/fm\/#\/schema\/person\/408a7b4d4e32cbebd90e2782852abca3\"},\"breadcrumb\":{\"@id\":\"https:\/\/www.radiomanchester.com.br\/fm\/saude-implanta-projeto-de-gestao-de-filas-para-cirurgias-eletivas\/#breadcrumb\"},\"inLanguage\":\"pt-BR\",\"potentialAction\":[{\"@type\":\"ReadAction\",\"target\":[\"https:\/\/www.radiomanchester.com.br\/fm\/saude-implanta-projeto-de-gestao-de-filas-para-cirurgias-eletivas\/\"]}]},{\"@type\":\"BreadcrumbList\",\"@id\":\"https:\/\/www.radiomanchester.com.br\/fm\/saude-implanta-projeto-de-gestao-de-filas-para-cirurgias-eletivas\/#breadcrumb\",\"itemListElement\":[{\"@type\":\"ListItem\",\"position\":1,\"name\":\"Home\",\"item\":\"https:\/\/www.radiomanchester.com.br\/fm\/\"},{\"@type\":\"ListItem\",\"position\":2,\"name\":\"Sa\u00fade implanta projeto de gest\u00e3o de filas para cirurgias eletivas\"}]},{\"@type\":\"Person\",\"@id\":\"https:\/\/www.radiomanchester.com.br\/fm\/#\/schema\/person\/408a7b4d4e32cbebd90e2782852abca3\",\"name\":\"admin\",\"image\":{\"@type\":\"ImageObject\",\"@id\":\"https:\/\/www.radiomanchester.com.br\/fm\/#personlogo\",\"inLanguage\":\"pt-BR\",\"url\":\"https:\/\/secure.gravatar.com\/avatar\/115a974dba3376872eb3addeb276301c?s=96&d=mm&r=g\",\"contentUrl\":\"https:\/\/secure.gravatar.com\/avatar\/115a974dba3376872eb3addeb276301c?s=96&d=mm&r=g\",\"caption\":\"admin\"},\"url\":\"https:\/\/www.radiomanchester.com.br\/fm\/author\/admin\/\"}]}<\/script>\n<!-- \/ Yoast SEO plugin. -->","yoast_head_json":{"title":"Sa\u00fade implanta projeto de gest\u00e3o de filas para cirurgias eletivas - Manchester FM 93,3","robots":{"index":"index","follow":"follow","max-snippet":"max-snippet:-1","max-image-preview":"max-image-preview:large","max-video-preview":"max-video-preview:-1"},"canonical":"https:\/\/www.radiomanchester.com.br\/fm\/saude-implanta-projeto-de-gestao-de-filas-para-cirurgias-eletivas\/","og_locale":"pt_BR","og_type":"article","og_title":"Sa\u00fade implanta projeto de gest\u00e3o de filas para cirurgias eletivas - Manchester FM 93,3","og_description":"A Secretaria da Sa\u00fade de Goi\u00e1s (SES-GO) assina termo de coopera\u00e7\u00e3o t\u00e9cnica para implanta\u00e7\u00e3o do projeto de gest\u00e3o de filas de cirurgias eletivas na rede p\u00fablica estadual. A tecnologia, desenvolvida pela empresa Fin-X, come\u00e7a a ser implantada no Centro Estadual de Reabilita\u00e7\u00e3o e Readapta\u00e7\u00e3o Dr. Henrique Santillo (Crer) e no Hospital Ortop\u00e9dico de Ceres (HOC) [&hellip;]","og_url":"https:\/\/www.radiomanchester.com.br\/fm\/saude-implanta-projeto-de-gestao-de-filas-para-cirurgias-eletivas\/","og_site_name":"Manchester FM 93,3","article_published_time":"2026-03-06T10:00:00+00:00","article_modified_time":"2026-03-06T00:15:51+00:00","twitter_card":"summary_large_image","twitter_misc":{"Escrito por":"admin","Est. tempo de leitura":"3 minutos"},"schema":{"@context":"https:\/\/schema.org","@graph":[{"@type":"WebSite","@id":"https:\/\/www.radiomanchester.com.br\/fm\/#website","url":"https:\/\/www.radiomanchester.com.br\/fm\/","name":"Manchester FM 93,3","description":"Todo Mundo Ouve!","potentialAction":[{"@type":"SearchAction","target":{"@type":"EntryPoint","urlTemplate":"https:\/\/www.radiomanchester.com.br\/fm\/?s={search_term_string}"},"query-input":"required name=search_term_string"}],"inLanguage":"pt-BR"},{"@type":"WebPage","@id":"https:\/\/www.radiomanchester.com.br\/fm\/saude-implanta-projeto-de-gestao-de-filas-para-cirurgias-eletivas\/#webpage","url":"https:\/\/www.radiomanchester.com.br\/fm\/saude-implanta-projeto-de-gestao-de-filas-para-cirurgias-eletivas\/","name":"Sa\u00fade implanta projeto de gest\u00e3o de filas para cirurgias eletivas - Manchester FM 93,3","isPartOf":{"@id":"https:\/\/www.radiomanchester.com.br\/fm\/#website"},"datePublished":"2026-03-06T10:00:00+00:00","dateModified":"2026-03-06T00:15:51+00:00","author":{"@id":"https:\/\/www.radiomanchester.com.br\/fm\/#\/schema\/person\/408a7b4d4e32cbebd90e2782852abca3"},"breadcrumb":{"@id":"https:\/\/www.radiomanchester.com.br\/fm\/saude-implanta-projeto-de-gestao-de-filas-para-cirurgias-eletivas\/#breadcrumb"},"inLanguage":"pt-BR","potentialAction":[{"@type":"ReadAction","target":["https:\/\/www.radiomanchester.com.br\/fm\/saude-implanta-projeto-de-gestao-de-filas-para-cirurgias-eletivas\/"]}]},{"@type":"BreadcrumbList","@id":"https:\/\/www.radiomanchester.com.br\/fm\/saude-implanta-projeto-de-gestao-de-filas-para-cirurgias-eletivas\/#breadcrumb","itemListElement":[{"@type":"ListItem","position":1,"name":"Home","item":"https:\/\/www.radiomanchester.com.br\/fm\/"},{"@type":"ListItem","position":2,"name":"Sa\u00fade implanta projeto de gest\u00e3o de filas para cirurgias eletivas"}]},{"@type":"Person","@id":"https:\/\/www.radiomanchester.com.br\/fm\/#\/schema\/person\/408a7b4d4e32cbebd90e2782852abca3","name":"admin","image":{"@type":"ImageObject","@id":"https:\/\/www.radiomanchester.com.br\/fm\/#personlogo","inLanguage":"pt-BR","url":"https:\/\/secure.gravatar.com\/avatar\/115a974dba3376872eb3addeb276301c?s=96&d=mm&r=g","contentUrl":"https:\/\/secure.gravatar.com\/avatar\/115a974dba3376872eb3addeb276301c?s=96&d=mm&r=g","caption":"admin"},"url":"https:\/\/www.radiomanchester.com.br\/fm\/author\/admin\/"}]}},"_links":{"self":[{"href":"https:\/\/www.radiomanchester.com.br\/fm\/wp-json\/wp\/v2\/posts\/17454"}],"collection":[{"href":"https:\/\/www.radiomanchester.com.br\/fm\/wp-json\/wp\/v2\/posts"}],"about":[{"href":"https:\/\/www.radiomanchester.com.br\/fm\/wp-json\/wp\/v2\/types\/post"}],"author":[{"embeddable":true,"href":"https:\/\/www.radiomanchester.com.br\/fm\/wp-json\/wp\/v2\/users\/1"}],"replies":[{"embeddable":true,"href":"https:\/\/www.radiomanchester.com.br\/fm\/wp-json\/wp\/v2\/comments?post=17454"}],"version-history":[{"count":1,"href":"https:\/\/www.radiomanchester.com.br\/fm\/wp-json\/wp\/v2\/posts\/17454\/revisions"}],"predecessor-version":[{"id":17455,"href":"https:\/\/www.radiomanchester.com.br\/fm\/wp-json\/wp\/v2\/posts\/17454\/revisions\/17455"}],"wp:attachment":[{"href":"https:\/\/www.radiomanchester.com.br\/fm\/wp-json\/wp\/v2\/media?parent=17454"}],"wp:term":[{"taxonomy":"category","embeddable":true,"href":"https:\/\/www.radiomanchester.com.br\/fm\/wp-json\/wp\/v2\/categories?post=17454"},{"taxonomy":"post_tag","embeddable":true,"href":"https:\/\/www.radiomanchester.com.br\/fm\/wp-json\/wp\/v2\/tags?post=17454"}],"curies":[{"name":"wp","href":"https:\/\/api.w.org\/{rel}","templated":true}]}}