{"id":17456,"date":"2026-03-06T20:59:04","date_gmt":"2026-03-06T23:59:04","guid":{"rendered":"https:\/\/www.radiomanchester.com.br\/fm\/?p=17456"},"modified":"2026-03-06T20:59:09","modified_gmt":"2026-03-06T23:59:09","slug":"moraes-nega-conversas-com-vorcaro-no-dia-em-que-banqueiro-foi-preso","status":"publish","type":"post","link":"https:\/\/www.radiomanchester.com.br\/fm\/moraes-nega-conversas-com-vorcaro-no-dia-em-que-banqueiro-foi-preso\/","title":{"rendered":"Moraes nega conversas com Vorcaro no dia em que banqueiro foi preso"},"content":{"rendered":"\n<p>O ministro Alexandre de Moraes, do Supremo Tribunal Federal (STF), nega ter mantido conversas com o banqueiro Daniel Vorcaro, em 17 de novembro do ano passado. A suposta troca de mensagens foi divulgada pelo jornal O Globo, que teve acesso aos prints de mensagens encontradas pela Pol\u00edcia Federal (PF) no celular de Vorcaro, que foi preso durante opera\u00e7\u00e3o da Pol\u00edcia Federal.<\/p>\n\n\n\n<p>No dia, Vorcaro foi preso pela primeira vez ao ser alvo da Opera\u00e7\u00e3o Compliance Zero, que investiga fraudes no Banco Master.<\/p>\n\n\n\n<p>Conforme nota divulgada nesta sexta-feira (6) pela Secretaria de Comunica\u00e7\u00e3o do Supremo Tribunal Federal (STF), as mensagens n\u00e3o foram destinadas a Moraes, mas a outros contatos que constam na agenda de Vorcaro. A conclus\u00e3o ocorre ap\u00f3s uma an\u00e1lise dos dados sigilosos que foram divulgados pela reportagem. O STF n\u00e3o informou quem realizou a an\u00e1lise.<\/p>\n\n\n\n<p>\u201cNo conte\u00fado extra\u00eddo do celular do executivo pelos investigadores, os prints dessas mensagens enviadas por Vorcaro est\u00e3o vinculadas a pastas de outras pessoas de sua lista de contatos e n\u00e3o constam como direcionadas ao ministro Alexandre de Moraes\u201d, diz o comunicado.<\/p>\n\n\n\n<p>A secretaria declarou ainda que as mensagens foram direcionadas a outros contatos, que n\u00e3o ter\u00e3o os nomes divulgados em raz\u00e3o de sigilo.<\/p>\n\n\n\n<p>\u201cA mensagem e o respectivo contato est\u00e3o na mesma pasta do computador de quem fez os prints (Vorcaro). Ou seja, fica demonstrado que as mensagens (prints) est\u00e3o vinculadas a outros contatos telef\u00f4nicos no computador de Daniel Vorcaro, jamais ao Ministro Alexandre de Moraes\u201d, completa a nota.<\/p>\n\n\n\n<p><strong>Transfer\u00eancia<br><\/strong>Daniel Vorcaro, dono do Banco Master, foi transferido nesta sexta-feira (6) para a Penitenci\u00e1ria Federal em Bras\u00edlia, pres\u00eddio de seguran\u00e7a m\u00e1xima.<\/p>\n\n\n\n<p>Ele estava preso desde quarta-feira (4) e estava custodiado na Penitenci\u00e1ria de Potim, no interior paulista.<\/p>\n\n\n\n<p>A transfer\u00eancia foi autorizada, nesta quinta-feira (5), pelo ministro do Supremo Tribunal Federal (STF) Andr\u00e9 Mendon\u00e7a, relator das investiga\u00e7\u00f5es da Opera\u00e7\u00e3o Compliance Zero, que apura as fraudes no Banco Master, e atendeu a um pedido da pr\u00f3pria PF.<\/p>\n\n\n\n<p>Segundo a corpora\u00e7\u00e3o, o banqueiro pode influenciar as investiga\u00e7\u00f5es sobre as fraudes no Banco Master.<\/p>\n\n\n\n<p><strong>Inqu\u00e9rito<br><\/strong>O ministro Andr\u00e9 Mendon\u00e7a tamb\u00e9m autorizou nesta sexta-feira (6) abertura de inqu\u00e9rito da Pol\u00edcia Federal (PF) para investigar os vazamentos dos dados dos sigilos banc\u00e1rio, fiscal e telem\u00e1tico do banqueiro Daniel Vorcaro.<\/p>\n\n\n\n<p>A decis\u00e3o do ministro foi motivada por um pedido de investiga\u00e7\u00e3o feito defesa do banqueiro.<\/p>\n\n\n\n<p>Segundo os advogados, os vazamentos come\u00e7aram ap\u00f3s Mendon\u00e7a autorizar o compartilhamento dos dados com a Comiss\u00e3o Parlamentar Mista de Inqu\u00e9rito (CPMI) do INSS.<\/p>\n\n\n\n<p>Os sigilos do banqueiro foram solicitados pela CPMI para apurar a suposta liga\u00e7\u00e3o do Banco Master com fraudes em empr\u00e9stimos consignados de aposentados e pensionistas do INSS.<\/p>\n\n\n\n<p>porAg\u00eancia Brasil<\/p>\n","protected":false},"excerpt":{"rendered":"<p class=\"excerpt\">O ministro Alexandre de Moraes, do Supremo Tribunal Federal (STF), nega ter mantido conversas com o banqueiro Daniel Vorcaro, em 17 de novembro do ano passado. A suposta troca de mensagens foi divulgada pelo jornal O Globo, que teve acesso aos prints de mensagens encontradas pela Pol\u00edcia Federal (PF) no celular de Vorcaro, que foi [&hellip;]<\/p>\n","protected":false},"author":1,"featured_media":0,"comment_status":"open","ping_status":"open","sticky":false,"template":"","format":"standard","meta":[],"categories":[8,17],"tags":[22,24,113,83,92],"yoast_head":"<!-- This site is optimized with the Yoast SEO plugin v18.3 - https:\/\/yoast.com\/wordpress\/plugins\/seo\/ -->\n<title>Moraes nega conversas com Vorcaro no dia em que banqueiro foi preso - Manchester FM 93,3<\/title>\n<meta name=\"robots\" content=\"index, follow, max-snippet:-1, max-image-preview:large, max-video-preview:-1\" \/>\n<link rel=\"canonical\" href=\"https:\/\/www.radiomanchester.com.br\/fm\/moraes-nega-conversas-com-vorcaro-no-dia-em-que-banqueiro-foi-preso\/\" \/>\n<meta property=\"og:locale\" content=\"pt_BR\" \/>\n<meta property=\"og:type\" content=\"article\" \/>\n<meta property=\"og:title\" content=\"Moraes nega conversas com Vorcaro no dia em que banqueiro foi preso - Manchester FM 93,3\" \/>\n<meta property=\"og:description\" content=\"O ministro Alexandre de Moraes, do Supremo Tribunal Federal (STF), nega ter mantido conversas com o banqueiro Daniel Vorcaro, em 17 de novembro do ano passado. A suposta troca de mensagens foi divulgada pelo jornal O Globo, que teve acesso aos prints de mensagens encontradas pela Pol\u00edcia Federal (PF) no celular de Vorcaro, que foi [&hellip;]\" \/>\n<meta property=\"og:url\" content=\"https:\/\/www.radiomanchester.com.br\/fm\/moraes-nega-conversas-com-vorcaro-no-dia-em-que-banqueiro-foi-preso\/\" \/>\n<meta property=\"og:site_name\" content=\"Manchester FM 93,3\" \/>\n<meta property=\"article:published_time\" content=\"2026-03-06T23:59:04+00:00\" \/>\n<meta property=\"article:modified_time\" content=\"2026-03-06T23:59:09+00:00\" \/>\n<meta name=\"twitter:card\" content=\"summary_large_image\" \/>\n<meta name=\"twitter:label1\" content=\"Escrito por\" \/>\n\t<meta name=\"twitter:data1\" content=\"admin\" \/>\n\t<meta name=\"twitter:label2\" content=\"Est. tempo de leitura\" \/>\n\t<meta name=\"twitter:data2\" content=\"3 minutos\" \/>\n<script type=\"application\/ld+json\" class=\"yoast-schema-graph\">{\"@context\":\"https:\/\/schema.org\",\"@graph\":[{\"@type\":\"WebSite\",\"@id\":\"https:\/\/www.radiomanchester.com.br\/fm\/#website\",\"url\":\"https:\/\/www.radiomanchester.com.br\/fm\/\",\"name\":\"Manchester FM 93,3\",\"description\":\"Todo Mundo Ouve!\",\"potentialAction\":[{\"@type\":\"SearchAction\",\"target\":{\"@type\":\"EntryPoint\",\"urlTemplate\":\"https:\/\/www.radiomanchester.com.br\/fm\/?s={search_term_string}\"},\"query-input\":\"required name=search_term_string\"}],\"inLanguage\":\"pt-BR\"},{\"@type\":\"WebPage\",\"@id\":\"https:\/\/www.radiomanchester.com.br\/fm\/moraes-nega-conversas-com-vorcaro-no-dia-em-que-banqueiro-foi-preso\/#webpage\",\"url\":\"https:\/\/www.radiomanchester.com.br\/fm\/moraes-nega-conversas-com-vorcaro-no-dia-em-que-banqueiro-foi-preso\/\",\"name\":\"Moraes nega conversas com Vorcaro no dia em que banqueiro foi preso - Manchester FM 93,3\",\"isPartOf\":{\"@id\":\"https:\/\/www.radiomanchester.com.br\/fm\/#website\"},\"datePublished\":\"2026-03-06T23:59:04+00:00\",\"dateModified\":\"2026-03-06T23:59:09+00:00\",\"author\":{\"@id\":\"https:\/\/www.radiomanchester.com.br\/fm\/#\/schema\/person\/408a7b4d4e32cbebd90e2782852abca3\"},\"breadcrumb\":{\"@id\":\"https:\/\/www.radiomanchester.com.br\/fm\/moraes-nega-conversas-com-vorcaro-no-dia-em-que-banqueiro-foi-preso\/#breadcrumb\"},\"inLanguage\":\"pt-BR\",\"potentialAction\":[{\"@type\":\"ReadAction\",\"target\":[\"https:\/\/www.radiomanchester.com.br\/fm\/moraes-nega-conversas-com-vorcaro-no-dia-em-que-banqueiro-foi-preso\/\"]}]},{\"@type\":\"BreadcrumbList\",\"@id\":\"https:\/\/www.radiomanchester.com.br\/fm\/moraes-nega-conversas-com-vorcaro-no-dia-em-que-banqueiro-foi-preso\/#breadcrumb\",\"itemListElement\":[{\"@type\":\"ListItem\",\"position\":1,\"name\":\"Home\",\"item\":\"https:\/\/www.radiomanchester.com.br\/fm\/\"},{\"@type\":\"ListItem\",\"position\":2,\"name\":\"Moraes nega conversas com Vorcaro no dia em que banqueiro foi preso\"}]},{\"@type\":\"Person\",\"@id\":\"https:\/\/www.radiomanchester.com.br\/fm\/#\/schema\/person\/408a7b4d4e32cbebd90e2782852abca3\",\"name\":\"admin\",\"image\":{\"@type\":\"ImageObject\",\"@id\":\"https:\/\/www.radiomanchester.com.br\/fm\/#personlogo\",\"inLanguage\":\"pt-BR\",\"url\":\"https:\/\/secure.gravatar.com\/avatar\/115a974dba3376872eb3addeb276301c?s=96&d=mm&r=g\",\"contentUrl\":\"https:\/\/secure.gravatar.com\/avatar\/115a974dba3376872eb3addeb276301c?s=96&d=mm&r=g\",\"caption\":\"admin\"},\"url\":\"https:\/\/www.radiomanchester.com.br\/fm\/author\/admin\/\"}]}<\/script>\n<!-- \/ Yoast SEO plugin. -->","yoast_head_json":{"title":"Moraes nega conversas com Vorcaro no dia em que banqueiro foi preso - Manchester FM 93,3","robots":{"index":"index","follow":"follow","max-snippet":"max-snippet:-1","max-image-preview":"max-image-preview:large","max-video-preview":"max-video-preview:-1"},"canonical":"https:\/\/www.radiomanchester.com.br\/fm\/moraes-nega-conversas-com-vorcaro-no-dia-em-que-banqueiro-foi-preso\/","og_locale":"pt_BR","og_type":"article","og_title":"Moraes nega conversas com Vorcaro no dia em que banqueiro foi preso - Manchester FM 93,3","og_description":"O ministro Alexandre de Moraes, do Supremo Tribunal Federal (STF), nega ter mantido conversas com o banqueiro Daniel Vorcaro, em 17 de novembro do ano passado. A suposta troca de mensagens foi divulgada pelo jornal O Globo, que teve acesso aos prints de mensagens encontradas pela Pol\u00edcia Federal (PF) no celular de Vorcaro, que foi [&hellip;]","og_url":"https:\/\/www.radiomanchester.com.br\/fm\/moraes-nega-conversas-com-vorcaro-no-dia-em-que-banqueiro-foi-preso\/","og_site_name":"Manchester FM 93,3","article_published_time":"2026-03-06T23:59:04+00:00","article_modified_time":"2026-03-06T23:59:09+00:00","twitter_card":"summary_large_image","twitter_misc":{"Escrito por":"admin","Est. tempo de leitura":"3 minutos"},"schema":{"@context":"https:\/\/schema.org","@graph":[{"@type":"WebSite","@id":"https:\/\/www.radiomanchester.com.br\/fm\/#website","url":"https:\/\/www.radiomanchester.com.br\/fm\/","name":"Manchester FM 93,3","description":"Todo Mundo Ouve!","potentialAction":[{"@type":"SearchAction","target":{"@type":"EntryPoint","urlTemplate":"https:\/\/www.radiomanchester.com.br\/fm\/?s={search_term_string}"},"query-input":"required name=search_term_string"}],"inLanguage":"pt-BR"},{"@type":"WebPage","@id":"https:\/\/www.radiomanchester.com.br\/fm\/moraes-nega-conversas-com-vorcaro-no-dia-em-que-banqueiro-foi-preso\/#webpage","url":"https:\/\/www.radiomanchester.com.br\/fm\/moraes-nega-conversas-com-vorcaro-no-dia-em-que-banqueiro-foi-preso\/","name":"Moraes nega conversas com Vorcaro no dia em que banqueiro foi preso - Manchester FM 93,3","isPartOf":{"@id":"https:\/\/www.radiomanchester.com.br\/fm\/#website"},"datePublished":"2026-03-06T23:59:04+00:00","dateModified":"2026-03-06T23:59:09+00:00","author":{"@id":"https:\/\/www.radiomanchester.com.br\/fm\/#\/schema\/person\/408a7b4d4e32cbebd90e2782852abca3"},"breadcrumb":{"@id":"https:\/\/www.radiomanchester.com.br\/fm\/moraes-nega-conversas-com-vorcaro-no-dia-em-que-banqueiro-foi-preso\/#breadcrumb"},"inLanguage":"pt-BR","potentialAction":[{"@type":"ReadAction","target":["https:\/\/www.radiomanchester.com.br\/fm\/moraes-nega-conversas-com-vorcaro-no-dia-em-que-banqueiro-foi-preso\/"]}]},{"@type":"BreadcrumbList","@id":"https:\/\/www.radiomanchester.com.br\/fm\/moraes-nega-conversas-com-vorcaro-no-dia-em-que-banqueiro-foi-preso\/#breadcrumb","itemListElement":[{"@type":"ListItem","position":1,"name":"Home","item":"https:\/\/www.radiomanchester.com.br\/fm\/"},{"@type":"ListItem","position":2,"name":"Moraes nega conversas com Vorcaro no dia em que banqueiro foi preso"}]},{"@type":"Person","@id":"https:\/\/www.radiomanchester.com.br\/fm\/#\/schema\/person\/408a7b4d4e32cbebd90e2782852abca3","name":"admin","image":{"@type":"ImageObject","@id":"https:\/\/www.radiomanchester.com.br\/fm\/#personlogo","inLanguage":"pt-BR","url":"https:\/\/secure.gravatar.com\/avatar\/115a974dba3376872eb3addeb276301c?s=96&d=mm&r=g","contentUrl":"https:\/\/secure.gravatar.com\/avatar\/115a974dba3376872eb3addeb276301c?s=96&d=mm&r=g","caption":"admin"},"url":"https:\/\/www.radiomanchester.com.br\/fm\/author\/admin\/"}]}},"_links":{"self":[{"href":"https:\/\/www.radiomanchester.com.br\/fm\/wp-json\/wp\/v2\/posts\/17456"}],"collection":[{"href":"https:\/\/www.radiomanchester.com.br\/fm\/wp-json\/wp\/v2\/posts"}],"about":[{"href":"https:\/\/www.radiomanchester.com.br\/fm\/wp-json\/wp\/v2\/types\/post"}],"author":[{"embeddable":true,"href":"https:\/\/www.radiomanchester.com.br\/fm\/wp-json\/wp\/v2\/users\/1"}],"replies":[{"embeddable":true,"href":"https:\/\/www.radiomanchester.com.br\/fm\/wp-json\/wp\/v2\/comments?post=17456"}],"version-history":[{"count":1,"href":"https:\/\/www.radiomanchester.com.br\/fm\/wp-json\/wp\/v2\/posts\/17456\/revisions"}],"predecessor-version":[{"id":17457,"href":"https:\/\/www.radiomanchester.com.br\/fm\/wp-json\/wp\/v2\/posts\/17456\/revisions\/17457"}],"wp:attachment":[{"href":"https:\/\/www.radiomanchester.com.br\/fm\/wp-json\/wp\/v2\/media?parent=17456"}],"wp:term":[{"taxonomy":"category","embeddable":true,"href":"https:\/\/www.radiomanchester.com.br\/fm\/wp-json\/wp\/v2\/categories?post=17456"},{"taxonomy":"post_tag","embeddable":true,"href":"https:\/\/www.radiomanchester.com.br\/fm\/wp-json\/wp\/v2\/tags?post=17456"}],"curies":[{"name":"wp","href":"https:\/\/api.w.org\/{rel}","templated":true}]}}