{"id":17458,"date":"2026-03-07T08:30:00","date_gmt":"2026-03-07T11:30:00","guid":{"rendered":"https:\/\/www.radiomanchester.com.br\/fm\/?p=17458"},"modified":"2026-03-06T22:08:59","modified_gmt":"2026-03-07T01:08:59","slug":"pesquisa-do-procon-anapolis-aponta-variacao-de-ate-125-em-itens-da-cesta-basica","status":"publish","type":"post","link":"https:\/\/www.radiomanchester.com.br\/fm\/pesquisa-do-procon-anapolis-aponta-variacao-de-ate-125-em-itens-da-cesta-basica\/","title":{"rendered":"Pesquisa do Procon An\u00e1polis aponta varia\u00e7\u00e3o de at\u00e9 125% em itens da cesta b\u00e1sica"},"content":{"rendered":"\n<p>O Procon An\u00e1polis realizou, entre os dias 2 e 5 de mar\u00e7o de 2026, uma pesquisa comparativa de pre\u00e7os de itens da cesta b\u00e1sica em supermercados do munic\u00edpio. O levantamento avaliou produtos essenciais de consumo di\u00e1rio, como alimentos, itens de higiene e limpeza, com o objetivo de orientar os consumidores e estimular a pesquisa de pre\u00e7os antes da compra.<\/p>\n\n\n\n<p>Durante a a\u00e7\u00e3o, os agentes do \u00f3rg\u00e3o visitaram seis estabelecimentos comerciais, localizados em diferentes regi\u00f5es da cidade: Supermercado Floresta, Supermercado do Povo, Peg Pag Menos, Comercial Vila Rica, Comercial Moura e Super Vi. Foram comparados o menor e o maior pre\u00e7o praticados para cada item, al\u00e9m do c\u00e1lculo do pre\u00e7o m\u00e9dio registrado no per\u00edodo.<\/p>\n\n\n\n<p>O produto que apresentou maior varia\u00e7\u00e3o de pre\u00e7o foi o sab\u00e3o em p\u00f3 (800 g), com diferen\u00e7a de 125% entre os estabelecimentos. O menor valor foi encontrado por R$ 3,99, no Super Vi, enquanto o maior pre\u00e7o chegou a R$ 8,99, registrado nos supermercados Supermercado do Povo e Peg Pag Menos.<\/p>\n\n\n\n<p>Outros itens tamb\u00e9m apresentaram varia\u00e7\u00f5es significativas, como banana prata (93%), sabonete (93%), caf\u00e9 em p\u00f3 (74%), p\u00e3o franc\u00eas (62%) e papel higi\u00eanico (58%), refor\u00e7ando a import\u00e2ncia de comparar os pre\u00e7os antes de realizar as compras.<\/p>\n\n\n\n<p>O levantamento tamb\u00e9m apontou que o pre\u00e7o m\u00e9dio da cesta b\u00e1sica em mar\u00e7o ficou em R$ 657,24, um aumento de R$ 17,79 (2,78%) em rela\u00e7\u00e3o a fevereiro, quando o valor m\u00e9dio era de R$ 639,45. Considerando o sal\u00e1rio m\u00ednimo atual de R$ 1.621, o custo da cesta b\u00e1sica representa 40,54% da renda mensal de um trabalhador.<\/p>\n\n\n\n<p>O consumidor pode entrar em contato com o Procon pelo telefone (62) 98551-8185 ou pelo (62) 2604-0200.<\/p>\n\n\n\n<p>A pesquisa completa, com a tabela detalhada de pre\u00e7os e o relat\u00f3rio t\u00e9cnico, est\u00e1 dispon\u00edvel para consulta no site da Prefeitura de An\u00e1polis.<\/p>\n\n\n\n<div class=\"wp-block-file\"><object class=\"wp-block-file__embed\" data=\"https:\/\/www.radiomanchester.com.br\/fm\/wp-content\/uploads\/2026\/03\/plan-e-rel-cesta-basica-26.-1.pdf\" type=\"application\/pdf\" style=\"width:100%;height:600px\" aria-label=\"Incorporado de plan-e-rel-cesta-basica-26.-1.\"><\/object><a id=\"wp-block-file--media-40b5ad9e-8930-469f-a3c5-baa95dd4fecb\" href=\"https:\/\/www.radiomanchester.com.br\/fm\/wp-content\/uploads\/2026\/03\/plan-e-rel-cesta-basica-26.-1.pdf\">plan-e-rel-cesta-basica-26.-1<\/a><a href=\"https:\/\/www.radiomanchester.com.br\/fm\/wp-content\/uploads\/2026\/03\/plan-e-rel-cesta-basica-26.-1.pdf\" class=\"wp-block-file__button\" download aria-describedby=\"wp-block-file--media-40b5ad9e-8930-469f-a3c5-baa95dd4fecb\">Baixar<\/a><\/div>\n","protected":false},"excerpt":{"rendered":"<p class=\"excerpt\">O Procon An\u00e1polis realizou, entre os dias 2 e 5 de mar\u00e7o de 2026, uma pesquisa comparativa de pre\u00e7os de itens da cesta b\u00e1sica em supermercados do munic\u00edpio. O levantamento avaliou produtos essenciais de consumo di\u00e1rio, como alimentos, itens de higiene e limpeza, com o objetivo de orientar os consumidores e estimular a pesquisa de [&hellip;]<\/p>\n","protected":false},"author":1,"featured_media":0,"comment_status":"open","ping_status":"open","sticky":false,"template":"","format":"standard","meta":[],"categories":[8,17],"tags":[22,24,113,83,129,92],"yoast_head":"<!-- This site is optimized with the Yoast SEO plugin v18.3 - https:\/\/yoast.com\/wordpress\/plugins\/seo\/ -->\n<title>Pesquisa do Procon An\u00e1polis aponta varia\u00e7\u00e3o de at\u00e9 125% em itens da cesta b\u00e1sica - Manchester FM 93,3<\/title>\n<meta name=\"robots\" content=\"index, follow, max-snippet:-1, max-image-preview:large, max-video-preview:-1\" \/>\n<link rel=\"canonical\" href=\"https:\/\/www.radiomanchester.com.br\/fm\/pesquisa-do-procon-anapolis-aponta-variacao-de-ate-125-em-itens-da-cesta-basica\/\" \/>\n<meta property=\"og:locale\" content=\"pt_BR\" \/>\n<meta property=\"og:type\" content=\"article\" \/>\n<meta property=\"og:title\" content=\"Pesquisa do Procon An\u00e1polis aponta varia\u00e7\u00e3o de at\u00e9 125% em itens da cesta b\u00e1sica - Manchester FM 93,3\" \/>\n<meta property=\"og:description\" content=\"O Procon An\u00e1polis realizou, entre os dias 2 e 5 de mar\u00e7o de 2026, uma pesquisa comparativa de pre\u00e7os de itens da cesta b\u00e1sica em supermercados do munic\u00edpio. O levantamento avaliou produtos essenciais de consumo di\u00e1rio, como alimentos, itens de higiene e limpeza, com o objetivo de orientar os consumidores e estimular a pesquisa de [&hellip;]\" \/>\n<meta property=\"og:url\" content=\"https:\/\/www.radiomanchester.com.br\/fm\/pesquisa-do-procon-anapolis-aponta-variacao-de-ate-125-em-itens-da-cesta-basica\/\" \/>\n<meta property=\"og:site_name\" content=\"Manchester FM 93,3\" \/>\n<meta property=\"article:published_time\" content=\"2026-03-07T11:30:00+00:00\" \/>\n<meta property=\"article:modified_time\" content=\"2026-03-07T01:08:59+00:00\" \/>\n<meta name=\"twitter:card\" content=\"summary_large_image\" \/>\n<meta name=\"twitter:label1\" content=\"Escrito por\" \/>\n\t<meta name=\"twitter:data1\" content=\"admin\" \/>\n\t<meta name=\"twitter:label2\" content=\"Est. tempo de leitura\" \/>\n\t<meta name=\"twitter:data2\" content=\"2 minutos\" \/>\n<script type=\"application\/ld+json\" class=\"yoast-schema-graph\">{\"@context\":\"https:\/\/schema.org\",\"@graph\":[{\"@type\":\"WebSite\",\"@id\":\"https:\/\/www.radiomanchester.com.br\/fm\/#website\",\"url\":\"https:\/\/www.radiomanchester.com.br\/fm\/\",\"name\":\"Manchester FM 93,3\",\"description\":\"Todo Mundo Ouve!\",\"potentialAction\":[{\"@type\":\"SearchAction\",\"target\":{\"@type\":\"EntryPoint\",\"urlTemplate\":\"https:\/\/www.radiomanchester.com.br\/fm\/?s={search_term_string}\"},\"query-input\":\"required name=search_term_string\"}],\"inLanguage\":\"pt-BR\"},{\"@type\":\"WebPage\",\"@id\":\"https:\/\/www.radiomanchester.com.br\/fm\/pesquisa-do-procon-anapolis-aponta-variacao-de-ate-125-em-itens-da-cesta-basica\/#webpage\",\"url\":\"https:\/\/www.radiomanchester.com.br\/fm\/pesquisa-do-procon-anapolis-aponta-variacao-de-ate-125-em-itens-da-cesta-basica\/\",\"name\":\"Pesquisa do Procon An\u00e1polis aponta varia\u00e7\u00e3o de at\u00e9 125% em itens da cesta b\u00e1sica - Manchester FM 93,3\",\"isPartOf\":{\"@id\":\"https:\/\/www.radiomanchester.com.br\/fm\/#website\"},\"datePublished\":\"2026-03-07T11:30:00+00:00\",\"dateModified\":\"2026-03-07T01:08:59+00:00\",\"author\":{\"@id\":\"https:\/\/www.radiomanchester.com.br\/fm\/#\/schema\/person\/408a7b4d4e32cbebd90e2782852abca3\"},\"breadcrumb\":{\"@id\":\"https:\/\/www.radiomanchester.com.br\/fm\/pesquisa-do-procon-anapolis-aponta-variacao-de-ate-125-em-itens-da-cesta-basica\/#breadcrumb\"},\"inLanguage\":\"pt-BR\",\"potentialAction\":[{\"@type\":\"ReadAction\",\"target\":[\"https:\/\/www.radiomanchester.com.br\/fm\/pesquisa-do-procon-anapolis-aponta-variacao-de-ate-125-em-itens-da-cesta-basica\/\"]}]},{\"@type\":\"BreadcrumbList\",\"@id\":\"https:\/\/www.radiomanchester.com.br\/fm\/pesquisa-do-procon-anapolis-aponta-variacao-de-ate-125-em-itens-da-cesta-basica\/#breadcrumb\",\"itemListElement\":[{\"@type\":\"ListItem\",\"position\":1,\"name\":\"Home\",\"item\":\"https:\/\/www.radiomanchester.com.br\/fm\/\"},{\"@type\":\"ListItem\",\"position\":2,\"name\":\"Pesquisa do Procon An\u00e1polis aponta varia\u00e7\u00e3o de at\u00e9 125% em itens da cesta b\u00e1sica\"}]},{\"@type\":\"Person\",\"@id\":\"https:\/\/www.radiomanchester.com.br\/fm\/#\/schema\/person\/408a7b4d4e32cbebd90e2782852abca3\",\"name\":\"admin\",\"image\":{\"@type\":\"ImageObject\",\"@id\":\"https:\/\/www.radiomanchester.com.br\/fm\/#personlogo\",\"inLanguage\":\"pt-BR\",\"url\":\"https:\/\/secure.gravatar.com\/avatar\/115a974dba3376872eb3addeb276301c?s=96&d=mm&r=g\",\"contentUrl\":\"https:\/\/secure.gravatar.com\/avatar\/115a974dba3376872eb3addeb276301c?s=96&d=mm&r=g\",\"caption\":\"admin\"},\"url\":\"https:\/\/www.radiomanchester.com.br\/fm\/author\/admin\/\"}]}<\/script>\n<!-- \/ Yoast SEO plugin. -->","yoast_head_json":{"title":"Pesquisa do Procon An\u00e1polis aponta varia\u00e7\u00e3o de at\u00e9 125% em itens da cesta b\u00e1sica - Manchester FM 93,3","robots":{"index":"index","follow":"follow","max-snippet":"max-snippet:-1","max-image-preview":"max-image-preview:large","max-video-preview":"max-video-preview:-1"},"canonical":"https:\/\/www.radiomanchester.com.br\/fm\/pesquisa-do-procon-anapolis-aponta-variacao-de-ate-125-em-itens-da-cesta-basica\/","og_locale":"pt_BR","og_type":"article","og_title":"Pesquisa do Procon An\u00e1polis aponta varia\u00e7\u00e3o de at\u00e9 125% em itens da cesta b\u00e1sica - Manchester FM 93,3","og_description":"O Procon An\u00e1polis realizou, entre os dias 2 e 5 de mar\u00e7o de 2026, uma pesquisa comparativa de pre\u00e7os de itens da cesta b\u00e1sica em supermercados do munic\u00edpio. O levantamento avaliou produtos essenciais de consumo di\u00e1rio, como alimentos, itens de higiene e limpeza, com o objetivo de orientar os consumidores e estimular a pesquisa de [&hellip;]","og_url":"https:\/\/www.radiomanchester.com.br\/fm\/pesquisa-do-procon-anapolis-aponta-variacao-de-ate-125-em-itens-da-cesta-basica\/","og_site_name":"Manchester FM 93,3","article_published_time":"2026-03-07T11:30:00+00:00","article_modified_time":"2026-03-07T01:08:59+00:00","twitter_card":"summary_large_image","twitter_misc":{"Escrito por":"admin","Est. tempo de leitura":"2 minutos"},"schema":{"@context":"https:\/\/schema.org","@graph":[{"@type":"WebSite","@id":"https:\/\/www.radiomanchester.com.br\/fm\/#website","url":"https:\/\/www.radiomanchester.com.br\/fm\/","name":"Manchester FM 93,3","description":"Todo Mundo Ouve!","potentialAction":[{"@type":"SearchAction","target":{"@type":"EntryPoint","urlTemplate":"https:\/\/www.radiomanchester.com.br\/fm\/?s={search_term_string}"},"query-input":"required name=search_term_string"}],"inLanguage":"pt-BR"},{"@type":"WebPage","@id":"https:\/\/www.radiomanchester.com.br\/fm\/pesquisa-do-procon-anapolis-aponta-variacao-de-ate-125-em-itens-da-cesta-basica\/#webpage","url":"https:\/\/www.radiomanchester.com.br\/fm\/pesquisa-do-procon-anapolis-aponta-variacao-de-ate-125-em-itens-da-cesta-basica\/","name":"Pesquisa do Procon An\u00e1polis aponta varia\u00e7\u00e3o de at\u00e9 125% em itens da cesta b\u00e1sica - Manchester FM 93,3","isPartOf":{"@id":"https:\/\/www.radiomanchester.com.br\/fm\/#website"},"datePublished":"2026-03-07T11:30:00+00:00","dateModified":"2026-03-07T01:08:59+00:00","author":{"@id":"https:\/\/www.radiomanchester.com.br\/fm\/#\/schema\/person\/408a7b4d4e32cbebd90e2782852abca3"},"breadcrumb":{"@id":"https:\/\/www.radiomanchester.com.br\/fm\/pesquisa-do-procon-anapolis-aponta-variacao-de-ate-125-em-itens-da-cesta-basica\/#breadcrumb"},"inLanguage":"pt-BR","potentialAction":[{"@type":"ReadAction","target":["https:\/\/www.radiomanchester.com.br\/fm\/pesquisa-do-procon-anapolis-aponta-variacao-de-ate-125-em-itens-da-cesta-basica\/"]}]},{"@type":"BreadcrumbList","@id":"https:\/\/www.radiomanchester.com.br\/fm\/pesquisa-do-procon-anapolis-aponta-variacao-de-ate-125-em-itens-da-cesta-basica\/#breadcrumb","itemListElement":[{"@type":"ListItem","position":1,"name":"Home","item":"https:\/\/www.radiomanchester.com.br\/fm\/"},{"@type":"ListItem","position":2,"name":"Pesquisa do Procon An\u00e1polis aponta varia\u00e7\u00e3o de at\u00e9 125% em itens da cesta b\u00e1sica"}]},{"@type":"Person","@id":"https:\/\/www.radiomanchester.com.br\/fm\/#\/schema\/person\/408a7b4d4e32cbebd90e2782852abca3","name":"admin","image":{"@type":"ImageObject","@id":"https:\/\/www.radiomanchester.com.br\/fm\/#personlogo","inLanguage":"pt-BR","url":"https:\/\/secure.gravatar.com\/avatar\/115a974dba3376872eb3addeb276301c?s=96&d=mm&r=g","contentUrl":"https:\/\/secure.gravatar.com\/avatar\/115a974dba3376872eb3addeb276301c?s=96&d=mm&r=g","caption":"admin"},"url":"https:\/\/www.radiomanchester.com.br\/fm\/author\/admin\/"}]}},"_links":{"self":[{"href":"https:\/\/www.radiomanchester.com.br\/fm\/wp-json\/wp\/v2\/posts\/17458"}],"collection":[{"href":"https:\/\/www.radiomanchester.com.br\/fm\/wp-json\/wp\/v2\/posts"}],"about":[{"href":"https:\/\/www.radiomanchester.com.br\/fm\/wp-json\/wp\/v2\/types\/post"}],"author":[{"embeddable":true,"href":"https:\/\/www.radiomanchester.com.br\/fm\/wp-json\/wp\/v2\/users\/1"}],"replies":[{"embeddable":true,"href":"https:\/\/www.radiomanchester.com.br\/fm\/wp-json\/wp\/v2\/comments?post=17458"}],"version-history":[{"count":1,"href":"https:\/\/www.radiomanchester.com.br\/fm\/wp-json\/wp\/v2\/posts\/17458\/revisions"}],"predecessor-version":[{"id":17460,"href":"https:\/\/www.radiomanchester.com.br\/fm\/wp-json\/wp\/v2\/posts\/17458\/revisions\/17460"}],"wp:attachment":[{"href":"https:\/\/www.radiomanchester.com.br\/fm\/wp-json\/wp\/v2\/media?parent=17458"}],"wp:term":[{"taxonomy":"category","embeddable":true,"href":"https:\/\/www.radiomanchester.com.br\/fm\/wp-json\/wp\/v2\/categories?post=17458"},{"taxonomy":"post_tag","embeddable":true,"href":"https:\/\/www.radiomanchester.com.br\/fm\/wp-json\/wp\/v2\/tags?post=17458"}],"curies":[{"name":"wp","href":"https:\/\/api.w.org\/{rel}","templated":true}]}}