{"id":17464,"date":"2026-03-09T07:00:00","date_gmt":"2026-03-09T10:00:00","guid":{"rendered":"https:\/\/www.radiomanchester.com.br\/fm\/?p=17464"},"modified":"2026-03-08T20:23:00","modified_gmt":"2026-03-08T23:23:00","slug":"brinquedos-inclusivos-e-pet-places-detalhes-dos-novos-espacos-instalados-no-parque-ipiranga","status":"publish","type":"post","link":"https:\/\/www.radiomanchester.com.br\/fm\/brinquedos-inclusivos-e-pet-places-detalhes-dos-novos-espacos-instalados-no-parque-ipiranga\/","title":{"rendered":"Brinquedos inclusivos e pet places: detalhes dos novos espa\u00e7os instalados no Parque Ipiranga"},"content":{"rendered":"\n<p><\/p>\n\n\n\n<p>A Prefeitura de An\u00e1polis inaugurou, neste domingo (08), novos espa\u00e7os de esporte e lazer no Parque Ipiranga. O local passou por uma ampla reforma, com a implanta\u00e7\u00e3o de academia ao ar livre com nove equipamentos de muscula\u00e7\u00e3o modernos e com ajuste de carga regul\u00e1vel, al\u00e9m de 16 brinquedos in\u00e9ditos que desafiam a criatividade e o momento l\u00fadico das crian\u00e7as. No mais, integrantes de muitas fam\u00edlias, os pets, n\u00e3o ficaram de fora: o pet place.<\/p>\n\n\n\n<p>Ampliando as op\u00e7\u00f5es gratuitas de conviv\u00eancia e recrea\u00e7\u00e3o para a popula\u00e7\u00e3o, uma das estruturas mais emblem\u00e1ticas \u00e9 o playground inclusivo. Ele foi projetado para atender diferentes faixas et\u00e1rias, como dois balan\u00e7os estaiados voltados para beb\u00eas a partir de um ano de idade que poder\u00e3o brincar pr\u00f3ximos aos cuidados dos respons\u00e1veis \u2013 j\u00e1 que h\u00e1 um artefato semelhante ao lado que possibilita que a brincadeira seja mais segura.<\/p>\n\n\n\n<p>O material, de a\u00e7o inoxid\u00e1vel, permite maior durabilidade e n\u00e3o se deteriora com as intemp\u00e9ries clim\u00e1ticas \u2013 como chuva ou sol em excesso. Em caso de d\u00favidas, placas indicativas e orienta\u00e7\u00f5es de uso est\u00e3o instaladas ao longo do parque.<\/p>\n\n\n\n<p>\u201c\u00c9 um espa\u00e7o pensado para todas as idades, inclusivo e acess\u00edvel, que oferece lazer, esporte e bem-estar de forma totalmente gratuita para a comunidade\u201d, destacou o prefeito M\u00e1rcio Corr\u00eaa.<\/p>\n\n\n\n<p><strong>Brinquedos inclusivos<br><\/strong>O espa\u00e7o conta ainda com brinquedos l\u00fadicos voltados para crian\u00e7as com Transtorno do Espectro Autista (TEA), com um painel sensorial e um jogo da velha interativo. O balan\u00e7o vai e vem permitir\u00e1 que crian\u00e7as que usam cadeira de roda brinquem de forma segura, al\u00e9m de desenvolver habilidades cognitivas e motoras \u2013 criados para incentivar a participa\u00e7\u00e3o de crian\u00e7as com defici\u00eancia em brincadeiras coletivas.<\/p>\n\n\n\n<p><strong>Academia gratuita<br><\/strong>A academia ao ar livre oferece uma \u00e1rea destinada \u00e0 pr\u00e1tica de calistenia, modalidade esportiva que utiliza o peso do pr\u00f3prio corpo em exerc\u00edcios de resist\u00eancia. O espa\u00e7o conta com estrutura fixa composta por barras, paralelas, escadas horizontais e apoios.<\/p>\n\n\n\n<p>Al\u00e9m disso, a academia ao ar livre mais moderna do pa\u00eds, possui um sistema de carga \u00fanico com carga regul\u00e1vel sem a necessidade do uso de anilhas. Ao todo s\u00e3o nove aparelhos de muscula\u00e7\u00e3o, que permitem a realiza\u00e7\u00e3o de exerc\u00edcios voltados para diferentes partes do corpo.<\/p>\n\n\n\n<p><strong>Espa\u00e7o para os pets<br><\/strong>Outra novidade \u00e9 a implanta\u00e7\u00e3o do primeiro espa\u00e7o pet place do munic\u00edpio, com estruturas voltadas para o lazer gratuito de c\u00e3es e gatos, ampliando as possibilidades de uso do parque para tutores e seus animais.<\/p>\n\n\n\n<p><strong>Outras mudan\u00e7as<br><\/strong>Al\u00e9m dos espa\u00e7os de lazer e esporte, como playground, pet place e academias ao ar livre, o local recebeu a instala\u00e7\u00e3o de novas foot mesas \u2013 pr\u00e1tica que combina futev\u00f4lei e t\u00eanis de mesa. A pista de caminhada tamb\u00e9m passou por revitaliza\u00e7\u00e3o, com nova pintura. Os espa\u00e7os de lazer e recrea\u00e7\u00e3o ganharam novas cores com o replantio de grama, a realiza\u00e7\u00e3o de pinturas art\u00edsticas e a revitaliza\u00e7\u00e3o das fontes de \u00e1gua.<\/p>\n\n\n\n<p>A reforma \u00e9 coordenada pela Secretaria Municipal de Obras, Habita\u00e7\u00e3o, Planejamento Urbano e Meio Ambiente e tem como objetivo ampliar as op\u00e7\u00f5es de conviv\u00eancia, lazer e pr\u00e1tica esportiva na cidade. A manuten\u00e7\u00e3o ser\u00e1 realizada de forma cont\u00ednua e permanente, assegurando a conserva\u00e7\u00e3o dos espa\u00e7os e o bem-estar dos usu\u00e1rios.<\/p>\n\n\n\n<p><strong>Permissionados<\/strong><br>Durante o evento de entrega da revitaliza\u00e7\u00e3o do Parque Ipiranga, os ambulantes receberam o documento que regulariza o exerc\u00edcio da atividade no espa\u00e7o p\u00fablico. &#8220;Queremos incentivar e motivar a quem produz. N\u00f3s agradecemos a paci\u00eancia de cada tarllrabalhador, mas nosso papel \u00e9 deixar a cidade de forma organizada&#8221;, ressaltou o prefeito.<\/p>\n","protected":false},"excerpt":{"rendered":"<p class=\"excerpt\">A Prefeitura de An\u00e1polis inaugurou, neste domingo (08), novos espa\u00e7os de esporte e lazer no Parque Ipiranga. O local passou por uma ampla reforma, com a implanta\u00e7\u00e3o de academia ao ar livre com nove equipamentos de muscula\u00e7\u00e3o modernos e com ajuste de carga regul\u00e1vel, al\u00e9m de 16 brinquedos in\u00e9ditos que desafiam a criatividade e o [&hellip;]<\/p>\n","protected":false},"author":1,"featured_media":0,"comment_status":"open","ping_status":"open","sticky":false,"template":"","format":"standard","meta":[],"categories":[8,17],"tags":[22,24,113,83,129,92],"yoast_head":"<!-- This site is optimized with the Yoast SEO plugin v18.3 - https:\/\/yoast.com\/wordpress\/plugins\/seo\/ -->\n<title>Brinquedos inclusivos e pet places: detalhes dos novos espa\u00e7os instalados no Parque Ipiranga - Manchester FM 93,3<\/title>\n<meta name=\"robots\" content=\"index, follow, max-snippet:-1, max-image-preview:large, max-video-preview:-1\" \/>\n<link rel=\"canonical\" href=\"https:\/\/www.radiomanchester.com.br\/fm\/brinquedos-inclusivos-e-pet-places-detalhes-dos-novos-espacos-instalados-no-parque-ipiranga\/\" \/>\n<meta property=\"og:locale\" content=\"pt_BR\" \/>\n<meta property=\"og:type\" content=\"article\" \/>\n<meta property=\"og:title\" content=\"Brinquedos inclusivos e pet places: detalhes dos novos espa\u00e7os instalados no Parque Ipiranga - Manchester FM 93,3\" \/>\n<meta property=\"og:description\" content=\"A Prefeitura de An\u00e1polis inaugurou, neste domingo (08), novos espa\u00e7os de esporte e lazer no Parque Ipiranga. O local passou por uma ampla reforma, com a implanta\u00e7\u00e3o de academia ao ar livre com nove equipamentos de muscula\u00e7\u00e3o modernos e com ajuste de carga regul\u00e1vel, al\u00e9m de 16 brinquedos in\u00e9ditos que desafiam a criatividade e o [&hellip;]\" \/>\n<meta property=\"og:url\" content=\"https:\/\/www.radiomanchester.com.br\/fm\/brinquedos-inclusivos-e-pet-places-detalhes-dos-novos-espacos-instalados-no-parque-ipiranga\/\" \/>\n<meta property=\"og:site_name\" content=\"Manchester FM 93,3\" \/>\n<meta property=\"article:published_time\" content=\"2026-03-09T10:00:00+00:00\" \/>\n<meta property=\"article:modified_time\" content=\"2026-03-08T23:23:00+00:00\" \/>\n<meta name=\"twitter:card\" content=\"summary_large_image\" \/>\n<meta name=\"twitter:label1\" content=\"Escrito por\" \/>\n\t<meta name=\"twitter:data1\" content=\"admin\" \/>\n\t<meta name=\"twitter:label2\" content=\"Est. tempo de leitura\" \/>\n\t<meta name=\"twitter:data2\" content=\"4 minutos\" \/>\n<script type=\"application\/ld+json\" class=\"yoast-schema-graph\">{\"@context\":\"https:\/\/schema.org\",\"@graph\":[{\"@type\":\"WebSite\",\"@id\":\"https:\/\/www.radiomanchester.com.br\/fm\/#website\",\"url\":\"https:\/\/www.radiomanchester.com.br\/fm\/\",\"name\":\"Manchester FM 93,3\",\"description\":\"Todo Mundo Ouve!\",\"potentialAction\":[{\"@type\":\"SearchAction\",\"target\":{\"@type\":\"EntryPoint\",\"urlTemplate\":\"https:\/\/www.radiomanchester.com.br\/fm\/?s={search_term_string}\"},\"query-input\":\"required name=search_term_string\"}],\"inLanguage\":\"pt-BR\"},{\"@type\":\"WebPage\",\"@id\":\"https:\/\/www.radiomanchester.com.br\/fm\/brinquedos-inclusivos-e-pet-places-detalhes-dos-novos-espacos-instalados-no-parque-ipiranga\/#webpage\",\"url\":\"https:\/\/www.radiomanchester.com.br\/fm\/brinquedos-inclusivos-e-pet-places-detalhes-dos-novos-espacos-instalados-no-parque-ipiranga\/\",\"name\":\"Brinquedos inclusivos e pet places: detalhes dos novos espa\u00e7os instalados no Parque Ipiranga - Manchester FM 93,3\",\"isPartOf\":{\"@id\":\"https:\/\/www.radiomanchester.com.br\/fm\/#website\"},\"datePublished\":\"2026-03-09T10:00:00+00:00\",\"dateModified\":\"2026-03-08T23:23:00+00:00\",\"author\":{\"@id\":\"https:\/\/www.radiomanchester.com.br\/fm\/#\/schema\/person\/408a7b4d4e32cbebd90e2782852abca3\"},\"breadcrumb\":{\"@id\":\"https:\/\/www.radiomanchester.com.br\/fm\/brinquedos-inclusivos-e-pet-places-detalhes-dos-novos-espacos-instalados-no-parque-ipiranga\/#breadcrumb\"},\"inLanguage\":\"pt-BR\",\"potentialAction\":[{\"@type\":\"ReadAction\",\"target\":[\"https:\/\/www.radiomanchester.com.br\/fm\/brinquedos-inclusivos-e-pet-places-detalhes-dos-novos-espacos-instalados-no-parque-ipiranga\/\"]}]},{\"@type\":\"BreadcrumbList\",\"@id\":\"https:\/\/www.radiomanchester.com.br\/fm\/brinquedos-inclusivos-e-pet-places-detalhes-dos-novos-espacos-instalados-no-parque-ipiranga\/#breadcrumb\",\"itemListElement\":[{\"@type\":\"ListItem\",\"position\":1,\"name\":\"Home\",\"item\":\"https:\/\/www.radiomanchester.com.br\/fm\/\"},{\"@type\":\"ListItem\",\"position\":2,\"name\":\"Brinquedos inclusivos e pet places: detalhes dos novos espa\u00e7os instalados no Parque Ipiranga\"}]},{\"@type\":\"Person\",\"@id\":\"https:\/\/www.radiomanchester.com.br\/fm\/#\/schema\/person\/408a7b4d4e32cbebd90e2782852abca3\",\"name\":\"admin\",\"image\":{\"@type\":\"ImageObject\",\"@id\":\"https:\/\/www.radiomanchester.com.br\/fm\/#personlogo\",\"inLanguage\":\"pt-BR\",\"url\":\"https:\/\/secure.gravatar.com\/avatar\/115a974dba3376872eb3addeb276301c?s=96&d=mm&r=g\",\"contentUrl\":\"https:\/\/secure.gravatar.com\/avatar\/115a974dba3376872eb3addeb276301c?s=96&d=mm&r=g\",\"caption\":\"admin\"},\"url\":\"https:\/\/www.radiomanchester.com.br\/fm\/author\/admin\/\"}]}<\/script>\n<!-- \/ Yoast SEO plugin. -->","yoast_head_json":{"title":"Brinquedos inclusivos e pet places: detalhes dos novos espa\u00e7os instalados no Parque Ipiranga - Manchester FM 93,3","robots":{"index":"index","follow":"follow","max-snippet":"max-snippet:-1","max-image-preview":"max-image-preview:large","max-video-preview":"max-video-preview:-1"},"canonical":"https:\/\/www.radiomanchester.com.br\/fm\/brinquedos-inclusivos-e-pet-places-detalhes-dos-novos-espacos-instalados-no-parque-ipiranga\/","og_locale":"pt_BR","og_type":"article","og_title":"Brinquedos inclusivos e pet places: detalhes dos novos espa\u00e7os instalados no Parque Ipiranga - Manchester FM 93,3","og_description":"A Prefeitura de An\u00e1polis inaugurou, neste domingo (08), novos espa\u00e7os de esporte e lazer no Parque Ipiranga. O local passou por uma ampla reforma, com a implanta\u00e7\u00e3o de academia ao ar livre com nove equipamentos de muscula\u00e7\u00e3o modernos e com ajuste de carga regul\u00e1vel, al\u00e9m de 16 brinquedos in\u00e9ditos que desafiam a criatividade e o [&hellip;]","og_url":"https:\/\/www.radiomanchester.com.br\/fm\/brinquedos-inclusivos-e-pet-places-detalhes-dos-novos-espacos-instalados-no-parque-ipiranga\/","og_site_name":"Manchester FM 93,3","article_published_time":"2026-03-09T10:00:00+00:00","article_modified_time":"2026-03-08T23:23:00+00:00","twitter_card":"summary_large_image","twitter_misc":{"Escrito por":"admin","Est. tempo de leitura":"4 minutos"},"schema":{"@context":"https:\/\/schema.org","@graph":[{"@type":"WebSite","@id":"https:\/\/www.radiomanchester.com.br\/fm\/#website","url":"https:\/\/www.radiomanchester.com.br\/fm\/","name":"Manchester FM 93,3","description":"Todo Mundo Ouve!","potentialAction":[{"@type":"SearchAction","target":{"@type":"EntryPoint","urlTemplate":"https:\/\/www.radiomanchester.com.br\/fm\/?s={search_term_string}"},"query-input":"required name=search_term_string"}],"inLanguage":"pt-BR"},{"@type":"WebPage","@id":"https:\/\/www.radiomanchester.com.br\/fm\/brinquedos-inclusivos-e-pet-places-detalhes-dos-novos-espacos-instalados-no-parque-ipiranga\/#webpage","url":"https:\/\/www.radiomanchester.com.br\/fm\/brinquedos-inclusivos-e-pet-places-detalhes-dos-novos-espacos-instalados-no-parque-ipiranga\/","name":"Brinquedos inclusivos e pet places: detalhes dos novos espa\u00e7os instalados no Parque Ipiranga - Manchester FM 93,3","isPartOf":{"@id":"https:\/\/www.radiomanchester.com.br\/fm\/#website"},"datePublished":"2026-03-09T10:00:00+00:00","dateModified":"2026-03-08T23:23:00+00:00","author":{"@id":"https:\/\/www.radiomanchester.com.br\/fm\/#\/schema\/person\/408a7b4d4e32cbebd90e2782852abca3"},"breadcrumb":{"@id":"https:\/\/www.radiomanchester.com.br\/fm\/brinquedos-inclusivos-e-pet-places-detalhes-dos-novos-espacos-instalados-no-parque-ipiranga\/#breadcrumb"},"inLanguage":"pt-BR","potentialAction":[{"@type":"ReadAction","target":["https:\/\/www.radiomanchester.com.br\/fm\/brinquedos-inclusivos-e-pet-places-detalhes-dos-novos-espacos-instalados-no-parque-ipiranga\/"]}]},{"@type":"BreadcrumbList","@id":"https:\/\/www.radiomanchester.com.br\/fm\/brinquedos-inclusivos-e-pet-places-detalhes-dos-novos-espacos-instalados-no-parque-ipiranga\/#breadcrumb","itemListElement":[{"@type":"ListItem","position":1,"name":"Home","item":"https:\/\/www.radiomanchester.com.br\/fm\/"},{"@type":"ListItem","position":2,"name":"Brinquedos inclusivos e pet places: detalhes dos novos espa\u00e7os instalados no Parque Ipiranga"}]},{"@type":"Person","@id":"https:\/\/www.radiomanchester.com.br\/fm\/#\/schema\/person\/408a7b4d4e32cbebd90e2782852abca3","name":"admin","image":{"@type":"ImageObject","@id":"https:\/\/www.radiomanchester.com.br\/fm\/#personlogo","inLanguage":"pt-BR","url":"https:\/\/secure.gravatar.com\/avatar\/115a974dba3376872eb3addeb276301c?s=96&d=mm&r=g","contentUrl":"https:\/\/secure.gravatar.com\/avatar\/115a974dba3376872eb3addeb276301c?s=96&d=mm&r=g","caption":"admin"},"url":"https:\/\/www.radiomanchester.com.br\/fm\/author\/admin\/"}]}},"_links":{"self":[{"href":"https:\/\/www.radiomanchester.com.br\/fm\/wp-json\/wp\/v2\/posts\/17464"}],"collection":[{"href":"https:\/\/www.radiomanchester.com.br\/fm\/wp-json\/wp\/v2\/posts"}],"about":[{"href":"https:\/\/www.radiomanchester.com.br\/fm\/wp-json\/wp\/v2\/types\/post"}],"author":[{"embeddable":true,"href":"https:\/\/www.radiomanchester.com.br\/fm\/wp-json\/wp\/v2\/users\/1"}],"replies":[{"embeddable":true,"href":"https:\/\/www.radiomanchester.com.br\/fm\/wp-json\/wp\/v2\/comments?post=17464"}],"version-history":[{"count":2,"href":"https:\/\/www.radiomanchester.com.br\/fm\/wp-json\/wp\/v2\/posts\/17464\/revisions"}],"predecessor-version":[{"id":17467,"href":"https:\/\/www.radiomanchester.com.br\/fm\/wp-json\/wp\/v2\/posts\/17464\/revisions\/17467"}],"wp:attachment":[{"href":"https:\/\/www.radiomanchester.com.br\/fm\/wp-json\/wp\/v2\/media?parent=17464"}],"wp:term":[{"taxonomy":"category","embeddable":true,"href":"https:\/\/www.radiomanchester.com.br\/fm\/wp-json\/wp\/v2\/categories?post=17464"},{"taxonomy":"post_tag","embeddable":true,"href":"https:\/\/www.radiomanchester.com.br\/fm\/wp-json\/wp\/v2\/tags?post=17464"}],"curies":[{"name":"wp","href":"https:\/\/api.w.org\/{rel}","templated":true}]}}