{"id":17488,"date":"2026-03-13T07:00:00","date_gmt":"2026-03-13T10:00:00","guid":{"rendered":"https:\/\/www.radiomanchester.com.br\/fm\/?p=17488"},"modified":"2026-03-12T20:19:45","modified_gmt":"2026-03-12T23:19:45","slug":"saiba-onde-buscar-atendimento-em-caso-de-suspeita-de-dengue-em-anapolis","status":"publish","type":"post","link":"https:\/\/www.radiomanchester.com.br\/fm\/saiba-onde-buscar-atendimento-em-caso-de-suspeita-de-dengue-em-anapolis\/","title":{"rendered":"Saiba onde buscar atendimento em caso de suspeita de dengue em An\u00e1polis"},"content":{"rendered":"\n<p><\/p>\n\n\n\n<p>A Prefeitura de An\u00e1polis, por meio da Secretaria Municipal de Sa\u00fade, orienta a popula\u00e7\u00e3o a ficar atenta aos sintomas da dengue e a procurar atendimento nas unidades de sa\u00fade ao apresentar sinais da doen\u00e7a, refor\u00e7ando a import\u00e2ncia da preven\u00e7\u00e3o e do acompanhamento m\u00e9dico nos casos suspeitos. A pasta destaca ainda que, em caso de suspeita deve-se procurar as Unidades B\u00e1sicas de Sa\u00fade; em casos graves UPA Alair Mafra; crian\u00e7as e adolescentes, Upa Pedi\u00e1trica; e gestantes Santa Casa de An\u00e1polis.<\/p>\n\n\n\n<p>A 9\u00aa semana epidemiol\u00f3gica de 2026 registrou em An\u00e1polis 1.470 casos de dengue. No mesmo per\u00edodo de 2025, foram contabilizados 1.974 registros. Apesar da redu\u00e7\u00e3o neste ano, a dengue \u00e9 uma doen\u00e7a sazonal, com aumento de casos em per\u00edodos de calor e chuva e, por isso, \u00e9 preciso redobrar a aten\u00e7\u00e3o para a possibilidade de aumento na transmiss\u00e3o da doen\u00e7a.<\/p>\n\n\n\n<p>A gerente de Vigil\u00e2ncia Epidemiol\u00f3gica, Dayane Rodrigues, explica que o v\u00edrus da dengue possui quatro sorotipos: DENV-1, DENV-2, DENV-3 e DENV-4. Os sorotipos 1 e 2 s\u00e3o os mais comuns, por\u00e9m o sorotipo 3 voltou a circular no Brasil, e quatro casos j\u00e1 foram confirmados em An\u00e1polis.<\/p>\n\n\n\n<p>\u201cA maior parte das pessoas tem mais preparo para lidar com os sorotipos 1 e 2, que s\u00e3o os mais comuns. Por isso, com a confirma\u00e7\u00e3o de casos do sorotipo 3, a Prefeitura refor\u00e7a o alerta para que a popula\u00e7\u00e3o fique atenta aos sintomas\u201d, destacou.<\/p>\n\n\n\n<p><strong>Orienta\u00e7\u00e3o<br><\/strong>A orienta\u00e7\u00e3o \u00e9 que pacientes que apresentarem febre, geralmente acima de 38\u00b0C, associada a sintomas sugestivos procurem a Unidade de Sa\u00fade da Fam\u00edlia (USF) mais pr\u00f3xima de casa para avalia\u00e7\u00e3o cl\u00ednica, coleta de exames e acompanhamento m\u00e9dico. Entre os sintomas mais comuns est\u00e3o dor de cabe\u00e7a intensa, dores no corpo, nas articula\u00e7\u00f5es, nas costas, atr\u00e1s dos olhos, cansa\u00e7o ou fraqueza, n\u00e1useas ou v\u00f4mitos, manchas vermelhas na pele e falta de apetite.<\/p>\n\n\n\n<p><strong>Casos graves<\/strong><br>Em situa\u00e7\u00f5es de agravamento do quadro, a recomenda\u00e7\u00e3o \u00e9 buscar atendimento imediato. Pacientes com sinais de alarme devem procurar a UPA Dr. Alair Mafra. No caso de crian\u00e7as com sinais de alarme, o atendimento deve ser realizado na UPA Pedi\u00e1trica. J\u00e1 gestantes que apresentarem sinais de agravamento devem procurar a Santa Casa de Miseric\u00f3rdia. Entre os sinais de alerta est\u00e3o dor abdominal intensa e cont\u00ednua, v\u00f4mitos persistentes, sangramentos pela gengiva, nariz, urina ou fezes, tontura ou sensa\u00e7\u00e3o de desmaio, sonol\u00eancia excessiva ou irritabilidade, diminui\u00e7\u00e3o da quantidade de urina, fraqueza intensa ou dificuldade para respirar.<\/p>\n\n\n\n<p>Para organizar o fluxo de atendimento e garantir assist\u00eancia adequada aos pacientes que necessitem de hidrata\u00e7\u00e3o, a Unidade Mista da Vila Norte funcionar\u00e1 como ponto de hidrata\u00e7\u00e3o venosa para casos que n\u00e3o apresentem crit\u00e9rios de interna\u00e7\u00e3o hospitalar. A unidade tamb\u00e9m ser\u00e1 respons\u00e1vel pela coleta de exames laboratoriais aos finais de semana e feriados, ampliando o suporte \u00e0 rede municipal de sa\u00fade no atendimento aos casos suspeitos de dengue.<\/p>\n\n\n\n<p>A Secretaria de Sa\u00fade orienta ainda que, ao retornar \u00e0 unidade para coleta de hemograma ou reavalia\u00e7\u00e3o cl\u00ednica, o paciente leve o cart\u00e3o de acompanhamento entregue no momento do diagn\u00f3stico, documento considerado essencial para o monitoramento da evolu\u00e7\u00e3o do caso.<\/p>\n","protected":false},"excerpt":{"rendered":"<p class=\"excerpt\">A Prefeitura de An\u00e1polis, por meio da Secretaria Municipal de Sa\u00fade, orienta a popula\u00e7\u00e3o a ficar atenta aos sintomas da dengue e a procurar atendimento nas unidades de sa\u00fade ao apresentar sinais da doen\u00e7a, refor\u00e7ando a import\u00e2ncia da preven\u00e7\u00e3o e do acompanhamento m\u00e9dico nos casos suspeitos. A pasta destaca ainda que, em caso de suspeita [&hellip;]<\/p>\n","protected":false},"author":1,"featured_media":0,"comment_status":"open","ping_status":"open","sticky":false,"template":"","format":"standard","meta":[],"categories":[8,17],"tags":[22,24,113,83,129,92],"yoast_head":"<!-- This site is optimized with the Yoast SEO plugin v18.3 - https:\/\/yoast.com\/wordpress\/plugins\/seo\/ -->\n<title>Saiba onde buscar atendimento em caso de suspeita de dengue em An\u00e1polis - Manchester FM 93,3<\/title>\n<meta name=\"robots\" content=\"index, follow, max-snippet:-1, max-image-preview:large, max-video-preview:-1\" \/>\n<link rel=\"canonical\" href=\"https:\/\/www.radiomanchester.com.br\/fm\/saiba-onde-buscar-atendimento-em-caso-de-suspeita-de-dengue-em-anapolis\/\" \/>\n<meta property=\"og:locale\" content=\"pt_BR\" \/>\n<meta property=\"og:type\" content=\"article\" \/>\n<meta property=\"og:title\" content=\"Saiba onde buscar atendimento em caso de suspeita de dengue em An\u00e1polis - Manchester FM 93,3\" \/>\n<meta property=\"og:description\" content=\"A Prefeitura de An\u00e1polis, por meio da Secretaria Municipal de Sa\u00fade, orienta a popula\u00e7\u00e3o a ficar atenta aos sintomas da dengue e a procurar atendimento nas unidades de sa\u00fade ao apresentar sinais da doen\u00e7a, refor\u00e7ando a import\u00e2ncia da preven\u00e7\u00e3o e do acompanhamento m\u00e9dico nos casos suspeitos. A pasta destaca ainda que, em caso de suspeita [&hellip;]\" \/>\n<meta property=\"og:url\" content=\"https:\/\/www.radiomanchester.com.br\/fm\/saiba-onde-buscar-atendimento-em-caso-de-suspeita-de-dengue-em-anapolis\/\" \/>\n<meta property=\"og:site_name\" content=\"Manchester FM 93,3\" \/>\n<meta property=\"article:published_time\" content=\"2026-03-13T10:00:00+00:00\" \/>\n<meta property=\"article:modified_time\" content=\"2026-03-12T23:19:45+00:00\" \/>\n<meta name=\"twitter:card\" content=\"summary_large_image\" \/>\n<meta name=\"twitter:label1\" content=\"Escrito por\" \/>\n\t<meta name=\"twitter:data1\" content=\"admin\" \/>\n\t<meta name=\"twitter:label2\" content=\"Est. tempo de leitura\" \/>\n\t<meta name=\"twitter:data2\" content=\"3 minutos\" \/>\n<script type=\"application\/ld+json\" class=\"yoast-schema-graph\">{\"@context\":\"https:\/\/schema.org\",\"@graph\":[{\"@type\":\"WebSite\",\"@id\":\"https:\/\/www.radiomanchester.com.br\/fm\/#website\",\"url\":\"https:\/\/www.radiomanchester.com.br\/fm\/\",\"name\":\"Manchester FM 93,3\",\"description\":\"Todo Mundo Ouve!\",\"potentialAction\":[{\"@type\":\"SearchAction\",\"target\":{\"@type\":\"EntryPoint\",\"urlTemplate\":\"https:\/\/www.radiomanchester.com.br\/fm\/?s={search_term_string}\"},\"query-input\":\"required name=search_term_string\"}],\"inLanguage\":\"pt-BR\"},{\"@type\":\"WebPage\",\"@id\":\"https:\/\/www.radiomanchester.com.br\/fm\/saiba-onde-buscar-atendimento-em-caso-de-suspeita-de-dengue-em-anapolis\/#webpage\",\"url\":\"https:\/\/www.radiomanchester.com.br\/fm\/saiba-onde-buscar-atendimento-em-caso-de-suspeita-de-dengue-em-anapolis\/\",\"name\":\"Saiba onde buscar atendimento em caso de suspeita de dengue em An\u00e1polis - Manchester FM 93,3\",\"isPartOf\":{\"@id\":\"https:\/\/www.radiomanchester.com.br\/fm\/#website\"},\"datePublished\":\"2026-03-13T10:00:00+00:00\",\"dateModified\":\"2026-03-12T23:19:45+00:00\",\"author\":{\"@id\":\"https:\/\/www.radiomanchester.com.br\/fm\/#\/schema\/person\/408a7b4d4e32cbebd90e2782852abca3\"},\"breadcrumb\":{\"@id\":\"https:\/\/www.radiomanchester.com.br\/fm\/saiba-onde-buscar-atendimento-em-caso-de-suspeita-de-dengue-em-anapolis\/#breadcrumb\"},\"inLanguage\":\"pt-BR\",\"potentialAction\":[{\"@type\":\"ReadAction\",\"target\":[\"https:\/\/www.radiomanchester.com.br\/fm\/saiba-onde-buscar-atendimento-em-caso-de-suspeita-de-dengue-em-anapolis\/\"]}]},{\"@type\":\"BreadcrumbList\",\"@id\":\"https:\/\/www.radiomanchester.com.br\/fm\/saiba-onde-buscar-atendimento-em-caso-de-suspeita-de-dengue-em-anapolis\/#breadcrumb\",\"itemListElement\":[{\"@type\":\"ListItem\",\"position\":1,\"name\":\"Home\",\"item\":\"https:\/\/www.radiomanchester.com.br\/fm\/\"},{\"@type\":\"ListItem\",\"position\":2,\"name\":\"Saiba onde buscar atendimento em caso de suspeita de dengue em An\u00e1polis\"}]},{\"@type\":\"Person\",\"@id\":\"https:\/\/www.radiomanchester.com.br\/fm\/#\/schema\/person\/408a7b4d4e32cbebd90e2782852abca3\",\"name\":\"admin\",\"image\":{\"@type\":\"ImageObject\",\"@id\":\"https:\/\/www.radiomanchester.com.br\/fm\/#personlogo\",\"inLanguage\":\"pt-BR\",\"url\":\"https:\/\/secure.gravatar.com\/avatar\/115a974dba3376872eb3addeb276301c?s=96&d=mm&r=g\",\"contentUrl\":\"https:\/\/secure.gravatar.com\/avatar\/115a974dba3376872eb3addeb276301c?s=96&d=mm&r=g\",\"caption\":\"admin\"},\"url\":\"https:\/\/www.radiomanchester.com.br\/fm\/author\/admin\/\"}]}<\/script>\n<!-- \/ Yoast SEO plugin. -->","yoast_head_json":{"title":"Saiba onde buscar atendimento em caso de suspeita de dengue em An\u00e1polis - Manchester FM 93,3","robots":{"index":"index","follow":"follow","max-snippet":"max-snippet:-1","max-image-preview":"max-image-preview:large","max-video-preview":"max-video-preview:-1"},"canonical":"https:\/\/www.radiomanchester.com.br\/fm\/saiba-onde-buscar-atendimento-em-caso-de-suspeita-de-dengue-em-anapolis\/","og_locale":"pt_BR","og_type":"article","og_title":"Saiba onde buscar atendimento em caso de suspeita de dengue em An\u00e1polis - Manchester FM 93,3","og_description":"A Prefeitura de An\u00e1polis, por meio da Secretaria Municipal de Sa\u00fade, orienta a popula\u00e7\u00e3o a ficar atenta aos sintomas da dengue e a procurar atendimento nas unidades de sa\u00fade ao apresentar sinais da doen\u00e7a, refor\u00e7ando a import\u00e2ncia da preven\u00e7\u00e3o e do acompanhamento m\u00e9dico nos casos suspeitos. A pasta destaca ainda que, em caso de suspeita [&hellip;]","og_url":"https:\/\/www.radiomanchester.com.br\/fm\/saiba-onde-buscar-atendimento-em-caso-de-suspeita-de-dengue-em-anapolis\/","og_site_name":"Manchester FM 93,3","article_published_time":"2026-03-13T10:00:00+00:00","article_modified_time":"2026-03-12T23:19:45+00:00","twitter_card":"summary_large_image","twitter_misc":{"Escrito por":"admin","Est. tempo de leitura":"3 minutos"},"schema":{"@context":"https:\/\/schema.org","@graph":[{"@type":"WebSite","@id":"https:\/\/www.radiomanchester.com.br\/fm\/#website","url":"https:\/\/www.radiomanchester.com.br\/fm\/","name":"Manchester FM 93,3","description":"Todo Mundo Ouve!","potentialAction":[{"@type":"SearchAction","target":{"@type":"EntryPoint","urlTemplate":"https:\/\/www.radiomanchester.com.br\/fm\/?s={search_term_string}"},"query-input":"required name=search_term_string"}],"inLanguage":"pt-BR"},{"@type":"WebPage","@id":"https:\/\/www.radiomanchester.com.br\/fm\/saiba-onde-buscar-atendimento-em-caso-de-suspeita-de-dengue-em-anapolis\/#webpage","url":"https:\/\/www.radiomanchester.com.br\/fm\/saiba-onde-buscar-atendimento-em-caso-de-suspeita-de-dengue-em-anapolis\/","name":"Saiba onde buscar atendimento em caso de suspeita de dengue em An\u00e1polis - Manchester FM 93,3","isPartOf":{"@id":"https:\/\/www.radiomanchester.com.br\/fm\/#website"},"datePublished":"2026-03-13T10:00:00+00:00","dateModified":"2026-03-12T23:19:45+00:00","author":{"@id":"https:\/\/www.radiomanchester.com.br\/fm\/#\/schema\/person\/408a7b4d4e32cbebd90e2782852abca3"},"breadcrumb":{"@id":"https:\/\/www.radiomanchester.com.br\/fm\/saiba-onde-buscar-atendimento-em-caso-de-suspeita-de-dengue-em-anapolis\/#breadcrumb"},"inLanguage":"pt-BR","potentialAction":[{"@type":"ReadAction","target":["https:\/\/www.radiomanchester.com.br\/fm\/saiba-onde-buscar-atendimento-em-caso-de-suspeita-de-dengue-em-anapolis\/"]}]},{"@type":"BreadcrumbList","@id":"https:\/\/www.radiomanchester.com.br\/fm\/saiba-onde-buscar-atendimento-em-caso-de-suspeita-de-dengue-em-anapolis\/#breadcrumb","itemListElement":[{"@type":"ListItem","position":1,"name":"Home","item":"https:\/\/www.radiomanchester.com.br\/fm\/"},{"@type":"ListItem","position":2,"name":"Saiba onde buscar atendimento em caso de suspeita de dengue em An\u00e1polis"}]},{"@type":"Person","@id":"https:\/\/www.radiomanchester.com.br\/fm\/#\/schema\/person\/408a7b4d4e32cbebd90e2782852abca3","name":"admin","image":{"@type":"ImageObject","@id":"https:\/\/www.radiomanchester.com.br\/fm\/#personlogo","inLanguage":"pt-BR","url":"https:\/\/secure.gravatar.com\/avatar\/115a974dba3376872eb3addeb276301c?s=96&d=mm&r=g","contentUrl":"https:\/\/secure.gravatar.com\/avatar\/115a974dba3376872eb3addeb276301c?s=96&d=mm&r=g","caption":"admin"},"url":"https:\/\/www.radiomanchester.com.br\/fm\/author\/admin\/"}]}},"_links":{"self":[{"href":"https:\/\/www.radiomanchester.com.br\/fm\/wp-json\/wp\/v2\/posts\/17488"}],"collection":[{"href":"https:\/\/www.radiomanchester.com.br\/fm\/wp-json\/wp\/v2\/posts"}],"about":[{"href":"https:\/\/www.radiomanchester.com.br\/fm\/wp-json\/wp\/v2\/types\/post"}],"author":[{"embeddable":true,"href":"https:\/\/www.radiomanchester.com.br\/fm\/wp-json\/wp\/v2\/users\/1"}],"replies":[{"embeddable":true,"href":"https:\/\/www.radiomanchester.com.br\/fm\/wp-json\/wp\/v2\/comments?post=17488"}],"version-history":[{"count":2,"href":"https:\/\/www.radiomanchester.com.br\/fm\/wp-json\/wp\/v2\/posts\/17488\/revisions"}],"predecessor-version":[{"id":17490,"href":"https:\/\/www.radiomanchester.com.br\/fm\/wp-json\/wp\/v2\/posts\/17488\/revisions\/17490"}],"wp:attachment":[{"href":"https:\/\/www.radiomanchester.com.br\/fm\/wp-json\/wp\/v2\/media?parent=17488"}],"wp:term":[{"taxonomy":"category","embeddable":true,"href":"https:\/\/www.radiomanchester.com.br\/fm\/wp-json\/wp\/v2\/categories?post=17488"},{"taxonomy":"post_tag","embeddable":true,"href":"https:\/\/www.radiomanchester.com.br\/fm\/wp-json\/wp\/v2\/tags?post=17488"}],"curies":[{"name":"wp","href":"https:\/\/api.w.org\/{rel}","templated":true}]}}