{"id":17725,"date":"2026-04-26T08:00:00","date_gmt":"2026-04-26T11:00:00","guid":{"rendered":"https:\/\/www.radiomanchester.com.br\/fm\/?p=17725"},"modified":"2026-04-25T20:04:15","modified_gmt":"2026-04-25T23:04:15","slug":"daniel-e-marcio-anunciam-parceria-para-transporte-coletivo-durante-balanco-geral-da-record-e-mais-mulher-anapolis","status":"publish","type":"post","link":"https:\/\/www.radiomanchester.com.br\/fm\/daniel-e-marcio-anunciam-parceria-para-transporte-coletivo-durante-balanco-geral-da-record-e-mais-mulher-anapolis\/","title":{"rendered":"Daniel e M\u00e1rcio anunciam parceria para transporte coletivo durante Balan\u00e7o Geral da Record e Mais Mulher An\u00e1polis"},"content":{"rendered":"\n<p><\/p>\n\n\n\n<p>Durante a 1\u00ba edi\u00e7\u00e3o do Mais Mulher An\u00e1polis deste ano juntamente com o programa Balan\u00e7o Geral nos Bairros da TV Record Goi\u00e1s, o governador do Estado, Daniel Vilela e o prefeito M\u00e1rcio Corr\u00eaa, anunciaram uma parceria que visa modernizar, renovar e transformar o transporte p\u00fablico de An\u00e1polis &#8211; uma demanda antiga da popula\u00e7\u00e3o e que foi institu\u00edda como prioridade pelo gestor municipal.<\/p>\n\n\n\n<p>&#8220;Eu e o M\u00e1rcio j\u00e1 estamos construindo o projeto. N\u00f3s temos o compromisso de oferecer \u00e0 popula\u00e7\u00e3o anapolina o melhor transporte coletivo da hist\u00f3ria de An\u00e1polis&#8221;, disse Daniel Vilela. Ele arrematou refor\u00e7ando que o mesmo foi realizado na capital e que o investimento em Goi\u00e2nia ser\u00e1 espelho para An\u00e1polis: com \u00f4nibus com wifi, ar-condicionado e bot\u00e3o de p\u00e2nico.<\/p>\n\n\n\n<p>Essas informa\u00e7\u00f5es foram repassadas na manh\u00e3 deste s\u00e1bado (25), no Bairro Copacabana. Capitaneado pela Secretaria de Assist\u00eancia e Pol\u00edticas Sociais, o Mais Mulher An\u00e1polis levou dezenas de servi\u00e7os oferecidos pela administra\u00e7\u00e3o p\u00fablicas em diversas \u00e1reas como sa\u00fade, educa\u00e7\u00e3o, assist\u00eancia social, meio ambiente em formato de vagas de emprego, cursos profissionalizantes, cestas verdes, entretenimento, cadastro para castra\u00e7\u00e3o de pets, exames e atendimento jur\u00eddico, entre outros &#8211; tudo gratuitamente, ofertado no Feir\u00e3o do Reny Cury e ruas adjacentes.<\/p>\n\n\n\n<p>&#8220;Estou muito feliz com essa a\u00e7\u00e3o aqui no nosso setor e quero agradecer muito ao prefeito. Aqui temos sa\u00fade, cestas verdes e at\u00e9 roupas que voc\u00ea pode ir ali e escolher a que voc\u00ea desejar. Estou muito grata&#8221;, disse a t\u00e9cnica de enfermagem, Ana Cl\u00e1udia Silva Rodrigues.<\/p>\n\n\n\n<p>&#8220;Eu acho que esse trabalho \u00e9 muito bonito, vem para ajudar as pessoas. Nosso bairro \u00e9 um pouco afastado, ent\u00e3o \u00e9 uma boa oportunidade para todo mundo daqui&#8221;, resumiu o estudante, Lucas Oliveira.<\/p>\n\n\n\n<p>O evento, que foi realizado ao lado do Balan\u00e7o Geral nos Bairros promovido pela Record em parceria com o Governo de Goi\u00e1s, tamb\u00e9m reservou outras surpresas.<\/p>\n\n\n\n<p>&#8220;Vamos investir R$ 10 milh\u00f5es para recapeamento do Calixt\u00f3polis at\u00e9 o S\u00e3o Joaquim&#8221; disse o governador Daniel Vilela e complementou &#8221; vamos levar tamb\u00e9m \u00e1gua no Assentamento Bordon&#8221;, conforme j\u00e1 determinei \u00e0 Saneago.<\/p>\n\n\n\n<p>Atendendo a outro pedido do prefeito M\u00e1rcio Corr\u00eaa, Daniel Vilela informou que a ir\u00e1 come\u00e7ar imediatamente a instala\u00e7\u00e3o de rede de esgoto no Residencial Copacabana. &#8220;Esses foram pedidos do M\u00e1rcio que vamos come\u00e7ar imediatamente&#8221;, salientou.<\/p>\n\n\n\n<p>Durante o evento, foi sinalizada a assinatura de um &#8216;memorando de entendimento&#8217; para a instala\u00e7\u00e3o de uma das maiores empresas da Am\u00e9rica Latina em An\u00e1polis &#8211; gerando milhares de empregos.<\/p>\n\n\n\n<p>&#8220;Esse n\u00e3o \u00e9 um evento de um \u00fanico dia. Voc\u00eas n\u00e3o est\u00e3o mais s\u00f3s, aqui ao lado tamb\u00e9m iremos construir um Cmei para atender toda a regi\u00e3o&#8221;, informou M\u00e1rcio Corr\u00eaa.<\/p>\n\n\n\n<p>M\u00e1rcio explicou ainda que apesar do avan\u00e7o significativo na sa\u00fade &#8211; ao sair de corredores lotados de pacientes aguardando atendimento para a assist\u00eancia plena- ainda tem muito a melhorar. &#8220;Teremos uma unidade 24h no Abadia Daher para atender voc\u00eas&#8221;, explicou o prefeito.<\/p>\n","protected":false},"excerpt":{"rendered":"<p class=\"excerpt\">Durante a 1\u00ba edi\u00e7\u00e3o do Mais Mulher An\u00e1polis deste ano juntamente com o programa Balan\u00e7o Geral nos Bairros da TV Record Goi\u00e1s, o governador do Estado, Daniel Vilela e o prefeito M\u00e1rcio Corr\u00eaa, anunciaram uma parceria que visa modernizar, renovar e transformar o transporte p\u00fablico de An\u00e1polis &#8211; uma demanda antiga da popula\u00e7\u00e3o e que [&hellip;]<\/p>\n","protected":false},"author":1,"featured_media":0,"comment_status":"open","ping_status":"open","sticky":false,"template":"","format":"standard","meta":[],"categories":[8,17],"tags":[22,24,172,113,83,129,92],"yoast_head":"<!-- This site is optimized with the Yoast SEO plugin v18.3 - https:\/\/yoast.com\/wordpress\/plugins\/seo\/ -->\n<title>Daniel e M\u00e1rcio anunciam parceria para transporte coletivo durante Balan\u00e7o Geral da Record e Mais Mulher An\u00e1polis - Manchester FM 93,3<\/title>\n<meta name=\"robots\" content=\"index, follow, max-snippet:-1, max-image-preview:large, max-video-preview:-1\" \/>\n<link rel=\"canonical\" href=\"https:\/\/www.radiomanchester.com.br\/fm\/daniel-e-marcio-anunciam-parceria-para-transporte-coletivo-durante-balanco-geral-da-record-e-mais-mulher-anapolis\/\" \/>\n<meta property=\"og:locale\" content=\"pt_BR\" \/>\n<meta property=\"og:type\" content=\"article\" \/>\n<meta property=\"og:title\" content=\"Daniel e M\u00e1rcio anunciam parceria para transporte coletivo durante Balan\u00e7o Geral da Record e Mais Mulher An\u00e1polis - Manchester FM 93,3\" \/>\n<meta property=\"og:description\" content=\"Durante a 1\u00ba edi\u00e7\u00e3o do Mais Mulher An\u00e1polis deste ano juntamente com o programa Balan\u00e7o Geral nos Bairros da TV Record Goi\u00e1s, o governador do Estado, Daniel Vilela e o prefeito M\u00e1rcio Corr\u00eaa, anunciaram uma parceria que visa modernizar, renovar e transformar o transporte p\u00fablico de An\u00e1polis &#8211; uma demanda antiga da popula\u00e7\u00e3o e que [&hellip;]\" \/>\n<meta property=\"og:url\" content=\"https:\/\/www.radiomanchester.com.br\/fm\/daniel-e-marcio-anunciam-parceria-para-transporte-coletivo-durante-balanco-geral-da-record-e-mais-mulher-anapolis\/\" \/>\n<meta property=\"og:site_name\" content=\"Manchester FM 93,3\" \/>\n<meta property=\"article:published_time\" content=\"2026-04-26T11:00:00+00:00\" \/>\n<meta property=\"article:modified_time\" content=\"2026-04-25T23:04:15+00:00\" \/>\n<meta name=\"twitter:card\" content=\"summary_large_image\" \/>\n<meta name=\"twitter:label1\" content=\"Escrito por\" \/>\n\t<meta name=\"twitter:data1\" content=\"admin\" \/>\n\t<meta name=\"twitter:label2\" content=\"Est. tempo de leitura\" \/>\n\t<meta name=\"twitter:data2\" content=\"3 minutos\" \/>\n<script type=\"application\/ld+json\" class=\"yoast-schema-graph\">{\"@context\":\"https:\/\/schema.org\",\"@graph\":[{\"@type\":\"WebSite\",\"@id\":\"https:\/\/www.radiomanchester.com.br\/fm\/#website\",\"url\":\"https:\/\/www.radiomanchester.com.br\/fm\/\",\"name\":\"Manchester FM 93,3\",\"description\":\"Todo Mundo Ouve!\",\"potentialAction\":[{\"@type\":\"SearchAction\",\"target\":{\"@type\":\"EntryPoint\",\"urlTemplate\":\"https:\/\/www.radiomanchester.com.br\/fm\/?s={search_term_string}\"},\"query-input\":\"required name=search_term_string\"}],\"inLanguage\":\"pt-BR\"},{\"@type\":\"WebPage\",\"@id\":\"https:\/\/www.radiomanchester.com.br\/fm\/daniel-e-marcio-anunciam-parceria-para-transporte-coletivo-durante-balanco-geral-da-record-e-mais-mulher-anapolis\/#webpage\",\"url\":\"https:\/\/www.radiomanchester.com.br\/fm\/daniel-e-marcio-anunciam-parceria-para-transporte-coletivo-durante-balanco-geral-da-record-e-mais-mulher-anapolis\/\",\"name\":\"Daniel e M\u00e1rcio anunciam parceria para transporte coletivo durante Balan\u00e7o Geral da Record e Mais Mulher An\u00e1polis - Manchester FM 93,3\",\"isPartOf\":{\"@id\":\"https:\/\/www.radiomanchester.com.br\/fm\/#website\"},\"datePublished\":\"2026-04-26T11:00:00+00:00\",\"dateModified\":\"2026-04-25T23:04:15+00:00\",\"author\":{\"@id\":\"https:\/\/www.radiomanchester.com.br\/fm\/#\/schema\/person\/408a7b4d4e32cbebd90e2782852abca3\"},\"breadcrumb\":{\"@id\":\"https:\/\/www.radiomanchester.com.br\/fm\/daniel-e-marcio-anunciam-parceria-para-transporte-coletivo-durante-balanco-geral-da-record-e-mais-mulher-anapolis\/#breadcrumb\"},\"inLanguage\":\"pt-BR\",\"potentialAction\":[{\"@type\":\"ReadAction\",\"target\":[\"https:\/\/www.radiomanchester.com.br\/fm\/daniel-e-marcio-anunciam-parceria-para-transporte-coletivo-durante-balanco-geral-da-record-e-mais-mulher-anapolis\/\"]}]},{\"@type\":\"BreadcrumbList\",\"@id\":\"https:\/\/www.radiomanchester.com.br\/fm\/daniel-e-marcio-anunciam-parceria-para-transporte-coletivo-durante-balanco-geral-da-record-e-mais-mulher-anapolis\/#breadcrumb\",\"itemListElement\":[{\"@type\":\"ListItem\",\"position\":1,\"name\":\"Home\",\"item\":\"https:\/\/www.radiomanchester.com.br\/fm\/\"},{\"@type\":\"ListItem\",\"position\":2,\"name\":\"Daniel e M\u00e1rcio anunciam parceria para transporte coletivo durante Balan\u00e7o Geral da Record e Mais Mulher An\u00e1polis\"}]},{\"@type\":\"Person\",\"@id\":\"https:\/\/www.radiomanchester.com.br\/fm\/#\/schema\/person\/408a7b4d4e32cbebd90e2782852abca3\",\"name\":\"admin\",\"image\":{\"@type\":\"ImageObject\",\"@id\":\"https:\/\/www.radiomanchester.com.br\/fm\/#personlogo\",\"inLanguage\":\"pt-BR\",\"url\":\"https:\/\/secure.gravatar.com\/avatar\/115a974dba3376872eb3addeb276301c?s=96&d=mm&r=g\",\"contentUrl\":\"https:\/\/secure.gravatar.com\/avatar\/115a974dba3376872eb3addeb276301c?s=96&d=mm&r=g\",\"caption\":\"admin\"},\"url\":\"https:\/\/www.radiomanchester.com.br\/fm\/author\/admin\/\"}]}<\/script>\n<!-- \/ Yoast SEO plugin. -->","yoast_head_json":{"title":"Daniel e M\u00e1rcio anunciam parceria para transporte coletivo durante Balan\u00e7o Geral da Record e Mais Mulher An\u00e1polis - Manchester FM 93,3","robots":{"index":"index","follow":"follow","max-snippet":"max-snippet:-1","max-image-preview":"max-image-preview:large","max-video-preview":"max-video-preview:-1"},"canonical":"https:\/\/www.radiomanchester.com.br\/fm\/daniel-e-marcio-anunciam-parceria-para-transporte-coletivo-durante-balanco-geral-da-record-e-mais-mulher-anapolis\/","og_locale":"pt_BR","og_type":"article","og_title":"Daniel e M\u00e1rcio anunciam parceria para transporte coletivo durante Balan\u00e7o Geral da Record e Mais Mulher An\u00e1polis - Manchester FM 93,3","og_description":"Durante a 1\u00ba edi\u00e7\u00e3o do Mais Mulher An\u00e1polis deste ano juntamente com o programa Balan\u00e7o Geral nos Bairros da TV Record Goi\u00e1s, o governador do Estado, Daniel Vilela e o prefeito M\u00e1rcio Corr\u00eaa, anunciaram uma parceria que visa modernizar, renovar e transformar o transporte p\u00fablico de An\u00e1polis &#8211; uma demanda antiga da popula\u00e7\u00e3o e que [&hellip;]","og_url":"https:\/\/www.radiomanchester.com.br\/fm\/daniel-e-marcio-anunciam-parceria-para-transporte-coletivo-durante-balanco-geral-da-record-e-mais-mulher-anapolis\/","og_site_name":"Manchester FM 93,3","article_published_time":"2026-04-26T11:00:00+00:00","article_modified_time":"2026-04-25T23:04:15+00:00","twitter_card":"summary_large_image","twitter_misc":{"Escrito por":"admin","Est. tempo de leitura":"3 minutos"},"schema":{"@context":"https:\/\/schema.org","@graph":[{"@type":"WebSite","@id":"https:\/\/www.radiomanchester.com.br\/fm\/#website","url":"https:\/\/www.radiomanchester.com.br\/fm\/","name":"Manchester FM 93,3","description":"Todo Mundo Ouve!","potentialAction":[{"@type":"SearchAction","target":{"@type":"EntryPoint","urlTemplate":"https:\/\/www.radiomanchester.com.br\/fm\/?s={search_term_string}"},"query-input":"required name=search_term_string"}],"inLanguage":"pt-BR"},{"@type":"WebPage","@id":"https:\/\/www.radiomanchester.com.br\/fm\/daniel-e-marcio-anunciam-parceria-para-transporte-coletivo-durante-balanco-geral-da-record-e-mais-mulher-anapolis\/#webpage","url":"https:\/\/www.radiomanchester.com.br\/fm\/daniel-e-marcio-anunciam-parceria-para-transporte-coletivo-durante-balanco-geral-da-record-e-mais-mulher-anapolis\/","name":"Daniel e M\u00e1rcio anunciam parceria para transporte coletivo durante Balan\u00e7o Geral da Record e Mais Mulher An\u00e1polis - Manchester FM 93,3","isPartOf":{"@id":"https:\/\/www.radiomanchester.com.br\/fm\/#website"},"datePublished":"2026-04-26T11:00:00+00:00","dateModified":"2026-04-25T23:04:15+00:00","author":{"@id":"https:\/\/www.radiomanchester.com.br\/fm\/#\/schema\/person\/408a7b4d4e32cbebd90e2782852abca3"},"breadcrumb":{"@id":"https:\/\/www.radiomanchester.com.br\/fm\/daniel-e-marcio-anunciam-parceria-para-transporte-coletivo-durante-balanco-geral-da-record-e-mais-mulher-anapolis\/#breadcrumb"},"inLanguage":"pt-BR","potentialAction":[{"@type":"ReadAction","target":["https:\/\/www.radiomanchester.com.br\/fm\/daniel-e-marcio-anunciam-parceria-para-transporte-coletivo-durante-balanco-geral-da-record-e-mais-mulher-anapolis\/"]}]},{"@type":"BreadcrumbList","@id":"https:\/\/www.radiomanchester.com.br\/fm\/daniel-e-marcio-anunciam-parceria-para-transporte-coletivo-durante-balanco-geral-da-record-e-mais-mulher-anapolis\/#breadcrumb","itemListElement":[{"@type":"ListItem","position":1,"name":"Home","item":"https:\/\/www.radiomanchester.com.br\/fm\/"},{"@type":"ListItem","position":2,"name":"Daniel e M\u00e1rcio anunciam parceria para transporte coletivo durante Balan\u00e7o Geral da Record e Mais Mulher An\u00e1polis"}]},{"@type":"Person","@id":"https:\/\/www.radiomanchester.com.br\/fm\/#\/schema\/person\/408a7b4d4e32cbebd90e2782852abca3","name":"admin","image":{"@type":"ImageObject","@id":"https:\/\/www.radiomanchester.com.br\/fm\/#personlogo","inLanguage":"pt-BR","url":"https:\/\/secure.gravatar.com\/avatar\/115a974dba3376872eb3addeb276301c?s=96&d=mm&r=g","contentUrl":"https:\/\/secure.gravatar.com\/avatar\/115a974dba3376872eb3addeb276301c?s=96&d=mm&r=g","caption":"admin"},"url":"https:\/\/www.radiomanchester.com.br\/fm\/author\/admin\/"}]}},"_links":{"self":[{"href":"https:\/\/www.radiomanchester.com.br\/fm\/wp-json\/wp\/v2\/posts\/17725"}],"collection":[{"href":"https:\/\/www.radiomanchester.com.br\/fm\/wp-json\/wp\/v2\/posts"}],"about":[{"href":"https:\/\/www.radiomanchester.com.br\/fm\/wp-json\/wp\/v2\/types\/post"}],"author":[{"embeddable":true,"href":"https:\/\/www.radiomanchester.com.br\/fm\/wp-json\/wp\/v2\/users\/1"}],"replies":[{"embeddable":true,"href":"https:\/\/www.radiomanchester.com.br\/fm\/wp-json\/wp\/v2\/comments?post=17725"}],"version-history":[{"count":1,"href":"https:\/\/www.radiomanchester.com.br\/fm\/wp-json\/wp\/v2\/posts\/17725\/revisions"}],"predecessor-version":[{"id":17726,"href":"https:\/\/www.radiomanchester.com.br\/fm\/wp-json\/wp\/v2\/posts\/17725\/revisions\/17726"}],"wp:attachment":[{"href":"https:\/\/www.radiomanchester.com.br\/fm\/wp-json\/wp\/v2\/media?parent=17725"}],"wp:term":[{"taxonomy":"category","embeddable":true,"href":"https:\/\/www.radiomanchester.com.br\/fm\/wp-json\/wp\/v2\/categories?post=17725"},{"taxonomy":"post_tag","embeddable":true,"href":"https:\/\/www.radiomanchester.com.br\/fm\/wp-json\/wp\/v2\/tags?post=17725"}],"curies":[{"name":"wp","href":"https:\/\/api.w.org\/{rel}","templated":true}]}}