{"id":17727,"date":"2026-04-26T17:22:55","date_gmt":"2026-04-26T20:22:55","guid":{"rendered":"https:\/\/www.radiomanchester.com.br\/fm\/?p=17727"},"modified":"2026-04-26T19:10:10","modified_gmt":"2026-04-26T22:10:10","slug":"homem-e-assassinado-a-tiros-na-vila-jaiara-em-anapolis","status":"publish","type":"post","link":"https:\/\/www.radiomanchester.com.br\/fm\/homem-e-assassinado-a-tiros-na-vila-jaiara-em-anapolis\/","title":{"rendered":"Homem \u00e9 assassinado a tiros na Vila Jaiara em An\u00e1polis"},"content":{"rendered":"\n<p><\/p>\n\n\n\n<p>Diego Carvalho Mendes de 21 anos, foi assassinado a tiros no in\u00edcio da tarde deste domingo (26\/04), na Rua Fl\u00f3rida na Vila Jaiara, regi\u00e3o norte de An\u00e1polis. O Samu chegou a ser acionado, mas apenas foi poss\u00edvel constatar a morte do jovem. A Pol\u00edcia Militar tamb\u00e9m foi ao local para realizar o isolamento da \u00e1rea. Foi confirmado que Diego Mendes usava tornozeleira eletr\u00f4nica.<\/p>\n\n\n\n<p>O motivo do homic\u00eddio ainda n\u00e3o foi esclarecido e o autor tamb\u00e9m n\u00e3o foi identificado e localizado pelas equipes da PM.<\/p>\n\n\n\n<p>Mais informa\u00e7\u00f5es, amanh\u00e3 no Plant\u00e3o Policial com o rep\u00f3rter Marcelo Santos no Atualidades Manchester, a partir das 7h na 93.3.<\/p>\n","protected":false},"excerpt":{"rendered":"<p class=\"excerpt\">Diego Carvalho Mendes de 21 anos, foi assassinado a tiros no in\u00edcio da tarde deste domingo (26\/04), na Rua Fl\u00f3rida na Vila Jaiara, regi\u00e3o norte de An\u00e1polis. O Samu chegou a ser acionado, mas apenas foi poss\u00edvel constatar a morte do jovem. A Pol\u00edcia Militar tamb\u00e9m foi ao local para realizar o isolamento da \u00e1rea. [&hellip;]<\/p>\n","protected":false},"author":1,"featured_media":0,"comment_status":"open","ping_status":"open","sticky":false,"template":"","format":"standard","meta":[],"categories":[8,17],"tags":[22,24,113,83,92],"yoast_head":"<!-- This site is optimized with the Yoast SEO plugin v18.3 - https:\/\/yoast.com\/wordpress\/plugins\/seo\/ -->\n<title>Homem \u00e9 assassinado a tiros na Vila Jaiara em An\u00e1polis - Manchester FM 93,3<\/title>\n<meta name=\"robots\" content=\"index, follow, max-snippet:-1, max-image-preview:large, max-video-preview:-1\" \/>\n<link rel=\"canonical\" href=\"https:\/\/www.radiomanchester.com.br\/fm\/homem-e-assassinado-a-tiros-na-vila-jaiara-em-anapolis\/\" \/>\n<meta property=\"og:locale\" content=\"pt_BR\" \/>\n<meta property=\"og:type\" content=\"article\" \/>\n<meta property=\"og:title\" content=\"Homem \u00e9 assassinado a tiros na Vila Jaiara em An\u00e1polis - Manchester FM 93,3\" \/>\n<meta property=\"og:description\" content=\"Diego Carvalho Mendes de 21 anos, foi assassinado a tiros no in\u00edcio da tarde deste domingo (26\/04), na Rua Fl\u00f3rida na Vila Jaiara, regi\u00e3o norte de An\u00e1polis. O Samu chegou a ser acionado, mas apenas foi poss\u00edvel constatar a morte do jovem. A Pol\u00edcia Militar tamb\u00e9m foi ao local para realizar o isolamento da \u00e1rea. [&hellip;]\" \/>\n<meta property=\"og:url\" content=\"https:\/\/www.radiomanchester.com.br\/fm\/homem-e-assassinado-a-tiros-na-vila-jaiara-em-anapolis\/\" \/>\n<meta property=\"og:site_name\" content=\"Manchester FM 93,3\" \/>\n<meta property=\"article:published_time\" content=\"2026-04-26T20:22:55+00:00\" \/>\n<meta property=\"article:modified_time\" content=\"2026-04-26T22:10:10+00:00\" \/>\n<meta name=\"twitter:card\" content=\"summary_large_image\" \/>\n<meta name=\"twitter:label1\" content=\"Escrito por\" \/>\n\t<meta name=\"twitter:data1\" content=\"admin\" \/>\n\t<meta name=\"twitter:label2\" content=\"Est. tempo de leitura\" \/>\n\t<meta name=\"twitter:data2\" content=\"1 minuto\" \/>\n<script type=\"application\/ld+json\" class=\"yoast-schema-graph\">{\"@context\":\"https:\/\/schema.org\",\"@graph\":[{\"@type\":\"WebSite\",\"@id\":\"https:\/\/www.radiomanchester.com.br\/fm\/#website\",\"url\":\"https:\/\/www.radiomanchester.com.br\/fm\/\",\"name\":\"Manchester FM 93,3\",\"description\":\"Todo Mundo Ouve!\",\"potentialAction\":[{\"@type\":\"SearchAction\",\"target\":{\"@type\":\"EntryPoint\",\"urlTemplate\":\"https:\/\/www.radiomanchester.com.br\/fm\/?s={search_term_string}\"},\"query-input\":\"required name=search_term_string\"}],\"inLanguage\":\"pt-BR\"},{\"@type\":\"WebPage\",\"@id\":\"https:\/\/www.radiomanchester.com.br\/fm\/homem-e-assassinado-a-tiros-na-vila-jaiara-em-anapolis\/#webpage\",\"url\":\"https:\/\/www.radiomanchester.com.br\/fm\/homem-e-assassinado-a-tiros-na-vila-jaiara-em-anapolis\/\",\"name\":\"Homem \u00e9 assassinado a tiros na Vila Jaiara em An\u00e1polis - Manchester FM 93,3\",\"isPartOf\":{\"@id\":\"https:\/\/www.radiomanchester.com.br\/fm\/#website\"},\"datePublished\":\"2026-04-26T20:22:55+00:00\",\"dateModified\":\"2026-04-26T22:10:10+00:00\",\"author\":{\"@id\":\"https:\/\/www.radiomanchester.com.br\/fm\/#\/schema\/person\/408a7b4d4e32cbebd90e2782852abca3\"},\"breadcrumb\":{\"@id\":\"https:\/\/www.radiomanchester.com.br\/fm\/homem-e-assassinado-a-tiros-na-vila-jaiara-em-anapolis\/#breadcrumb\"},\"inLanguage\":\"pt-BR\",\"potentialAction\":[{\"@type\":\"ReadAction\",\"target\":[\"https:\/\/www.radiomanchester.com.br\/fm\/homem-e-assassinado-a-tiros-na-vila-jaiara-em-anapolis\/\"]}]},{\"@type\":\"BreadcrumbList\",\"@id\":\"https:\/\/www.radiomanchester.com.br\/fm\/homem-e-assassinado-a-tiros-na-vila-jaiara-em-anapolis\/#breadcrumb\",\"itemListElement\":[{\"@type\":\"ListItem\",\"position\":1,\"name\":\"Home\",\"item\":\"https:\/\/www.radiomanchester.com.br\/fm\/\"},{\"@type\":\"ListItem\",\"position\":2,\"name\":\"Homem \u00e9 assassinado a tiros na Vila Jaiara em An\u00e1polis\"}]},{\"@type\":\"Person\",\"@id\":\"https:\/\/www.radiomanchester.com.br\/fm\/#\/schema\/person\/408a7b4d4e32cbebd90e2782852abca3\",\"name\":\"admin\",\"image\":{\"@type\":\"ImageObject\",\"@id\":\"https:\/\/www.radiomanchester.com.br\/fm\/#personlogo\",\"inLanguage\":\"pt-BR\",\"url\":\"https:\/\/secure.gravatar.com\/avatar\/115a974dba3376872eb3addeb276301c?s=96&d=mm&r=g\",\"contentUrl\":\"https:\/\/secure.gravatar.com\/avatar\/115a974dba3376872eb3addeb276301c?s=96&d=mm&r=g\",\"caption\":\"admin\"},\"url\":\"https:\/\/www.radiomanchester.com.br\/fm\/author\/admin\/\"}]}<\/script>\n<!-- \/ Yoast SEO plugin. -->","yoast_head_json":{"title":"Homem \u00e9 assassinado a tiros na Vila Jaiara em An\u00e1polis - Manchester FM 93,3","robots":{"index":"index","follow":"follow","max-snippet":"max-snippet:-1","max-image-preview":"max-image-preview:large","max-video-preview":"max-video-preview:-1"},"canonical":"https:\/\/www.radiomanchester.com.br\/fm\/homem-e-assassinado-a-tiros-na-vila-jaiara-em-anapolis\/","og_locale":"pt_BR","og_type":"article","og_title":"Homem \u00e9 assassinado a tiros na Vila Jaiara em An\u00e1polis - Manchester FM 93,3","og_description":"Diego Carvalho Mendes de 21 anos, foi assassinado a tiros no in\u00edcio da tarde deste domingo (26\/04), na Rua Fl\u00f3rida na Vila Jaiara, regi\u00e3o norte de An\u00e1polis. O Samu chegou a ser acionado, mas apenas foi poss\u00edvel constatar a morte do jovem. A Pol\u00edcia Militar tamb\u00e9m foi ao local para realizar o isolamento da \u00e1rea. [&hellip;]","og_url":"https:\/\/www.radiomanchester.com.br\/fm\/homem-e-assassinado-a-tiros-na-vila-jaiara-em-anapolis\/","og_site_name":"Manchester FM 93,3","article_published_time":"2026-04-26T20:22:55+00:00","article_modified_time":"2026-04-26T22:10:10+00:00","twitter_card":"summary_large_image","twitter_misc":{"Escrito por":"admin","Est. tempo de leitura":"1 minuto"},"schema":{"@context":"https:\/\/schema.org","@graph":[{"@type":"WebSite","@id":"https:\/\/www.radiomanchester.com.br\/fm\/#website","url":"https:\/\/www.radiomanchester.com.br\/fm\/","name":"Manchester FM 93,3","description":"Todo Mundo Ouve!","potentialAction":[{"@type":"SearchAction","target":{"@type":"EntryPoint","urlTemplate":"https:\/\/www.radiomanchester.com.br\/fm\/?s={search_term_string}"},"query-input":"required name=search_term_string"}],"inLanguage":"pt-BR"},{"@type":"WebPage","@id":"https:\/\/www.radiomanchester.com.br\/fm\/homem-e-assassinado-a-tiros-na-vila-jaiara-em-anapolis\/#webpage","url":"https:\/\/www.radiomanchester.com.br\/fm\/homem-e-assassinado-a-tiros-na-vila-jaiara-em-anapolis\/","name":"Homem \u00e9 assassinado a tiros na Vila Jaiara em An\u00e1polis - Manchester FM 93,3","isPartOf":{"@id":"https:\/\/www.radiomanchester.com.br\/fm\/#website"},"datePublished":"2026-04-26T20:22:55+00:00","dateModified":"2026-04-26T22:10:10+00:00","author":{"@id":"https:\/\/www.radiomanchester.com.br\/fm\/#\/schema\/person\/408a7b4d4e32cbebd90e2782852abca3"},"breadcrumb":{"@id":"https:\/\/www.radiomanchester.com.br\/fm\/homem-e-assassinado-a-tiros-na-vila-jaiara-em-anapolis\/#breadcrumb"},"inLanguage":"pt-BR","potentialAction":[{"@type":"ReadAction","target":["https:\/\/www.radiomanchester.com.br\/fm\/homem-e-assassinado-a-tiros-na-vila-jaiara-em-anapolis\/"]}]},{"@type":"BreadcrumbList","@id":"https:\/\/www.radiomanchester.com.br\/fm\/homem-e-assassinado-a-tiros-na-vila-jaiara-em-anapolis\/#breadcrumb","itemListElement":[{"@type":"ListItem","position":1,"name":"Home","item":"https:\/\/www.radiomanchester.com.br\/fm\/"},{"@type":"ListItem","position":2,"name":"Homem \u00e9 assassinado a tiros na Vila Jaiara em An\u00e1polis"}]},{"@type":"Person","@id":"https:\/\/www.radiomanchester.com.br\/fm\/#\/schema\/person\/408a7b4d4e32cbebd90e2782852abca3","name":"admin","image":{"@type":"ImageObject","@id":"https:\/\/www.radiomanchester.com.br\/fm\/#personlogo","inLanguage":"pt-BR","url":"https:\/\/secure.gravatar.com\/avatar\/115a974dba3376872eb3addeb276301c?s=96&d=mm&r=g","contentUrl":"https:\/\/secure.gravatar.com\/avatar\/115a974dba3376872eb3addeb276301c?s=96&d=mm&r=g","caption":"admin"},"url":"https:\/\/www.radiomanchester.com.br\/fm\/author\/admin\/"}]}},"_links":{"self":[{"href":"https:\/\/www.radiomanchester.com.br\/fm\/wp-json\/wp\/v2\/posts\/17727"}],"collection":[{"href":"https:\/\/www.radiomanchester.com.br\/fm\/wp-json\/wp\/v2\/posts"}],"about":[{"href":"https:\/\/www.radiomanchester.com.br\/fm\/wp-json\/wp\/v2\/types\/post"}],"author":[{"embeddable":true,"href":"https:\/\/www.radiomanchester.com.br\/fm\/wp-json\/wp\/v2\/users\/1"}],"replies":[{"embeddable":true,"href":"https:\/\/www.radiomanchester.com.br\/fm\/wp-json\/wp\/v2\/comments?post=17727"}],"version-history":[{"count":2,"href":"https:\/\/www.radiomanchester.com.br\/fm\/wp-json\/wp\/v2\/posts\/17727\/revisions"}],"predecessor-version":[{"id":17729,"href":"https:\/\/www.radiomanchester.com.br\/fm\/wp-json\/wp\/v2\/posts\/17727\/revisions\/17729"}],"wp:attachment":[{"href":"https:\/\/www.radiomanchester.com.br\/fm\/wp-json\/wp\/v2\/media?parent=17727"}],"wp:term":[{"taxonomy":"category","embeddable":true,"href":"https:\/\/www.radiomanchester.com.br\/fm\/wp-json\/wp\/v2\/categories?post=17727"},{"taxonomy":"post_tag","embeddable":true,"href":"https:\/\/www.radiomanchester.com.br\/fm\/wp-json\/wp\/v2\/tags?post=17727"}],"curies":[{"name":"wp","href":"https:\/\/api.w.org\/{rel}","templated":true}]}}