{"id":17736,"date":"2026-04-28T11:34:26","date_gmt":"2026-04-28T14:34:26","guid":{"rendered":"https:\/\/www.radiomanchester.com.br\/fm\/?p=17736"},"modified":"2026-04-28T11:34:30","modified_gmt":"2026-04-28T14:34:30","slug":"pf-faz-operacao-em-26-estados-e-mais-df-contra-abuso-sexual-infantojuvenil","status":"publish","type":"post","link":"https:\/\/www.radiomanchester.com.br\/fm\/pf-faz-operacao-em-26-estados-e-mais-df-contra-abuso-sexual-infantojuvenil\/","title":{"rendered":"PF faz opera\u00e7\u00e3o em 26 estados e mais DF contra abuso sexual infantojuvenil"},"content":{"rendered":"\n<p><em><strong>A\u00e7\u00e3o integra investiga\u00e7\u00e3o internacional que ocorre em outros 15 pa\u00edses<\/strong><\/em><\/p>\n\n\n\n<hr class=\"wp-block-separator\"\/>\n\n\n\n<p>A Pol\u00edcia Federal (PF) deflagrou nesta ter\u00e7a-feira (28\/04) a Opera\u00e7\u00e3o Nacional Prote\u00e7\u00e3o Integral IV, que tem como objetivo identificar e prender autores de crimes de abuso sexual contra crian\u00e7as e adolescentes.<\/p>\n\n\n\n<p>Trata-se de uma a\u00e7\u00e3o que ocorre de forma simult\u00e2nea em pelo menos outros 15 pa\u00edses. No Brasil, a corpora\u00e7\u00e3o cumpre 159 mandados de busca e apreens\u00e3o em todas as unidades da Federa\u00e7\u00e3o e 16 mandados de pris\u00e3o preventiva.<\/p>\n\n\n\n<p>\u201cA Opera\u00e7\u00e3o Nacional Prote\u00e7\u00e3o Integral IV comp\u00f5e um esfor\u00e7o internacional coordenado, denominado Opera\u00e7\u00e3o Internacional Aliados pela Inf\u00e2ncia VI, voltado ao enfrentamento de crimes transnacionais que violam a dignidade sexual de crian\u00e7as e adolescentes\u201d, destacou o comunicado.<\/p>\n\n\n\n<p>Em nota, a PF informou que 503 policiais federais em todos os estados participam da a\u00e7\u00e3o, al\u00e9m de 243 policiais civis dos seguintes estados: Bahia, Distrito Federal, Esp\u00edrito Santo, Goi\u00e1s, Mato Grosso, Mato Grosso do Sul, Par\u00e1, Paran\u00e1, Pernambuco, Piau\u00ed, Rio de Janeiro, Rio Grande do Sul, S\u00e3o Paulo e Tocantins.<\/p>\n\n\n\n<p>No \u00e2mbito internacional, j\u00e1 foram cumpridos mandados de busca e apreens\u00e3o nos seguintes pa\u00edses: Argentina, Col\u00f4mbia, Costa Rica, El Salvador, Espanha, Fran\u00e7a, Guatemala, Honduras, M\u00e9xico, Panam\u00e1, Paraguai, Peru, Porto Rico, Rep\u00fablica Dominicana e Uruguai.<\/p>\n\n\n\n<p>\u201cA a\u00e7\u00e3o busca integrar for\u00e7as policiais nacionais e internacionais no combate a crimes de abuso sexual infantojuvenil, refor\u00e7ando, no contexto do Maio Laranja, o compromisso com a preven\u00e7\u00e3o e repress\u00e3o dessas pr\u00e1ticas\u201d, destacou a PF.<\/p>\n\n\n\n<p>Dados da corpora\u00e7\u00e3o mostram que, em 2026, por meio dos chamados Grupos de Capturas, foram cumpridos pelo menos 450 mandados de pris\u00e3o de foragidos por crimes sexuais.<\/p>\n\n\n\n<p>\u201cEmbora o termo \u2018pornografia\u2019 ainda conste no Estatuto da Crian\u00e7a e do Adolescente, a comunidade internacional adota, preferencialmente, as express\u00f5es \u2018abuso sexual de crian\u00e7as e adolescentes\u2019 ou \u2018viol\u00eancia sexual contra crian\u00e7as e adolescentes\u2019, por refletirem com maior precis\u00e3o a gravidade desses crimes\u201d, ressaltou a nota.<\/p>\n\n\n\n<p>\u201cA Pol\u00edcia Federal refor\u00e7a a import\u00e2ncia da preven\u00e7\u00e3o e orienta pais e respons\u00e1veis a acompanharem o uso da internet por crian\u00e7as e por adolescentes, como forma de reduzir riscos e de proteger poss\u00edveis v\u00edtimas. O di\u00e1logo aberto sobre seguran\u00e7a no ambiente digital e a orienta\u00e7\u00e3o para que crian\u00e7as e adolescentes comuniquem situa\u00e7\u00f5es suspeitas tamb\u00e9m s\u00e3o medidas importantes de prote\u00e7\u00e3o\u201d, concluiu a corpora\u00e7\u00e3o.<\/p>\n\n\n\n<p>porAg\u00eancia Brasil<\/p>\n","protected":false},"excerpt":{"rendered":"<p class=\"excerpt\">A\u00e7\u00e3o integra investiga\u00e7\u00e3o internacional que ocorre em outros 15 pa\u00edses A Pol\u00edcia Federal (PF) deflagrou nesta ter\u00e7a-feira (28\/04) a Opera\u00e7\u00e3o Nacional Prote\u00e7\u00e3o Integral IV, que tem como objetivo identificar e prender autores de crimes de abuso sexual contra crian\u00e7as e adolescentes. Trata-se de uma a\u00e7\u00e3o que ocorre de forma simult\u00e2nea em pelo menos outros 15 [&hellip;]<\/p>\n","protected":false},"author":1,"featured_media":0,"comment_status":"open","ping_status":"open","sticky":false,"template":"","format":"standard","meta":[],"categories":[8,17],"tags":[22,24,113,83,92],"yoast_head":"<!-- This site is optimized with the Yoast SEO plugin v18.3 - https:\/\/yoast.com\/wordpress\/plugins\/seo\/ -->\n<title>PF faz opera\u00e7\u00e3o em 26 estados e mais DF contra abuso sexual infantojuvenil - Manchester FM 93,3<\/title>\n<meta name=\"robots\" content=\"index, follow, max-snippet:-1, max-image-preview:large, max-video-preview:-1\" \/>\n<link rel=\"canonical\" href=\"https:\/\/www.radiomanchester.com.br\/fm\/pf-faz-operacao-em-26-estados-e-mais-df-contra-abuso-sexual-infantojuvenil\/\" \/>\n<meta property=\"og:locale\" content=\"pt_BR\" \/>\n<meta property=\"og:type\" content=\"article\" \/>\n<meta property=\"og:title\" content=\"PF faz opera\u00e7\u00e3o em 26 estados e mais DF contra abuso sexual infantojuvenil - Manchester FM 93,3\" \/>\n<meta property=\"og:description\" content=\"A\u00e7\u00e3o integra investiga\u00e7\u00e3o internacional que ocorre em outros 15 pa\u00edses A Pol\u00edcia Federal (PF) deflagrou nesta ter\u00e7a-feira (28\/04) a Opera\u00e7\u00e3o Nacional Prote\u00e7\u00e3o Integral IV, que tem como objetivo identificar e prender autores de crimes de abuso sexual contra crian\u00e7as e adolescentes. Trata-se de uma a\u00e7\u00e3o que ocorre de forma simult\u00e2nea em pelo menos outros 15 [&hellip;]\" \/>\n<meta property=\"og:url\" content=\"https:\/\/www.radiomanchester.com.br\/fm\/pf-faz-operacao-em-26-estados-e-mais-df-contra-abuso-sexual-infantojuvenil\/\" \/>\n<meta property=\"og:site_name\" content=\"Manchester FM 93,3\" \/>\n<meta property=\"article:published_time\" content=\"2026-04-28T14:34:26+00:00\" \/>\n<meta property=\"article:modified_time\" content=\"2026-04-28T14:34:30+00:00\" \/>\n<meta name=\"twitter:card\" content=\"summary_large_image\" \/>\n<meta name=\"twitter:label1\" content=\"Escrito por\" \/>\n\t<meta name=\"twitter:data1\" content=\"admin\" \/>\n\t<meta name=\"twitter:label2\" content=\"Est. tempo de leitura\" \/>\n\t<meta name=\"twitter:data2\" content=\"3 minutos\" \/>\n<script type=\"application\/ld+json\" class=\"yoast-schema-graph\">{\"@context\":\"https:\/\/schema.org\",\"@graph\":[{\"@type\":\"WebSite\",\"@id\":\"https:\/\/www.radiomanchester.com.br\/fm\/#website\",\"url\":\"https:\/\/www.radiomanchester.com.br\/fm\/\",\"name\":\"Manchester FM 93,3\",\"description\":\"Todo Mundo Ouve!\",\"potentialAction\":[{\"@type\":\"SearchAction\",\"target\":{\"@type\":\"EntryPoint\",\"urlTemplate\":\"https:\/\/www.radiomanchester.com.br\/fm\/?s={search_term_string}\"},\"query-input\":\"required name=search_term_string\"}],\"inLanguage\":\"pt-BR\"},{\"@type\":\"WebPage\",\"@id\":\"https:\/\/www.radiomanchester.com.br\/fm\/pf-faz-operacao-em-26-estados-e-mais-df-contra-abuso-sexual-infantojuvenil\/#webpage\",\"url\":\"https:\/\/www.radiomanchester.com.br\/fm\/pf-faz-operacao-em-26-estados-e-mais-df-contra-abuso-sexual-infantojuvenil\/\",\"name\":\"PF faz opera\u00e7\u00e3o em 26 estados e mais DF contra abuso sexual infantojuvenil - Manchester FM 93,3\",\"isPartOf\":{\"@id\":\"https:\/\/www.radiomanchester.com.br\/fm\/#website\"},\"datePublished\":\"2026-04-28T14:34:26+00:00\",\"dateModified\":\"2026-04-28T14:34:30+00:00\",\"author\":{\"@id\":\"https:\/\/www.radiomanchester.com.br\/fm\/#\/schema\/person\/408a7b4d4e32cbebd90e2782852abca3\"},\"breadcrumb\":{\"@id\":\"https:\/\/www.radiomanchester.com.br\/fm\/pf-faz-operacao-em-26-estados-e-mais-df-contra-abuso-sexual-infantojuvenil\/#breadcrumb\"},\"inLanguage\":\"pt-BR\",\"potentialAction\":[{\"@type\":\"ReadAction\",\"target\":[\"https:\/\/www.radiomanchester.com.br\/fm\/pf-faz-operacao-em-26-estados-e-mais-df-contra-abuso-sexual-infantojuvenil\/\"]}]},{\"@type\":\"BreadcrumbList\",\"@id\":\"https:\/\/www.radiomanchester.com.br\/fm\/pf-faz-operacao-em-26-estados-e-mais-df-contra-abuso-sexual-infantojuvenil\/#breadcrumb\",\"itemListElement\":[{\"@type\":\"ListItem\",\"position\":1,\"name\":\"Home\",\"item\":\"https:\/\/www.radiomanchester.com.br\/fm\/\"},{\"@type\":\"ListItem\",\"position\":2,\"name\":\"PF faz opera\u00e7\u00e3o em 26 estados e mais DF contra abuso sexual infantojuvenil\"}]},{\"@type\":\"Person\",\"@id\":\"https:\/\/www.radiomanchester.com.br\/fm\/#\/schema\/person\/408a7b4d4e32cbebd90e2782852abca3\",\"name\":\"admin\",\"image\":{\"@type\":\"ImageObject\",\"@id\":\"https:\/\/www.radiomanchester.com.br\/fm\/#personlogo\",\"inLanguage\":\"pt-BR\",\"url\":\"https:\/\/secure.gravatar.com\/avatar\/115a974dba3376872eb3addeb276301c?s=96&d=mm&r=g\",\"contentUrl\":\"https:\/\/secure.gravatar.com\/avatar\/115a974dba3376872eb3addeb276301c?s=96&d=mm&r=g\",\"caption\":\"admin\"},\"url\":\"https:\/\/www.radiomanchester.com.br\/fm\/author\/admin\/\"}]}<\/script>\n<!-- \/ Yoast SEO plugin. -->","yoast_head_json":{"title":"PF faz opera\u00e7\u00e3o em 26 estados e mais DF contra abuso sexual infantojuvenil - Manchester FM 93,3","robots":{"index":"index","follow":"follow","max-snippet":"max-snippet:-1","max-image-preview":"max-image-preview:large","max-video-preview":"max-video-preview:-1"},"canonical":"https:\/\/www.radiomanchester.com.br\/fm\/pf-faz-operacao-em-26-estados-e-mais-df-contra-abuso-sexual-infantojuvenil\/","og_locale":"pt_BR","og_type":"article","og_title":"PF faz opera\u00e7\u00e3o em 26 estados e mais DF contra abuso sexual infantojuvenil - Manchester FM 93,3","og_description":"A\u00e7\u00e3o integra investiga\u00e7\u00e3o internacional que ocorre em outros 15 pa\u00edses A Pol\u00edcia Federal (PF) deflagrou nesta ter\u00e7a-feira (28\/04) a Opera\u00e7\u00e3o Nacional Prote\u00e7\u00e3o Integral IV, que tem como objetivo identificar e prender autores de crimes de abuso sexual contra crian\u00e7as e adolescentes. Trata-se de uma a\u00e7\u00e3o que ocorre de forma simult\u00e2nea em pelo menos outros 15 [&hellip;]","og_url":"https:\/\/www.radiomanchester.com.br\/fm\/pf-faz-operacao-em-26-estados-e-mais-df-contra-abuso-sexual-infantojuvenil\/","og_site_name":"Manchester FM 93,3","article_published_time":"2026-04-28T14:34:26+00:00","article_modified_time":"2026-04-28T14:34:30+00:00","twitter_card":"summary_large_image","twitter_misc":{"Escrito por":"admin","Est. tempo de leitura":"3 minutos"},"schema":{"@context":"https:\/\/schema.org","@graph":[{"@type":"WebSite","@id":"https:\/\/www.radiomanchester.com.br\/fm\/#website","url":"https:\/\/www.radiomanchester.com.br\/fm\/","name":"Manchester FM 93,3","description":"Todo Mundo Ouve!","potentialAction":[{"@type":"SearchAction","target":{"@type":"EntryPoint","urlTemplate":"https:\/\/www.radiomanchester.com.br\/fm\/?s={search_term_string}"},"query-input":"required name=search_term_string"}],"inLanguage":"pt-BR"},{"@type":"WebPage","@id":"https:\/\/www.radiomanchester.com.br\/fm\/pf-faz-operacao-em-26-estados-e-mais-df-contra-abuso-sexual-infantojuvenil\/#webpage","url":"https:\/\/www.radiomanchester.com.br\/fm\/pf-faz-operacao-em-26-estados-e-mais-df-contra-abuso-sexual-infantojuvenil\/","name":"PF faz opera\u00e7\u00e3o em 26 estados e mais DF contra abuso sexual infantojuvenil - Manchester FM 93,3","isPartOf":{"@id":"https:\/\/www.radiomanchester.com.br\/fm\/#website"},"datePublished":"2026-04-28T14:34:26+00:00","dateModified":"2026-04-28T14:34:30+00:00","author":{"@id":"https:\/\/www.radiomanchester.com.br\/fm\/#\/schema\/person\/408a7b4d4e32cbebd90e2782852abca3"},"breadcrumb":{"@id":"https:\/\/www.radiomanchester.com.br\/fm\/pf-faz-operacao-em-26-estados-e-mais-df-contra-abuso-sexual-infantojuvenil\/#breadcrumb"},"inLanguage":"pt-BR","potentialAction":[{"@type":"ReadAction","target":["https:\/\/www.radiomanchester.com.br\/fm\/pf-faz-operacao-em-26-estados-e-mais-df-contra-abuso-sexual-infantojuvenil\/"]}]},{"@type":"BreadcrumbList","@id":"https:\/\/www.radiomanchester.com.br\/fm\/pf-faz-operacao-em-26-estados-e-mais-df-contra-abuso-sexual-infantojuvenil\/#breadcrumb","itemListElement":[{"@type":"ListItem","position":1,"name":"Home","item":"https:\/\/www.radiomanchester.com.br\/fm\/"},{"@type":"ListItem","position":2,"name":"PF faz opera\u00e7\u00e3o em 26 estados e mais DF contra abuso sexual infantojuvenil"}]},{"@type":"Person","@id":"https:\/\/www.radiomanchester.com.br\/fm\/#\/schema\/person\/408a7b4d4e32cbebd90e2782852abca3","name":"admin","image":{"@type":"ImageObject","@id":"https:\/\/www.radiomanchester.com.br\/fm\/#personlogo","inLanguage":"pt-BR","url":"https:\/\/secure.gravatar.com\/avatar\/115a974dba3376872eb3addeb276301c?s=96&d=mm&r=g","contentUrl":"https:\/\/secure.gravatar.com\/avatar\/115a974dba3376872eb3addeb276301c?s=96&d=mm&r=g","caption":"admin"},"url":"https:\/\/www.radiomanchester.com.br\/fm\/author\/admin\/"}]}},"_links":{"self":[{"href":"https:\/\/www.radiomanchester.com.br\/fm\/wp-json\/wp\/v2\/posts\/17736"}],"collection":[{"href":"https:\/\/www.radiomanchester.com.br\/fm\/wp-json\/wp\/v2\/posts"}],"about":[{"href":"https:\/\/www.radiomanchester.com.br\/fm\/wp-json\/wp\/v2\/types\/post"}],"author":[{"embeddable":true,"href":"https:\/\/www.radiomanchester.com.br\/fm\/wp-json\/wp\/v2\/users\/1"}],"replies":[{"embeddable":true,"href":"https:\/\/www.radiomanchester.com.br\/fm\/wp-json\/wp\/v2\/comments?post=17736"}],"version-history":[{"count":1,"href":"https:\/\/www.radiomanchester.com.br\/fm\/wp-json\/wp\/v2\/posts\/17736\/revisions"}],"predecessor-version":[{"id":17737,"href":"https:\/\/www.radiomanchester.com.br\/fm\/wp-json\/wp\/v2\/posts\/17736\/revisions\/17737"}],"wp:attachment":[{"href":"https:\/\/www.radiomanchester.com.br\/fm\/wp-json\/wp\/v2\/media?parent=17736"}],"wp:term":[{"taxonomy":"category","embeddable":true,"href":"https:\/\/www.radiomanchester.com.br\/fm\/wp-json\/wp\/v2\/categories?post=17736"},{"taxonomy":"post_tag","embeddable":true,"href":"https:\/\/www.radiomanchester.com.br\/fm\/wp-json\/wp\/v2\/tags?post=17736"}],"curies":[{"name":"wp","href":"https:\/\/api.w.org\/{rel}","templated":true}]}}