{"id":17738,"date":"2026-04-29T07:00:00","date_gmt":"2026-04-29T10:00:00","guid":{"rendered":"https:\/\/www.radiomanchester.com.br\/fm\/?p=17738"},"modified":"2026-04-28T21:34:59","modified_gmt":"2026-04-29T00:34:59","slug":"museu-historico-de-anapolis-sera-reinaugurado-apos-revitalizacao","status":"publish","type":"post","link":"https:\/\/www.radiomanchester.com.br\/fm\/museu-historico-de-anapolis-sera-reinaugurado-apos-revitalizacao\/","title":{"rendered":"Museu Hist\u00f3rico de An\u00e1polis ser\u00e1 reinaugurado ap\u00f3s revitaliza\u00e7\u00e3o"},"content":{"rendered":"\n<p><\/p>\n\n\n\n<p>A Prefeitura de An\u00e1polis realiza, no dia 30 de abril, \u00e0s 19h30, a reinaugura\u00e7\u00e3o do Museu Hist\u00f3rico Alderico Borges de Carvalho, um dos principais espa\u00e7os de preserva\u00e7\u00e3o da mem\u00f3ria e da hist\u00f3ria do munic\u00edpio, que passa a ser reaberto ao p\u00fablico ap\u00f3s processo de revitaliza\u00e7\u00e3o.<\/p>\n\n\n\n<p>Localizado na Rua Coronel Batista, n\u00ba 323, no Setor Central, o museu passou por melhorias na estrutura f\u00edsica, reorganiza\u00e7\u00e3o do acervo e adequa\u00e7\u00f5es que garantem mais qualidade, acessibilidade e conforto aos visitantes.<\/p>\n\n\n\n<p>Os trabalhos de restauro foram realizados pelo Instituto Hist\u00f3rico e Cultural Jan Magalisnki, com financiamento da Pol\u00edtica Nacional Aldir Blanc de Fomento \u00e0 Cultura, por meio de edital lan\u00e7ado pela Prefeitura de An\u00e1polis, refor\u00e7ando o investimento em pol\u00edticas p\u00fablicas voltadas \u00e0 cultura e \u00e0 valoriza\u00e7\u00e3o do patrim\u00f4nio hist\u00f3rico.<\/p>\n\n\n\n<p>O espa\u00e7o re\u00fane documentos, fotografias e objetos que retratam diferentes per\u00edodos da forma\u00e7\u00e3o de An\u00e1polis, constituindo-se como um importante instrumento de educa\u00e7\u00e3o patrimonial e de acesso \u00e0 hist\u00f3ria da cidade.<\/p>\n\n\n\n<p>Com a reabertura, o museu volta a receber visitantes, estudantes e pesquisadores, al\u00e9m de sediar exposi\u00e7\u00f5es e atividades educativas. A proposta \u00e9 fortalecer o v\u00ednculo da popula\u00e7\u00e3o com sua pr\u00f3pria hist\u00f3ria e ampliar o acesso aos bens culturais do munic\u00edpio.<\/p>\n\n\n\n<p>Para informa\u00e7\u00f5es e agendamentos de escolas e institui\u00e7\u00f5es para visita\u00e7\u00e3o, os interessados podem entrar em contato pelo telefone (62) 2604-0590.<\/p>\n","protected":false},"excerpt":{"rendered":"<p class=\"excerpt\">A Prefeitura de An\u00e1polis realiza, no dia 30 de abril, \u00e0s 19h30, a reinaugura\u00e7\u00e3o do Museu Hist\u00f3rico Alderico Borges de Carvalho, um dos principais espa\u00e7os de preserva\u00e7\u00e3o da mem\u00f3ria e da hist\u00f3ria do munic\u00edpio, que passa a ser reaberto ao p\u00fablico ap\u00f3s processo de revitaliza\u00e7\u00e3o. Localizado na Rua Coronel Batista, n\u00ba 323, no Setor Central, [&hellip;]<\/p>\n","protected":false},"author":1,"featured_media":0,"comment_status":"open","ping_status":"open","sticky":false,"template":"","format":"standard","meta":[],"categories":[8,17],"tags":[22,24,113,83,129,92],"yoast_head":"<!-- This site is optimized with the Yoast SEO plugin v18.3 - https:\/\/yoast.com\/wordpress\/plugins\/seo\/ -->\n<title>Museu Hist\u00f3rico de An\u00e1polis ser\u00e1 reinaugurado ap\u00f3s revitaliza\u00e7\u00e3o - Manchester FM 93,3<\/title>\n<meta name=\"robots\" content=\"index, follow, max-snippet:-1, max-image-preview:large, max-video-preview:-1\" \/>\n<link rel=\"canonical\" href=\"https:\/\/www.radiomanchester.com.br\/fm\/museu-historico-de-anapolis-sera-reinaugurado-apos-revitalizacao\/\" \/>\n<meta property=\"og:locale\" content=\"pt_BR\" \/>\n<meta property=\"og:type\" content=\"article\" \/>\n<meta property=\"og:title\" content=\"Museu Hist\u00f3rico de An\u00e1polis ser\u00e1 reinaugurado ap\u00f3s revitaliza\u00e7\u00e3o - Manchester FM 93,3\" \/>\n<meta property=\"og:description\" content=\"A Prefeitura de An\u00e1polis realiza, no dia 30 de abril, \u00e0s 19h30, a reinaugura\u00e7\u00e3o do Museu Hist\u00f3rico Alderico Borges de Carvalho, um dos principais espa\u00e7os de preserva\u00e7\u00e3o da mem\u00f3ria e da hist\u00f3ria do munic\u00edpio, que passa a ser reaberto ao p\u00fablico ap\u00f3s processo de revitaliza\u00e7\u00e3o. Localizado na Rua Coronel Batista, n\u00ba 323, no Setor Central, [&hellip;]\" \/>\n<meta property=\"og:url\" content=\"https:\/\/www.radiomanchester.com.br\/fm\/museu-historico-de-anapolis-sera-reinaugurado-apos-revitalizacao\/\" \/>\n<meta property=\"og:site_name\" content=\"Manchester FM 93,3\" \/>\n<meta property=\"article:published_time\" content=\"2026-04-29T10:00:00+00:00\" \/>\n<meta property=\"article:modified_time\" content=\"2026-04-29T00:34:59+00:00\" \/>\n<meta name=\"twitter:card\" content=\"summary_large_image\" \/>\n<meta name=\"twitter:label1\" content=\"Escrito por\" \/>\n\t<meta name=\"twitter:data1\" content=\"admin\" \/>\n\t<meta name=\"twitter:label2\" content=\"Est. tempo de leitura\" \/>\n\t<meta name=\"twitter:data2\" content=\"2 minutos\" \/>\n<script type=\"application\/ld+json\" class=\"yoast-schema-graph\">{\"@context\":\"https:\/\/schema.org\",\"@graph\":[{\"@type\":\"WebSite\",\"@id\":\"https:\/\/www.radiomanchester.com.br\/fm\/#website\",\"url\":\"https:\/\/www.radiomanchester.com.br\/fm\/\",\"name\":\"Manchester FM 93,3\",\"description\":\"Todo Mundo Ouve!\",\"potentialAction\":[{\"@type\":\"SearchAction\",\"target\":{\"@type\":\"EntryPoint\",\"urlTemplate\":\"https:\/\/www.radiomanchester.com.br\/fm\/?s={search_term_string}\"},\"query-input\":\"required name=search_term_string\"}],\"inLanguage\":\"pt-BR\"},{\"@type\":\"WebPage\",\"@id\":\"https:\/\/www.radiomanchester.com.br\/fm\/museu-historico-de-anapolis-sera-reinaugurado-apos-revitalizacao\/#webpage\",\"url\":\"https:\/\/www.radiomanchester.com.br\/fm\/museu-historico-de-anapolis-sera-reinaugurado-apos-revitalizacao\/\",\"name\":\"Museu Hist\u00f3rico de An\u00e1polis ser\u00e1 reinaugurado ap\u00f3s revitaliza\u00e7\u00e3o - Manchester FM 93,3\",\"isPartOf\":{\"@id\":\"https:\/\/www.radiomanchester.com.br\/fm\/#website\"},\"datePublished\":\"2026-04-29T10:00:00+00:00\",\"dateModified\":\"2026-04-29T00:34:59+00:00\",\"author\":{\"@id\":\"https:\/\/www.radiomanchester.com.br\/fm\/#\/schema\/person\/408a7b4d4e32cbebd90e2782852abca3\"},\"breadcrumb\":{\"@id\":\"https:\/\/www.radiomanchester.com.br\/fm\/museu-historico-de-anapolis-sera-reinaugurado-apos-revitalizacao\/#breadcrumb\"},\"inLanguage\":\"pt-BR\",\"potentialAction\":[{\"@type\":\"ReadAction\",\"target\":[\"https:\/\/www.radiomanchester.com.br\/fm\/museu-historico-de-anapolis-sera-reinaugurado-apos-revitalizacao\/\"]}]},{\"@type\":\"BreadcrumbList\",\"@id\":\"https:\/\/www.radiomanchester.com.br\/fm\/museu-historico-de-anapolis-sera-reinaugurado-apos-revitalizacao\/#breadcrumb\",\"itemListElement\":[{\"@type\":\"ListItem\",\"position\":1,\"name\":\"Home\",\"item\":\"https:\/\/www.radiomanchester.com.br\/fm\/\"},{\"@type\":\"ListItem\",\"position\":2,\"name\":\"Museu Hist\u00f3rico de An\u00e1polis ser\u00e1 reinaugurado ap\u00f3s revitaliza\u00e7\u00e3o\"}]},{\"@type\":\"Person\",\"@id\":\"https:\/\/www.radiomanchester.com.br\/fm\/#\/schema\/person\/408a7b4d4e32cbebd90e2782852abca3\",\"name\":\"admin\",\"image\":{\"@type\":\"ImageObject\",\"@id\":\"https:\/\/www.radiomanchester.com.br\/fm\/#personlogo\",\"inLanguage\":\"pt-BR\",\"url\":\"https:\/\/secure.gravatar.com\/avatar\/115a974dba3376872eb3addeb276301c?s=96&d=mm&r=g\",\"contentUrl\":\"https:\/\/secure.gravatar.com\/avatar\/115a974dba3376872eb3addeb276301c?s=96&d=mm&r=g\",\"caption\":\"admin\"},\"url\":\"https:\/\/www.radiomanchester.com.br\/fm\/author\/admin\/\"}]}<\/script>\n<!-- \/ Yoast SEO plugin. -->","yoast_head_json":{"title":"Museu Hist\u00f3rico de An\u00e1polis ser\u00e1 reinaugurado ap\u00f3s revitaliza\u00e7\u00e3o - Manchester FM 93,3","robots":{"index":"index","follow":"follow","max-snippet":"max-snippet:-1","max-image-preview":"max-image-preview:large","max-video-preview":"max-video-preview:-1"},"canonical":"https:\/\/www.radiomanchester.com.br\/fm\/museu-historico-de-anapolis-sera-reinaugurado-apos-revitalizacao\/","og_locale":"pt_BR","og_type":"article","og_title":"Museu Hist\u00f3rico de An\u00e1polis ser\u00e1 reinaugurado ap\u00f3s revitaliza\u00e7\u00e3o - Manchester FM 93,3","og_description":"A Prefeitura de An\u00e1polis realiza, no dia 30 de abril, \u00e0s 19h30, a reinaugura\u00e7\u00e3o do Museu Hist\u00f3rico Alderico Borges de Carvalho, um dos principais espa\u00e7os de preserva\u00e7\u00e3o da mem\u00f3ria e da hist\u00f3ria do munic\u00edpio, que passa a ser reaberto ao p\u00fablico ap\u00f3s processo de revitaliza\u00e7\u00e3o. Localizado na Rua Coronel Batista, n\u00ba 323, no Setor Central, [&hellip;]","og_url":"https:\/\/www.radiomanchester.com.br\/fm\/museu-historico-de-anapolis-sera-reinaugurado-apos-revitalizacao\/","og_site_name":"Manchester FM 93,3","article_published_time":"2026-04-29T10:00:00+00:00","article_modified_time":"2026-04-29T00:34:59+00:00","twitter_card":"summary_large_image","twitter_misc":{"Escrito por":"admin","Est. tempo de leitura":"2 minutos"},"schema":{"@context":"https:\/\/schema.org","@graph":[{"@type":"WebSite","@id":"https:\/\/www.radiomanchester.com.br\/fm\/#website","url":"https:\/\/www.radiomanchester.com.br\/fm\/","name":"Manchester FM 93,3","description":"Todo Mundo Ouve!","potentialAction":[{"@type":"SearchAction","target":{"@type":"EntryPoint","urlTemplate":"https:\/\/www.radiomanchester.com.br\/fm\/?s={search_term_string}"},"query-input":"required name=search_term_string"}],"inLanguage":"pt-BR"},{"@type":"WebPage","@id":"https:\/\/www.radiomanchester.com.br\/fm\/museu-historico-de-anapolis-sera-reinaugurado-apos-revitalizacao\/#webpage","url":"https:\/\/www.radiomanchester.com.br\/fm\/museu-historico-de-anapolis-sera-reinaugurado-apos-revitalizacao\/","name":"Museu Hist\u00f3rico de An\u00e1polis ser\u00e1 reinaugurado ap\u00f3s revitaliza\u00e7\u00e3o - Manchester FM 93,3","isPartOf":{"@id":"https:\/\/www.radiomanchester.com.br\/fm\/#website"},"datePublished":"2026-04-29T10:00:00+00:00","dateModified":"2026-04-29T00:34:59+00:00","author":{"@id":"https:\/\/www.radiomanchester.com.br\/fm\/#\/schema\/person\/408a7b4d4e32cbebd90e2782852abca3"},"breadcrumb":{"@id":"https:\/\/www.radiomanchester.com.br\/fm\/museu-historico-de-anapolis-sera-reinaugurado-apos-revitalizacao\/#breadcrumb"},"inLanguage":"pt-BR","potentialAction":[{"@type":"ReadAction","target":["https:\/\/www.radiomanchester.com.br\/fm\/museu-historico-de-anapolis-sera-reinaugurado-apos-revitalizacao\/"]}]},{"@type":"BreadcrumbList","@id":"https:\/\/www.radiomanchester.com.br\/fm\/museu-historico-de-anapolis-sera-reinaugurado-apos-revitalizacao\/#breadcrumb","itemListElement":[{"@type":"ListItem","position":1,"name":"Home","item":"https:\/\/www.radiomanchester.com.br\/fm\/"},{"@type":"ListItem","position":2,"name":"Museu Hist\u00f3rico de An\u00e1polis ser\u00e1 reinaugurado ap\u00f3s revitaliza\u00e7\u00e3o"}]},{"@type":"Person","@id":"https:\/\/www.radiomanchester.com.br\/fm\/#\/schema\/person\/408a7b4d4e32cbebd90e2782852abca3","name":"admin","image":{"@type":"ImageObject","@id":"https:\/\/www.radiomanchester.com.br\/fm\/#personlogo","inLanguage":"pt-BR","url":"https:\/\/secure.gravatar.com\/avatar\/115a974dba3376872eb3addeb276301c?s=96&d=mm&r=g","contentUrl":"https:\/\/secure.gravatar.com\/avatar\/115a974dba3376872eb3addeb276301c?s=96&d=mm&r=g","caption":"admin"},"url":"https:\/\/www.radiomanchester.com.br\/fm\/author\/admin\/"}]}},"_links":{"self":[{"href":"https:\/\/www.radiomanchester.com.br\/fm\/wp-json\/wp\/v2\/posts\/17738"}],"collection":[{"href":"https:\/\/www.radiomanchester.com.br\/fm\/wp-json\/wp\/v2\/posts"}],"about":[{"href":"https:\/\/www.radiomanchester.com.br\/fm\/wp-json\/wp\/v2\/types\/post"}],"author":[{"embeddable":true,"href":"https:\/\/www.radiomanchester.com.br\/fm\/wp-json\/wp\/v2\/users\/1"}],"replies":[{"embeddable":true,"href":"https:\/\/www.radiomanchester.com.br\/fm\/wp-json\/wp\/v2\/comments?post=17738"}],"version-history":[{"count":1,"href":"https:\/\/www.radiomanchester.com.br\/fm\/wp-json\/wp\/v2\/posts\/17738\/revisions"}],"predecessor-version":[{"id":17739,"href":"https:\/\/www.radiomanchester.com.br\/fm\/wp-json\/wp\/v2\/posts\/17738\/revisions\/17739"}],"wp:attachment":[{"href":"https:\/\/www.radiomanchester.com.br\/fm\/wp-json\/wp\/v2\/media?parent=17738"}],"wp:term":[{"taxonomy":"category","embeddable":true,"href":"https:\/\/www.radiomanchester.com.br\/fm\/wp-json\/wp\/v2\/categories?post=17738"},{"taxonomy":"post_tag","embeddable":true,"href":"https:\/\/www.radiomanchester.com.br\/fm\/wp-json\/wp\/v2\/tags?post=17738"}],"curies":[{"name":"wp","href":"https:\/\/api.w.org\/{rel}","templated":true}]}}