{"id":17740,"date":"2026-04-29T20:08:07","date_gmt":"2026-04-29T23:08:07","guid":{"rendered":"https:\/\/www.radiomanchester.com.br\/fm\/?p=17740"},"modified":"2026-04-29T20:31:06","modified_gmt":"2026-04-29T23:31:06","slug":"dede-santana-celebra-90-anos-em-sessao-especial-do-reder-circus-em-anapolis","status":"publish","type":"post","link":"https:\/\/www.radiomanchester.com.br\/fm\/dede-santana-celebra-90-anos-em-sessao-especial-do-reder-circus-em-anapolis\/","title":{"rendered":"Ded\u00e9 Santana celebra 90 anos em sess\u00e3o especial do Reder Circus em An\u00e1polis"},"content":{"rendered":"\n<p><\/p>\n\n\n\n<p><em><strong>Eterno Trapalh\u00e3o ser\u00e1 homenageado com espet\u00e1culo exclusivo que re\u00fane emo\u00e7\u00e3o, depoimentos e grande produ\u00e7\u00e3o circense<\/strong><\/em><\/p>\n\n\n\n<hr class=\"wp-block-separator\"\/>\n\n\n\n<p>O humorista e ator Ded\u00e9 Santana completa 90 anos nesta semana e ser\u00e1 homenageado em grande estilo pelo Reder Circus, que realiza uma sess\u00e3o especial nesta quinta-feira (30), \u00e0s 20h, em An\u00e1polis. A apresenta\u00e7\u00e3o integra a temporada do espet\u00e1culo \u201cAbracadabra\u201d e promete uma noite marcada por emo\u00e7\u00e3o, celebra\u00e7\u00e3o e reconhecimento \u00e0 trajet\u00f3ria de um dos maiores nomes da com\u00e9dia brasileira. Os ingressos t\u00eam valores a partir de R$ 15.<\/p>\n\n\n\n<p>A homenagem inclui momentos especiais com depoimentos de artistas e convidados, al\u00e9m de interven\u00e7\u00f5es ao longo do espet\u00e1culo que destacam a import\u00e2ncia de Ded\u00e9 Santana para a cultura popular do pa\u00eds. A iniciativa refor\u00e7a o papel do circo como espa\u00e7o de mem\u00f3ria e celebra\u00e7\u00e3o das grandes figuras do entretenimento nacional.<\/p>\n\n\n\n<p><br>Ap\u00f3s uma temporada de destaque em Goi\u00e2nia, o Reder Circus segue em cartaz em An\u00e1polis com o espet\u00e1culo \u201cAbracadabra\u201d, apresentado de quinta a domingo. A produ\u00e7\u00e3o \u00e9 considerada uma das mais premiadas do pa\u00eds e chega pela primeira vez \u00e0 cidade, oferecendo ao p\u00fablico uma experi\u00eancia imersiva que combina magia, m\u00fasica e efeitos visuais em uma curta temporada de apenas um m\u00eas.<\/p>\n\n\n\n<p>Sob a dire\u00e7\u00e3o de Frederico Reder, o circo se diferencia por ser o \u00fanico no Brasil a contar com orquestra ao vivo, elemento que eleva o padr\u00e3o art\u00edstico das apresenta\u00e7\u00f5es e intensifica a experi\u00eancia sensorial do p\u00fablico. O reconhecimento inclui pr\u00eamios importantes do setor, consolidando o espet\u00e1culo como refer\u00eancia no cen\u00e1rio circense contempor\u00e2neo.<\/p>\n\n\n\n<p><br>O elenco re\u00fane nomes de grande proje\u00e7\u00e3o, como o pr\u00f3prio Ded\u00e9 Santana e o ginasta ol\u00edmpico Diego Hyp\u00f3lito, que agregam carisma e versatilidade ao espet\u00e1culo. A presen\u00e7a de artistas consagrados amplia o alcance da produ\u00e7\u00e3o e contribui para a conex\u00e3o com diferentes gera\u00e7\u00f5es.<\/p>\n\n\n\n<p>A passagem por An\u00e1polis marca mais um cap\u00edtulo na trajet\u00f3ria bem-sucedida de \u201cAbracadabra\u201d, que j\u00e1 percorreu diversas cidades brasileiras conquistando p\u00fablico e cr\u00edtica. Com tempo limitado, a temporada representa uma oportunidade rara para o p\u00fablico local assistir a um dos maiores espet\u00e1culos circenses em atividade no pa\u00eds.<\/p>\n\n\n\n<p><strong>Uma trajet\u00f3ria marcada pelo riso<br><\/strong>Oriundo de uma tradicional fam\u00edlia circense, Ded\u00e9 Santana iniciou a carreira ainda na inf\u00e2ncia, desenvolvendo habilidades que v\u00e3o da acrobacia ao improviso. Sua forma\u00e7\u00e3o no picadeiro foi fundamental para a constru\u00e7\u00e3o de uma carreira s\u00f3lida no cinema e na televis\u00e3o, onde tamb\u00e9m atuou nos bastidores como roteirista e diretor.<\/p>\n\n\n\n<p><br>Ao lado de Renato Arag\u00e3o, formou a ic\u00f4nica dupla Didi &amp; Ded\u00e9, embri\u00e3o do grupo Os Trapalh\u00f5es, que tamb\u00e9m contou com Mussum e Zacarias. O quarteto alcan\u00e7ou enorme sucesso na televis\u00e3o, especialmente na Rede Globo, onde permaneceu por d\u00e9cadas liderando \u00edndices de audi\u00eancia.<\/p>\n\n\n\n<p>No cinema, Ded\u00e9 participou de produ\u00e7\u00f5es que figuram entre as maiores bilheterias da hist\u00f3ria do Brasil, como A Filha dos Trapalh\u00f5es e Os Trapalh\u00f5es no Reino da Fantasia, consolidando sua relev\u00e2ncia tamb\u00e9m nas telonas. Sua versatilidade art\u00edstica e contribui\u00e7\u00e3o para o humor nacional o colocam como uma das figuras mais importantes da cultura brasileira.<br>Aos 90 anos, Ded\u00e9 Santana segue em atividade e sendo celebrado por gera\u00e7\u00f5es que cresceram com seu trabalho \u2014 agora, com uma homenagem \u00e0 altura de sua hist\u00f3ria no picadeiro.<\/p>\n\n\n\n<p><strong>Servi\u00e7o<br><em>Espet\u00e1culo: Reder Circus \u2013 \u201cAbracadabra\u201d<br><\/em><\/strong>Local: Reder Circus<br>Endere\u00e7o: Av. Brasil Sul, 384 \u2013 Setor Central , An\u00e1polis (GO) \u2013 CEP 75080-240<\/p>\n\n\n\n<p>Promo\u00e7\u00e3o solid\u00e1ria: Doa\u00e7\u00e3o de 1 kg de alimento n\u00e3o perec\u00edvel garante 50% de desconto sobre o valor do ingresso inteiro<\/p>\n\n\n\n<p><strong><em>Temporada: Curt\u00edssima, com dura\u00e7\u00e3o de um m\u00eas<br><\/em>Sess\u00f5es:<br><\/strong>Quintas e sextas, \u00e0s 20h<br>S\u00e1bados, \u00e0s 17h e 20h<br>Domingos, \u00e0s 16:30 e 19:30<\/p>\n\n\n\n<p><strong>Valores:<br><\/strong>Bronze: R$ 15 (meia) \/ R$ 30 (inteira)<br>Bronze VIP: R$ 20 (meia) \/ R$ 40 (inteira)<br>Prata: R$ 25 (meia) \/ R$ 50 (inteira)<br>Ouro: R$ 30 (meia) \/ R$ 60 (inteira)<br>Ouro VIP: R$ 40 (meia) \/ R$ 80 (inteira)<br>Diamante: R$ 50 (meia) \/ R$ 100 (inteira)<\/p>\n\n\n\n<p>Ingressos dispon\u00edveis em <a href=\"http:\/\/uhuu.com\">uhuu.com<\/a><\/p>\n","protected":false},"excerpt":{"rendered":"<p class=\"excerpt\">Eterno Trapalh\u00e3o ser\u00e1 homenageado com espet\u00e1culo exclusivo que re\u00fane emo\u00e7\u00e3o, depoimentos e grande produ\u00e7\u00e3o circense O humorista e ator Ded\u00e9 Santana completa 90 anos nesta semana e ser\u00e1 homenageado em grande estilo pelo Reder Circus, que realiza uma sess\u00e3o especial nesta quinta-feira (30), \u00e0s 20h, em An\u00e1polis. A apresenta\u00e7\u00e3o integra a temporada do espet\u00e1culo \u201cAbracadabra\u201d [&hellip;]<\/p>\n","protected":false},"author":1,"featured_media":0,"comment_status":"open","ping_status":"open","sticky":false,"template":"","format":"standard","meta":[],"categories":[8,17],"tags":[22,137,24,113,83,92],"yoast_head":"<!-- This site is optimized with the Yoast SEO plugin v18.3 - https:\/\/yoast.com\/wordpress\/plugins\/seo\/ -->\n<title>Ded\u00e9 Santana celebra 90 anos em sess\u00e3o especial do Reder Circus em An\u00e1polis - Manchester FM 93,3<\/title>\n<meta name=\"robots\" content=\"index, follow, max-snippet:-1, max-image-preview:large, max-video-preview:-1\" \/>\n<link rel=\"canonical\" href=\"https:\/\/www.radiomanchester.com.br\/fm\/dede-santana-celebra-90-anos-em-sessao-especial-do-reder-circus-em-anapolis\/\" \/>\n<meta property=\"og:locale\" content=\"pt_BR\" \/>\n<meta property=\"og:type\" content=\"article\" \/>\n<meta property=\"og:title\" content=\"Ded\u00e9 Santana celebra 90 anos em sess\u00e3o especial do Reder Circus em An\u00e1polis - Manchester FM 93,3\" \/>\n<meta property=\"og:description\" content=\"Eterno Trapalh\u00e3o ser\u00e1 homenageado com espet\u00e1culo exclusivo que re\u00fane emo\u00e7\u00e3o, depoimentos e grande produ\u00e7\u00e3o circense O humorista e ator Ded\u00e9 Santana completa 90 anos nesta semana e ser\u00e1 homenageado em grande estilo pelo Reder Circus, que realiza uma sess\u00e3o especial nesta quinta-feira (30), \u00e0s 20h, em An\u00e1polis. A apresenta\u00e7\u00e3o integra a temporada do espet\u00e1culo \u201cAbracadabra\u201d [&hellip;]\" \/>\n<meta property=\"og:url\" content=\"https:\/\/www.radiomanchester.com.br\/fm\/dede-santana-celebra-90-anos-em-sessao-especial-do-reder-circus-em-anapolis\/\" \/>\n<meta property=\"og:site_name\" content=\"Manchester FM 93,3\" \/>\n<meta property=\"article:published_time\" content=\"2026-04-29T23:08:07+00:00\" \/>\n<meta property=\"article:modified_time\" content=\"2026-04-29T23:31:06+00:00\" \/>\n<meta name=\"twitter:card\" content=\"summary_large_image\" \/>\n<meta name=\"twitter:label1\" content=\"Escrito por\" \/>\n\t<meta name=\"twitter:data1\" content=\"admin\" \/>\n\t<meta name=\"twitter:label2\" content=\"Est. tempo de leitura\" \/>\n\t<meta name=\"twitter:data2\" content=\"4 minutos\" \/>\n<script type=\"application\/ld+json\" class=\"yoast-schema-graph\">{\"@context\":\"https:\/\/schema.org\",\"@graph\":[{\"@type\":\"WebSite\",\"@id\":\"https:\/\/www.radiomanchester.com.br\/fm\/#website\",\"url\":\"https:\/\/www.radiomanchester.com.br\/fm\/\",\"name\":\"Manchester FM 93,3\",\"description\":\"Todo Mundo Ouve!\",\"potentialAction\":[{\"@type\":\"SearchAction\",\"target\":{\"@type\":\"EntryPoint\",\"urlTemplate\":\"https:\/\/www.radiomanchester.com.br\/fm\/?s={search_term_string}\"},\"query-input\":\"required name=search_term_string\"}],\"inLanguage\":\"pt-BR\"},{\"@type\":\"WebPage\",\"@id\":\"https:\/\/www.radiomanchester.com.br\/fm\/dede-santana-celebra-90-anos-em-sessao-especial-do-reder-circus-em-anapolis\/#webpage\",\"url\":\"https:\/\/www.radiomanchester.com.br\/fm\/dede-santana-celebra-90-anos-em-sessao-especial-do-reder-circus-em-anapolis\/\",\"name\":\"Ded\u00e9 Santana celebra 90 anos em sess\u00e3o especial do Reder Circus em An\u00e1polis - Manchester FM 93,3\",\"isPartOf\":{\"@id\":\"https:\/\/www.radiomanchester.com.br\/fm\/#website\"},\"datePublished\":\"2026-04-29T23:08:07+00:00\",\"dateModified\":\"2026-04-29T23:31:06+00:00\",\"author\":{\"@id\":\"https:\/\/www.radiomanchester.com.br\/fm\/#\/schema\/person\/408a7b4d4e32cbebd90e2782852abca3\"},\"breadcrumb\":{\"@id\":\"https:\/\/www.radiomanchester.com.br\/fm\/dede-santana-celebra-90-anos-em-sessao-especial-do-reder-circus-em-anapolis\/#breadcrumb\"},\"inLanguage\":\"pt-BR\",\"potentialAction\":[{\"@type\":\"ReadAction\",\"target\":[\"https:\/\/www.radiomanchester.com.br\/fm\/dede-santana-celebra-90-anos-em-sessao-especial-do-reder-circus-em-anapolis\/\"]}]},{\"@type\":\"BreadcrumbList\",\"@id\":\"https:\/\/www.radiomanchester.com.br\/fm\/dede-santana-celebra-90-anos-em-sessao-especial-do-reder-circus-em-anapolis\/#breadcrumb\",\"itemListElement\":[{\"@type\":\"ListItem\",\"position\":1,\"name\":\"Home\",\"item\":\"https:\/\/www.radiomanchester.com.br\/fm\/\"},{\"@type\":\"ListItem\",\"position\":2,\"name\":\"Ded\u00e9 Santana celebra 90 anos em sess\u00e3o especial do Reder Circus em An\u00e1polis\"}]},{\"@type\":\"Person\",\"@id\":\"https:\/\/www.radiomanchester.com.br\/fm\/#\/schema\/person\/408a7b4d4e32cbebd90e2782852abca3\",\"name\":\"admin\",\"image\":{\"@type\":\"ImageObject\",\"@id\":\"https:\/\/www.radiomanchester.com.br\/fm\/#personlogo\",\"inLanguage\":\"pt-BR\",\"url\":\"https:\/\/secure.gravatar.com\/avatar\/115a974dba3376872eb3addeb276301c?s=96&d=mm&r=g\",\"contentUrl\":\"https:\/\/secure.gravatar.com\/avatar\/115a974dba3376872eb3addeb276301c?s=96&d=mm&r=g\",\"caption\":\"admin\"},\"url\":\"https:\/\/www.radiomanchester.com.br\/fm\/author\/admin\/\"}]}<\/script>\n<!-- \/ Yoast SEO plugin. -->","yoast_head_json":{"title":"Ded\u00e9 Santana celebra 90 anos em sess\u00e3o especial do Reder Circus em An\u00e1polis - Manchester FM 93,3","robots":{"index":"index","follow":"follow","max-snippet":"max-snippet:-1","max-image-preview":"max-image-preview:large","max-video-preview":"max-video-preview:-1"},"canonical":"https:\/\/www.radiomanchester.com.br\/fm\/dede-santana-celebra-90-anos-em-sessao-especial-do-reder-circus-em-anapolis\/","og_locale":"pt_BR","og_type":"article","og_title":"Ded\u00e9 Santana celebra 90 anos em sess\u00e3o especial do Reder Circus em An\u00e1polis - Manchester FM 93,3","og_description":"Eterno Trapalh\u00e3o ser\u00e1 homenageado com espet\u00e1culo exclusivo que re\u00fane emo\u00e7\u00e3o, depoimentos e grande produ\u00e7\u00e3o circense O humorista e ator Ded\u00e9 Santana completa 90 anos nesta semana e ser\u00e1 homenageado em grande estilo pelo Reder Circus, que realiza uma sess\u00e3o especial nesta quinta-feira (30), \u00e0s 20h, em An\u00e1polis. A apresenta\u00e7\u00e3o integra a temporada do espet\u00e1culo \u201cAbracadabra\u201d [&hellip;]","og_url":"https:\/\/www.radiomanchester.com.br\/fm\/dede-santana-celebra-90-anos-em-sessao-especial-do-reder-circus-em-anapolis\/","og_site_name":"Manchester FM 93,3","article_published_time":"2026-04-29T23:08:07+00:00","article_modified_time":"2026-04-29T23:31:06+00:00","twitter_card":"summary_large_image","twitter_misc":{"Escrito por":"admin","Est. tempo de leitura":"4 minutos"},"schema":{"@context":"https:\/\/schema.org","@graph":[{"@type":"WebSite","@id":"https:\/\/www.radiomanchester.com.br\/fm\/#website","url":"https:\/\/www.radiomanchester.com.br\/fm\/","name":"Manchester FM 93,3","description":"Todo Mundo Ouve!","potentialAction":[{"@type":"SearchAction","target":{"@type":"EntryPoint","urlTemplate":"https:\/\/www.radiomanchester.com.br\/fm\/?s={search_term_string}"},"query-input":"required name=search_term_string"}],"inLanguage":"pt-BR"},{"@type":"WebPage","@id":"https:\/\/www.radiomanchester.com.br\/fm\/dede-santana-celebra-90-anos-em-sessao-especial-do-reder-circus-em-anapolis\/#webpage","url":"https:\/\/www.radiomanchester.com.br\/fm\/dede-santana-celebra-90-anos-em-sessao-especial-do-reder-circus-em-anapolis\/","name":"Ded\u00e9 Santana celebra 90 anos em sess\u00e3o especial do Reder Circus em An\u00e1polis - Manchester FM 93,3","isPartOf":{"@id":"https:\/\/www.radiomanchester.com.br\/fm\/#website"},"datePublished":"2026-04-29T23:08:07+00:00","dateModified":"2026-04-29T23:31:06+00:00","author":{"@id":"https:\/\/www.radiomanchester.com.br\/fm\/#\/schema\/person\/408a7b4d4e32cbebd90e2782852abca3"},"breadcrumb":{"@id":"https:\/\/www.radiomanchester.com.br\/fm\/dede-santana-celebra-90-anos-em-sessao-especial-do-reder-circus-em-anapolis\/#breadcrumb"},"inLanguage":"pt-BR","potentialAction":[{"@type":"ReadAction","target":["https:\/\/www.radiomanchester.com.br\/fm\/dede-santana-celebra-90-anos-em-sessao-especial-do-reder-circus-em-anapolis\/"]}]},{"@type":"BreadcrumbList","@id":"https:\/\/www.radiomanchester.com.br\/fm\/dede-santana-celebra-90-anos-em-sessao-especial-do-reder-circus-em-anapolis\/#breadcrumb","itemListElement":[{"@type":"ListItem","position":1,"name":"Home","item":"https:\/\/www.radiomanchester.com.br\/fm\/"},{"@type":"ListItem","position":2,"name":"Ded\u00e9 Santana celebra 90 anos em sess\u00e3o especial do Reder Circus em An\u00e1polis"}]},{"@type":"Person","@id":"https:\/\/www.radiomanchester.com.br\/fm\/#\/schema\/person\/408a7b4d4e32cbebd90e2782852abca3","name":"admin","image":{"@type":"ImageObject","@id":"https:\/\/www.radiomanchester.com.br\/fm\/#personlogo","inLanguage":"pt-BR","url":"https:\/\/secure.gravatar.com\/avatar\/115a974dba3376872eb3addeb276301c?s=96&d=mm&r=g","contentUrl":"https:\/\/secure.gravatar.com\/avatar\/115a974dba3376872eb3addeb276301c?s=96&d=mm&r=g","caption":"admin"},"url":"https:\/\/www.radiomanchester.com.br\/fm\/author\/admin\/"}]}},"_links":{"self":[{"href":"https:\/\/www.radiomanchester.com.br\/fm\/wp-json\/wp\/v2\/posts\/17740"}],"collection":[{"href":"https:\/\/www.radiomanchester.com.br\/fm\/wp-json\/wp\/v2\/posts"}],"about":[{"href":"https:\/\/www.radiomanchester.com.br\/fm\/wp-json\/wp\/v2\/types\/post"}],"author":[{"embeddable":true,"href":"https:\/\/www.radiomanchester.com.br\/fm\/wp-json\/wp\/v2\/users\/1"}],"replies":[{"embeddable":true,"href":"https:\/\/www.radiomanchester.com.br\/fm\/wp-json\/wp\/v2\/comments?post=17740"}],"version-history":[{"count":2,"href":"https:\/\/www.radiomanchester.com.br\/fm\/wp-json\/wp\/v2\/posts\/17740\/revisions"}],"predecessor-version":[{"id":17742,"href":"https:\/\/www.radiomanchester.com.br\/fm\/wp-json\/wp\/v2\/posts\/17740\/revisions\/17742"}],"wp:attachment":[{"href":"https:\/\/www.radiomanchester.com.br\/fm\/wp-json\/wp\/v2\/media?parent=17740"}],"wp:term":[{"taxonomy":"category","embeddable":true,"href":"https:\/\/www.radiomanchester.com.br\/fm\/wp-json\/wp\/v2\/categories?post=17740"},{"taxonomy":"post_tag","embeddable":true,"href":"https:\/\/www.radiomanchester.com.br\/fm\/wp-json\/wp\/v2\/tags?post=17740"}],"curies":[{"name":"wp","href":"https:\/\/api.w.org\/{rel}","templated":true}]}}