{"id":17743,"date":"2026-04-29T20:38:50","date_gmt":"2026-04-29T23:38:50","guid":{"rendered":"https:\/\/www.radiomanchester.com.br\/fm\/?p=17743"},"modified":"2026-04-29T20:38:53","modified_gmt":"2026-04-29T23:38:53","slug":"senado-rejeita-indicacao-de-messias-para-o-stf","status":"publish","type":"post","link":"https:\/\/www.radiomanchester.com.br\/fm\/senado-rejeita-indicacao-de-messias-para-o-stf\/","title":{"rendered":"Senado rejeita indica\u00e7\u00e3o de Messias para o STF"},"content":{"rendered":"\n<p><strong><em>Foram 42 votos contr\u00e1rios e 34 favor\u00e1veis<\/em><\/strong><\/p>\n\n\n\n<hr class=\"wp-block-separator\"\/>\n\n\n\n<p>O plen\u00e1rio do Senado rejeitou nesta quarta-feira (29\/04) a indica\u00e7\u00e3o de Jorge Messias para o cargo de ministro do Supremo Tribunal Federal (STF). Foram 42 votos contr\u00e1rios e 34 favor\u00e1veis.<\/p>\n\n\n\n<p>Para que a indica\u00e7\u00e3o de Messias fosse aprovada eram necess\u00e1rios pelo menos 41 votos dos 81 senadores. Com a rejei\u00e7\u00e3o, a indica\u00e7\u00e3o foi arquivada.<\/p>\n\n\n\n<p>Esta \u00e9 a primeira vez em mais de 130 anos que o nome de um indicado a ministro do STF \u00e9 rejeitado. Antes desse per\u00edodo, apenas cinco indica\u00e7\u00f5es foram derrubadas pelos senadores: todas em 1894, no governo do marechal Floriano Peixoto.<\/p>\n\n\n\n<p>A vota\u00e7\u00e3o da indica\u00e7\u00e3o de Jorge Messias durou pouco mais de sete minutos. Senadores da oposi\u00e7\u00e3o comemoraram a derrota do governo, enquanto parlamentares da base governista estavam sem entender a situa\u00e7\u00e3o.<\/p>\n\n\n\n<p>Ap\u00f3s a rejei\u00e7\u00e3o, o presidente do Senado, Davi Alcolumbre (Uni\u00e3o-AP) encerrou a sess\u00e3o por volta das 19h15.<\/p>\n\n\n\n<p>O relator da indica\u00e7\u00e3o de Messias na Comiss\u00e3o de Constitui\u00e7\u00e3o e Justi\u00e7a (CCJ), Weverton Rocha (PDT-MA) chegou a dizer que a avalia\u00e7\u00e3o era de que Messias teria entre 45 e 48 votos pela sua aprova\u00e7\u00e3o.<\/p>\n\n\n\n<p>Antes da vota\u00e7\u00e3o, os senadores aprovaram indica\u00e7\u00f5es para vagas do Conselho Nacional do Minist\u00e9rio P\u00fablico (CNMP) e do Conselho Nacional de Justi\u00e7a. Tamb\u00e9m foram aprovadas as indica\u00e7\u00f5es de Margareth Rodrigues Costa, para ministra do Tribunal Superior do Trabalho (TST) e de Tarcijany Linhares Aguiar Machado para o cargo de defensora p\u00fablica-geral federal da Defensoria P\u00fablica da Uni\u00e3o.<\/p>\n\n\n\n<p>Mais cedo, a CCJ havia aprovado o nome de Messias para o cargo de ministro da mais alta corte por 16 votos favor\u00e1veis e 11 contr\u00e1rios.<\/p>\n\n\n\n<p>Durante a sabatina, Messias respondeu a perguntas de senadores da base governista e da oposi\u00e7\u00e3o.<\/p>\n\n\n\n<p>A indica\u00e7\u00e3o de Jorge Messias foi anunciada pelo presidente Luiz In\u00e1cio Lula da Silva h\u00e1 cerca de cinco meses, mas a mensagem oficial com a indica\u00e7\u00e3o (MSF 7\/2026) s\u00f3 chegou ao Senado no in\u00edcio de abril.<\/p>\n\n\n\n<p>Ele foi indicado pelo governo federal para assumir a vaga deixada pelo ministro Lu\u00eds Roberto Barroso, que anunciou aposentadoria antecipada da Corte e deixou o tribunal em outubro de 2025.<\/p>\n\n\n\n<p>porAg\u00eancia Brasil<\/p>\n","protected":false},"excerpt":{"rendered":"<p class=\"excerpt\">Foram 42 votos contr\u00e1rios e 34 favor\u00e1veis O plen\u00e1rio do Senado rejeitou nesta quarta-feira (29\/04) a indica\u00e7\u00e3o de Jorge Messias para o cargo de ministro do Supremo Tribunal Federal (STF). Foram 42 votos contr\u00e1rios e 34 favor\u00e1veis. Para que a indica\u00e7\u00e3o de Messias fosse aprovada eram necess\u00e1rios pelo menos 41 votos dos 81 senadores. Com [&hellip;]<\/p>\n","protected":false},"author":1,"featured_media":0,"comment_status":"open","ping_status":"open","sticky":false,"template":"","format":"standard","meta":[],"categories":[8,17],"tags":[22,24,113,83,92],"yoast_head":"<!-- This site is optimized with the Yoast SEO plugin v18.3 - https:\/\/yoast.com\/wordpress\/plugins\/seo\/ -->\n<title>Senado rejeita indica\u00e7\u00e3o de Messias para o STF - Manchester FM 93,3<\/title>\n<meta name=\"robots\" content=\"index, follow, max-snippet:-1, max-image-preview:large, max-video-preview:-1\" \/>\n<link rel=\"canonical\" href=\"https:\/\/www.radiomanchester.com.br\/fm\/senado-rejeita-indicacao-de-messias-para-o-stf\/\" \/>\n<meta property=\"og:locale\" content=\"pt_BR\" \/>\n<meta property=\"og:type\" content=\"article\" \/>\n<meta property=\"og:title\" content=\"Senado rejeita indica\u00e7\u00e3o de Messias para o STF - Manchester FM 93,3\" \/>\n<meta property=\"og:description\" content=\"Foram 42 votos contr\u00e1rios e 34 favor\u00e1veis O plen\u00e1rio do Senado rejeitou nesta quarta-feira (29\/04) a indica\u00e7\u00e3o de Jorge Messias para o cargo de ministro do Supremo Tribunal Federal (STF). Foram 42 votos contr\u00e1rios e 34 favor\u00e1veis. Para que a indica\u00e7\u00e3o de Messias fosse aprovada eram necess\u00e1rios pelo menos 41 votos dos 81 senadores. Com [&hellip;]\" \/>\n<meta property=\"og:url\" content=\"https:\/\/www.radiomanchester.com.br\/fm\/senado-rejeita-indicacao-de-messias-para-o-stf\/\" \/>\n<meta property=\"og:site_name\" content=\"Manchester FM 93,3\" \/>\n<meta property=\"article:published_time\" content=\"2026-04-29T23:38:50+00:00\" \/>\n<meta property=\"article:modified_time\" content=\"2026-04-29T23:38:53+00:00\" \/>\n<meta name=\"twitter:card\" content=\"summary_large_image\" \/>\n<meta name=\"twitter:label1\" content=\"Escrito por\" \/>\n\t<meta name=\"twitter:data1\" content=\"admin\" \/>\n\t<meta name=\"twitter:label2\" content=\"Est. tempo de leitura\" \/>\n\t<meta name=\"twitter:data2\" content=\"2 minutos\" \/>\n<script type=\"application\/ld+json\" class=\"yoast-schema-graph\">{\"@context\":\"https:\/\/schema.org\",\"@graph\":[{\"@type\":\"WebSite\",\"@id\":\"https:\/\/www.radiomanchester.com.br\/fm\/#website\",\"url\":\"https:\/\/www.radiomanchester.com.br\/fm\/\",\"name\":\"Manchester FM 93,3\",\"description\":\"Todo Mundo Ouve!\",\"potentialAction\":[{\"@type\":\"SearchAction\",\"target\":{\"@type\":\"EntryPoint\",\"urlTemplate\":\"https:\/\/www.radiomanchester.com.br\/fm\/?s={search_term_string}\"},\"query-input\":\"required name=search_term_string\"}],\"inLanguage\":\"pt-BR\"},{\"@type\":\"WebPage\",\"@id\":\"https:\/\/www.radiomanchester.com.br\/fm\/senado-rejeita-indicacao-de-messias-para-o-stf\/#webpage\",\"url\":\"https:\/\/www.radiomanchester.com.br\/fm\/senado-rejeita-indicacao-de-messias-para-o-stf\/\",\"name\":\"Senado rejeita indica\u00e7\u00e3o de Messias para o STF - Manchester FM 93,3\",\"isPartOf\":{\"@id\":\"https:\/\/www.radiomanchester.com.br\/fm\/#website\"},\"datePublished\":\"2026-04-29T23:38:50+00:00\",\"dateModified\":\"2026-04-29T23:38:53+00:00\",\"author\":{\"@id\":\"https:\/\/www.radiomanchester.com.br\/fm\/#\/schema\/person\/408a7b4d4e32cbebd90e2782852abca3\"},\"breadcrumb\":{\"@id\":\"https:\/\/www.radiomanchester.com.br\/fm\/senado-rejeita-indicacao-de-messias-para-o-stf\/#breadcrumb\"},\"inLanguage\":\"pt-BR\",\"potentialAction\":[{\"@type\":\"ReadAction\",\"target\":[\"https:\/\/www.radiomanchester.com.br\/fm\/senado-rejeita-indicacao-de-messias-para-o-stf\/\"]}]},{\"@type\":\"BreadcrumbList\",\"@id\":\"https:\/\/www.radiomanchester.com.br\/fm\/senado-rejeita-indicacao-de-messias-para-o-stf\/#breadcrumb\",\"itemListElement\":[{\"@type\":\"ListItem\",\"position\":1,\"name\":\"Home\",\"item\":\"https:\/\/www.radiomanchester.com.br\/fm\/\"},{\"@type\":\"ListItem\",\"position\":2,\"name\":\"Senado rejeita indica\u00e7\u00e3o de Messias para o STF\"}]},{\"@type\":\"Person\",\"@id\":\"https:\/\/www.radiomanchester.com.br\/fm\/#\/schema\/person\/408a7b4d4e32cbebd90e2782852abca3\",\"name\":\"admin\",\"image\":{\"@type\":\"ImageObject\",\"@id\":\"https:\/\/www.radiomanchester.com.br\/fm\/#personlogo\",\"inLanguage\":\"pt-BR\",\"url\":\"https:\/\/secure.gravatar.com\/avatar\/115a974dba3376872eb3addeb276301c?s=96&d=mm&r=g\",\"contentUrl\":\"https:\/\/secure.gravatar.com\/avatar\/115a974dba3376872eb3addeb276301c?s=96&d=mm&r=g\",\"caption\":\"admin\"},\"url\":\"https:\/\/www.radiomanchester.com.br\/fm\/author\/admin\/\"}]}<\/script>\n<!-- \/ Yoast SEO plugin. -->","yoast_head_json":{"title":"Senado rejeita indica\u00e7\u00e3o de Messias para o STF - Manchester FM 93,3","robots":{"index":"index","follow":"follow","max-snippet":"max-snippet:-1","max-image-preview":"max-image-preview:large","max-video-preview":"max-video-preview:-1"},"canonical":"https:\/\/www.radiomanchester.com.br\/fm\/senado-rejeita-indicacao-de-messias-para-o-stf\/","og_locale":"pt_BR","og_type":"article","og_title":"Senado rejeita indica\u00e7\u00e3o de Messias para o STF - Manchester FM 93,3","og_description":"Foram 42 votos contr\u00e1rios e 34 favor\u00e1veis O plen\u00e1rio do Senado rejeitou nesta quarta-feira (29\/04) a indica\u00e7\u00e3o de Jorge Messias para o cargo de ministro do Supremo Tribunal Federal (STF). Foram 42 votos contr\u00e1rios e 34 favor\u00e1veis. Para que a indica\u00e7\u00e3o de Messias fosse aprovada eram necess\u00e1rios pelo menos 41 votos dos 81 senadores. Com [&hellip;]","og_url":"https:\/\/www.radiomanchester.com.br\/fm\/senado-rejeita-indicacao-de-messias-para-o-stf\/","og_site_name":"Manchester FM 93,3","article_published_time":"2026-04-29T23:38:50+00:00","article_modified_time":"2026-04-29T23:38:53+00:00","twitter_card":"summary_large_image","twitter_misc":{"Escrito por":"admin","Est. tempo de leitura":"2 minutos"},"schema":{"@context":"https:\/\/schema.org","@graph":[{"@type":"WebSite","@id":"https:\/\/www.radiomanchester.com.br\/fm\/#website","url":"https:\/\/www.radiomanchester.com.br\/fm\/","name":"Manchester FM 93,3","description":"Todo Mundo Ouve!","potentialAction":[{"@type":"SearchAction","target":{"@type":"EntryPoint","urlTemplate":"https:\/\/www.radiomanchester.com.br\/fm\/?s={search_term_string}"},"query-input":"required name=search_term_string"}],"inLanguage":"pt-BR"},{"@type":"WebPage","@id":"https:\/\/www.radiomanchester.com.br\/fm\/senado-rejeita-indicacao-de-messias-para-o-stf\/#webpage","url":"https:\/\/www.radiomanchester.com.br\/fm\/senado-rejeita-indicacao-de-messias-para-o-stf\/","name":"Senado rejeita indica\u00e7\u00e3o de Messias para o STF - Manchester FM 93,3","isPartOf":{"@id":"https:\/\/www.radiomanchester.com.br\/fm\/#website"},"datePublished":"2026-04-29T23:38:50+00:00","dateModified":"2026-04-29T23:38:53+00:00","author":{"@id":"https:\/\/www.radiomanchester.com.br\/fm\/#\/schema\/person\/408a7b4d4e32cbebd90e2782852abca3"},"breadcrumb":{"@id":"https:\/\/www.radiomanchester.com.br\/fm\/senado-rejeita-indicacao-de-messias-para-o-stf\/#breadcrumb"},"inLanguage":"pt-BR","potentialAction":[{"@type":"ReadAction","target":["https:\/\/www.radiomanchester.com.br\/fm\/senado-rejeita-indicacao-de-messias-para-o-stf\/"]}]},{"@type":"BreadcrumbList","@id":"https:\/\/www.radiomanchester.com.br\/fm\/senado-rejeita-indicacao-de-messias-para-o-stf\/#breadcrumb","itemListElement":[{"@type":"ListItem","position":1,"name":"Home","item":"https:\/\/www.radiomanchester.com.br\/fm\/"},{"@type":"ListItem","position":2,"name":"Senado rejeita indica\u00e7\u00e3o de Messias para o STF"}]},{"@type":"Person","@id":"https:\/\/www.radiomanchester.com.br\/fm\/#\/schema\/person\/408a7b4d4e32cbebd90e2782852abca3","name":"admin","image":{"@type":"ImageObject","@id":"https:\/\/www.radiomanchester.com.br\/fm\/#personlogo","inLanguage":"pt-BR","url":"https:\/\/secure.gravatar.com\/avatar\/115a974dba3376872eb3addeb276301c?s=96&d=mm&r=g","contentUrl":"https:\/\/secure.gravatar.com\/avatar\/115a974dba3376872eb3addeb276301c?s=96&d=mm&r=g","caption":"admin"},"url":"https:\/\/www.radiomanchester.com.br\/fm\/author\/admin\/"}]}},"_links":{"self":[{"href":"https:\/\/www.radiomanchester.com.br\/fm\/wp-json\/wp\/v2\/posts\/17743"}],"collection":[{"href":"https:\/\/www.radiomanchester.com.br\/fm\/wp-json\/wp\/v2\/posts"}],"about":[{"href":"https:\/\/www.radiomanchester.com.br\/fm\/wp-json\/wp\/v2\/types\/post"}],"author":[{"embeddable":true,"href":"https:\/\/www.radiomanchester.com.br\/fm\/wp-json\/wp\/v2\/users\/1"}],"replies":[{"embeddable":true,"href":"https:\/\/www.radiomanchester.com.br\/fm\/wp-json\/wp\/v2\/comments?post=17743"}],"version-history":[{"count":1,"href":"https:\/\/www.radiomanchester.com.br\/fm\/wp-json\/wp\/v2\/posts\/17743\/revisions"}],"predecessor-version":[{"id":17744,"href":"https:\/\/www.radiomanchester.com.br\/fm\/wp-json\/wp\/v2\/posts\/17743\/revisions\/17744"}],"wp:attachment":[{"href":"https:\/\/www.radiomanchester.com.br\/fm\/wp-json\/wp\/v2\/media?parent=17743"}],"wp:term":[{"taxonomy":"category","embeddable":true,"href":"https:\/\/www.radiomanchester.com.br\/fm\/wp-json\/wp\/v2\/categories?post=17743"},{"taxonomy":"post_tag","embeddable":true,"href":"https:\/\/www.radiomanchester.com.br\/fm\/wp-json\/wp\/v2\/tags?post=17743"}],"curies":[{"name":"wp","href":"https:\/\/api.w.org\/{rel}","templated":true}]}}