{"id":18282,"date":"2026-08-30T20:44:13","date_gmt":"2026-08-30T23:44:13","guid":{"rendered":"https:\/\/www.radiomanchester.com.br\/fm\/?p=18282"},"modified":"2026-08-30T20:50:19","modified_gmt":"2026-08-30T23:50:19","slug":"ministerio-da-saude-reforca-chamamento-para-vacina-contra-o-sarampo","status":"publish","type":"post","link":"https:\/\/www.radiomanchester.com.br\/fm\/ministerio-da-saude-reforca-chamamento-para-vacina-contra-o-sarampo\/","title":{"rendered":"Minist\u00e9rio da Sa\u00fade refor\u00e7a chamamento para vacina contra o sarampo"},"content":{"rendered":"\n<p>A Campanha Nacional de Multivacina\u00e7\u00e3o segue at\u00e9 a pr\u00f3xima ter\u00e7a-feira (1\u00ba\/09) e tem como objetivo verificar a situa\u00e7\u00e3o vacinal de crian\u00e7as e adolescentes menores de 15 anos e aplicar as doses necess\u00e1rias, incluindo a tr\u00edplice viral, que protege contra o sarampo. O Brasil confirmou 27 casos da doen\u00e7a ao longo de 2026. Desses, 24 est\u00e3o relacionados a uma cadeia de transmiss\u00e3o ativa iniciada em junho no estado de S\u00e3o Paulo, sendo 21 casos na capital, dois em S\u00e3o Bernardo do Campo e um em Guarulhos.<\/p>\n\n\n\n<p>Ainda de acordo com o minist\u00e9rio, dos outros tr\u00eas casos, dois foram registrados em S\u00e3o Paulo e um no Rio de Janeiro, mas sem rela\u00e7\u00e3o entre si, e j\u00e1 s\u00e3o considerados encerrados ap\u00f3s 12 semanas sem novas ocorr\u00eancias associadas.<\/p>\n\n\n\n<p>Em 2025, foram confirmados 38 casos de sarampo importados ou relacionados \u00e0 importa\u00e7\u00e3o, todos, segundo a pasta, controlados por meio das a\u00e7\u00f5es de vigil\u00e2ncia e vacina\u00e7\u00e3o. \u201cCom isso, o Brasil segue livre da circula\u00e7\u00e3o end\u00eamica do sarampo, mesmo diante do aumento de casos registrado em outros pa\u00edses das Am\u00e9ricas\u201d, refor\u00e7ou o minist\u00e9rio em comunicado.<\/p>\n\n\n\n<p><strong>Esquema vacinal<br><\/strong>Altamente contagioso, o sarampo pode ser prevenido por meio da vacina tr\u00edplice viral, que tamb\u00e9m protege contra a caxumba e a rub\u00e9ola. Para crian\u00e7as, o esquema de rotina prev\u00ea duas doses: a primeira aos 12 meses e a segunda aos 15 meses.<\/p>\n\n\n\n<p>Pessoas de at\u00e9 29 anos de idade que n\u00e3o tenham sido vacinadas ou que n\u00e3o possuam comprova\u00e7\u00e3o devem receber duas doses, com intervalo m\u00ednimo de 30 dias entre elas. Para adultos de 30 a 59 anos, \u00e9 recomendada uma dose contra o sarampo.<\/p>\n\n\n\n<p>Em situa\u00e7\u00f5es onde h\u00e1 circula\u00e7\u00e3o do v\u00edrus, as estrat\u00e9gias de vacina\u00e7\u00e3o podem ser ampliadas de acordo com a avalia\u00e7\u00e3o epidemiol\u00f3gica.<\/p>\n\n\n\n<p>Em S\u00e3o Paulo, por exemplo, diante da cadeia de transmiss\u00e3o identificada, o minist\u00e9rio recomendou ampliar a vacina\u00e7\u00e3o nos munic\u00edpios de S\u00e3o Paulo, Guarulhos e S\u00e3o Bernardo do Campo, e crian\u00e7as de 6 a 11 meses devem receber com a chamada dose zero.<\/p>\n\n\n\n<p>\u201cA dose zero \u00e9 uma estrat\u00e9gia adicional de prote\u00e7\u00e3o para crian\u00e7as menores de 1 ano em cen\u00e1rios de maior risco e n\u00e3o substitui as doses previstas no calend\u00e1rio de rotina aos 12 e 15 meses\u201d, refor\u00e7ou a pasta.<\/p>\n\n\n\n<p>porAg\u00eancia Brasil<\/p>\n","protected":false},"excerpt":{"rendered":"<p class=\"excerpt\">A Campanha Nacional de Multivacina\u00e7\u00e3o segue at\u00e9 a pr\u00f3xima ter\u00e7a-feira (1\u00ba\/09) e tem como objetivo verificar a situa\u00e7\u00e3o vacinal de crian\u00e7as e adolescentes menores de 15 anos e aplicar as doses necess\u00e1rias, incluindo a tr\u00edplice viral, que protege contra o sarampo. O Brasil confirmou 27 casos da doen\u00e7a ao longo de 2026. Desses, 24 est\u00e3o [&hellip;]<\/p>\n","protected":false},"author":1,"featured_media":0,"comment_status":"open","ping_status":"open","sticky":false,"template":"","format":"standard","meta":[],"categories":[8,17],"tags":[22,24,113,83,92],"yoast_head":"<!-- This site is optimized with the Yoast SEO plugin v18.3 - https:\/\/yoast.com\/wordpress\/plugins\/seo\/ -->\n<title>Minist\u00e9rio da Sa\u00fade refor\u00e7a chamamento para vacina contra o sarampo - Manchester FM 93,3<\/title>\n<meta name=\"robots\" content=\"index, follow, max-snippet:-1, max-image-preview:large, max-video-preview:-1\" \/>\n<link rel=\"canonical\" href=\"https:\/\/www.radiomanchester.com.br\/fm\/ministerio-da-saude-reforca-chamamento-para-vacina-contra-o-sarampo\/\" \/>\n<meta property=\"og:locale\" content=\"pt_BR\" \/>\n<meta property=\"og:type\" content=\"article\" \/>\n<meta property=\"og:title\" content=\"Minist\u00e9rio da Sa\u00fade refor\u00e7a chamamento para vacina contra o sarampo - Manchester FM 93,3\" \/>\n<meta property=\"og:description\" content=\"A Campanha Nacional de Multivacina\u00e7\u00e3o segue at\u00e9 a pr\u00f3xima ter\u00e7a-feira (1\u00ba\/09) e tem como objetivo verificar a situa\u00e7\u00e3o vacinal de crian\u00e7as e adolescentes menores de 15 anos e aplicar as doses necess\u00e1rias, incluindo a tr\u00edplice viral, que protege contra o sarampo. O Brasil confirmou 27 casos da doen\u00e7a ao longo de 2026. Desses, 24 est\u00e3o [&hellip;]\" \/>\n<meta property=\"og:url\" content=\"https:\/\/www.radiomanchester.com.br\/fm\/ministerio-da-saude-reforca-chamamento-para-vacina-contra-o-sarampo\/\" \/>\n<meta property=\"og:site_name\" content=\"Manchester FM 93,3\" \/>\n<meta property=\"article:published_time\" content=\"2026-08-30T23:44:13+00:00\" \/>\n<meta property=\"article:modified_time\" content=\"2026-08-30T23:50:19+00:00\" \/>\n<meta name=\"twitter:card\" content=\"summary_large_image\" \/>\n<meta name=\"twitter:label1\" content=\"Escrito por\" \/>\n\t<meta name=\"twitter:data1\" content=\"admin\" \/>\n\t<meta name=\"twitter:label2\" content=\"Est. tempo de leitura\" \/>\n\t<meta name=\"twitter:data2\" content=\"3 minutos\" \/>\n<script type=\"application\/ld+json\" class=\"yoast-schema-graph\">{\"@context\":\"https:\/\/schema.org\",\"@graph\":[{\"@type\":\"WebSite\",\"@id\":\"https:\/\/www.radiomanchester.com.br\/fm\/#website\",\"url\":\"https:\/\/www.radiomanchester.com.br\/fm\/\",\"name\":\"Manchester FM 93,3\",\"description\":\"Todo Mundo Ouve!\",\"potentialAction\":[{\"@type\":\"SearchAction\",\"target\":{\"@type\":\"EntryPoint\",\"urlTemplate\":\"https:\/\/www.radiomanchester.com.br\/fm\/?s={search_term_string}\"},\"query-input\":\"required name=search_term_string\"}],\"inLanguage\":\"pt-BR\"},{\"@type\":\"WebPage\",\"@id\":\"https:\/\/www.radiomanchester.com.br\/fm\/ministerio-da-saude-reforca-chamamento-para-vacina-contra-o-sarampo\/#webpage\",\"url\":\"https:\/\/www.radiomanchester.com.br\/fm\/ministerio-da-saude-reforca-chamamento-para-vacina-contra-o-sarampo\/\",\"name\":\"Minist\u00e9rio da Sa\u00fade refor\u00e7a chamamento para vacina contra o sarampo - Manchester FM 93,3\",\"isPartOf\":{\"@id\":\"https:\/\/www.radiomanchester.com.br\/fm\/#website\"},\"datePublished\":\"2026-08-30T23:44:13+00:00\",\"dateModified\":\"2026-08-30T23:50:19+00:00\",\"author\":{\"@id\":\"https:\/\/www.radiomanchester.com.br\/fm\/#\/schema\/person\/408a7b4d4e32cbebd90e2782852abca3\"},\"breadcrumb\":{\"@id\":\"https:\/\/www.radiomanchester.com.br\/fm\/ministerio-da-saude-reforca-chamamento-para-vacina-contra-o-sarampo\/#breadcrumb\"},\"inLanguage\":\"pt-BR\",\"potentialAction\":[{\"@type\":\"ReadAction\",\"target\":[\"https:\/\/www.radiomanchester.com.br\/fm\/ministerio-da-saude-reforca-chamamento-para-vacina-contra-o-sarampo\/\"]}]},{\"@type\":\"BreadcrumbList\",\"@id\":\"https:\/\/www.radiomanchester.com.br\/fm\/ministerio-da-saude-reforca-chamamento-para-vacina-contra-o-sarampo\/#breadcrumb\",\"itemListElement\":[{\"@type\":\"ListItem\",\"position\":1,\"name\":\"Home\",\"item\":\"https:\/\/www.radiomanchester.com.br\/fm\/\"},{\"@type\":\"ListItem\",\"position\":2,\"name\":\"Minist\u00e9rio da Sa\u00fade refor\u00e7a chamamento para vacina contra o sarampo\"}]},{\"@type\":\"Person\",\"@id\":\"https:\/\/www.radiomanchester.com.br\/fm\/#\/schema\/person\/408a7b4d4e32cbebd90e2782852abca3\",\"name\":\"admin\",\"image\":{\"@type\":\"ImageObject\",\"@id\":\"https:\/\/www.radiomanchester.com.br\/fm\/#personlogo\",\"inLanguage\":\"pt-BR\",\"url\":\"https:\/\/secure.gravatar.com\/avatar\/115a974dba3376872eb3addeb276301c?s=96&d=mm&r=g\",\"contentUrl\":\"https:\/\/secure.gravatar.com\/avatar\/115a974dba3376872eb3addeb276301c?s=96&d=mm&r=g\",\"caption\":\"admin\"},\"url\":\"https:\/\/www.radiomanchester.com.br\/fm\/author\/admin\/\"}]}<\/script>\n<!-- \/ Yoast SEO plugin. -->","yoast_head_json":{"title":"Minist\u00e9rio da Sa\u00fade refor\u00e7a chamamento para vacina contra o sarampo - Manchester FM 93,3","robots":{"index":"index","follow":"follow","max-snippet":"max-snippet:-1","max-image-preview":"max-image-preview:large","max-video-preview":"max-video-preview:-1"},"canonical":"https:\/\/www.radiomanchester.com.br\/fm\/ministerio-da-saude-reforca-chamamento-para-vacina-contra-o-sarampo\/","og_locale":"pt_BR","og_type":"article","og_title":"Minist\u00e9rio da Sa\u00fade refor\u00e7a chamamento para vacina contra o sarampo - Manchester FM 93,3","og_description":"A Campanha Nacional de Multivacina\u00e7\u00e3o segue at\u00e9 a pr\u00f3xima ter\u00e7a-feira (1\u00ba\/09) e tem como objetivo verificar a situa\u00e7\u00e3o vacinal de crian\u00e7as e adolescentes menores de 15 anos e aplicar as doses necess\u00e1rias, incluindo a tr\u00edplice viral, que protege contra o sarampo. O Brasil confirmou 27 casos da doen\u00e7a ao longo de 2026. Desses, 24 est\u00e3o [&hellip;]","og_url":"https:\/\/www.radiomanchester.com.br\/fm\/ministerio-da-saude-reforca-chamamento-para-vacina-contra-o-sarampo\/","og_site_name":"Manchester FM 93,3","article_published_time":"2026-08-30T23:44:13+00:00","article_modified_time":"2026-08-30T23:50:19+00:00","twitter_card":"summary_large_image","twitter_misc":{"Escrito por":"admin","Est. tempo de leitura":"3 minutos"},"schema":{"@context":"https:\/\/schema.org","@graph":[{"@type":"WebSite","@id":"https:\/\/www.radiomanchester.com.br\/fm\/#website","url":"https:\/\/www.radiomanchester.com.br\/fm\/","name":"Manchester FM 93,3","description":"Todo Mundo Ouve!","potentialAction":[{"@type":"SearchAction","target":{"@type":"EntryPoint","urlTemplate":"https:\/\/www.radiomanchester.com.br\/fm\/?s={search_term_string}"},"query-input":"required name=search_term_string"}],"inLanguage":"pt-BR"},{"@type":"WebPage","@id":"https:\/\/www.radiomanchester.com.br\/fm\/ministerio-da-saude-reforca-chamamento-para-vacina-contra-o-sarampo\/#webpage","url":"https:\/\/www.radiomanchester.com.br\/fm\/ministerio-da-saude-reforca-chamamento-para-vacina-contra-o-sarampo\/","name":"Minist\u00e9rio da Sa\u00fade refor\u00e7a chamamento para vacina contra o sarampo - Manchester FM 93,3","isPartOf":{"@id":"https:\/\/www.radiomanchester.com.br\/fm\/#website"},"datePublished":"2026-08-30T23:44:13+00:00","dateModified":"2026-08-30T23:50:19+00:00","author":{"@id":"https:\/\/www.radiomanchester.com.br\/fm\/#\/schema\/person\/408a7b4d4e32cbebd90e2782852abca3"},"breadcrumb":{"@id":"https:\/\/www.radiomanchester.com.br\/fm\/ministerio-da-saude-reforca-chamamento-para-vacina-contra-o-sarampo\/#breadcrumb"},"inLanguage":"pt-BR","potentialAction":[{"@type":"ReadAction","target":["https:\/\/www.radiomanchester.com.br\/fm\/ministerio-da-saude-reforca-chamamento-para-vacina-contra-o-sarampo\/"]}]},{"@type":"BreadcrumbList","@id":"https:\/\/www.radiomanchester.com.br\/fm\/ministerio-da-saude-reforca-chamamento-para-vacina-contra-o-sarampo\/#breadcrumb","itemListElement":[{"@type":"ListItem","position":1,"name":"Home","item":"https:\/\/www.radiomanchester.com.br\/fm\/"},{"@type":"ListItem","position":2,"name":"Minist\u00e9rio da Sa\u00fade refor\u00e7a chamamento para vacina contra o sarampo"}]},{"@type":"Person","@id":"https:\/\/www.radiomanchester.com.br\/fm\/#\/schema\/person\/408a7b4d4e32cbebd90e2782852abca3","name":"admin","image":{"@type":"ImageObject","@id":"https:\/\/www.radiomanchester.com.br\/fm\/#personlogo","inLanguage":"pt-BR","url":"https:\/\/secure.gravatar.com\/avatar\/115a974dba3376872eb3addeb276301c?s=96&d=mm&r=g","contentUrl":"https:\/\/secure.gravatar.com\/avatar\/115a974dba3376872eb3addeb276301c?s=96&d=mm&r=g","caption":"admin"},"url":"https:\/\/www.radiomanchester.com.br\/fm\/author\/admin\/"}]}},"_links":{"self":[{"href":"https:\/\/www.radiomanchester.com.br\/fm\/wp-json\/wp\/v2\/posts\/18282"}],"collection":[{"href":"https:\/\/www.radiomanchester.com.br\/fm\/wp-json\/wp\/v2\/posts"}],"about":[{"href":"https:\/\/www.radiomanchester.com.br\/fm\/wp-json\/wp\/v2\/types\/post"}],"author":[{"embeddable":true,"href":"https:\/\/www.radiomanchester.com.br\/fm\/wp-json\/wp\/v2\/users\/1"}],"replies":[{"embeddable":true,"href":"https:\/\/www.radiomanchester.com.br\/fm\/wp-json\/wp\/v2\/comments?post=18282"}],"version-history":[{"count":2,"href":"https:\/\/www.radiomanchester.com.br\/fm\/wp-json\/wp\/v2\/posts\/18282\/revisions"}],"predecessor-version":[{"id":18284,"href":"https:\/\/www.radiomanchester.com.br\/fm\/wp-json\/wp\/v2\/posts\/18282\/revisions\/18284"}],"wp:attachment":[{"href":"https:\/\/www.radiomanchester.com.br\/fm\/wp-json\/wp\/v2\/media?parent=18282"}],"wp:term":[{"taxonomy":"category","embeddable":true,"href":"https:\/\/www.radiomanchester.com.br\/fm\/wp-json\/wp\/v2\/categories?post=18282"},{"taxonomy":"post_tag","embeddable":true,"href":"https:\/\/www.radiomanchester.com.br\/fm\/wp-json\/wp\/v2\/tags?post=18282"}],"curies":[{"name":"wp","href":"https:\/\/api.w.org\/{rel}","templated":true}]}}