{"id":18290,"date":"2026-09-01T19:41:47","date_gmt":"2026-09-01T22:41:47","guid":{"rendered":"https:\/\/www.radiomanchester.com.br\/fm\/?p=18290"},"modified":"2026-09-01T19:41:49","modified_gmt":"2026-09-01T22:41:49","slug":"cdl-jovem-anapolis-promove-palestra-liderar-sem-surtar-e-reforca-a-saude-mental-no-setembro-amarelo","status":"publish","type":"post","link":"https:\/\/www.radiomanchester.com.br\/fm\/cdl-jovem-anapolis-promove-palestra-liderar-sem-surtar-e-reforca-a-saude-mental-no-setembro-amarelo\/","title":{"rendered":"CDL Jovem An\u00e1polis promove palestra &#8220;Liderar sem surtar&#8221; e refor\u00e7a a sa\u00fade mental no Setembro Amarelo"},"content":{"rendered":"\n<p><\/p>\n\n\n\n<p>Dentro das a\u00e7\u00f5es do Setembro Amarelo, m\u00eas dedicado \u00e0 conscientiza\u00e7\u00e3o e aos cuidados com a sa\u00fade mental, a CDL Jovem An\u00e1polis realiza nesta quinta-feira (03\/09), \u00e0s 19h, a palestra gratuita &#8220;Liderar sem surtar&#8221;.<\/p>\n\n\n\n<p>O encontro acontece na sede da entidade e \u00e9 voltado para empres\u00e1rios, comerciantes, colaboradores e l\u00edderes de neg\u00f3cios do munic\u00edpio.<\/p>\n\n\n\n<p>A CDL An\u00e1polis tem atuado fortemente na capacita\u00e7\u00e3o de empres\u00e1rios e colaboradores, trazendo constantemente as principais tend\u00eancias de mercado, qualifica\u00e7\u00f5es t\u00e9cnicas e promovendo networking para fortalecer o com\u00e9rcio local. No entanto, a entidade refor\u00e7a que nenhuma estrat\u00e9gia de neg\u00f3cios prospera sem o pilar fundamental: a sa\u00fade mental precisa ser prioridade, sempre.<\/p>\n\n\n\n<p>A convite do presidente da CDL Jovem, Luan Samuel, a palestra ser\u00e1 ministrada pelo psic\u00f3logo Wesley Ven\u00e2ncio. Especialista em Terapia Cognitivo-Comportamental, MBA em Lideran\u00e7a e Gest\u00e3o Empresarial e com mais de uma d\u00e9cada de experi\u00eancia cl\u00ednica e em gest\u00e3o de sa\u00fade, o profissional abordar\u00e1 de forma pr\u00e1tica os desafios do esgotamento emocional, gest\u00e3o do estresse e o desenvolvimento de uma lideran\u00e7a equilibrada e sustent\u00e1vel.<\/p>\n\n\n\n<p><strong>SERVI\u00c7O<br><\/strong>Evento: Palestra &#8220;Liderar sem surtar&#8221; (A\u00e7\u00e3o Setembro Amarelo)<br>Data: Quinta-feira, 3 de setembro de 2026<br>Hor\u00e1rio: 19h<br>Local: Sede da CDL An\u00e1polis (Rua Conde Afonso Celso, Centro \u2013 An\u00e1polis\/GO)<br>Palestrante: Psic\u00f3logo Wesley Ven\u00e2ncio<br>P\u00fablico-alvo: Empres\u00e1rios, l\u00edderes e colaboradores<br>Entrada: Gratuita (Inscri\u00e7\u00f5es antecipadas pelo link na bio do Instagram <a href=\"http:\/\/@cdlanapolis\">@cdlanapolis<\/a>)<\/p>\n","protected":false},"excerpt":{"rendered":"<p class=\"excerpt\">Dentro das a\u00e7\u00f5es do Setembro Amarelo, m\u00eas dedicado \u00e0 conscientiza\u00e7\u00e3o e aos cuidados com a sa\u00fade mental, a CDL Jovem An\u00e1polis realiza nesta quinta-feira (03\/09), \u00e0s 19h, a palestra gratuita &#8220;Liderar sem surtar&#8221;. O encontro acontece na sede da entidade e \u00e9 voltado para empres\u00e1rios, comerciantes, colaboradores e l\u00edderes de neg\u00f3cios do munic\u00edpio. A CDL [&hellip;]<\/p>\n","protected":false},"author":1,"featured_media":0,"comment_status":"open","ping_status":"open","sticky":false,"template":"","format":"standard","meta":[],"categories":[8,17],"tags":[22,24,113,83,92],"yoast_head":"<!-- This site is optimized with the Yoast SEO plugin v18.3 - https:\/\/yoast.com\/wordpress\/plugins\/seo\/ -->\n<title>CDL Jovem An\u00e1polis promove palestra &quot;Liderar sem surtar&quot; e refor\u00e7a a sa\u00fade mental no Setembro Amarelo - Manchester FM 93,3<\/title>\n<meta name=\"robots\" content=\"index, follow, max-snippet:-1, max-image-preview:large, max-video-preview:-1\" \/>\n<link rel=\"canonical\" href=\"https:\/\/www.radiomanchester.com.br\/fm\/cdl-jovem-anapolis-promove-palestra-liderar-sem-surtar-e-reforca-a-saude-mental-no-setembro-amarelo\/\" \/>\n<meta property=\"og:locale\" content=\"pt_BR\" \/>\n<meta property=\"og:type\" content=\"article\" \/>\n<meta property=\"og:title\" content=\"CDL Jovem An\u00e1polis promove palestra &quot;Liderar sem surtar&quot; e refor\u00e7a a sa\u00fade mental no Setembro Amarelo - Manchester FM 93,3\" \/>\n<meta property=\"og:description\" content=\"Dentro das a\u00e7\u00f5es do Setembro Amarelo, m\u00eas dedicado \u00e0 conscientiza\u00e7\u00e3o e aos cuidados com a sa\u00fade mental, a CDL Jovem An\u00e1polis realiza nesta quinta-feira (03\/09), \u00e0s 19h, a palestra gratuita &#8220;Liderar sem surtar&#8221;. O encontro acontece na sede da entidade e \u00e9 voltado para empres\u00e1rios, comerciantes, colaboradores e l\u00edderes de neg\u00f3cios do munic\u00edpio. A CDL [&hellip;]\" \/>\n<meta property=\"og:url\" content=\"https:\/\/www.radiomanchester.com.br\/fm\/cdl-jovem-anapolis-promove-palestra-liderar-sem-surtar-e-reforca-a-saude-mental-no-setembro-amarelo\/\" \/>\n<meta property=\"og:site_name\" content=\"Manchester FM 93,3\" \/>\n<meta property=\"article:published_time\" content=\"2026-09-01T22:41:47+00:00\" \/>\n<meta property=\"article:modified_time\" content=\"2026-09-01T22:41:49+00:00\" \/>\n<meta name=\"twitter:card\" content=\"summary_large_image\" \/>\n<meta name=\"twitter:label1\" content=\"Escrito por\" \/>\n\t<meta name=\"twitter:data1\" content=\"admin\" \/>\n\t<meta name=\"twitter:label2\" content=\"Est. tempo de leitura\" \/>\n\t<meta name=\"twitter:data2\" content=\"2 minutos\" \/>\n<script type=\"application\/ld+json\" class=\"yoast-schema-graph\">{\"@context\":\"https:\/\/schema.org\",\"@graph\":[{\"@type\":\"WebSite\",\"@id\":\"https:\/\/www.radiomanchester.com.br\/fm\/#website\",\"url\":\"https:\/\/www.radiomanchester.com.br\/fm\/\",\"name\":\"Manchester FM 93,3\",\"description\":\"Todo Mundo Ouve!\",\"potentialAction\":[{\"@type\":\"SearchAction\",\"target\":{\"@type\":\"EntryPoint\",\"urlTemplate\":\"https:\/\/www.radiomanchester.com.br\/fm\/?s={search_term_string}\"},\"query-input\":\"required name=search_term_string\"}],\"inLanguage\":\"pt-BR\"},{\"@type\":\"WebPage\",\"@id\":\"https:\/\/www.radiomanchester.com.br\/fm\/cdl-jovem-anapolis-promove-palestra-liderar-sem-surtar-e-reforca-a-saude-mental-no-setembro-amarelo\/#webpage\",\"url\":\"https:\/\/www.radiomanchester.com.br\/fm\/cdl-jovem-anapolis-promove-palestra-liderar-sem-surtar-e-reforca-a-saude-mental-no-setembro-amarelo\/\",\"name\":\"CDL Jovem An\u00e1polis promove palestra \\\"Liderar sem surtar\\\" e refor\u00e7a a sa\u00fade mental no Setembro Amarelo - Manchester FM 93,3\",\"isPartOf\":{\"@id\":\"https:\/\/www.radiomanchester.com.br\/fm\/#website\"},\"datePublished\":\"2026-09-01T22:41:47+00:00\",\"dateModified\":\"2026-09-01T22:41:49+00:00\",\"author\":{\"@id\":\"https:\/\/www.radiomanchester.com.br\/fm\/#\/schema\/person\/408a7b4d4e32cbebd90e2782852abca3\"},\"breadcrumb\":{\"@id\":\"https:\/\/www.radiomanchester.com.br\/fm\/cdl-jovem-anapolis-promove-palestra-liderar-sem-surtar-e-reforca-a-saude-mental-no-setembro-amarelo\/#breadcrumb\"},\"inLanguage\":\"pt-BR\",\"potentialAction\":[{\"@type\":\"ReadAction\",\"target\":[\"https:\/\/www.radiomanchester.com.br\/fm\/cdl-jovem-anapolis-promove-palestra-liderar-sem-surtar-e-reforca-a-saude-mental-no-setembro-amarelo\/\"]}]},{\"@type\":\"BreadcrumbList\",\"@id\":\"https:\/\/www.radiomanchester.com.br\/fm\/cdl-jovem-anapolis-promove-palestra-liderar-sem-surtar-e-reforca-a-saude-mental-no-setembro-amarelo\/#breadcrumb\",\"itemListElement\":[{\"@type\":\"ListItem\",\"position\":1,\"name\":\"Home\",\"item\":\"https:\/\/www.radiomanchester.com.br\/fm\/\"},{\"@type\":\"ListItem\",\"position\":2,\"name\":\"CDL Jovem An\u00e1polis promove palestra &#8220;Liderar sem surtar&#8221; e refor\u00e7a a sa\u00fade mental no Setembro Amarelo\"}]},{\"@type\":\"Person\",\"@id\":\"https:\/\/www.radiomanchester.com.br\/fm\/#\/schema\/person\/408a7b4d4e32cbebd90e2782852abca3\",\"name\":\"admin\",\"image\":{\"@type\":\"ImageObject\",\"@id\":\"https:\/\/www.radiomanchester.com.br\/fm\/#personlogo\",\"inLanguage\":\"pt-BR\",\"url\":\"https:\/\/secure.gravatar.com\/avatar\/115a974dba3376872eb3addeb276301c?s=96&d=mm&r=g\",\"contentUrl\":\"https:\/\/secure.gravatar.com\/avatar\/115a974dba3376872eb3addeb276301c?s=96&d=mm&r=g\",\"caption\":\"admin\"},\"url\":\"https:\/\/www.radiomanchester.com.br\/fm\/author\/admin\/\"}]}<\/script>\n<!-- \/ Yoast SEO plugin. -->","yoast_head_json":{"title":"CDL Jovem An\u00e1polis promove palestra \"Liderar sem surtar\" e refor\u00e7a a sa\u00fade mental no Setembro Amarelo - Manchester FM 93,3","robots":{"index":"index","follow":"follow","max-snippet":"max-snippet:-1","max-image-preview":"max-image-preview:large","max-video-preview":"max-video-preview:-1"},"canonical":"https:\/\/www.radiomanchester.com.br\/fm\/cdl-jovem-anapolis-promove-palestra-liderar-sem-surtar-e-reforca-a-saude-mental-no-setembro-amarelo\/","og_locale":"pt_BR","og_type":"article","og_title":"CDL Jovem An\u00e1polis promove palestra \"Liderar sem surtar\" e refor\u00e7a a sa\u00fade mental no Setembro Amarelo - Manchester FM 93,3","og_description":"Dentro das a\u00e7\u00f5es do Setembro Amarelo, m\u00eas dedicado \u00e0 conscientiza\u00e7\u00e3o e aos cuidados com a sa\u00fade mental, a CDL Jovem An\u00e1polis realiza nesta quinta-feira (03\/09), \u00e0s 19h, a palestra gratuita &#8220;Liderar sem surtar&#8221;. O encontro acontece na sede da entidade e \u00e9 voltado para empres\u00e1rios, comerciantes, colaboradores e l\u00edderes de neg\u00f3cios do munic\u00edpio. A CDL [&hellip;]","og_url":"https:\/\/www.radiomanchester.com.br\/fm\/cdl-jovem-anapolis-promove-palestra-liderar-sem-surtar-e-reforca-a-saude-mental-no-setembro-amarelo\/","og_site_name":"Manchester FM 93,3","article_published_time":"2026-09-01T22:41:47+00:00","article_modified_time":"2026-09-01T22:41:49+00:00","twitter_card":"summary_large_image","twitter_misc":{"Escrito por":"admin","Est. tempo de leitura":"2 minutos"},"schema":{"@context":"https:\/\/schema.org","@graph":[{"@type":"WebSite","@id":"https:\/\/www.radiomanchester.com.br\/fm\/#website","url":"https:\/\/www.radiomanchester.com.br\/fm\/","name":"Manchester FM 93,3","description":"Todo Mundo Ouve!","potentialAction":[{"@type":"SearchAction","target":{"@type":"EntryPoint","urlTemplate":"https:\/\/www.radiomanchester.com.br\/fm\/?s={search_term_string}"},"query-input":"required name=search_term_string"}],"inLanguage":"pt-BR"},{"@type":"WebPage","@id":"https:\/\/www.radiomanchester.com.br\/fm\/cdl-jovem-anapolis-promove-palestra-liderar-sem-surtar-e-reforca-a-saude-mental-no-setembro-amarelo\/#webpage","url":"https:\/\/www.radiomanchester.com.br\/fm\/cdl-jovem-anapolis-promove-palestra-liderar-sem-surtar-e-reforca-a-saude-mental-no-setembro-amarelo\/","name":"CDL Jovem An\u00e1polis promove palestra \"Liderar sem surtar\" e refor\u00e7a a sa\u00fade mental no Setembro Amarelo - Manchester FM 93,3","isPartOf":{"@id":"https:\/\/www.radiomanchester.com.br\/fm\/#website"},"datePublished":"2026-09-01T22:41:47+00:00","dateModified":"2026-09-01T22:41:49+00:00","author":{"@id":"https:\/\/www.radiomanchester.com.br\/fm\/#\/schema\/person\/408a7b4d4e32cbebd90e2782852abca3"},"breadcrumb":{"@id":"https:\/\/www.radiomanchester.com.br\/fm\/cdl-jovem-anapolis-promove-palestra-liderar-sem-surtar-e-reforca-a-saude-mental-no-setembro-amarelo\/#breadcrumb"},"inLanguage":"pt-BR","potentialAction":[{"@type":"ReadAction","target":["https:\/\/www.radiomanchester.com.br\/fm\/cdl-jovem-anapolis-promove-palestra-liderar-sem-surtar-e-reforca-a-saude-mental-no-setembro-amarelo\/"]}]},{"@type":"BreadcrumbList","@id":"https:\/\/www.radiomanchester.com.br\/fm\/cdl-jovem-anapolis-promove-palestra-liderar-sem-surtar-e-reforca-a-saude-mental-no-setembro-amarelo\/#breadcrumb","itemListElement":[{"@type":"ListItem","position":1,"name":"Home","item":"https:\/\/www.radiomanchester.com.br\/fm\/"},{"@type":"ListItem","position":2,"name":"CDL Jovem An\u00e1polis promove palestra &#8220;Liderar sem surtar&#8221; e refor\u00e7a a sa\u00fade mental no Setembro Amarelo"}]},{"@type":"Person","@id":"https:\/\/www.radiomanchester.com.br\/fm\/#\/schema\/person\/408a7b4d4e32cbebd90e2782852abca3","name":"admin","image":{"@type":"ImageObject","@id":"https:\/\/www.radiomanchester.com.br\/fm\/#personlogo","inLanguage":"pt-BR","url":"https:\/\/secure.gravatar.com\/avatar\/115a974dba3376872eb3addeb276301c?s=96&d=mm&r=g","contentUrl":"https:\/\/secure.gravatar.com\/avatar\/115a974dba3376872eb3addeb276301c?s=96&d=mm&r=g","caption":"admin"},"url":"https:\/\/www.radiomanchester.com.br\/fm\/author\/admin\/"}]}},"_links":{"self":[{"href":"https:\/\/www.radiomanchester.com.br\/fm\/wp-json\/wp\/v2\/posts\/18290"}],"collection":[{"href":"https:\/\/www.radiomanchester.com.br\/fm\/wp-json\/wp\/v2\/posts"}],"about":[{"href":"https:\/\/www.radiomanchester.com.br\/fm\/wp-json\/wp\/v2\/types\/post"}],"author":[{"embeddable":true,"href":"https:\/\/www.radiomanchester.com.br\/fm\/wp-json\/wp\/v2\/users\/1"}],"replies":[{"embeddable":true,"href":"https:\/\/www.radiomanchester.com.br\/fm\/wp-json\/wp\/v2\/comments?post=18290"}],"version-history":[{"count":1,"href":"https:\/\/www.radiomanchester.com.br\/fm\/wp-json\/wp\/v2\/posts\/18290\/revisions"}],"predecessor-version":[{"id":18291,"href":"https:\/\/www.radiomanchester.com.br\/fm\/wp-json\/wp\/v2\/posts\/18290\/revisions\/18291"}],"wp:attachment":[{"href":"https:\/\/www.radiomanchester.com.br\/fm\/wp-json\/wp\/v2\/media?parent=18290"}],"wp:term":[{"taxonomy":"category","embeddable":true,"href":"https:\/\/www.radiomanchester.com.br\/fm\/wp-json\/wp\/v2\/categories?post=18290"},{"taxonomy":"post_tag","embeddable":true,"href":"https:\/\/www.radiomanchester.com.br\/fm\/wp-json\/wp\/v2\/tags?post=18290"}],"curies":[{"name":"wp","href":"https:\/\/api.w.org\/{rel}","templated":true}]}}