{"id":18294,"date":"2026-09-02T20:20:09","date_gmt":"2026-09-02T23:20:09","guid":{"rendered":"https:\/\/www.radiomanchester.com.br\/fm\/?p=18294"},"modified":"2026-09-02T20:20:11","modified_gmt":"2026-09-02T23:20:11","slug":"convocados-para-atuar-como-cuidadores-na-rede-municipal-tem-ate-sexta-feira-4-para-se-apresentarem","status":"publish","type":"post","link":"https:\/\/www.radiomanchester.com.br\/fm\/convocados-para-atuar-como-cuidadores-na-rede-municipal-tem-ate-sexta-feira-4-para-se-apresentarem\/","title":{"rendered":"Convocados para atuar como cuidadores na Rede Municipal t\u00eam at\u00e9 sexta-feira (4) para se apresentarem"},"content":{"rendered":"\n<p><\/p>\n\n\n\n<p>Cuidadores convocados em processo seletivo para atuar na Rede Municipal de Educa\u00e7\u00e3o t\u00eam at\u00e9 sexta-feira (4\/09) para se apresentar na sede da Secretaria Municipal de Educa\u00e7\u00e3o, localizada no antigo Centro Administrativo, na Avenida Brasil Sul, n\u00ba 200, no Centro.<\/p>\n\n\n\n<p>Os profissionais devem apresentar a documenta\u00e7\u00e3o exigida, que inclui fotoc\u00f3pias do documento de identidade, CPF e t\u00edtulo de eleitor; comprovante de inscri\u00e7\u00e3o no PIS\/Pasep; certid\u00e3o de nascimento, casamento ou averba\u00e7\u00e3o de div\u00f3rcio; certid\u00e3o negativa criminal, al\u00e9m dos demais documentos previstos no Di\u00e1rio Oficial do Munic\u00edpio (DOM), publicado em 14 de agosto.<\/p>\n\n\n\n<p>Foram convocados os seguintes candidatos: Osvaldo Augusto de Mello, Cicero Aparecido da Silva, Patr\u00edcia Andrade Fernandes, Jaqueline Silva de Sa, Raquel Oliveira Santos Souza, Elisangela Odrigues de Morais, Victoria Luiza Rodrigues, Eunice Modesta da Silva, Larissa Alves Fernandes, Priscila Correa Junqueira, Tamisses Oliveira Ribeiro, Katielle de Almeida Rabelo, Erlane Rodrigues Pereira da Silva, Jaqueline Alves da Silva Andrade, Nara de Andrade Chagas Pereira Gon\u00e7alves, Vanessa Rodrigues de Deus, Abadia Lopes Pereira da Silva, Aline da Cunha Pereira Damaceno, Dalva Torquato D Silva, Jane Alves da Silva, Nathalia Fernandes Moreira.<\/p>\n\n\n\n<p>Tamb\u00e9m foram convocadas Ana Caroline Silva Neres, Danielle Evelyn Cardoso Leite, Joana D\u00b4arc Santos, Marineide Rodrigues Bringel, Maria Clara Resende Ferreira, Jackeline Moreira Lopes, L\u00edvia Chaves Ribeiro dos Santos, N\u00fabia Gomes da Silva Cruz, Geina Lopes de Oliveira, Sandra L\u00facia da Silveira Castro Aquino, Adriana Luiz Moreira Silva, Maria Gomes Corcino Barros, Ana Paula Rodrigues do Amaral.<\/p>\n\n\n\n<p>Est\u00e3o inclusos tamb\u00e9m na lista Kelia Alves Tavares, Amanda Ferraz Teixeira Vasconcellos, Wyanny de Oliveira Rodrigues, Valdelene Nunes Santos, Alessandra Ferreira do Carmo, Raryan Sales Rodrigues Dutra, Wilma Rocha do Ros\u00e1rio Souza, Leticia do Nascimento Cordeiro, Irani Pereira da Costa, Deborah Cristina Silva e Kelen Cristina N\u00e9ri, Valdberto Gomes de Oliveira, N\u00fabia Gracielle Pereira dos Santos, Sandra de Sousa Bel\u00e9m, Daniella de Castro Aquino e Andreza Santana de Ara\u00fajo.<\/p>\n","protected":false},"excerpt":{"rendered":"<p class=\"excerpt\">Cuidadores convocados em processo seletivo para atuar na Rede Municipal de Educa\u00e7\u00e3o t\u00eam at\u00e9 sexta-feira (4\/09) para se apresentar na sede da Secretaria Municipal de Educa\u00e7\u00e3o, localizada no antigo Centro Administrativo, na Avenida Brasil Sul, n\u00ba 200, no Centro. Os profissionais devem apresentar a documenta\u00e7\u00e3o exigida, que inclui fotoc\u00f3pias do documento de identidade, CPF e [&hellip;]<\/p>\n","protected":false},"author":1,"featured_media":0,"comment_status":"open","ping_status":"open","sticky":false,"template":"","format":"standard","meta":[],"categories":[8,17],"tags":[22,24,113,83,129,92],"yoast_head":"<!-- This site is optimized with the Yoast SEO plugin v18.3 - https:\/\/yoast.com\/wordpress\/plugins\/seo\/ -->\n<title>Convocados para atuar como cuidadores na Rede Municipal t\u00eam at\u00e9 sexta-feira (4) para se apresentarem - Manchester FM 93,3<\/title>\n<meta name=\"robots\" content=\"index, follow, max-snippet:-1, max-image-preview:large, max-video-preview:-1\" \/>\n<link rel=\"canonical\" href=\"https:\/\/www.radiomanchester.com.br\/fm\/convocados-para-atuar-como-cuidadores-na-rede-municipal-tem-ate-sexta-feira-4-para-se-apresentarem\/\" \/>\n<meta property=\"og:locale\" content=\"pt_BR\" \/>\n<meta property=\"og:type\" content=\"article\" \/>\n<meta property=\"og:title\" content=\"Convocados para atuar como cuidadores na Rede Municipal t\u00eam at\u00e9 sexta-feira (4) para se apresentarem - Manchester FM 93,3\" \/>\n<meta property=\"og:description\" content=\"Cuidadores convocados em processo seletivo para atuar na Rede Municipal de Educa\u00e7\u00e3o t\u00eam at\u00e9 sexta-feira (4\/09) para se apresentar na sede da Secretaria Municipal de Educa\u00e7\u00e3o, localizada no antigo Centro Administrativo, na Avenida Brasil Sul, n\u00ba 200, no Centro. Os profissionais devem apresentar a documenta\u00e7\u00e3o exigida, que inclui fotoc\u00f3pias do documento de identidade, CPF e [&hellip;]\" \/>\n<meta property=\"og:url\" content=\"https:\/\/www.radiomanchester.com.br\/fm\/convocados-para-atuar-como-cuidadores-na-rede-municipal-tem-ate-sexta-feira-4-para-se-apresentarem\/\" \/>\n<meta property=\"og:site_name\" content=\"Manchester FM 93,3\" \/>\n<meta property=\"article:published_time\" content=\"2026-09-02T23:20:09+00:00\" \/>\n<meta property=\"article:modified_time\" content=\"2026-09-02T23:20:11+00:00\" \/>\n<meta name=\"twitter:card\" content=\"summary_large_image\" \/>\n<meta name=\"twitter:label1\" content=\"Escrito por\" \/>\n\t<meta name=\"twitter:data1\" content=\"admin\" \/>\n\t<meta name=\"twitter:label2\" content=\"Est. tempo de leitura\" \/>\n\t<meta name=\"twitter:data2\" content=\"2 minutos\" \/>\n<script type=\"application\/ld+json\" class=\"yoast-schema-graph\">{\"@context\":\"https:\/\/schema.org\",\"@graph\":[{\"@type\":\"WebSite\",\"@id\":\"https:\/\/www.radiomanchester.com.br\/fm\/#website\",\"url\":\"https:\/\/www.radiomanchester.com.br\/fm\/\",\"name\":\"Manchester FM 93,3\",\"description\":\"Todo Mundo Ouve!\",\"potentialAction\":[{\"@type\":\"SearchAction\",\"target\":{\"@type\":\"EntryPoint\",\"urlTemplate\":\"https:\/\/www.radiomanchester.com.br\/fm\/?s={search_term_string}\"},\"query-input\":\"required name=search_term_string\"}],\"inLanguage\":\"pt-BR\"},{\"@type\":\"WebPage\",\"@id\":\"https:\/\/www.radiomanchester.com.br\/fm\/convocados-para-atuar-como-cuidadores-na-rede-municipal-tem-ate-sexta-feira-4-para-se-apresentarem\/#webpage\",\"url\":\"https:\/\/www.radiomanchester.com.br\/fm\/convocados-para-atuar-como-cuidadores-na-rede-municipal-tem-ate-sexta-feira-4-para-se-apresentarem\/\",\"name\":\"Convocados para atuar como cuidadores na Rede Municipal t\u00eam at\u00e9 sexta-feira (4) para se apresentarem - Manchester FM 93,3\",\"isPartOf\":{\"@id\":\"https:\/\/www.radiomanchester.com.br\/fm\/#website\"},\"datePublished\":\"2026-09-02T23:20:09+00:00\",\"dateModified\":\"2026-09-02T23:20:11+00:00\",\"author\":{\"@id\":\"https:\/\/www.radiomanchester.com.br\/fm\/#\/schema\/person\/408a7b4d4e32cbebd90e2782852abca3\"},\"breadcrumb\":{\"@id\":\"https:\/\/www.radiomanchester.com.br\/fm\/convocados-para-atuar-como-cuidadores-na-rede-municipal-tem-ate-sexta-feira-4-para-se-apresentarem\/#breadcrumb\"},\"inLanguage\":\"pt-BR\",\"potentialAction\":[{\"@type\":\"ReadAction\",\"target\":[\"https:\/\/www.radiomanchester.com.br\/fm\/convocados-para-atuar-como-cuidadores-na-rede-municipal-tem-ate-sexta-feira-4-para-se-apresentarem\/\"]}]},{\"@type\":\"BreadcrumbList\",\"@id\":\"https:\/\/www.radiomanchester.com.br\/fm\/convocados-para-atuar-como-cuidadores-na-rede-municipal-tem-ate-sexta-feira-4-para-se-apresentarem\/#breadcrumb\",\"itemListElement\":[{\"@type\":\"ListItem\",\"position\":1,\"name\":\"Home\",\"item\":\"https:\/\/www.radiomanchester.com.br\/fm\/\"},{\"@type\":\"ListItem\",\"position\":2,\"name\":\"Convocados para atuar como cuidadores na Rede Municipal t\u00eam at\u00e9 sexta-feira (4) para se apresentarem\"}]},{\"@type\":\"Person\",\"@id\":\"https:\/\/www.radiomanchester.com.br\/fm\/#\/schema\/person\/408a7b4d4e32cbebd90e2782852abca3\",\"name\":\"admin\",\"image\":{\"@type\":\"ImageObject\",\"@id\":\"https:\/\/www.radiomanchester.com.br\/fm\/#personlogo\",\"inLanguage\":\"pt-BR\",\"url\":\"https:\/\/secure.gravatar.com\/avatar\/115a974dba3376872eb3addeb276301c?s=96&d=mm&r=g\",\"contentUrl\":\"https:\/\/secure.gravatar.com\/avatar\/115a974dba3376872eb3addeb276301c?s=96&d=mm&r=g\",\"caption\":\"admin\"},\"url\":\"https:\/\/www.radiomanchester.com.br\/fm\/author\/admin\/\"}]}<\/script>\n<!-- \/ Yoast SEO plugin. -->","yoast_head_json":{"title":"Convocados para atuar como cuidadores na Rede Municipal t\u00eam at\u00e9 sexta-feira (4) para se apresentarem - Manchester FM 93,3","robots":{"index":"index","follow":"follow","max-snippet":"max-snippet:-1","max-image-preview":"max-image-preview:large","max-video-preview":"max-video-preview:-1"},"canonical":"https:\/\/www.radiomanchester.com.br\/fm\/convocados-para-atuar-como-cuidadores-na-rede-municipal-tem-ate-sexta-feira-4-para-se-apresentarem\/","og_locale":"pt_BR","og_type":"article","og_title":"Convocados para atuar como cuidadores na Rede Municipal t\u00eam at\u00e9 sexta-feira (4) para se apresentarem - Manchester FM 93,3","og_description":"Cuidadores convocados em processo seletivo para atuar na Rede Municipal de Educa\u00e7\u00e3o t\u00eam at\u00e9 sexta-feira (4\/09) para se apresentar na sede da Secretaria Municipal de Educa\u00e7\u00e3o, localizada no antigo Centro Administrativo, na Avenida Brasil Sul, n\u00ba 200, no Centro. Os profissionais devem apresentar a documenta\u00e7\u00e3o exigida, que inclui fotoc\u00f3pias do documento de identidade, CPF e [&hellip;]","og_url":"https:\/\/www.radiomanchester.com.br\/fm\/convocados-para-atuar-como-cuidadores-na-rede-municipal-tem-ate-sexta-feira-4-para-se-apresentarem\/","og_site_name":"Manchester FM 93,3","article_published_time":"2026-09-02T23:20:09+00:00","article_modified_time":"2026-09-02T23:20:11+00:00","twitter_card":"summary_large_image","twitter_misc":{"Escrito por":"admin","Est. tempo de leitura":"2 minutos"},"schema":{"@context":"https:\/\/schema.org","@graph":[{"@type":"WebSite","@id":"https:\/\/www.radiomanchester.com.br\/fm\/#website","url":"https:\/\/www.radiomanchester.com.br\/fm\/","name":"Manchester FM 93,3","description":"Todo Mundo Ouve!","potentialAction":[{"@type":"SearchAction","target":{"@type":"EntryPoint","urlTemplate":"https:\/\/www.radiomanchester.com.br\/fm\/?s={search_term_string}"},"query-input":"required name=search_term_string"}],"inLanguage":"pt-BR"},{"@type":"WebPage","@id":"https:\/\/www.radiomanchester.com.br\/fm\/convocados-para-atuar-como-cuidadores-na-rede-municipal-tem-ate-sexta-feira-4-para-se-apresentarem\/#webpage","url":"https:\/\/www.radiomanchester.com.br\/fm\/convocados-para-atuar-como-cuidadores-na-rede-municipal-tem-ate-sexta-feira-4-para-se-apresentarem\/","name":"Convocados para atuar como cuidadores na Rede Municipal t\u00eam at\u00e9 sexta-feira (4) para se apresentarem - Manchester FM 93,3","isPartOf":{"@id":"https:\/\/www.radiomanchester.com.br\/fm\/#website"},"datePublished":"2026-09-02T23:20:09+00:00","dateModified":"2026-09-02T23:20:11+00:00","author":{"@id":"https:\/\/www.radiomanchester.com.br\/fm\/#\/schema\/person\/408a7b4d4e32cbebd90e2782852abca3"},"breadcrumb":{"@id":"https:\/\/www.radiomanchester.com.br\/fm\/convocados-para-atuar-como-cuidadores-na-rede-municipal-tem-ate-sexta-feira-4-para-se-apresentarem\/#breadcrumb"},"inLanguage":"pt-BR","potentialAction":[{"@type":"ReadAction","target":["https:\/\/www.radiomanchester.com.br\/fm\/convocados-para-atuar-como-cuidadores-na-rede-municipal-tem-ate-sexta-feira-4-para-se-apresentarem\/"]}]},{"@type":"BreadcrumbList","@id":"https:\/\/www.radiomanchester.com.br\/fm\/convocados-para-atuar-como-cuidadores-na-rede-municipal-tem-ate-sexta-feira-4-para-se-apresentarem\/#breadcrumb","itemListElement":[{"@type":"ListItem","position":1,"name":"Home","item":"https:\/\/www.radiomanchester.com.br\/fm\/"},{"@type":"ListItem","position":2,"name":"Convocados para atuar como cuidadores na Rede Municipal t\u00eam at\u00e9 sexta-feira (4) para se apresentarem"}]},{"@type":"Person","@id":"https:\/\/www.radiomanchester.com.br\/fm\/#\/schema\/person\/408a7b4d4e32cbebd90e2782852abca3","name":"admin","image":{"@type":"ImageObject","@id":"https:\/\/www.radiomanchester.com.br\/fm\/#personlogo","inLanguage":"pt-BR","url":"https:\/\/secure.gravatar.com\/avatar\/115a974dba3376872eb3addeb276301c?s=96&d=mm&r=g","contentUrl":"https:\/\/secure.gravatar.com\/avatar\/115a974dba3376872eb3addeb276301c?s=96&d=mm&r=g","caption":"admin"},"url":"https:\/\/www.radiomanchester.com.br\/fm\/author\/admin\/"}]}},"_links":{"self":[{"href":"https:\/\/www.radiomanchester.com.br\/fm\/wp-json\/wp\/v2\/posts\/18294"}],"collection":[{"href":"https:\/\/www.radiomanchester.com.br\/fm\/wp-json\/wp\/v2\/posts"}],"about":[{"href":"https:\/\/www.radiomanchester.com.br\/fm\/wp-json\/wp\/v2\/types\/post"}],"author":[{"embeddable":true,"href":"https:\/\/www.radiomanchester.com.br\/fm\/wp-json\/wp\/v2\/users\/1"}],"replies":[{"embeddable":true,"href":"https:\/\/www.radiomanchester.com.br\/fm\/wp-json\/wp\/v2\/comments?post=18294"}],"version-history":[{"count":1,"href":"https:\/\/www.radiomanchester.com.br\/fm\/wp-json\/wp\/v2\/posts\/18294\/revisions"}],"predecessor-version":[{"id":18295,"href":"https:\/\/www.radiomanchester.com.br\/fm\/wp-json\/wp\/v2\/posts\/18294\/revisions\/18295"}],"wp:attachment":[{"href":"https:\/\/www.radiomanchester.com.br\/fm\/wp-json\/wp\/v2\/media?parent=18294"}],"wp:term":[{"taxonomy":"category","embeddable":true,"href":"https:\/\/www.radiomanchester.com.br\/fm\/wp-json\/wp\/v2\/categories?post=18294"},{"taxonomy":"post_tag","embeddable":true,"href":"https:\/\/www.radiomanchester.com.br\/fm\/wp-json\/wp\/v2\/tags?post=18294"}],"curies":[{"name":"wp","href":"https:\/\/api.w.org\/{rel}","templated":true}]}}