{"id":4973,"date":"2021-06-13T15:07:33","date_gmt":"2021-06-13T18:07:33","guid":{"rendered":"http:\/\/www.radiomanchester.com.br\/fm\/?p=4973"},"modified":"2021-06-13T00:09:07","modified_gmt":"2021-06-13T03:09:07","slug":"fernanda-souza-abre-o-jogo-sobre-o-seu-afastamento-da-tv","status":"publish","type":"post","link":"https:\/\/www.radiomanchester.com.br\/fm\/fernanda-souza-abre-o-jogo-sobre-o-seu-afastamento-da-tv\/","title":{"rendered":"Fernanda Souza abre o jogo sobre o seu afastamento da TV"},"content":{"rendered":"<h5 class=\"p1\">Fernanda Souza revelou a raz\u00e3o de ter se afastado da telinha e do teatro<\/h5>\n<p>&nbsp;<\/p>\n<p class=\"p1\"><span class=\"s1\">A atriz e apresentadora Fernanda Souza (36 anos) revelou durante uma recente entrevista dada ao podcast Uma Estrangeira qual foi o motivo do seu afastamento da televis\u00e3o.<\/span><\/p>\n<p>&nbsp;<\/p>\n<p class=\"p1\"><span class=\"s1\">De acordo com a<span class=\"s2\"> ex-artista<\/span> da TV Globo, o cansa\u00e7o mental a fez deixar tudo de lado e tirar um ano sab\u00e1tico e longe do trabalho.<\/span><\/p>\n<p>&nbsp;<\/p>\n<p class=\"p1\"><span class=\"s1\">&#8220;Nunca tinha pensado na minha vida tirar um per\u00edodo sab\u00e1tico. N\u00e3o tinha essa possibilidade. At\u00e9, hoje, n\u00e3o entendi (risos). Na verdade, o que aconteceu, sendo sincera, \u00e9 que eu tava trabalhando muito. Eu mantinha um canal que eu tinha que produzir os conte\u00fados da minha cabe\u00e7a, um total de 12 v\u00eddeos por m\u00eas, que era muita coisa. Tinha a rede social que a gente alimenta, muitos trabalhos ali na rede social tamb\u00e9m, o &#8220;S\u00f3 toca top&#8221; (da Rede Globo), o &#8220;Vai Fernandinha&#8221; (no Multishow), que eu participava de toda a cria\u00e7\u00e3o de roteiro, escolha de convidado, da edi\u00e7\u00e3o final do programa e ainda escrevia as hashtags. Ou seja, era um processo muito intenso&#8221;, relatou.<\/span><\/p>\n<p>&nbsp;<\/p>\n<p class=\"p1\"><span class=\"s1\">&#8220;Tive a honra de sempre trabalhar muito e aquilo depois de um tempo me deixou mentalmente cansada. Sabe quando voc\u00ea precisa de um iato para dar uma respirada?!&#8221;, afirmou ela que tamb\u00e9m estava no teatro.<\/span><\/p>\n<p>&nbsp;<\/p>\n<p class=\"p1\"><span class=\"s1\">&#8220;Tinha feito cinco anos do &#8220;Meu Passado Me Condena&#8221; e era muito desafiador por causa do medo de avi\u00e3o na \u00e9poca. Para eu viajar, eu tinha que pegar avi\u00e3o, ent\u00e3o, era sempre uma quest\u00e3o emocional ali envolvida. Todo voo era uma batalha. S\u00f3 que eu n\u00e3o desistia, porque, sei l\u00e1, voc\u00ea tem uma plateia de cinco mil pessoas esperando num lugar. Como voc\u00ea n\u00e3o vai entrar no avi\u00e3o? E tudo isso vai emocionalmente e mentalmente sentindo uma necessidade de: &#8220;Cara, se eu posso, se eu tenho esse privil\u00e9gio na vida de tirar um tempo, por que n\u00e3o fazer?&#8221;. E a\u00ed eu fiz. Nessa jornada eu fui cancelando tudo&#8221;.<\/span><\/p>\n<p>&nbsp;<\/p>\n<p><span class=\"s1\">Famosa desde crian\u00e7a, Fernanda Souza procurou ter um tempo para ela mesma e repensar toda a sua trajet\u00f3ria. &#8220;Quando eu vi, eu j\u00e1 estava aqui nesta vida mais tranquila, olhando para dentro&#8230; Nunca \u00e9 uma coisa s\u00f3 de fora e nem s\u00f3 de dentro, porque voc\u00ea vai dividir. Eu era casada com o Thi e ele super me apoiou. Falou: &#8220;Claro, se voc\u00ea pode, se voc\u00ea conseguiu conquistar esse lugar, usufrua dele&#8221; porque eu tenho total conhecimento de que esse \u00e9 um lugar muito privilegiado. Ent\u00e3o, eu quero experienciar isso. Ent\u00e3o, foi um mix com uma vontade minha e as pessoas me apoiaram&#8221;, declarou.<\/p>\n<p><\/span><\/p>\n<p>&nbsp;<\/p>\n<p><img loading=\"lazy\" class=\"alignnone size-medium wp-image-4974\" src=\"http:\/\/www.radiomanchester.com.br\/fm\/wp-content\/uploads\/2021\/06\/8E817CAE-7CCB-49CB-896F-3AD716C44DA1-300x155.jpeg\" alt=\"\" width=\"300\" height=\"155\" srcset=\"https:\/\/www.radiomanchester.com.br\/fm\/wp-content\/uploads\/2021\/06\/8E817CAE-7CCB-49CB-896F-3AD716C44DA1-300x155.jpeg 300w, https:\/\/www.radiomanchester.com.br\/fm\/wp-content\/uploads\/2021\/06\/8E817CAE-7CCB-49CB-896F-3AD716C44DA1.jpeg 768w\" sizes=\"(max-width: 300px) 100vw, 300px\" \/><\/p>\n<p class=\"p1\"><span class=\"s1\">Por CarasDigital &#8211; imagem: reprodu\u00e7\u00e3o <\/span><\/p>\n","protected":false},"excerpt":{"rendered":"<p class=\"excerpt\">Fernanda Souza revelou a raz\u00e3o de ter se afastado da telinha e do teatro &nbsp; A atriz e apresentadora Fernanda Souza (36 anos) revelou durante uma recente entrevista dada ao podcast Uma Estrangeira qual foi o motivo do seu afastamento da televis\u00e3o. &nbsp; De acordo com a ex-artista da TV Globo, o cansa\u00e7o mental a [&hellip;]<\/p>\n","protected":false},"author":1,"featured_media":4974,"comment_status":"open","ping_status":"open","sticky":false,"template":"","format":"standard","meta":[],"categories":[8,17],"tags":[],"yoast_head":"<!-- This site is optimized with the Yoast SEO plugin v18.3 - https:\/\/yoast.com\/wordpress\/plugins\/seo\/ -->\n<title>Fernanda Souza abre o jogo sobre o seu afastamento da TV - Manchester FM 93,3<\/title>\n<meta name=\"robots\" content=\"index, follow, max-snippet:-1, max-image-preview:large, max-video-preview:-1\" \/>\n<link rel=\"canonical\" href=\"https:\/\/www.radiomanchester.com.br\/fm\/fernanda-souza-abre-o-jogo-sobre-o-seu-afastamento-da-tv\/\" \/>\n<meta property=\"og:locale\" content=\"pt_BR\" \/>\n<meta property=\"og:type\" content=\"article\" \/>\n<meta property=\"og:title\" content=\"Fernanda Souza abre o jogo sobre o seu afastamento da TV - Manchester FM 93,3\" \/>\n<meta property=\"og:description\" content=\"Fernanda Souza revelou a raz\u00e3o de ter se afastado da telinha e do teatro &nbsp; A atriz e apresentadora Fernanda Souza (36 anos) revelou durante uma recente entrevista dada ao podcast Uma Estrangeira qual foi o motivo do seu afastamento da televis\u00e3o. &nbsp; De acordo com a ex-artista da TV Globo, o cansa\u00e7o mental a [&hellip;]\" \/>\n<meta property=\"og:url\" content=\"https:\/\/www.radiomanchester.com.br\/fm\/fernanda-souza-abre-o-jogo-sobre-o-seu-afastamento-da-tv\/\" \/>\n<meta property=\"og:site_name\" content=\"Manchester FM 93,3\" \/>\n<meta property=\"article:published_time\" content=\"2021-06-13T18:07:33+00:00\" \/>\n<meta property=\"article:modified_time\" content=\"2021-06-13T03:09:07+00:00\" \/>\n<meta property=\"og:image\" content=\"https:\/\/www.radiomanchester.com.br\/fm\/wp-content\/uploads\/2021\/06\/8E817CAE-7CCB-49CB-896F-3AD716C44DA1.jpeg\" \/>\n\t<meta property=\"og:image:width\" content=\"768\" \/>\n\t<meta property=\"og:image:height\" content=\"398\" \/>\n\t<meta property=\"og:image:type\" content=\"image\/jpeg\" \/>\n<meta name=\"twitter:card\" content=\"summary_large_image\" \/>\n<meta name=\"twitter:label1\" content=\"Escrito por\" \/>\n\t<meta name=\"twitter:data1\" content=\"admin\" \/>\n\t<meta name=\"twitter:label2\" content=\"Est. tempo de leitura\" \/>\n\t<meta name=\"twitter:data2\" content=\"2 minutos\" \/>\n<script type=\"application\/ld+json\" class=\"yoast-schema-graph\">{\"@context\":\"https:\/\/schema.org\",\"@graph\":[{\"@type\":\"WebSite\",\"@id\":\"https:\/\/www.radiomanchester.com.br\/fm\/#website\",\"url\":\"https:\/\/www.radiomanchester.com.br\/fm\/\",\"name\":\"Manchester FM 93,3\",\"description\":\"Todo Mundo Ouve!\",\"potentialAction\":[{\"@type\":\"SearchAction\",\"target\":{\"@type\":\"EntryPoint\",\"urlTemplate\":\"https:\/\/www.radiomanchester.com.br\/fm\/?s={search_term_string}\"},\"query-input\":\"required name=search_term_string\"}],\"inLanguage\":\"pt-BR\"},{\"@type\":\"ImageObject\",\"@id\":\"https:\/\/www.radiomanchester.com.br\/fm\/fernanda-souza-abre-o-jogo-sobre-o-seu-afastamento-da-tv\/#primaryimage\",\"inLanguage\":\"pt-BR\",\"url\":\"https:\/\/www.radiomanchester.com.br\/fm\/wp-content\/uploads\/2021\/06\/8E817CAE-7CCB-49CB-896F-3AD716C44DA1.jpeg\",\"contentUrl\":\"https:\/\/www.radiomanchester.com.br\/fm\/wp-content\/uploads\/2021\/06\/8E817CAE-7CCB-49CB-896F-3AD716C44DA1.jpeg\",\"width\":768,\"height\":398},{\"@type\":\"WebPage\",\"@id\":\"https:\/\/www.radiomanchester.com.br\/fm\/fernanda-souza-abre-o-jogo-sobre-o-seu-afastamento-da-tv\/#webpage\",\"url\":\"https:\/\/www.radiomanchester.com.br\/fm\/fernanda-souza-abre-o-jogo-sobre-o-seu-afastamento-da-tv\/\",\"name\":\"Fernanda Souza abre o jogo sobre o seu afastamento da TV - Manchester FM 93,3\",\"isPartOf\":{\"@id\":\"https:\/\/www.radiomanchester.com.br\/fm\/#website\"},\"primaryImageOfPage\":{\"@id\":\"https:\/\/www.radiomanchester.com.br\/fm\/fernanda-souza-abre-o-jogo-sobre-o-seu-afastamento-da-tv\/#primaryimage\"},\"datePublished\":\"2021-06-13T18:07:33+00:00\",\"dateModified\":\"2021-06-13T03:09:07+00:00\",\"author\":{\"@id\":\"https:\/\/www.radiomanchester.com.br\/fm\/#\/schema\/person\/408a7b4d4e32cbebd90e2782852abca3\"},\"breadcrumb\":{\"@id\":\"https:\/\/www.radiomanchester.com.br\/fm\/fernanda-souza-abre-o-jogo-sobre-o-seu-afastamento-da-tv\/#breadcrumb\"},\"inLanguage\":\"pt-BR\",\"potentialAction\":[{\"@type\":\"ReadAction\",\"target\":[\"https:\/\/www.radiomanchester.com.br\/fm\/fernanda-souza-abre-o-jogo-sobre-o-seu-afastamento-da-tv\/\"]}]},{\"@type\":\"BreadcrumbList\",\"@id\":\"https:\/\/www.radiomanchester.com.br\/fm\/fernanda-souza-abre-o-jogo-sobre-o-seu-afastamento-da-tv\/#breadcrumb\",\"itemListElement\":[{\"@type\":\"ListItem\",\"position\":1,\"name\":\"Home\",\"item\":\"https:\/\/www.radiomanchester.com.br\/fm\/\"},{\"@type\":\"ListItem\",\"position\":2,\"name\":\"Fernanda Souza abre o jogo sobre o seu afastamento da TV\"}]},{\"@type\":\"Person\",\"@id\":\"https:\/\/www.radiomanchester.com.br\/fm\/#\/schema\/person\/408a7b4d4e32cbebd90e2782852abca3\",\"name\":\"admin\",\"image\":{\"@type\":\"ImageObject\",\"@id\":\"https:\/\/www.radiomanchester.com.br\/fm\/#personlogo\",\"inLanguage\":\"pt-BR\",\"url\":\"https:\/\/secure.gravatar.com\/avatar\/115a974dba3376872eb3addeb276301c?s=96&d=mm&r=g\",\"contentUrl\":\"https:\/\/secure.gravatar.com\/avatar\/115a974dba3376872eb3addeb276301c?s=96&d=mm&r=g\",\"caption\":\"admin\"},\"url\":\"https:\/\/www.radiomanchester.com.br\/fm\/author\/admin\/\"}]}<\/script>\n<!-- \/ Yoast SEO plugin. -->","yoast_head_json":{"title":"Fernanda Souza abre o jogo sobre o seu afastamento da TV - Manchester FM 93,3","robots":{"index":"index","follow":"follow","max-snippet":"max-snippet:-1","max-image-preview":"max-image-preview:large","max-video-preview":"max-video-preview:-1"},"canonical":"https:\/\/www.radiomanchester.com.br\/fm\/fernanda-souza-abre-o-jogo-sobre-o-seu-afastamento-da-tv\/","og_locale":"pt_BR","og_type":"article","og_title":"Fernanda Souza abre o jogo sobre o seu afastamento da TV - Manchester FM 93,3","og_description":"Fernanda Souza revelou a raz\u00e3o de ter se afastado da telinha e do teatro &nbsp; A atriz e apresentadora Fernanda Souza (36 anos) revelou durante uma recente entrevista dada ao podcast Uma Estrangeira qual foi o motivo do seu afastamento da televis\u00e3o. &nbsp; De acordo com a ex-artista da TV Globo, o cansa\u00e7o mental a [&hellip;]","og_url":"https:\/\/www.radiomanchester.com.br\/fm\/fernanda-souza-abre-o-jogo-sobre-o-seu-afastamento-da-tv\/","og_site_name":"Manchester FM 93,3","article_published_time":"2021-06-13T18:07:33+00:00","article_modified_time":"2021-06-13T03:09:07+00:00","og_image":[{"width":768,"height":398,"url":"https:\/\/www.radiomanchester.com.br\/fm\/wp-content\/uploads\/2021\/06\/8E817CAE-7CCB-49CB-896F-3AD716C44DA1.jpeg","type":"image\/jpeg"}],"twitter_card":"summary_large_image","twitter_misc":{"Escrito por":"admin","Est. tempo de leitura":"2 minutos"},"schema":{"@context":"https:\/\/schema.org","@graph":[{"@type":"WebSite","@id":"https:\/\/www.radiomanchester.com.br\/fm\/#website","url":"https:\/\/www.radiomanchester.com.br\/fm\/","name":"Manchester FM 93,3","description":"Todo Mundo Ouve!","potentialAction":[{"@type":"SearchAction","target":{"@type":"EntryPoint","urlTemplate":"https:\/\/www.radiomanchester.com.br\/fm\/?s={search_term_string}"},"query-input":"required name=search_term_string"}],"inLanguage":"pt-BR"},{"@type":"ImageObject","@id":"https:\/\/www.radiomanchester.com.br\/fm\/fernanda-souza-abre-o-jogo-sobre-o-seu-afastamento-da-tv\/#primaryimage","inLanguage":"pt-BR","url":"https:\/\/www.radiomanchester.com.br\/fm\/wp-content\/uploads\/2021\/06\/8E817CAE-7CCB-49CB-896F-3AD716C44DA1.jpeg","contentUrl":"https:\/\/www.radiomanchester.com.br\/fm\/wp-content\/uploads\/2021\/06\/8E817CAE-7CCB-49CB-896F-3AD716C44DA1.jpeg","width":768,"height":398},{"@type":"WebPage","@id":"https:\/\/www.radiomanchester.com.br\/fm\/fernanda-souza-abre-o-jogo-sobre-o-seu-afastamento-da-tv\/#webpage","url":"https:\/\/www.radiomanchester.com.br\/fm\/fernanda-souza-abre-o-jogo-sobre-o-seu-afastamento-da-tv\/","name":"Fernanda Souza abre o jogo sobre o seu afastamento da TV - Manchester FM 93,3","isPartOf":{"@id":"https:\/\/www.radiomanchester.com.br\/fm\/#website"},"primaryImageOfPage":{"@id":"https:\/\/www.radiomanchester.com.br\/fm\/fernanda-souza-abre-o-jogo-sobre-o-seu-afastamento-da-tv\/#primaryimage"},"datePublished":"2021-06-13T18:07:33+00:00","dateModified":"2021-06-13T03:09:07+00:00","author":{"@id":"https:\/\/www.radiomanchester.com.br\/fm\/#\/schema\/person\/408a7b4d4e32cbebd90e2782852abca3"},"breadcrumb":{"@id":"https:\/\/www.radiomanchester.com.br\/fm\/fernanda-souza-abre-o-jogo-sobre-o-seu-afastamento-da-tv\/#breadcrumb"},"inLanguage":"pt-BR","potentialAction":[{"@type":"ReadAction","target":["https:\/\/www.radiomanchester.com.br\/fm\/fernanda-souza-abre-o-jogo-sobre-o-seu-afastamento-da-tv\/"]}]},{"@type":"BreadcrumbList","@id":"https:\/\/www.radiomanchester.com.br\/fm\/fernanda-souza-abre-o-jogo-sobre-o-seu-afastamento-da-tv\/#breadcrumb","itemListElement":[{"@type":"ListItem","position":1,"name":"Home","item":"https:\/\/www.radiomanchester.com.br\/fm\/"},{"@type":"ListItem","position":2,"name":"Fernanda Souza abre o jogo sobre o seu afastamento da TV"}]},{"@type":"Person","@id":"https:\/\/www.radiomanchester.com.br\/fm\/#\/schema\/person\/408a7b4d4e32cbebd90e2782852abca3","name":"admin","image":{"@type":"ImageObject","@id":"https:\/\/www.radiomanchester.com.br\/fm\/#personlogo","inLanguage":"pt-BR","url":"https:\/\/secure.gravatar.com\/avatar\/115a974dba3376872eb3addeb276301c?s=96&d=mm&r=g","contentUrl":"https:\/\/secure.gravatar.com\/avatar\/115a974dba3376872eb3addeb276301c?s=96&d=mm&r=g","caption":"admin"},"url":"https:\/\/www.radiomanchester.com.br\/fm\/author\/admin\/"}]}},"_links":{"self":[{"href":"https:\/\/www.radiomanchester.com.br\/fm\/wp-json\/wp\/v2\/posts\/4973"}],"collection":[{"href":"https:\/\/www.radiomanchester.com.br\/fm\/wp-json\/wp\/v2\/posts"}],"about":[{"href":"https:\/\/www.radiomanchester.com.br\/fm\/wp-json\/wp\/v2\/types\/post"}],"author":[{"embeddable":true,"href":"https:\/\/www.radiomanchester.com.br\/fm\/wp-json\/wp\/v2\/users\/1"}],"replies":[{"embeddable":true,"href":"https:\/\/www.radiomanchester.com.br\/fm\/wp-json\/wp\/v2\/comments?post=4973"}],"version-history":[{"count":1,"href":"https:\/\/www.radiomanchester.com.br\/fm\/wp-json\/wp\/v2\/posts\/4973\/revisions"}],"predecessor-version":[{"id":4975,"href":"https:\/\/www.radiomanchester.com.br\/fm\/wp-json\/wp\/v2\/posts\/4973\/revisions\/4975"}],"wp:featuredmedia":[{"embeddable":true,"href":"https:\/\/www.radiomanchester.com.br\/fm\/wp-json\/wp\/v2\/media\/4974"}],"wp:attachment":[{"href":"https:\/\/www.radiomanchester.com.br\/fm\/wp-json\/wp\/v2\/media?parent=4973"}],"wp:term":[{"taxonomy":"category","embeddable":true,"href":"https:\/\/www.radiomanchester.com.br\/fm\/wp-json\/wp\/v2\/categories?post=4973"},{"taxonomy":"post_tag","embeddable":true,"href":"https:\/\/www.radiomanchester.com.br\/fm\/wp-json\/wp\/v2\/tags?post=4973"}],"curies":[{"name":"wp","href":"https:\/\/api.w.org\/{rel}","templated":true}]}}