{"id":4997,"date":"2021-06-15T21:06:50","date_gmt":"2021-06-16T00:06:50","guid":{"rendered":"http:\/\/www.radiomanchester.com.br\/fm\/?p=4997"},"modified":"2021-06-15T21:06:50","modified_gmt":"2021-06-16T00:06:50","slug":"caso-lazaro-relembre-todos-os-passos-dados-pelo-criminoso-ate-agora","status":"publish","type":"post","link":"https:\/\/www.radiomanchester.com.br\/fm\/caso-lazaro-relembre-todos-os-passos-dados-pelo-criminoso-ate-agora\/","title":{"rendered":"Caso L\u00e1zaro: relembre todos os passos dados pelo criminoso at\u00e9 agora"},"content":{"rendered":"<h5 class=\"p1\">Em 9 de junho, L\u00e1zaro se tornou suspeito de um triplo homic\u00eddio no Incra 9. Quase uma semana depois, ele \u00e9 procurado por quatro assassinatos, tr\u00eas tentativas de homic\u00eddio e diversas invas\u00f5es<\/h5>\n<p>&nbsp;<\/p>\n<p class=\"p2\"><span class=\"s2\">Quatro assassinatos, tr\u00eas tentativas de homic\u00eddio, tr\u00eas invas\u00f5es e dois inc\u00eandios: a extensa lista de crimes feitos por L\u00e1zaro Barbosa desde a \u00faltima quarta-feira (9 de junho) o colocou como o homem mais procurado do Distrito Federal e de Goi\u00e1s atualmente. Na ocasi\u00e3o, o criminoso de 33 anos foi apontado pela Pol\u00edcia Civil como autor de um triplo homic\u00eddio no Incra 9 em Ceil\u00e2ndia no Distrito Federal.<\/span><\/p>\n<p>&nbsp;<\/p>\n<p class=\"p2\"><span class=\"s2\">Agora, s\u00e3o mais de 200 policiais de diversas for\u00e7as militares empenhados nas buscas do criminoso. At\u00e9 a noite desta segunda-feira (14 de junho), o suspeito permanece foragido, ap\u00f3s desaparecer ao entrar em uma mata fechada pr\u00f3xima \u00e0 BR-070, na altura de Edil\u00e2ndia (GO). L\u00e1zaro abandonou o ve\u00edculo que usava, roubado da \u00faltima ch\u00e1cara que invadiu em Cocalzinho, ap\u00f3s avistar uma viatura.<br \/>\n<\/span><\/p>\n<p>&nbsp;<\/p>\n<p class=\"p2\"><span class=\"s2\">Desde ent\u00e3o, os policiais que participam da miss\u00e3o o procuram; c\u00e3es farejadores, helic\u00f3pteros e drones s\u00e3o usados na busca. Segundo as \u00faltimas informa\u00e7\u00f5es do caso,\u00a0o criminoso trocou tiros com um caseiro de ch\u00e1cara localizada em Edil\u00e2ndia (GO). Aos policiais, a v\u00edtima disse que L\u00e1zaro ficou ferido.<\/span><\/p>\n<p>&nbsp;<\/p>\n<p class=\"p2\"><span class=\"s2\">Confira abaixo o perfil do criminoso e os ocorridos dos \u00faltimos seis dias de busca:<\/span><\/p>\n<p>&nbsp;<\/p>\n<p class=\"p2\"><strong><span class=\"s2\">Quem \u00e9 L\u00e1zaro Barbosa, autor dos crimes<\/span><\/strong><\/p>\n<p class=\"p2\"><span class=\"s2\">L\u00e1zaro Barbosa Sousa, 33 anos, tem um rastro de terror na hist\u00f3ria dele. Baiano, os pais de L\u00e1zaro moram em Girassol (GO), mas est\u00e3o separados h\u00e1 mais de 20 anos. De acordo com dados obtidos pelo Correio, o div\u00f3rcio ocorreu porque o pai era alco\u00f3latra e agredia fisicamente a esposa e os filhos. O suspeito tem passagens em orfanatos, fugas de casa, interrup\u00e7\u00e3o no aprendizado, instabilidade profissional, al\u00e9m de uso de drogas e \u00e1lcool.<\/span><\/p>\n<p>&nbsp;<\/p>\n<p class=\"p2\"><span class=\"s2\">Em 2007, ele fugiu da cadeia 10 dias depois de se entregar e confessar um duplo homic\u00eddio em Barra do Mendes, na Bahia.<\/span><\/p>\n<p>&nbsp;<\/p>\n<p class=\"p2\"><span class=\"s2\">Em 2013, ele foi detido no Complexo Penitenci\u00e1rio da Papuda, local em que um laudo psicol\u00f3gico do criminoso foi feito. O documento revelou que L\u00e1zaro \u00e9 uma pessoa agressiva, impulsiva, inst\u00e1vel e com \u201cpreocupa\u00e7\u00f5es sexuais\u201d. O laudo feito quando ele tinha 26 anos mostra que ele pode ter possibilidade de ruptura do equil\u00edbrio.<\/span><\/p>\n<p>&nbsp;<\/p>\n<p class=\"p2\"><span class=\"s2\">J\u00e1 em 2015, o suspeito perdeu o irm\u00e3o, aos 18 anos, em um caso de homic\u00eddio. Desde a morte, o pai de L\u00e1zaro n\u00e3o v\u00ea o filho e a m\u00e3e afirma que n\u00e3o tem not\u00edcias dele. Um ano depois, em 2016, ele foi solto.<\/span><\/p>\n<p>&nbsp;<\/p>\n<p class=\"p2\"><span class=\"s2\">Em abril de 2020, ap\u00f3s invadir uma ch\u00e1cara pr\u00f3xima a Santo Ant\u00f4nio do Descoberto (GO) e fazer quatro idosos ref\u00e9ns, ele teria desferido uma machadada na cabe\u00e7a de um dos cativos. O homem n\u00e3o morreu, mas ficou com sequelas ap\u00f3s a agress\u00e3o.<\/span><\/p>\n<p>&nbsp;<\/p>\n<p class=\"p2\"><span class=\"s2\">Em 17 de maio, ele invadiu outra ch\u00e1cara, pr\u00f3ximo ao da fam\u00edlia assassinada. Nela, ele amarrou as v\u00edtimas e as amea\u00e7ou com rev\u00f3lver e faca, obrigou todos a ficarem nus e as mo\u00e7as da fam\u00edlia a cozinharem para ele.<\/span><\/p>\n<p>&nbsp;<\/p>\n<p class=\"p2\"><span class=\"s2\">J\u00e1 em 26 de abril, L\u00e1zaro cometeu estupro e roubo contra uma mulher que abordou na rua. O caso \u00e9 investigado pela Delegacia Especializada de Atendimento \u00e0 Mulher (Deam).<\/span><\/p>\n<p>&nbsp;<\/p>\n<p class=\"p2\"><span class=\"s2\">H\u00e1 ainda dois mandados condenat\u00f3rios por roubo qualificado cometidos no DF. &#8220;\u00c9 um criminoso de alta periculosidade&#8221;, pontuou o delegado \u00e0 frente do caso, Raphael Seixas, chefe da 24\u00aa Delegacia de Pol\u00edcia (Setor O).<\/span><\/p>\n<p>&nbsp;<\/p>\n<p class=\"p2\"><span class=\"s2\"><strong>Seis dias de terror<\/strong><br \/>\n<\/span>Relembre os acontecimentos na quase uma semana de buscas \u00e0 L\u00e1zaro Barbosa, respons\u00e1vel pelo terror no Incra 9 e na cidade goiana de Cocalzinho.<\/p>\n<p>&nbsp;<\/p>\n<p class=\"p4\"><strong><span class=\"s3\">9 de junho<\/span><\/strong><\/p>\n<p class=\"p2\"><strong><span class=\"s2\">Triplo homic\u00eddio <\/span><\/strong><\/p>\n<p class=\"p2\"><span class=\"s2\">Em 9 de junho, o Incra 9 amanheceu com uma not\u00edcia que seria apenas o in\u00edcio do terror que assolaria o local: a morte de tr\u00eas homens e o desaparecimento de uma mulher. O Corpo de Bombeiros Militar do Distrito Federal (CBMDF) foi acionado, na madrugada daquela quarta-feira (9\/6), para atender uma ocorr\u00eancia de agress\u00e3o f\u00edsica com uso de arma branca (faca), no entanto encontrou um triplo homic\u00eddio. O empres\u00e1rio Cl\u00e1udio Vidal de Oliveira, 48 anos, e os filhos dele, Gustavo Marques Vidal, 21, e Carlos Eduardo Marques Vidal, 15, eram as v\u00edtimas.<\/span><\/p>\n<p class=\"p2\"><span class=\"s2\"><br \/>\nFamiliares informaram que a esposa e m\u00e3e da fam\u00edlia, Cleonice Marques, 43, n\u00e3o estava no local. De acordo com o cunhado, Cleonice o telefonou, por volta das 2h, para pedir ajuda pois um homem estava arrombando a porta da casa da fam\u00edlia. Ao chegar no local, antes do Corpo de Bombeiros, o cunhado ouviu de Cl\u00e1udio que o autor do crime levou Cleonice. A Pol\u00edcia Civil do Distrito Federal (PCDF) assumiu o caso e, a partir desse momento, a busca que completa seis dias come\u00e7ou.<\/span><\/p>\n<p>&nbsp;<\/p>\n<p class=\"p2\"><strong><span class=\"s2\">Identidade revelada<\/span><\/strong><\/p>\n<p class=\"p2\"><span class=\"s2\">No fim da tarde do dia dos assassinatos, em 9 de junho, a PCDF divulgou a foto de L\u00e1zaro Barbosa Sousa e o confirmou como suspeito de cometer os crimes em Ceil\u00e2ndia Norte. A descoberta foi feita a partir de impress\u00f5es digitais encontradas na ch\u00e1cara. Com a identidade, a ficha de L\u00e1zaro foi levantada, com um hist\u00f3rico recente de agress\u00f5es.<\/span><\/p>\n<p>&nbsp;<\/p>\n<p class=\"p2\"><span class=\"s2\">Em 17 de maio, ele invadiu outra ch\u00e1cara, pr\u00f3ximo ao da fam\u00edlia assassinada. Nela, ele amarrou as v\u00edtimas e as amea\u00e7ou com rev\u00f3lver e faca, obrigou todos a ficarem nus e as mo\u00e7as da fam\u00edlia a cozinharem para ele.<\/span><\/p>\n<p>&nbsp;<\/p>\n<p class=\"p2\"><span class=\"s2\">J\u00e1 em 26 de abril, L\u00e1zaro cometeu estupro e roubo contra uma mulher que abordou na rua. O caso \u00e9 investigado pela Delegacia Especializada de Atendimento \u00e0 Mulher (Deam).<\/span><\/p>\n<p>&nbsp;<\/p>\n<p class=\"p4\"><strong><span class=\"s3\">10 de junho<\/span><\/strong><\/p>\n<p class=\"p2\"><strong><span class=\"s2\">Nova invas\u00e3o e primeira confiss\u00e3o<\/span><\/strong><\/p>\n<p class=\"p2\" style=\"text-align: left;\"><span class=\"s2\">As buscas por Cleonice j\u00e1 completavam 24h quando a PCDF descobriu outra invas\u00e3o em uma ch\u00e1cara pr\u00f3ximo ao local onde a empres\u00e1ria foi sequestrada. L\u00e1zaro foi reconhecido pela nova v\u00edtima, Silvia Campos de Oliveira, 40 anos. Durante tr\u00eas horas da tarde de quinta-feira (10\/6), ela, o caseiro, identificado como Anderson, 18, foram mantidos como ref\u00e9ns.<\/span><\/p>\n<p>&nbsp;<\/p>\n<p class=\"p2\"><span class=\"s2\">De acordo com relato da m\u00e3e de Anderson, Ant\u00f4nia Fernandes, 51, L\u00e1zaro encontrou o caseiro primeiro e disse que n\u00e3o ia fazer nada, contanto que ningu\u00e9m reagisse. Em seguida, \u201ccolocou uma m\u00e1scara de crian\u00e7a e mandou chamar quem estava dentro de casa\u201d.<\/span><\/p>\n<p>&nbsp;<\/p>\n<p class=\"p2\"><span class=\"s2\">Para a dona da ch\u00e1cara, S\u00edlvia, o criminoso confessou ter matado a fam\u00edlia Vidal, mas disse que n\u00e3o estava s\u00f3. Al\u00e9m disso, repetia frases soltas, como \u201cse matarem minha filha, eu vou matar todo mundo da regi\u00e3o\u201d.<\/span><\/p>\n<p>&nbsp;<\/p>\n<p class=\"p2\"><span class=\"s2\">L\u00e1zaro amea\u00e7ou Silva com uma arma de fogo, roubou R$ 200 e um casaco preto, al\u00e9m de pedir comida. Ant\u00f4nia, m\u00e3e do caseiro da ch\u00e1cara, conta que L\u00e1zaro obrigou o filho e a dona da ch\u00e1cara, S\u00edlvia, a fumarem maconha.<\/span><\/p>\n<p>&nbsp;<\/p>\n<p class=\"p4\"><strong><span class=\"s3\">11 de junho<\/span><\/strong><\/p>\n<p class=\"p2\"><strong><span class=\"s2\">Fuga e inc\u00eandio de carro: L\u00e1zaro chega a Cocalzinho<\/span><\/strong><\/p>\n<p class=\"p2\"><span class=\"s2\">A busca por L\u00e1zaro e Cleonice ultrapassaram a fronteira do Distrito Federal na madrugada de sexta-feira (11\/6). O suspeito invadiu uma ch\u00e1cara em Ceil\u00e2ndia por volta das 20h, fez o caseiro de ref\u00e9m e roubou um ve\u00edculo, um Palio branco, que usou para se dirigir at\u00e9 Cocalzinho de Goi\u00e1s (GO), \u00e0s 3h30. L\u00e1, na BR-070, L\u00e1zaro incendiou o carro.<\/span><\/p>\n<p>&nbsp;<\/p>\n<p class=\"p2\"><span class=\"s2\">O comandante do Batalh\u00e3o da cidade, o tenente Gerson de Paula, afirmou ao Correio que o suspeit foi buscado por um colega na rodovia. Ainda disse que esse motorista foi ouvido. Durante toda sexta-feira, cerca de 80 policiais civis e militares do DF e Entorno, auditores fiscais e rodovi\u00e1rios federais estavam no munic\u00edpio goiano para encontrar L\u00e1zaro.<\/span><\/p>\n<p class=\"p2\"><span class=\"s2\"><br \/>\nNo entanto, as buscas n\u00e3o foram bem sucedidas.<\/span><\/p>\n<p>&nbsp;<\/p>\n<p class=\"p4\"><strong><span class=\"s3\">12 de junho<\/span><\/strong><\/p>\n<p class=\"p2\"><strong><span class=\"s2\">Cleonice \u00e9 encontrada por familiares e vizinhos sem vida<\/span><\/strong><\/p>\n<p class=\"p2\"><span class=\"s2\">O terceiro dia de buscas pelo criminoso e pela empres\u00e1ria Cleonice come\u00e7ou intenso, era s\u00e1bado, 12 de junho. Juntaram-se \u00e0s buscas os vizinhos e familiares da v\u00edtima que, separados da for\u00e7a policial, come\u00e7aram a procur\u00e1-la em ch\u00e1caras e no matagal perto do Incra 9.<\/span><\/p>\n<p>&nbsp;<\/p>\n<p class=\"p2\"><span class=\"s2\">Por volta de 12h daquele dia, o grupo encontrou o corpo de uma mulher em um c\u00f3rrego do local. O cad\u00e1ver estava nu e de bru\u00e7os. A identidade foi confirmada pelo irm\u00e3o de Cleonice, Ivan Rodrigues, 60 anos, presente no local. \u201cEra minha irm\u00e3. Ela estava com um hematoma na parte de tr\u00e1s da perna direita e com pouco cabelo. Eu n\u00e3o sei o que esse homem fez com ela, mas foi muita maldade\u201d, relatou Ivan ao Correio.<\/span><\/p>\n<p>&nbsp;<\/p>\n<p class=\"p2\"><span class=\"s2\">Um dos vizinhos, Cl\u00e1udio, relatou o cen\u00e1rio em que Cleonice foi encontrada. \u201cAo redor, tinha v\u00e1rias camisinhas, uma barraca que, supostamente, o homem ficou escondido aqui. Foi terr\u00edvel\u201d, disse.<\/span><\/p>\n<p>&nbsp;<\/p>\n<p class=\"p2\"><span class=\"s2\">Enquanto a fam\u00edlia de Cleonice descobriam que nunca mais a veriam com vida novamente, L\u00e1zaro invadia outra ch\u00e1cara, desta vez em Cocalzinho de Goi\u00e1s (GO), local em que ele incendiou o carro no dia anterior.<\/span><\/p>\n<p>&nbsp;<\/p>\n<p class=\"p2\"><span class=\"s2\">Durante toda tarde, o criminoso manteve como ref\u00e9m o caseiro da resid\u00eancia, pr\u00f3ximo \u00e0 Lagoa Samuel, o obrigou a cozinhar e a fumar maconha. L\u00e1, o suspeito ingeriu bebida alc\u00f3olica, depredou o carro do ref\u00e9m e cortou os fios de wi-fi do local. O local pertence a uma soldado da Pol\u00edcia Militar do Distrito Federal (PMDF).<\/span><\/p>\n<p>&nbsp;<\/p>\n<p class=\"p2\"><span class=\"s2\">Depois, L\u00e1zaro invadiu outra ch\u00e1cara, por volta das 19h, e baleou tr\u00eas homens. Ao Correio, uma das v\u00edtimas informou que ele \u201cchegou atirando\u201d. A v\u00edtima estava com dois amigos, que ficaram feridos e em estado grave. Al\u00e9m da agress\u00e3o, o criminoso roubou duas armas e muni\u00e7\u00f5es.<\/span><\/p>\n<p>&nbsp;<\/p>\n<p class=\"p2\"><span class=\"s2\">Com quatro assassinatos e tr\u00eas tentativas de homic\u00eddio, L\u00e1zaro inseriu um novo crime na ficha: ateou fogo em uma ch\u00e1cara. O fato ocorreu ainda na noite de s\u00e1bado, por volta das 23h30 e a v\u00edtima, dona do local, afirmou que L\u00e1zaro foi o autor do ataque. Ningu\u00e9m ficou ferido.<\/span><\/p>\n<p>&nbsp;<\/p>\n<p class=\"p4\"><strong><span class=\"s3\">13 de junho<\/span><\/strong><\/p>\n<p class=\"p2\"><strong><span class=\"s2\">Bope e Pol\u00edcia Federal se juntam \u00e0s buscas<\/span><\/strong><\/p>\n<p class=\"p2\"><span class=\"s2\">Na madrugada de domingo, equipes do Batalh\u00e3o de Opera\u00e7\u00f5es Especiais (Bope) e da Pol\u00edcia Federal (PF) chegaram a Cocalzinho para auxiliar nas buscas por L\u00e1zaro. Antes da chegada do refor\u00e7o, os policiais civis e militares do DF e de Goi\u00e1s montaram pontos de bloqueio pela BR-070, abordaram carros, entraram em matas, ch\u00e1caras e utilizaram drones para encontrar o criminoso. Juntas, as for\u00e7as policiais somavam 200 soldados em campo.<\/span><\/p>\n<p>&nbsp;<\/p>\n<p class=\"p2\"><span class=\"s2\">Por volta das 8h, tr\u00eas caseiros de uma ch\u00e1cara do munic\u00edpio goiano relataram aos policiais que viram L\u00e1zaro pr\u00f3ximo \u00e0 porteira do local que asseguram. Assustado com os fac\u00f5es e foices nas m\u00e3os dos homens, o criminoso fugiu, entrou em uma mata fechada pr\u00f3xima ao local e desapareceu.<\/span><\/p>\n<p>&nbsp;<\/p>\n<p class=\"p2\"><span class=\"s2\">Na tarde de domingo (13\/6), o dono de uma ch\u00e1cara da regi\u00e3o de Cocalzinho (GO) denunciou aos policiais o roubo de um carro, um corsa vermelho, e uma invas\u00e3o. O chacareiro n\u00e3o estava no local.<\/span><\/p>\n<p>&nbsp;<\/p>\n<p class=\"p2\"><span class=\"s2\">A partir desta informa\u00e7\u00e3o, os policiais come\u00e7aram a busca pelo ve\u00edculo vermelho, que encontraram por volta das 18h30, perto de Edil\u00e2ndia (GO). O autom\u00f3vel foi abandonado, na beira da estrada, antes de encontrar uma viatura da pol\u00edcia. C\u00e3es farejadores foram incubidos de encontrar L\u00e1zaro na mata perto do local.<\/span><\/p>\n<p>&nbsp;<\/p>\n<p class=\"p4\"><strong><span class=\"s3\">14 de junho<\/span><\/strong><\/p>\n<p class=\"p2\"><span class=\"s2\">O sexto dia de buscas por L\u00e1zaro come\u00e7ou como o primeiro: sem pistas do suspeito.\u00a0Mas, ap\u00f3s um dia de procura, por volta das 20h, a\u00a0Pol\u00edcia Militar do Distrito Federal (PMDF) fez um novo cerco ao suspeito de cometer a chacina que aterrorizou o DF, L\u00e1zaro Barbosa de Sousa, 33 anos. Segundo informa\u00e7\u00f5es da corpora\u00e7\u00e3o, o criminoso trocou tiros com um caseiro de ch\u00e1cara localizada em Edil\u00e2ndia (GO). Aos policiais, a v\u00edtima disse que L\u00e1zaro ficou ferido.<\/span><\/p>\n<p>&nbsp;<\/p>\n<p class=\"p2\"><span class=\"s2\">A a\u00e7\u00e3o conta com soldados da Pol\u00edcia Civil do Distrito Federal (PCDF), da Pol\u00edcia Militar (PMDF), da Pol\u00edcia Rodovi\u00e1ria Federal (PRF) e da Pol\u00edcia Federal (PF), al\u00e9m de policiais do Goi\u00e1s. Os policiais fecharam parte da rodovia KM 56 por mais de duas horas. At\u00e9 o momento n\u00e3o h\u00e1 not\u00edcias sobre o paradeiro de L\u00e1zaro, no entanto, o major da Pol\u00edcia Militar de Goi\u00e1s (PMGO) afirmou que as for\u00e7as policiais s\u00f3 sair\u00e3o da rodovia quando L\u00e1zaro for capturado.<\/span><\/p>\n<p>&nbsp;<\/p>\n<p class=\"p2\"><span class=\"s2\">Enquanto isso, moradores e comerciantes de Edil\u00e2ndia vivem momentos de tens\u00e3o. Fam\u00edlias inteiras t\u00eam deixado resid\u00eancias;donos de lojas afirmam ter receio em abrir. O restaurante self-service de Leandro Santos, 31 anos, que s\u00f3 abriu as portas a pedido dos policiais. &#8220;\u00c9 aterrorizante, est\u00e1 todo mundo com medo desse cara&#8221;, diz Leandro. &#8220;Nem dormi essa noite, n\u00e3o tenho nem um estilingue em casa&#8221;.<\/span><\/p>\n<p><img loading=\"lazy\" class=\"alignnone size-medium wp-image-4998\" src=\"http:\/\/www.radiomanchester.com.br\/fm\/wp-content\/uploads\/2021\/06\/B9B50877-457F-468D-9DCD-137941BDCC20-300x165.jpeg\" alt=\"\" width=\"300\" height=\"165\" srcset=\"https:\/\/www.radiomanchester.com.br\/fm\/wp-content\/uploads\/2021\/06\/B9B50877-457F-468D-9DCD-137941BDCC20-300x165.jpeg 300w, https:\/\/www.radiomanchester.com.br\/fm\/wp-content\/uploads\/2021\/06\/B9B50877-457F-468D-9DCD-137941BDCC20-768x422.jpeg 768w, https:\/\/www.radiomanchester.com.br\/fm\/wp-content\/uploads\/2021\/06\/B9B50877-457F-468D-9DCD-137941BDCC20.jpeg 806w\" sizes=\"(max-width: 300px) 100vw, 300px\" \/><\/p>\n<p class=\"p2\"><span class=\"s2\"><br \/>\nPor CB &#8211; foto: reprodu\u00e7\u00e3o <\/span><\/p>\n","protected":false},"excerpt":{"rendered":"<p class=\"excerpt\">Em 9 de junho, L\u00e1zaro se tornou suspeito de um triplo homic\u00eddio no Incra 9. Quase uma semana depois, ele \u00e9 procurado por quatro assassinatos, tr\u00eas tentativas de homic\u00eddio e diversas invas\u00f5es &nbsp; Quatro assassinatos, tr\u00eas tentativas de homic\u00eddio, tr\u00eas invas\u00f5es e dois inc\u00eandios: a extensa lista de crimes feitos por L\u00e1zaro Barbosa desde a [&hellip;]<\/p>\n","protected":false},"author":1,"featured_media":4998,"comment_status":"open","ping_status":"open","sticky":false,"template":"","format":"standard","meta":[],"categories":[8,17],"tags":[],"yoast_head":"<!-- This site is optimized with the Yoast SEO plugin v18.3 - https:\/\/yoast.com\/wordpress\/plugins\/seo\/ -->\n<title>Caso L\u00e1zaro: relembre todos os passos dados pelo criminoso at\u00e9 agora - Manchester FM 93,3<\/title>\n<meta name=\"robots\" content=\"index, follow, max-snippet:-1, max-image-preview:large, max-video-preview:-1\" \/>\n<link rel=\"canonical\" href=\"https:\/\/www.radiomanchester.com.br\/fm\/caso-lazaro-relembre-todos-os-passos-dados-pelo-criminoso-ate-agora\/\" \/>\n<meta property=\"og:locale\" content=\"pt_BR\" \/>\n<meta property=\"og:type\" content=\"article\" \/>\n<meta property=\"og:title\" content=\"Caso L\u00e1zaro: relembre todos os passos dados pelo criminoso at\u00e9 agora - Manchester FM 93,3\" \/>\n<meta property=\"og:description\" content=\"Em 9 de junho, L\u00e1zaro se tornou suspeito de um triplo homic\u00eddio no Incra 9. Quase uma semana depois, ele \u00e9 procurado por quatro assassinatos, tr\u00eas tentativas de homic\u00eddio e diversas invas\u00f5es &nbsp; Quatro assassinatos, tr\u00eas tentativas de homic\u00eddio, tr\u00eas invas\u00f5es e dois inc\u00eandios: a extensa lista de crimes feitos por L\u00e1zaro Barbosa desde a [&hellip;]\" \/>\n<meta property=\"og:url\" content=\"https:\/\/www.radiomanchester.com.br\/fm\/caso-lazaro-relembre-todos-os-passos-dados-pelo-criminoso-ate-agora\/\" \/>\n<meta property=\"og:site_name\" content=\"Manchester FM 93,3\" \/>\n<meta property=\"article:published_time\" content=\"2021-06-16T00:06:50+00:00\" \/>\n<meta property=\"og:image\" content=\"https:\/\/www.radiomanchester.com.br\/fm\/wp-content\/uploads\/2021\/06\/B9B50877-457F-468D-9DCD-137941BDCC20.jpeg\" \/>\n\t<meta property=\"og:image:width\" content=\"806\" \/>\n\t<meta property=\"og:image:height\" content=\"443\" \/>\n\t<meta property=\"og:image:type\" content=\"image\/jpeg\" \/>\n<meta name=\"twitter:card\" content=\"summary_large_image\" \/>\n<meta name=\"twitter:label1\" content=\"Escrito por\" \/>\n\t<meta name=\"twitter:data1\" content=\"admin\" \/>\n\t<meta name=\"twitter:label2\" content=\"Est. tempo de leitura\" \/>\n\t<meta name=\"twitter:data2\" content=\"11 minutos\" \/>\n<script type=\"application\/ld+json\" class=\"yoast-schema-graph\">{\"@context\":\"https:\/\/schema.org\",\"@graph\":[{\"@type\":\"WebSite\",\"@id\":\"https:\/\/www.radiomanchester.com.br\/fm\/#website\",\"url\":\"https:\/\/www.radiomanchester.com.br\/fm\/\",\"name\":\"Manchester FM 93,3\",\"description\":\"Todo Mundo Ouve!\",\"potentialAction\":[{\"@type\":\"SearchAction\",\"target\":{\"@type\":\"EntryPoint\",\"urlTemplate\":\"https:\/\/www.radiomanchester.com.br\/fm\/?s={search_term_string}\"},\"query-input\":\"required name=search_term_string\"}],\"inLanguage\":\"pt-BR\"},{\"@type\":\"ImageObject\",\"@id\":\"https:\/\/www.radiomanchester.com.br\/fm\/caso-lazaro-relembre-todos-os-passos-dados-pelo-criminoso-ate-agora\/#primaryimage\",\"inLanguage\":\"pt-BR\",\"url\":\"https:\/\/www.radiomanchester.com.br\/fm\/wp-content\/uploads\/2021\/06\/B9B50877-457F-468D-9DCD-137941BDCC20.jpeg\",\"contentUrl\":\"https:\/\/www.radiomanchester.com.br\/fm\/wp-content\/uploads\/2021\/06\/B9B50877-457F-468D-9DCD-137941BDCC20.jpeg\",\"width\":806,\"height\":443},{\"@type\":\"WebPage\",\"@id\":\"https:\/\/www.radiomanchester.com.br\/fm\/caso-lazaro-relembre-todos-os-passos-dados-pelo-criminoso-ate-agora\/#webpage\",\"url\":\"https:\/\/www.radiomanchester.com.br\/fm\/caso-lazaro-relembre-todos-os-passos-dados-pelo-criminoso-ate-agora\/\",\"name\":\"Caso L\u00e1zaro: relembre todos os passos dados pelo criminoso at\u00e9 agora - Manchester FM 93,3\",\"isPartOf\":{\"@id\":\"https:\/\/www.radiomanchester.com.br\/fm\/#website\"},\"primaryImageOfPage\":{\"@id\":\"https:\/\/www.radiomanchester.com.br\/fm\/caso-lazaro-relembre-todos-os-passos-dados-pelo-criminoso-ate-agora\/#primaryimage\"},\"datePublished\":\"2021-06-16T00:06:50+00:00\",\"dateModified\":\"2021-06-16T00:06:50+00:00\",\"author\":{\"@id\":\"https:\/\/www.radiomanchester.com.br\/fm\/#\/schema\/person\/408a7b4d4e32cbebd90e2782852abca3\"},\"breadcrumb\":{\"@id\":\"https:\/\/www.radiomanchester.com.br\/fm\/caso-lazaro-relembre-todos-os-passos-dados-pelo-criminoso-ate-agora\/#breadcrumb\"},\"inLanguage\":\"pt-BR\",\"potentialAction\":[{\"@type\":\"ReadAction\",\"target\":[\"https:\/\/www.radiomanchester.com.br\/fm\/caso-lazaro-relembre-todos-os-passos-dados-pelo-criminoso-ate-agora\/\"]}]},{\"@type\":\"BreadcrumbList\",\"@id\":\"https:\/\/www.radiomanchester.com.br\/fm\/caso-lazaro-relembre-todos-os-passos-dados-pelo-criminoso-ate-agora\/#breadcrumb\",\"itemListElement\":[{\"@type\":\"ListItem\",\"position\":1,\"name\":\"Home\",\"item\":\"https:\/\/www.radiomanchester.com.br\/fm\/\"},{\"@type\":\"ListItem\",\"position\":2,\"name\":\"Caso L\u00e1zaro: relembre todos os passos dados pelo criminoso at\u00e9 agora\"}]},{\"@type\":\"Person\",\"@id\":\"https:\/\/www.radiomanchester.com.br\/fm\/#\/schema\/person\/408a7b4d4e32cbebd90e2782852abca3\",\"name\":\"admin\",\"image\":{\"@type\":\"ImageObject\",\"@id\":\"https:\/\/www.radiomanchester.com.br\/fm\/#personlogo\",\"inLanguage\":\"pt-BR\",\"url\":\"https:\/\/secure.gravatar.com\/avatar\/115a974dba3376872eb3addeb276301c?s=96&d=mm&r=g\",\"contentUrl\":\"https:\/\/secure.gravatar.com\/avatar\/115a974dba3376872eb3addeb276301c?s=96&d=mm&r=g\",\"caption\":\"admin\"},\"url\":\"https:\/\/www.radiomanchester.com.br\/fm\/author\/admin\/\"}]}<\/script>\n<!-- \/ Yoast SEO plugin. -->","yoast_head_json":{"title":"Caso L\u00e1zaro: relembre todos os passos dados pelo criminoso at\u00e9 agora - Manchester FM 93,3","robots":{"index":"index","follow":"follow","max-snippet":"max-snippet:-1","max-image-preview":"max-image-preview:large","max-video-preview":"max-video-preview:-1"},"canonical":"https:\/\/www.radiomanchester.com.br\/fm\/caso-lazaro-relembre-todos-os-passos-dados-pelo-criminoso-ate-agora\/","og_locale":"pt_BR","og_type":"article","og_title":"Caso L\u00e1zaro: relembre todos os passos dados pelo criminoso at\u00e9 agora - Manchester FM 93,3","og_description":"Em 9 de junho, L\u00e1zaro se tornou suspeito de um triplo homic\u00eddio no Incra 9. Quase uma semana depois, ele \u00e9 procurado por quatro assassinatos, tr\u00eas tentativas de homic\u00eddio e diversas invas\u00f5es &nbsp; Quatro assassinatos, tr\u00eas tentativas de homic\u00eddio, tr\u00eas invas\u00f5es e dois inc\u00eandios: a extensa lista de crimes feitos por L\u00e1zaro Barbosa desde a [&hellip;]","og_url":"https:\/\/www.radiomanchester.com.br\/fm\/caso-lazaro-relembre-todos-os-passos-dados-pelo-criminoso-ate-agora\/","og_site_name":"Manchester FM 93,3","article_published_time":"2021-06-16T00:06:50+00:00","og_image":[{"width":806,"height":443,"url":"https:\/\/www.radiomanchester.com.br\/fm\/wp-content\/uploads\/2021\/06\/B9B50877-457F-468D-9DCD-137941BDCC20.jpeg","type":"image\/jpeg"}],"twitter_card":"summary_large_image","twitter_misc":{"Escrito por":"admin","Est. tempo de leitura":"11 minutos"},"schema":{"@context":"https:\/\/schema.org","@graph":[{"@type":"WebSite","@id":"https:\/\/www.radiomanchester.com.br\/fm\/#website","url":"https:\/\/www.radiomanchester.com.br\/fm\/","name":"Manchester FM 93,3","description":"Todo Mundo Ouve!","potentialAction":[{"@type":"SearchAction","target":{"@type":"EntryPoint","urlTemplate":"https:\/\/www.radiomanchester.com.br\/fm\/?s={search_term_string}"},"query-input":"required name=search_term_string"}],"inLanguage":"pt-BR"},{"@type":"ImageObject","@id":"https:\/\/www.radiomanchester.com.br\/fm\/caso-lazaro-relembre-todos-os-passos-dados-pelo-criminoso-ate-agora\/#primaryimage","inLanguage":"pt-BR","url":"https:\/\/www.radiomanchester.com.br\/fm\/wp-content\/uploads\/2021\/06\/B9B50877-457F-468D-9DCD-137941BDCC20.jpeg","contentUrl":"https:\/\/www.radiomanchester.com.br\/fm\/wp-content\/uploads\/2021\/06\/B9B50877-457F-468D-9DCD-137941BDCC20.jpeg","width":806,"height":443},{"@type":"WebPage","@id":"https:\/\/www.radiomanchester.com.br\/fm\/caso-lazaro-relembre-todos-os-passos-dados-pelo-criminoso-ate-agora\/#webpage","url":"https:\/\/www.radiomanchester.com.br\/fm\/caso-lazaro-relembre-todos-os-passos-dados-pelo-criminoso-ate-agora\/","name":"Caso L\u00e1zaro: relembre todos os passos dados pelo criminoso at\u00e9 agora - Manchester FM 93,3","isPartOf":{"@id":"https:\/\/www.radiomanchester.com.br\/fm\/#website"},"primaryImageOfPage":{"@id":"https:\/\/www.radiomanchester.com.br\/fm\/caso-lazaro-relembre-todos-os-passos-dados-pelo-criminoso-ate-agora\/#primaryimage"},"datePublished":"2021-06-16T00:06:50+00:00","dateModified":"2021-06-16T00:06:50+00:00","author":{"@id":"https:\/\/www.radiomanchester.com.br\/fm\/#\/schema\/person\/408a7b4d4e32cbebd90e2782852abca3"},"breadcrumb":{"@id":"https:\/\/www.radiomanchester.com.br\/fm\/caso-lazaro-relembre-todos-os-passos-dados-pelo-criminoso-ate-agora\/#breadcrumb"},"inLanguage":"pt-BR","potentialAction":[{"@type":"ReadAction","target":["https:\/\/www.radiomanchester.com.br\/fm\/caso-lazaro-relembre-todos-os-passos-dados-pelo-criminoso-ate-agora\/"]}]},{"@type":"BreadcrumbList","@id":"https:\/\/www.radiomanchester.com.br\/fm\/caso-lazaro-relembre-todos-os-passos-dados-pelo-criminoso-ate-agora\/#breadcrumb","itemListElement":[{"@type":"ListItem","position":1,"name":"Home","item":"https:\/\/www.radiomanchester.com.br\/fm\/"},{"@type":"ListItem","position":2,"name":"Caso L\u00e1zaro: relembre todos os passos dados pelo criminoso at\u00e9 agora"}]},{"@type":"Person","@id":"https:\/\/www.radiomanchester.com.br\/fm\/#\/schema\/person\/408a7b4d4e32cbebd90e2782852abca3","name":"admin","image":{"@type":"ImageObject","@id":"https:\/\/www.radiomanchester.com.br\/fm\/#personlogo","inLanguage":"pt-BR","url":"https:\/\/secure.gravatar.com\/avatar\/115a974dba3376872eb3addeb276301c?s=96&d=mm&r=g","contentUrl":"https:\/\/secure.gravatar.com\/avatar\/115a974dba3376872eb3addeb276301c?s=96&d=mm&r=g","caption":"admin"},"url":"https:\/\/www.radiomanchester.com.br\/fm\/author\/admin\/"}]}},"_links":{"self":[{"href":"https:\/\/www.radiomanchester.com.br\/fm\/wp-json\/wp\/v2\/posts\/4997"}],"collection":[{"href":"https:\/\/www.radiomanchester.com.br\/fm\/wp-json\/wp\/v2\/posts"}],"about":[{"href":"https:\/\/www.radiomanchester.com.br\/fm\/wp-json\/wp\/v2\/types\/post"}],"author":[{"embeddable":true,"href":"https:\/\/www.radiomanchester.com.br\/fm\/wp-json\/wp\/v2\/users\/1"}],"replies":[{"embeddable":true,"href":"https:\/\/www.radiomanchester.com.br\/fm\/wp-json\/wp\/v2\/comments?post=4997"}],"version-history":[{"count":1,"href":"https:\/\/www.radiomanchester.com.br\/fm\/wp-json\/wp\/v2\/posts\/4997\/revisions"}],"predecessor-version":[{"id":4999,"href":"https:\/\/www.radiomanchester.com.br\/fm\/wp-json\/wp\/v2\/posts\/4997\/revisions\/4999"}],"wp:featuredmedia":[{"embeddable":true,"href":"https:\/\/www.radiomanchester.com.br\/fm\/wp-json\/wp\/v2\/media\/4998"}],"wp:attachment":[{"href":"https:\/\/www.radiomanchester.com.br\/fm\/wp-json\/wp\/v2\/media?parent=4997"}],"wp:term":[{"taxonomy":"category","embeddable":true,"href":"https:\/\/www.radiomanchester.com.br\/fm\/wp-json\/wp\/v2\/categories?post=4997"},{"taxonomy":"post_tag","embeddable":true,"href":"https:\/\/www.radiomanchester.com.br\/fm\/wp-json\/wp\/v2\/tags?post=4997"}],"curies":[{"name":"wp","href":"https:\/\/api.w.org\/{rel}","templated":true}]}}