{"id":5000,"date":"2021-06-16T12:37:13","date_gmt":"2021-06-16T15:37:13","guid":{"rendered":"http:\/\/www.radiomanchester.com.br\/fm\/?p=5000"},"modified":"2021-06-15T21:39:06","modified_gmt":"2021-06-16T00:39:06","slug":"ponte-aerea-rio-sao-paulo-testa-reconhecimento-facial-em-passageiros","status":"publish","type":"post","link":"https:\/\/www.radiomanchester.com.br\/fm\/ponte-aerea-rio-sao-paulo-testa-reconhecimento-facial-em-passageiros\/","title":{"rendered":"Ponte A\u00e9rea Rio-S\u00e3o Paulo testa reconhecimento facial em passageiros"},"content":{"rendered":"<h5 class=\"p1\">O Projeto Embarque+Seguro 100% Digital j\u00e1 foi testado em 4 aeroportos<\/h5>\n<p>&nbsp;<\/p>\n<p class=\"p1\"><span class=\"s1\">Os passageiros da Ponte A\u00e9rea Rio-S\u00e3o Paulo participam, simultaneamente, hoje (15), no Aeroporto de Congonhas, na capital paulista, e no Aeroporto Santos Dumont, na capital fluminense, de um teste para o embarque com o uso de reconhecimento facial, sem a necessidade de apresentar cart\u00e3o de embarque e documento de identifica\u00e7\u00e3o. A liga\u00e7\u00e3o a\u00e9rea entre essas duas capitais \u00e9 a quinta de maior movimento no mundo.<\/span><\/p>\n<p class=\"p3\"><span class=\"s1\"><img src=\"data:image\/png;base64,iVBORw0KGgoAAAANSUhEUgAAAAEAAAABCAQAAAC1HAwCAAAAC0lEQVR4nGP6zwAAAgcBApocMXEAAAAASUVORK5CYII=\" alt=\"ebc.png\" \/><\/span><\/p>\n<p class=\"p1\"><span class=\"s1\">O projeto Embarque + Seguro 100% Digital, desenvolvido do Minist\u00e9rio da Infraestrutura, em parceria com o Serpro e a Secretaria Especial de Desburocratiza\u00e7\u00e3o, Gest\u00e3o e Governo Digital do Minist\u00e9rio da Economia, j\u00e1 foi testado nos aeroportos de Florian\u00f3polis, Salvador, Rio de Janeiro (Santos Dumont) e Belo Horizonte (Confins). \u00c9 a primeira vez em que os passageiros desse trecho testam, ao mesmo tempo, o sistema de tecnologia de ponta a ponta.<\/span><\/p>\n<p>&nbsp;<\/p>\n<p class=\"p1\"><span class=\"s1\">Ao longo do dia, passageiros da Azul Linhas A\u00e9reas que se deslocarem entre os aeroportos de Congonhas e Santos Dumont ser\u00e3o convidados, no momento do check-in, a experimentarem a tecnologia de reconhecimento biom\u00e9trico facial para acessar as \u00e1reas de embarque e as aeronaves nos dois terminais. Quem concordar, recebe uma mensagem no celular solicitando autoriza\u00e7\u00e3o para obten\u00e7\u00e3o de seus dados, incluindo o CPF e uma foto.<\/span><\/p>\n<p>&nbsp;<\/p>\n<p class=\"p1\"><span class=\"s1\">Depois que o passageiro consentir, o atendente da companhia a\u00e9rea realiza a valida\u00e7\u00e3o biom\u00e9trica do passageiro utilizando o aplicativo do Serpro, que compara os dados e a foto tirada na hora com as informa\u00e7\u00f5es armazenadas nas bases do governo. Assim que validado, o passageiro \u00e9 liberado para entrar na sala de embarque e no avi\u00e3o, passando pelos controles biom\u00e9tricos, feito por meio de c\u00e2meras. O passageiro n\u00e3o precisa mais apresentar documentos.<\/span><\/p>\n<p>&nbsp;<\/p>\n<p class=\"p1\"><span class=\"s1\">De acordo com informa\u00e7\u00f5es do minist\u00e9rio, no projeto-piloto s\u00e3o medidos indicadores como redu\u00e7\u00e3o no tempo em filas, no acesso \u00e0 sala de embarque e \u00e0 aeronave e custos de opera\u00e7\u00e3o. O objetivo do governo federal \u00e9, ap\u00f3s a aprova\u00e7\u00e3o do projeto-piloto, implantar a tecnologia, que torna processo de embarque mais eficiente, \u00e1gil e seguro, nos principais aeroportos do pa\u00eds.<\/span><\/p>\n<p>&nbsp;<\/p>\n<p class=\"p1\"><span class=\"s1\">Segundo o Serpro, a ferramenta garante uma confer\u00eancia precisa da identidade dos passageiros e atende \u00e0 <span class=\"s2\">Lei Geral de Prote\u00e7\u00e3o de Dados (LGPD)<\/span> e tem por premissa a seguran\u00e7a no tratamento dos dados pessoais contra uso indevido ou n\u00e3o autorizado.<\/span><\/p>\n<p>&nbsp;<\/p>\n<p><img loading=\"lazy\" class=\"alignnone size-medium wp-image-5001\" src=\"http:\/\/www.radiomanchester.com.br\/fm\/wp-content\/uploads\/2021\/06\/13E1AE68-383B-49A5-A9D0-3D67E6F02C0B-300x199.jpeg\" alt=\"\" width=\"300\" height=\"199\" srcset=\"https:\/\/www.radiomanchester.com.br\/fm\/wp-content\/uploads\/2021\/06\/13E1AE68-383B-49A5-A9D0-3D67E6F02C0B-300x199.jpeg 300w, https:\/\/www.radiomanchester.com.br\/fm\/wp-content\/uploads\/2021\/06\/13E1AE68-383B-49A5-A9D0-3D67E6F02C0B.jpeg 679w\" sizes=\"(max-width: 300px) 100vw, 300px\" \/><\/p>\n<p class=\"p1\"><span class=\"s1\">Por Ag\u00eancia Nacional &#8211; foto: reprodu\u00e7\u00e3o <\/span><\/p>\n","protected":false},"excerpt":{"rendered":"<p class=\"excerpt\">O Projeto Embarque+Seguro 100% Digital j\u00e1 foi testado em 4 aeroportos &nbsp; Os passageiros da Ponte A\u00e9rea Rio-S\u00e3o Paulo participam, simultaneamente, hoje (15), no Aeroporto de Congonhas, na capital paulista, e no Aeroporto Santos Dumont, na capital fluminense, de um teste para o embarque com o uso de reconhecimento facial, sem a necessidade de apresentar [&hellip;]<\/p>\n","protected":false},"author":1,"featured_media":5001,"comment_status":"open","ping_status":"open","sticky":false,"template":"","format":"standard","meta":[],"categories":[8,17],"tags":[],"yoast_head":"<!-- This site is optimized with the Yoast SEO plugin v18.3 - https:\/\/yoast.com\/wordpress\/plugins\/seo\/ -->\n<title>Ponte A\u00e9rea Rio-S\u00e3o Paulo testa reconhecimento facial em passageiros - Manchester FM 93,3<\/title>\n<meta name=\"robots\" content=\"index, follow, max-snippet:-1, max-image-preview:large, max-video-preview:-1\" \/>\n<link rel=\"canonical\" href=\"https:\/\/www.radiomanchester.com.br\/fm\/ponte-aerea-rio-sao-paulo-testa-reconhecimento-facial-em-passageiros\/\" \/>\n<meta property=\"og:locale\" content=\"pt_BR\" \/>\n<meta property=\"og:type\" content=\"article\" \/>\n<meta property=\"og:title\" content=\"Ponte A\u00e9rea Rio-S\u00e3o Paulo testa reconhecimento facial em passageiros - Manchester FM 93,3\" \/>\n<meta property=\"og:description\" content=\"O Projeto Embarque+Seguro 100% Digital j\u00e1 foi testado em 4 aeroportos &nbsp; Os passageiros da Ponte A\u00e9rea Rio-S\u00e3o Paulo participam, simultaneamente, hoje (15), no Aeroporto de Congonhas, na capital paulista, e no Aeroporto Santos Dumont, na capital fluminense, de um teste para o embarque com o uso de reconhecimento facial, sem a necessidade de apresentar [&hellip;]\" \/>\n<meta property=\"og:url\" content=\"https:\/\/www.radiomanchester.com.br\/fm\/ponte-aerea-rio-sao-paulo-testa-reconhecimento-facial-em-passageiros\/\" \/>\n<meta property=\"og:site_name\" content=\"Manchester FM 93,3\" \/>\n<meta property=\"article:published_time\" content=\"2021-06-16T15:37:13+00:00\" \/>\n<meta property=\"article:modified_time\" content=\"2021-06-16T00:39:06+00:00\" \/>\n<meta property=\"og:image\" content=\"https:\/\/www.radiomanchester.com.br\/fm\/wp-content\/uploads\/2021\/06\/13E1AE68-383B-49A5-A9D0-3D67E6F02C0B.jpeg\" \/>\n\t<meta property=\"og:image:width\" content=\"679\" \/>\n\t<meta property=\"og:image:height\" content=\"451\" \/>\n\t<meta property=\"og:image:type\" content=\"image\/jpeg\" \/>\n<meta name=\"twitter:card\" content=\"summary_large_image\" \/>\n<meta name=\"twitter:label1\" content=\"Escrito por\" \/>\n\t<meta name=\"twitter:data1\" content=\"admin\" \/>\n\t<meta name=\"twitter:label2\" content=\"Est. tempo de leitura\" \/>\n\t<meta name=\"twitter:data2\" content=\"2 minutos\" \/>\n<script type=\"application\/ld+json\" class=\"yoast-schema-graph\">{\"@context\":\"https:\/\/schema.org\",\"@graph\":[{\"@type\":\"WebSite\",\"@id\":\"https:\/\/www.radiomanchester.com.br\/fm\/#website\",\"url\":\"https:\/\/www.radiomanchester.com.br\/fm\/\",\"name\":\"Manchester FM 93,3\",\"description\":\"Todo Mundo Ouve!\",\"potentialAction\":[{\"@type\":\"SearchAction\",\"target\":{\"@type\":\"EntryPoint\",\"urlTemplate\":\"https:\/\/www.radiomanchester.com.br\/fm\/?s={search_term_string}\"},\"query-input\":\"required name=search_term_string\"}],\"inLanguage\":\"pt-BR\"},{\"@type\":\"ImageObject\",\"@id\":\"https:\/\/www.radiomanchester.com.br\/fm\/ponte-aerea-rio-sao-paulo-testa-reconhecimento-facial-em-passageiros\/#primaryimage\",\"inLanguage\":\"pt-BR\",\"url\":\"https:\/\/www.radiomanchester.com.br\/fm\/wp-content\/uploads\/2021\/06\/13E1AE68-383B-49A5-A9D0-3D67E6F02C0B.jpeg\",\"contentUrl\":\"https:\/\/www.radiomanchester.com.br\/fm\/wp-content\/uploads\/2021\/06\/13E1AE68-383B-49A5-A9D0-3D67E6F02C0B.jpeg\",\"width\":679,\"height\":451},{\"@type\":\"WebPage\",\"@id\":\"https:\/\/www.radiomanchester.com.br\/fm\/ponte-aerea-rio-sao-paulo-testa-reconhecimento-facial-em-passageiros\/#webpage\",\"url\":\"https:\/\/www.radiomanchester.com.br\/fm\/ponte-aerea-rio-sao-paulo-testa-reconhecimento-facial-em-passageiros\/\",\"name\":\"Ponte A\u00e9rea Rio-S\u00e3o Paulo testa reconhecimento facial em passageiros - Manchester FM 93,3\",\"isPartOf\":{\"@id\":\"https:\/\/www.radiomanchester.com.br\/fm\/#website\"},\"primaryImageOfPage\":{\"@id\":\"https:\/\/www.radiomanchester.com.br\/fm\/ponte-aerea-rio-sao-paulo-testa-reconhecimento-facial-em-passageiros\/#primaryimage\"},\"datePublished\":\"2021-06-16T15:37:13+00:00\",\"dateModified\":\"2021-06-16T00:39:06+00:00\",\"author\":{\"@id\":\"https:\/\/www.radiomanchester.com.br\/fm\/#\/schema\/person\/408a7b4d4e32cbebd90e2782852abca3\"},\"breadcrumb\":{\"@id\":\"https:\/\/www.radiomanchester.com.br\/fm\/ponte-aerea-rio-sao-paulo-testa-reconhecimento-facial-em-passageiros\/#breadcrumb\"},\"inLanguage\":\"pt-BR\",\"potentialAction\":[{\"@type\":\"ReadAction\",\"target\":[\"https:\/\/www.radiomanchester.com.br\/fm\/ponte-aerea-rio-sao-paulo-testa-reconhecimento-facial-em-passageiros\/\"]}]},{\"@type\":\"BreadcrumbList\",\"@id\":\"https:\/\/www.radiomanchester.com.br\/fm\/ponte-aerea-rio-sao-paulo-testa-reconhecimento-facial-em-passageiros\/#breadcrumb\",\"itemListElement\":[{\"@type\":\"ListItem\",\"position\":1,\"name\":\"Home\",\"item\":\"https:\/\/www.radiomanchester.com.br\/fm\/\"},{\"@type\":\"ListItem\",\"position\":2,\"name\":\"Ponte A\u00e9rea Rio-S\u00e3o Paulo testa reconhecimento facial em passageiros\"}]},{\"@type\":\"Person\",\"@id\":\"https:\/\/www.radiomanchester.com.br\/fm\/#\/schema\/person\/408a7b4d4e32cbebd90e2782852abca3\",\"name\":\"admin\",\"image\":{\"@type\":\"ImageObject\",\"@id\":\"https:\/\/www.radiomanchester.com.br\/fm\/#personlogo\",\"inLanguage\":\"pt-BR\",\"url\":\"https:\/\/secure.gravatar.com\/avatar\/115a974dba3376872eb3addeb276301c?s=96&d=mm&r=g\",\"contentUrl\":\"https:\/\/secure.gravatar.com\/avatar\/115a974dba3376872eb3addeb276301c?s=96&d=mm&r=g\",\"caption\":\"admin\"},\"url\":\"https:\/\/www.radiomanchester.com.br\/fm\/author\/admin\/\"}]}<\/script>\n<!-- \/ Yoast SEO plugin. -->","yoast_head_json":{"title":"Ponte A\u00e9rea Rio-S\u00e3o Paulo testa reconhecimento facial em passageiros - Manchester FM 93,3","robots":{"index":"index","follow":"follow","max-snippet":"max-snippet:-1","max-image-preview":"max-image-preview:large","max-video-preview":"max-video-preview:-1"},"canonical":"https:\/\/www.radiomanchester.com.br\/fm\/ponte-aerea-rio-sao-paulo-testa-reconhecimento-facial-em-passageiros\/","og_locale":"pt_BR","og_type":"article","og_title":"Ponte A\u00e9rea Rio-S\u00e3o Paulo testa reconhecimento facial em passageiros - Manchester FM 93,3","og_description":"O Projeto Embarque+Seguro 100% Digital j\u00e1 foi testado em 4 aeroportos &nbsp; Os passageiros da Ponte A\u00e9rea Rio-S\u00e3o Paulo participam, simultaneamente, hoje (15), no Aeroporto de Congonhas, na capital paulista, e no Aeroporto Santos Dumont, na capital fluminense, de um teste para o embarque com o uso de reconhecimento facial, sem a necessidade de apresentar [&hellip;]","og_url":"https:\/\/www.radiomanchester.com.br\/fm\/ponte-aerea-rio-sao-paulo-testa-reconhecimento-facial-em-passageiros\/","og_site_name":"Manchester FM 93,3","article_published_time":"2021-06-16T15:37:13+00:00","article_modified_time":"2021-06-16T00:39:06+00:00","og_image":[{"width":679,"height":451,"url":"https:\/\/www.radiomanchester.com.br\/fm\/wp-content\/uploads\/2021\/06\/13E1AE68-383B-49A5-A9D0-3D67E6F02C0B.jpeg","type":"image\/jpeg"}],"twitter_card":"summary_large_image","twitter_misc":{"Escrito por":"admin","Est. tempo de leitura":"2 minutos"},"schema":{"@context":"https:\/\/schema.org","@graph":[{"@type":"WebSite","@id":"https:\/\/www.radiomanchester.com.br\/fm\/#website","url":"https:\/\/www.radiomanchester.com.br\/fm\/","name":"Manchester FM 93,3","description":"Todo Mundo Ouve!","potentialAction":[{"@type":"SearchAction","target":{"@type":"EntryPoint","urlTemplate":"https:\/\/www.radiomanchester.com.br\/fm\/?s={search_term_string}"},"query-input":"required name=search_term_string"}],"inLanguage":"pt-BR"},{"@type":"ImageObject","@id":"https:\/\/www.radiomanchester.com.br\/fm\/ponte-aerea-rio-sao-paulo-testa-reconhecimento-facial-em-passageiros\/#primaryimage","inLanguage":"pt-BR","url":"https:\/\/www.radiomanchester.com.br\/fm\/wp-content\/uploads\/2021\/06\/13E1AE68-383B-49A5-A9D0-3D67E6F02C0B.jpeg","contentUrl":"https:\/\/www.radiomanchester.com.br\/fm\/wp-content\/uploads\/2021\/06\/13E1AE68-383B-49A5-A9D0-3D67E6F02C0B.jpeg","width":679,"height":451},{"@type":"WebPage","@id":"https:\/\/www.radiomanchester.com.br\/fm\/ponte-aerea-rio-sao-paulo-testa-reconhecimento-facial-em-passageiros\/#webpage","url":"https:\/\/www.radiomanchester.com.br\/fm\/ponte-aerea-rio-sao-paulo-testa-reconhecimento-facial-em-passageiros\/","name":"Ponte A\u00e9rea Rio-S\u00e3o Paulo testa reconhecimento facial em passageiros - Manchester FM 93,3","isPartOf":{"@id":"https:\/\/www.radiomanchester.com.br\/fm\/#website"},"primaryImageOfPage":{"@id":"https:\/\/www.radiomanchester.com.br\/fm\/ponte-aerea-rio-sao-paulo-testa-reconhecimento-facial-em-passageiros\/#primaryimage"},"datePublished":"2021-06-16T15:37:13+00:00","dateModified":"2021-06-16T00:39:06+00:00","author":{"@id":"https:\/\/www.radiomanchester.com.br\/fm\/#\/schema\/person\/408a7b4d4e32cbebd90e2782852abca3"},"breadcrumb":{"@id":"https:\/\/www.radiomanchester.com.br\/fm\/ponte-aerea-rio-sao-paulo-testa-reconhecimento-facial-em-passageiros\/#breadcrumb"},"inLanguage":"pt-BR","potentialAction":[{"@type":"ReadAction","target":["https:\/\/www.radiomanchester.com.br\/fm\/ponte-aerea-rio-sao-paulo-testa-reconhecimento-facial-em-passageiros\/"]}]},{"@type":"BreadcrumbList","@id":"https:\/\/www.radiomanchester.com.br\/fm\/ponte-aerea-rio-sao-paulo-testa-reconhecimento-facial-em-passageiros\/#breadcrumb","itemListElement":[{"@type":"ListItem","position":1,"name":"Home","item":"https:\/\/www.radiomanchester.com.br\/fm\/"},{"@type":"ListItem","position":2,"name":"Ponte A\u00e9rea Rio-S\u00e3o Paulo testa reconhecimento facial em passageiros"}]},{"@type":"Person","@id":"https:\/\/www.radiomanchester.com.br\/fm\/#\/schema\/person\/408a7b4d4e32cbebd90e2782852abca3","name":"admin","image":{"@type":"ImageObject","@id":"https:\/\/www.radiomanchester.com.br\/fm\/#personlogo","inLanguage":"pt-BR","url":"https:\/\/secure.gravatar.com\/avatar\/115a974dba3376872eb3addeb276301c?s=96&d=mm&r=g","contentUrl":"https:\/\/secure.gravatar.com\/avatar\/115a974dba3376872eb3addeb276301c?s=96&d=mm&r=g","caption":"admin"},"url":"https:\/\/www.radiomanchester.com.br\/fm\/author\/admin\/"}]}},"_links":{"self":[{"href":"https:\/\/www.radiomanchester.com.br\/fm\/wp-json\/wp\/v2\/posts\/5000"}],"collection":[{"href":"https:\/\/www.radiomanchester.com.br\/fm\/wp-json\/wp\/v2\/posts"}],"about":[{"href":"https:\/\/www.radiomanchester.com.br\/fm\/wp-json\/wp\/v2\/types\/post"}],"author":[{"embeddable":true,"href":"https:\/\/www.radiomanchester.com.br\/fm\/wp-json\/wp\/v2\/users\/1"}],"replies":[{"embeddable":true,"href":"https:\/\/www.radiomanchester.com.br\/fm\/wp-json\/wp\/v2\/comments?post=5000"}],"version-history":[{"count":1,"href":"https:\/\/www.radiomanchester.com.br\/fm\/wp-json\/wp\/v2\/posts\/5000\/revisions"}],"predecessor-version":[{"id":5002,"href":"https:\/\/www.radiomanchester.com.br\/fm\/wp-json\/wp\/v2\/posts\/5000\/revisions\/5002"}],"wp:featuredmedia":[{"embeddable":true,"href":"https:\/\/www.radiomanchester.com.br\/fm\/wp-json\/wp\/v2\/media\/5001"}],"wp:attachment":[{"href":"https:\/\/www.radiomanchester.com.br\/fm\/wp-json\/wp\/v2\/media?parent=5000"}],"wp:term":[{"taxonomy":"category","embeddable":true,"href":"https:\/\/www.radiomanchester.com.br\/fm\/wp-json\/wp\/v2\/categories?post=5000"},{"taxonomy":"post_tag","embeddable":true,"href":"https:\/\/www.radiomanchester.com.br\/fm\/wp-json\/wp\/v2\/tags?post=5000"}],"curies":[{"name":"wp","href":"https:\/\/api.w.org\/{rel}","templated":true}]}}