{"id":5104,"date":"2021-06-25T07:30:46","date_gmt":"2021-06-25T10:30:46","guid":{"rendered":"http:\/\/www.radiomanchester.com.br\/fm\/?p=5104"},"modified":"2021-06-25T00:01:34","modified_gmt":"2021-06-25T03:01:34","slug":"fazendeiro-e-caseiro-sao-suspeitos-de-ajudar-lazaro-barbosa-em-fuga","status":"publish","type":"post","link":"https:\/\/www.radiomanchester.com.br\/fm\/fazendeiro-e-caseiro-sao-suspeitos-de-ajudar-lazaro-barbosa-em-fuga\/","title":{"rendered":"Fazendeiro e caseiro s\u00e3o suspeitos de ajudar L\u00e1zaro Barbosa em fuga"},"content":{"rendered":"<h5 class=\"p1\">Informa\u00e7\u00f5es obtidas apontam que L\u00e1zaro Barbosa j\u00e1 trabalhou na fazenda de um dos presos<\/h5>\n<p>&nbsp;<\/p>\n<p class=\"p2\"><span class=\"s2\">Policiais penais da Diretoria de Opera\u00e7\u00f5es Penitenci\u00e1rias (Dpoe) do Distrito Federal foram os respons\u00e1veis por prender um dos homens suspeitos de ajudar na fuga de L\u00e1zaro Barbosa Sousa, 32 anos, investigado por matar uma fam\u00edlia em Ceil\u00e2ndia Norte, balear tr\u00eas e manter pessoas como ref\u00e9ns.<\/span><\/p>\n<p>&nbsp;<\/p>\n<p class=\"p2\"><span class=\"s2\">Informa\u00e7\u00f5es do Correio tamb\u00e9m apontam que L\u00e1zaro Barbosa j\u00e1 trabalhou em uma fazenda do fazendeiro detido.<\/span><\/p>\n<p>&nbsp;<\/p>\n<p class=\"p2\"><span class=\"s2\">Os dois foram presos na tarde desta quinta-feira (24 de junho) em Girassol, distrito de Cocalzinho de Goi\u00e1s. Durante a abordagem, o fazendeiro dirigia uma picape branca e teria desobedecido a ordem de parada dos policiais penais e seguiu adiante. A equipe perseguiu o homem, que \u00e9 morador de Girassol, e o interceptou novamente. Com ele, foram apreendidos duas espingardas H roxa com 50 muni\u00e7\u00f5es.<\/span><\/p>\n<p>&nbsp;<\/p>\n<p class=\"p2\"><span class=\"s2\">O outro preso \u00e9 caseiro do fazendeiro. O Correio apurou que o funcion\u00e1rio foi detido pelas equipes do Comando de Opera\u00e7\u00f5es de Divisas da Pol\u00edcia Militar do Estado de Goi\u00e1s (COD\/PCGO).<\/span><\/p>\n<p>&nbsp;<\/p>\n<p class=\"p2\"><span class=\"s2\">Os dois presos ser\u00e3o levados para a Central de Flagrantes de \u00c1guas Lindas de Goi\u00e1s. Eles foram autuados por porte ilegal de armas e facilita\u00e7\u00e3o da fuga de preso. A for\u00e7a-tarefa n\u00e3o exclui a possibilidade de outras pessoas terem ajudado o criminoso.<\/span><\/p>\n<p>&nbsp;<\/p>\n<p class=\"p2\"><span class=\"s2\">Segundo o secret\u00e1rio de Seguran\u00e7a P\u00fablica de Goi\u00e1s, Rodney Miranda, as provas s\u00e3o &#8220;contundentes&#8221; e os policiais identificaram uma casa onde estavam os dois homens acusados de ajudar na fuga do criminoso. Apesar disso, a for\u00e7a-tarefa acredita que L\u00e1zaro ainda esteja no per\u00edmetro delimitado pelos policiais, pois confirmou que a den\u00fancia de uma testemunha que afirmou t\u00ea-lo visto na \u00e1rea nesta quinta-feira.<\/span><\/p>\n<p><img loading=\"lazy\" class=\"alignnone size-medium wp-image-5105\" src=\"http:\/\/www.radiomanchester.com.br\/fm\/wp-content\/uploads\/2021\/06\/F7408601-C674-4177-B738-429BDB8BC8C1-300x215.jpeg\" alt=\"\" width=\"300\" height=\"215\" srcset=\"https:\/\/www.radiomanchester.com.br\/fm\/wp-content\/uploads\/2021\/06\/F7408601-C674-4177-B738-429BDB8BC8C1-300x215.jpeg 300w, https:\/\/www.radiomanchester.com.br\/fm\/wp-content\/uploads\/2021\/06\/F7408601-C674-4177-B738-429BDB8BC8C1-768x550.jpeg 768w, https:\/\/www.radiomanchester.com.br\/fm\/wp-content\/uploads\/2021\/06\/F7408601-C674-4177-B738-429BDB8BC8C1.jpeg 967w\" sizes=\"(max-width: 300px) 100vw, 300px\" \/><\/p>\n<p>&nbsp;<\/p>\n<p class=\"p2\"><span class=\"s2\">Por CB com reda\u00e7\u00e3o &#8211; foto: reprodu\u00e7\u00e3o <\/span><\/p>\n","protected":false},"excerpt":{"rendered":"<p class=\"excerpt\">Informa\u00e7\u00f5es obtidas apontam que L\u00e1zaro Barbosa j\u00e1 trabalhou na fazenda de um dos presos &nbsp; Policiais penais da Diretoria de Opera\u00e7\u00f5es Penitenci\u00e1rias (Dpoe) do Distrito Federal foram os respons\u00e1veis por prender um dos homens suspeitos de ajudar na fuga de L\u00e1zaro Barbosa Sousa, 32 anos, investigado por matar uma fam\u00edlia em Ceil\u00e2ndia Norte, balear tr\u00eas [&hellip;]<\/p>\n","protected":false},"author":1,"featured_media":5105,"comment_status":"open","ping_status":"open","sticky":false,"template":"","format":"standard","meta":[],"categories":[8,17],"tags":[],"yoast_head":"<!-- This site is optimized with the Yoast SEO plugin v18.3 - https:\/\/yoast.com\/wordpress\/plugins\/seo\/ -->\n<title>Fazendeiro e caseiro s\u00e3o suspeitos de ajudar L\u00e1zaro Barbosa em fuga - Manchester FM 93,3<\/title>\n<meta name=\"robots\" content=\"index, follow, max-snippet:-1, max-image-preview:large, max-video-preview:-1\" \/>\n<link rel=\"canonical\" href=\"https:\/\/www.radiomanchester.com.br\/fm\/fazendeiro-e-caseiro-sao-suspeitos-de-ajudar-lazaro-barbosa-em-fuga\/\" \/>\n<meta property=\"og:locale\" content=\"pt_BR\" \/>\n<meta property=\"og:type\" content=\"article\" \/>\n<meta property=\"og:title\" content=\"Fazendeiro e caseiro s\u00e3o suspeitos de ajudar L\u00e1zaro Barbosa em fuga - Manchester FM 93,3\" \/>\n<meta property=\"og:description\" content=\"Informa\u00e7\u00f5es obtidas apontam que L\u00e1zaro Barbosa j\u00e1 trabalhou na fazenda de um dos presos &nbsp; Policiais penais da Diretoria de Opera\u00e7\u00f5es Penitenci\u00e1rias (Dpoe) do Distrito Federal foram os respons\u00e1veis por prender um dos homens suspeitos de ajudar na fuga de L\u00e1zaro Barbosa Sousa, 32 anos, investigado por matar uma fam\u00edlia em Ceil\u00e2ndia Norte, balear tr\u00eas [&hellip;]\" \/>\n<meta property=\"og:url\" content=\"https:\/\/www.radiomanchester.com.br\/fm\/fazendeiro-e-caseiro-sao-suspeitos-de-ajudar-lazaro-barbosa-em-fuga\/\" \/>\n<meta property=\"og:site_name\" content=\"Manchester FM 93,3\" \/>\n<meta property=\"article:published_time\" content=\"2021-06-25T10:30:46+00:00\" \/>\n<meta property=\"article:modified_time\" content=\"2021-06-25T03:01:34+00:00\" \/>\n<meta property=\"og:image\" content=\"https:\/\/www.radiomanchester.com.br\/fm\/wp-content\/uploads\/2021\/06\/F7408601-C674-4177-B738-429BDB8BC8C1.jpeg\" \/>\n\t<meta property=\"og:image:width\" content=\"967\" \/>\n\t<meta property=\"og:image:height\" content=\"692\" \/>\n\t<meta property=\"og:image:type\" content=\"image\/jpeg\" \/>\n<meta name=\"twitter:card\" content=\"summary_large_image\" \/>\n<meta name=\"twitter:label1\" content=\"Escrito por\" \/>\n\t<meta name=\"twitter:data1\" content=\"admin\" \/>\n\t<meta name=\"twitter:label2\" content=\"Est. tempo de leitura\" \/>\n\t<meta name=\"twitter:data2\" content=\"2 minutos\" \/>\n<script type=\"application\/ld+json\" class=\"yoast-schema-graph\">{\"@context\":\"https:\/\/schema.org\",\"@graph\":[{\"@type\":\"WebSite\",\"@id\":\"https:\/\/www.radiomanchester.com.br\/fm\/#website\",\"url\":\"https:\/\/www.radiomanchester.com.br\/fm\/\",\"name\":\"Manchester FM 93,3\",\"description\":\"Todo Mundo Ouve!\",\"potentialAction\":[{\"@type\":\"SearchAction\",\"target\":{\"@type\":\"EntryPoint\",\"urlTemplate\":\"https:\/\/www.radiomanchester.com.br\/fm\/?s={search_term_string}\"},\"query-input\":\"required name=search_term_string\"}],\"inLanguage\":\"pt-BR\"},{\"@type\":\"ImageObject\",\"@id\":\"https:\/\/www.radiomanchester.com.br\/fm\/fazendeiro-e-caseiro-sao-suspeitos-de-ajudar-lazaro-barbosa-em-fuga\/#primaryimage\",\"inLanguage\":\"pt-BR\",\"url\":\"https:\/\/www.radiomanchester.com.br\/fm\/wp-content\/uploads\/2021\/06\/F7408601-C674-4177-B738-429BDB8BC8C1.jpeg\",\"contentUrl\":\"https:\/\/www.radiomanchester.com.br\/fm\/wp-content\/uploads\/2021\/06\/F7408601-C674-4177-B738-429BDB8BC8C1.jpeg\",\"width\":967,\"height\":692},{\"@type\":\"WebPage\",\"@id\":\"https:\/\/www.radiomanchester.com.br\/fm\/fazendeiro-e-caseiro-sao-suspeitos-de-ajudar-lazaro-barbosa-em-fuga\/#webpage\",\"url\":\"https:\/\/www.radiomanchester.com.br\/fm\/fazendeiro-e-caseiro-sao-suspeitos-de-ajudar-lazaro-barbosa-em-fuga\/\",\"name\":\"Fazendeiro e caseiro s\u00e3o suspeitos de ajudar L\u00e1zaro Barbosa em fuga - Manchester FM 93,3\",\"isPartOf\":{\"@id\":\"https:\/\/www.radiomanchester.com.br\/fm\/#website\"},\"primaryImageOfPage\":{\"@id\":\"https:\/\/www.radiomanchester.com.br\/fm\/fazendeiro-e-caseiro-sao-suspeitos-de-ajudar-lazaro-barbosa-em-fuga\/#primaryimage\"},\"datePublished\":\"2021-06-25T10:30:46+00:00\",\"dateModified\":\"2021-06-25T03:01:34+00:00\",\"author\":{\"@id\":\"https:\/\/www.radiomanchester.com.br\/fm\/#\/schema\/person\/408a7b4d4e32cbebd90e2782852abca3\"},\"breadcrumb\":{\"@id\":\"https:\/\/www.radiomanchester.com.br\/fm\/fazendeiro-e-caseiro-sao-suspeitos-de-ajudar-lazaro-barbosa-em-fuga\/#breadcrumb\"},\"inLanguage\":\"pt-BR\",\"potentialAction\":[{\"@type\":\"ReadAction\",\"target\":[\"https:\/\/www.radiomanchester.com.br\/fm\/fazendeiro-e-caseiro-sao-suspeitos-de-ajudar-lazaro-barbosa-em-fuga\/\"]}]},{\"@type\":\"BreadcrumbList\",\"@id\":\"https:\/\/www.radiomanchester.com.br\/fm\/fazendeiro-e-caseiro-sao-suspeitos-de-ajudar-lazaro-barbosa-em-fuga\/#breadcrumb\",\"itemListElement\":[{\"@type\":\"ListItem\",\"position\":1,\"name\":\"Home\",\"item\":\"https:\/\/www.radiomanchester.com.br\/fm\/\"},{\"@type\":\"ListItem\",\"position\":2,\"name\":\"Fazendeiro e caseiro s\u00e3o suspeitos de ajudar L\u00e1zaro Barbosa em fuga\"}]},{\"@type\":\"Person\",\"@id\":\"https:\/\/www.radiomanchester.com.br\/fm\/#\/schema\/person\/408a7b4d4e32cbebd90e2782852abca3\",\"name\":\"admin\",\"image\":{\"@type\":\"ImageObject\",\"@id\":\"https:\/\/www.radiomanchester.com.br\/fm\/#personlogo\",\"inLanguage\":\"pt-BR\",\"url\":\"https:\/\/secure.gravatar.com\/avatar\/115a974dba3376872eb3addeb276301c?s=96&d=mm&r=g\",\"contentUrl\":\"https:\/\/secure.gravatar.com\/avatar\/115a974dba3376872eb3addeb276301c?s=96&d=mm&r=g\",\"caption\":\"admin\"},\"url\":\"https:\/\/www.radiomanchester.com.br\/fm\/author\/admin\/\"}]}<\/script>\n<!-- \/ Yoast SEO plugin. -->","yoast_head_json":{"title":"Fazendeiro e caseiro s\u00e3o suspeitos de ajudar L\u00e1zaro Barbosa em fuga - Manchester FM 93,3","robots":{"index":"index","follow":"follow","max-snippet":"max-snippet:-1","max-image-preview":"max-image-preview:large","max-video-preview":"max-video-preview:-1"},"canonical":"https:\/\/www.radiomanchester.com.br\/fm\/fazendeiro-e-caseiro-sao-suspeitos-de-ajudar-lazaro-barbosa-em-fuga\/","og_locale":"pt_BR","og_type":"article","og_title":"Fazendeiro e caseiro s\u00e3o suspeitos de ajudar L\u00e1zaro Barbosa em fuga - Manchester FM 93,3","og_description":"Informa\u00e7\u00f5es obtidas apontam que L\u00e1zaro Barbosa j\u00e1 trabalhou na fazenda de um dos presos &nbsp; Policiais penais da Diretoria de Opera\u00e7\u00f5es Penitenci\u00e1rias (Dpoe) do Distrito Federal foram os respons\u00e1veis por prender um dos homens suspeitos de ajudar na fuga de L\u00e1zaro Barbosa Sousa, 32 anos, investigado por matar uma fam\u00edlia em Ceil\u00e2ndia Norte, balear tr\u00eas [&hellip;]","og_url":"https:\/\/www.radiomanchester.com.br\/fm\/fazendeiro-e-caseiro-sao-suspeitos-de-ajudar-lazaro-barbosa-em-fuga\/","og_site_name":"Manchester FM 93,3","article_published_time":"2021-06-25T10:30:46+00:00","article_modified_time":"2021-06-25T03:01:34+00:00","og_image":[{"width":967,"height":692,"url":"https:\/\/www.radiomanchester.com.br\/fm\/wp-content\/uploads\/2021\/06\/F7408601-C674-4177-B738-429BDB8BC8C1.jpeg","type":"image\/jpeg"}],"twitter_card":"summary_large_image","twitter_misc":{"Escrito por":"admin","Est. tempo de leitura":"2 minutos"},"schema":{"@context":"https:\/\/schema.org","@graph":[{"@type":"WebSite","@id":"https:\/\/www.radiomanchester.com.br\/fm\/#website","url":"https:\/\/www.radiomanchester.com.br\/fm\/","name":"Manchester FM 93,3","description":"Todo Mundo Ouve!","potentialAction":[{"@type":"SearchAction","target":{"@type":"EntryPoint","urlTemplate":"https:\/\/www.radiomanchester.com.br\/fm\/?s={search_term_string}"},"query-input":"required name=search_term_string"}],"inLanguage":"pt-BR"},{"@type":"ImageObject","@id":"https:\/\/www.radiomanchester.com.br\/fm\/fazendeiro-e-caseiro-sao-suspeitos-de-ajudar-lazaro-barbosa-em-fuga\/#primaryimage","inLanguage":"pt-BR","url":"https:\/\/www.radiomanchester.com.br\/fm\/wp-content\/uploads\/2021\/06\/F7408601-C674-4177-B738-429BDB8BC8C1.jpeg","contentUrl":"https:\/\/www.radiomanchester.com.br\/fm\/wp-content\/uploads\/2021\/06\/F7408601-C674-4177-B738-429BDB8BC8C1.jpeg","width":967,"height":692},{"@type":"WebPage","@id":"https:\/\/www.radiomanchester.com.br\/fm\/fazendeiro-e-caseiro-sao-suspeitos-de-ajudar-lazaro-barbosa-em-fuga\/#webpage","url":"https:\/\/www.radiomanchester.com.br\/fm\/fazendeiro-e-caseiro-sao-suspeitos-de-ajudar-lazaro-barbosa-em-fuga\/","name":"Fazendeiro e caseiro s\u00e3o suspeitos de ajudar L\u00e1zaro Barbosa em fuga - Manchester FM 93,3","isPartOf":{"@id":"https:\/\/www.radiomanchester.com.br\/fm\/#website"},"primaryImageOfPage":{"@id":"https:\/\/www.radiomanchester.com.br\/fm\/fazendeiro-e-caseiro-sao-suspeitos-de-ajudar-lazaro-barbosa-em-fuga\/#primaryimage"},"datePublished":"2021-06-25T10:30:46+00:00","dateModified":"2021-06-25T03:01:34+00:00","author":{"@id":"https:\/\/www.radiomanchester.com.br\/fm\/#\/schema\/person\/408a7b4d4e32cbebd90e2782852abca3"},"breadcrumb":{"@id":"https:\/\/www.radiomanchester.com.br\/fm\/fazendeiro-e-caseiro-sao-suspeitos-de-ajudar-lazaro-barbosa-em-fuga\/#breadcrumb"},"inLanguage":"pt-BR","potentialAction":[{"@type":"ReadAction","target":["https:\/\/www.radiomanchester.com.br\/fm\/fazendeiro-e-caseiro-sao-suspeitos-de-ajudar-lazaro-barbosa-em-fuga\/"]}]},{"@type":"BreadcrumbList","@id":"https:\/\/www.radiomanchester.com.br\/fm\/fazendeiro-e-caseiro-sao-suspeitos-de-ajudar-lazaro-barbosa-em-fuga\/#breadcrumb","itemListElement":[{"@type":"ListItem","position":1,"name":"Home","item":"https:\/\/www.radiomanchester.com.br\/fm\/"},{"@type":"ListItem","position":2,"name":"Fazendeiro e caseiro s\u00e3o suspeitos de ajudar L\u00e1zaro Barbosa em fuga"}]},{"@type":"Person","@id":"https:\/\/www.radiomanchester.com.br\/fm\/#\/schema\/person\/408a7b4d4e32cbebd90e2782852abca3","name":"admin","image":{"@type":"ImageObject","@id":"https:\/\/www.radiomanchester.com.br\/fm\/#personlogo","inLanguage":"pt-BR","url":"https:\/\/secure.gravatar.com\/avatar\/115a974dba3376872eb3addeb276301c?s=96&d=mm&r=g","contentUrl":"https:\/\/secure.gravatar.com\/avatar\/115a974dba3376872eb3addeb276301c?s=96&d=mm&r=g","caption":"admin"},"url":"https:\/\/www.radiomanchester.com.br\/fm\/author\/admin\/"}]}},"_links":{"self":[{"href":"https:\/\/www.radiomanchester.com.br\/fm\/wp-json\/wp\/v2\/posts\/5104"}],"collection":[{"href":"https:\/\/www.radiomanchester.com.br\/fm\/wp-json\/wp\/v2\/posts"}],"about":[{"href":"https:\/\/www.radiomanchester.com.br\/fm\/wp-json\/wp\/v2\/types\/post"}],"author":[{"embeddable":true,"href":"https:\/\/www.radiomanchester.com.br\/fm\/wp-json\/wp\/v2\/users\/1"}],"replies":[{"embeddable":true,"href":"https:\/\/www.radiomanchester.com.br\/fm\/wp-json\/wp\/v2\/comments?post=5104"}],"version-history":[{"count":1,"href":"https:\/\/www.radiomanchester.com.br\/fm\/wp-json\/wp\/v2\/posts\/5104\/revisions"}],"predecessor-version":[{"id":5106,"href":"https:\/\/www.radiomanchester.com.br\/fm\/wp-json\/wp\/v2\/posts\/5104\/revisions\/5106"}],"wp:featuredmedia":[{"embeddable":true,"href":"https:\/\/www.radiomanchester.com.br\/fm\/wp-json\/wp\/v2\/media\/5105"}],"wp:attachment":[{"href":"https:\/\/www.radiomanchester.com.br\/fm\/wp-json\/wp\/v2\/media?parent=5104"}],"wp:term":[{"taxonomy":"category","embeddable":true,"href":"https:\/\/www.radiomanchester.com.br\/fm\/wp-json\/wp\/v2\/categories?post=5104"},{"taxonomy":"post_tag","embeddable":true,"href":"https:\/\/www.radiomanchester.com.br\/fm\/wp-json\/wp\/v2\/tags?post=5104"}],"curies":[{"name":"wp","href":"https:\/\/api.w.org\/{rel}","templated":true}]}}