{"id":5246,"date":"2021-07-07T22:03:41","date_gmt":"2021-07-08T01:03:41","guid":{"rendered":"http:\/\/www.radiomanchester.com.br\/fm\/?p=5246"},"modified":"2021-07-07T22:03:41","modified_gmt":"2021-07-08T01:03:41","slug":"com-covid-19-luciano-szafir-passa-por-cirurgia-abdominal","status":"publish","type":"post","link":"https:\/\/www.radiomanchester.com.br\/fm\/com-covid-19-luciano-szafir-passa-por-cirurgia-abdominal\/","title":{"rendered":"Com Covid-19, Luciano Szafir passa por cirurgia abdominal"},"content":{"rendered":"<p class=\"p1\"><span class=\"s1\">Internado por conta da Covid-19, Luciano Szafir passou por uma cirurgia abdominal, nesta quarta-feira, (7 de julho), informou o G1.\u00a0<\/span><span class=\"s1\">Ainda de acordo com a publica\u00e7\u00e3o, seu quadro \u00e9 est\u00e1vel, sem febre \u00a0e sem necessidade de suporte de oxig\u00eanio. N\u00e3o h\u00e1 previs\u00e3o de alta.\u00a0<\/span><span class=\"s1\">O ator e apresentador est\u00e1 internado no Hospital Samaritano Barra, no Rio de Janeiro, desde a semana passada.<\/span><\/p>\n<p class=\"p1\"><span class=\"s1\"><br \/>\n\u201cSeja sempre o mestre da sua mente. Quando voc\u00ea est\u00e1 mal, pode dizer a sua mente para focar em outra coisa. Voc\u00ea pode e deve ter controle de como pensa e exatamente no que pensa. \u00c9 poss\u00edvel com a pr\u00e1tica e o h\u00e1bito. Sua vida se tornar\u00e1 mais f\u00e1cil, mas requer o seu esfor\u00e7o inicial\u201d, escreveu Szafir nas redes sociais, na semana passada.<\/span><\/p>\n<p>&nbsp;<\/p>\n<p class=\"p3\"><span class=\"s2\"><strong>Mulher de Luciano Szafir desabafa ap\u00f3s interna\u00e7\u00e3o de ator por Covid-19: \u2018Tristeza\u2019<\/strong><br \/>\n<\/span><span class=\"s1\">Na semana passada, Luhanna Melloni, mulher de\u00a0Luciano Szafir, fez um breve desabafo nas redes sociais ap\u00f3s a\u00a0interna\u00e7\u00e3o do marido por Covid-19. No Instagram, a loira publicou uma selfie em que aparece dentro de um carro e usando m\u00e1scaras de prote\u00e7\u00e3o respirat\u00f3ria.<\/span><\/p>\n<p>&nbsp;<\/p>\n<p class=\"p1\"><span class=\"s1\">\u201cRetomando a vida ap\u00f3s duas semanas de tristeza e medo, mas tamb\u00e9m de muita f\u00e9. Est\u00e1 chegando o dia dele voltar. Mas enquanto ele n\u00e3o volta, meu mundo continua em preto e branco. Te esperando ansiosa, meu amor, meu companheiro\u201d, escreveu ela.<\/span><\/p>\n<p><img loading=\"lazy\" class=\"alignnone size-medium wp-image-5247\" src=\"http:\/\/www.radiomanchester.com.br\/fm\/wp-content\/uploads\/2021\/07\/9FA6D235-FB36-4843-A855-8E1F0665891A-300x190.jpeg\" alt=\"\" width=\"300\" height=\"190\" srcset=\"https:\/\/www.radiomanchester.com.br\/fm\/wp-content\/uploads\/2021\/07\/9FA6D235-FB36-4843-A855-8E1F0665891A-300x190.jpeg 300w, https:\/\/www.radiomanchester.com.br\/fm\/wp-content\/uploads\/2021\/07\/9FA6D235-FB36-4843-A855-8E1F0665891A.jpeg 662w\" sizes=\"(max-width: 300px) 100vw, 300px\" \/><\/p>\n<p class=\"p1\"><span class=\"s1\">Por Reda\u00e7\u00e3o &#8211; foto: reprodu\u00e7\u00e3o <\/span><\/p>\n","protected":false},"excerpt":{"rendered":"<p class=\"excerpt\">Internado por conta da Covid-19, Luciano Szafir passou por uma cirurgia abdominal, nesta quarta-feira, (7 de julho), informou o G1.\u00a0Ainda de acordo com a publica\u00e7\u00e3o, seu quadro \u00e9 est\u00e1vel, sem febre \u00a0e sem necessidade de suporte de oxig\u00eanio. N\u00e3o h\u00e1 previs\u00e3o de alta.\u00a0O ator e apresentador est\u00e1 internado no Hospital Samaritano Barra, no Rio de [&hellip;]<\/p>\n","protected":false},"author":1,"featured_media":5247,"comment_status":"open","ping_status":"open","sticky":false,"template":"","format":"standard","meta":[],"categories":[8,17],"tags":[],"yoast_head":"<!-- This site is optimized with the Yoast SEO plugin v18.3 - https:\/\/yoast.com\/wordpress\/plugins\/seo\/ -->\n<title>Com Covid-19, Luciano Szafir passa por cirurgia abdominal - Manchester FM 93,3<\/title>\n<meta name=\"robots\" content=\"index, follow, max-snippet:-1, max-image-preview:large, max-video-preview:-1\" \/>\n<link rel=\"canonical\" href=\"https:\/\/www.radiomanchester.com.br\/fm\/com-covid-19-luciano-szafir-passa-por-cirurgia-abdominal\/\" \/>\n<meta property=\"og:locale\" content=\"pt_BR\" \/>\n<meta property=\"og:type\" content=\"article\" \/>\n<meta property=\"og:title\" content=\"Com Covid-19, Luciano Szafir passa por cirurgia abdominal - Manchester FM 93,3\" \/>\n<meta property=\"og:description\" content=\"Internado por conta da Covid-19, Luciano Szafir passou por uma cirurgia abdominal, nesta quarta-feira, (7 de julho), informou o G1.\u00a0Ainda de acordo com a publica\u00e7\u00e3o, seu quadro \u00e9 est\u00e1vel, sem febre \u00a0e sem necessidade de suporte de oxig\u00eanio. N\u00e3o h\u00e1 previs\u00e3o de alta.\u00a0O ator e apresentador est\u00e1 internado no Hospital Samaritano Barra, no Rio de [&hellip;]\" \/>\n<meta property=\"og:url\" content=\"https:\/\/www.radiomanchester.com.br\/fm\/com-covid-19-luciano-szafir-passa-por-cirurgia-abdominal\/\" \/>\n<meta property=\"og:site_name\" content=\"Manchester FM 93,3\" \/>\n<meta property=\"article:published_time\" content=\"2021-07-08T01:03:41+00:00\" \/>\n<meta property=\"og:image\" content=\"https:\/\/www.radiomanchester.com.br\/fm\/wp-content\/uploads\/2021\/07\/9FA6D235-FB36-4843-A855-8E1F0665891A.jpeg\" \/>\n\t<meta property=\"og:image:width\" content=\"662\" \/>\n\t<meta property=\"og:image:height\" content=\"420\" \/>\n\t<meta property=\"og:image:type\" content=\"image\/jpeg\" \/>\n<meta name=\"twitter:card\" content=\"summary_large_image\" \/>\n<meta name=\"twitter:label1\" content=\"Escrito por\" \/>\n\t<meta name=\"twitter:data1\" content=\"admin\" \/>\n\t<meta name=\"twitter:label2\" content=\"Est. tempo de leitura\" \/>\n\t<meta name=\"twitter:data2\" content=\"1 minuto\" \/>\n<script type=\"application\/ld+json\" class=\"yoast-schema-graph\">{\"@context\":\"https:\/\/schema.org\",\"@graph\":[{\"@type\":\"WebSite\",\"@id\":\"https:\/\/www.radiomanchester.com.br\/fm\/#website\",\"url\":\"https:\/\/www.radiomanchester.com.br\/fm\/\",\"name\":\"Manchester FM 93,3\",\"description\":\"Todo Mundo Ouve!\",\"potentialAction\":[{\"@type\":\"SearchAction\",\"target\":{\"@type\":\"EntryPoint\",\"urlTemplate\":\"https:\/\/www.radiomanchester.com.br\/fm\/?s={search_term_string}\"},\"query-input\":\"required name=search_term_string\"}],\"inLanguage\":\"pt-BR\"},{\"@type\":\"ImageObject\",\"@id\":\"https:\/\/www.radiomanchester.com.br\/fm\/com-covid-19-luciano-szafir-passa-por-cirurgia-abdominal\/#primaryimage\",\"inLanguage\":\"pt-BR\",\"url\":\"https:\/\/www.radiomanchester.com.br\/fm\/wp-content\/uploads\/2021\/07\/9FA6D235-FB36-4843-A855-8E1F0665891A.jpeg\",\"contentUrl\":\"https:\/\/www.radiomanchester.com.br\/fm\/wp-content\/uploads\/2021\/07\/9FA6D235-FB36-4843-A855-8E1F0665891A.jpeg\",\"width\":662,\"height\":420},{\"@type\":\"WebPage\",\"@id\":\"https:\/\/www.radiomanchester.com.br\/fm\/com-covid-19-luciano-szafir-passa-por-cirurgia-abdominal\/#webpage\",\"url\":\"https:\/\/www.radiomanchester.com.br\/fm\/com-covid-19-luciano-szafir-passa-por-cirurgia-abdominal\/\",\"name\":\"Com Covid-19, Luciano Szafir passa por cirurgia abdominal - Manchester FM 93,3\",\"isPartOf\":{\"@id\":\"https:\/\/www.radiomanchester.com.br\/fm\/#website\"},\"primaryImageOfPage\":{\"@id\":\"https:\/\/www.radiomanchester.com.br\/fm\/com-covid-19-luciano-szafir-passa-por-cirurgia-abdominal\/#primaryimage\"},\"datePublished\":\"2021-07-08T01:03:41+00:00\",\"dateModified\":\"2021-07-08T01:03:41+00:00\",\"author\":{\"@id\":\"https:\/\/www.radiomanchester.com.br\/fm\/#\/schema\/person\/408a7b4d4e32cbebd90e2782852abca3\"},\"breadcrumb\":{\"@id\":\"https:\/\/www.radiomanchester.com.br\/fm\/com-covid-19-luciano-szafir-passa-por-cirurgia-abdominal\/#breadcrumb\"},\"inLanguage\":\"pt-BR\",\"potentialAction\":[{\"@type\":\"ReadAction\",\"target\":[\"https:\/\/www.radiomanchester.com.br\/fm\/com-covid-19-luciano-szafir-passa-por-cirurgia-abdominal\/\"]}]},{\"@type\":\"BreadcrumbList\",\"@id\":\"https:\/\/www.radiomanchester.com.br\/fm\/com-covid-19-luciano-szafir-passa-por-cirurgia-abdominal\/#breadcrumb\",\"itemListElement\":[{\"@type\":\"ListItem\",\"position\":1,\"name\":\"Home\",\"item\":\"https:\/\/www.radiomanchester.com.br\/fm\/\"},{\"@type\":\"ListItem\",\"position\":2,\"name\":\"Com Covid-19, Luciano Szafir passa por cirurgia abdominal\"}]},{\"@type\":\"Person\",\"@id\":\"https:\/\/www.radiomanchester.com.br\/fm\/#\/schema\/person\/408a7b4d4e32cbebd90e2782852abca3\",\"name\":\"admin\",\"image\":{\"@type\":\"ImageObject\",\"@id\":\"https:\/\/www.radiomanchester.com.br\/fm\/#personlogo\",\"inLanguage\":\"pt-BR\",\"url\":\"https:\/\/secure.gravatar.com\/avatar\/115a974dba3376872eb3addeb276301c?s=96&d=mm&r=g\",\"contentUrl\":\"https:\/\/secure.gravatar.com\/avatar\/115a974dba3376872eb3addeb276301c?s=96&d=mm&r=g\",\"caption\":\"admin\"},\"url\":\"https:\/\/www.radiomanchester.com.br\/fm\/author\/admin\/\"}]}<\/script>\n<!-- \/ Yoast SEO plugin. -->","yoast_head_json":{"title":"Com Covid-19, Luciano Szafir passa por cirurgia abdominal - Manchester FM 93,3","robots":{"index":"index","follow":"follow","max-snippet":"max-snippet:-1","max-image-preview":"max-image-preview:large","max-video-preview":"max-video-preview:-1"},"canonical":"https:\/\/www.radiomanchester.com.br\/fm\/com-covid-19-luciano-szafir-passa-por-cirurgia-abdominal\/","og_locale":"pt_BR","og_type":"article","og_title":"Com Covid-19, Luciano Szafir passa por cirurgia abdominal - Manchester FM 93,3","og_description":"Internado por conta da Covid-19, Luciano Szafir passou por uma cirurgia abdominal, nesta quarta-feira, (7 de julho), informou o G1.\u00a0Ainda de acordo com a publica\u00e7\u00e3o, seu quadro \u00e9 est\u00e1vel, sem febre \u00a0e sem necessidade de suporte de oxig\u00eanio. N\u00e3o h\u00e1 previs\u00e3o de alta.\u00a0O ator e apresentador est\u00e1 internado no Hospital Samaritano Barra, no Rio de [&hellip;]","og_url":"https:\/\/www.radiomanchester.com.br\/fm\/com-covid-19-luciano-szafir-passa-por-cirurgia-abdominal\/","og_site_name":"Manchester FM 93,3","article_published_time":"2021-07-08T01:03:41+00:00","og_image":[{"width":662,"height":420,"url":"https:\/\/www.radiomanchester.com.br\/fm\/wp-content\/uploads\/2021\/07\/9FA6D235-FB36-4843-A855-8E1F0665891A.jpeg","type":"image\/jpeg"}],"twitter_card":"summary_large_image","twitter_misc":{"Escrito por":"admin","Est. tempo de leitura":"1 minuto"},"schema":{"@context":"https:\/\/schema.org","@graph":[{"@type":"WebSite","@id":"https:\/\/www.radiomanchester.com.br\/fm\/#website","url":"https:\/\/www.radiomanchester.com.br\/fm\/","name":"Manchester FM 93,3","description":"Todo Mundo Ouve!","potentialAction":[{"@type":"SearchAction","target":{"@type":"EntryPoint","urlTemplate":"https:\/\/www.radiomanchester.com.br\/fm\/?s={search_term_string}"},"query-input":"required name=search_term_string"}],"inLanguage":"pt-BR"},{"@type":"ImageObject","@id":"https:\/\/www.radiomanchester.com.br\/fm\/com-covid-19-luciano-szafir-passa-por-cirurgia-abdominal\/#primaryimage","inLanguage":"pt-BR","url":"https:\/\/www.radiomanchester.com.br\/fm\/wp-content\/uploads\/2021\/07\/9FA6D235-FB36-4843-A855-8E1F0665891A.jpeg","contentUrl":"https:\/\/www.radiomanchester.com.br\/fm\/wp-content\/uploads\/2021\/07\/9FA6D235-FB36-4843-A855-8E1F0665891A.jpeg","width":662,"height":420},{"@type":"WebPage","@id":"https:\/\/www.radiomanchester.com.br\/fm\/com-covid-19-luciano-szafir-passa-por-cirurgia-abdominal\/#webpage","url":"https:\/\/www.radiomanchester.com.br\/fm\/com-covid-19-luciano-szafir-passa-por-cirurgia-abdominal\/","name":"Com Covid-19, Luciano Szafir passa por cirurgia abdominal - Manchester FM 93,3","isPartOf":{"@id":"https:\/\/www.radiomanchester.com.br\/fm\/#website"},"primaryImageOfPage":{"@id":"https:\/\/www.radiomanchester.com.br\/fm\/com-covid-19-luciano-szafir-passa-por-cirurgia-abdominal\/#primaryimage"},"datePublished":"2021-07-08T01:03:41+00:00","dateModified":"2021-07-08T01:03:41+00:00","author":{"@id":"https:\/\/www.radiomanchester.com.br\/fm\/#\/schema\/person\/408a7b4d4e32cbebd90e2782852abca3"},"breadcrumb":{"@id":"https:\/\/www.radiomanchester.com.br\/fm\/com-covid-19-luciano-szafir-passa-por-cirurgia-abdominal\/#breadcrumb"},"inLanguage":"pt-BR","potentialAction":[{"@type":"ReadAction","target":["https:\/\/www.radiomanchester.com.br\/fm\/com-covid-19-luciano-szafir-passa-por-cirurgia-abdominal\/"]}]},{"@type":"BreadcrumbList","@id":"https:\/\/www.radiomanchester.com.br\/fm\/com-covid-19-luciano-szafir-passa-por-cirurgia-abdominal\/#breadcrumb","itemListElement":[{"@type":"ListItem","position":1,"name":"Home","item":"https:\/\/www.radiomanchester.com.br\/fm\/"},{"@type":"ListItem","position":2,"name":"Com Covid-19, Luciano Szafir passa por cirurgia abdominal"}]},{"@type":"Person","@id":"https:\/\/www.radiomanchester.com.br\/fm\/#\/schema\/person\/408a7b4d4e32cbebd90e2782852abca3","name":"admin","image":{"@type":"ImageObject","@id":"https:\/\/www.radiomanchester.com.br\/fm\/#personlogo","inLanguage":"pt-BR","url":"https:\/\/secure.gravatar.com\/avatar\/115a974dba3376872eb3addeb276301c?s=96&d=mm&r=g","contentUrl":"https:\/\/secure.gravatar.com\/avatar\/115a974dba3376872eb3addeb276301c?s=96&d=mm&r=g","caption":"admin"},"url":"https:\/\/www.radiomanchester.com.br\/fm\/author\/admin\/"}]}},"_links":{"self":[{"href":"https:\/\/www.radiomanchester.com.br\/fm\/wp-json\/wp\/v2\/posts\/5246"}],"collection":[{"href":"https:\/\/www.radiomanchester.com.br\/fm\/wp-json\/wp\/v2\/posts"}],"about":[{"href":"https:\/\/www.radiomanchester.com.br\/fm\/wp-json\/wp\/v2\/types\/post"}],"author":[{"embeddable":true,"href":"https:\/\/www.radiomanchester.com.br\/fm\/wp-json\/wp\/v2\/users\/1"}],"replies":[{"embeddable":true,"href":"https:\/\/www.radiomanchester.com.br\/fm\/wp-json\/wp\/v2\/comments?post=5246"}],"version-history":[{"count":1,"href":"https:\/\/www.radiomanchester.com.br\/fm\/wp-json\/wp\/v2\/posts\/5246\/revisions"}],"predecessor-version":[{"id":5248,"href":"https:\/\/www.radiomanchester.com.br\/fm\/wp-json\/wp\/v2\/posts\/5246\/revisions\/5248"}],"wp:featuredmedia":[{"embeddable":true,"href":"https:\/\/www.radiomanchester.com.br\/fm\/wp-json\/wp\/v2\/media\/5247"}],"wp:attachment":[{"href":"https:\/\/www.radiomanchester.com.br\/fm\/wp-json\/wp\/v2\/media?parent=5246"}],"wp:term":[{"taxonomy":"category","embeddable":true,"href":"https:\/\/www.radiomanchester.com.br\/fm\/wp-json\/wp\/v2\/categories?post=5246"},{"taxonomy":"post_tag","embeddable":true,"href":"https:\/\/www.radiomanchester.com.br\/fm\/wp-json\/wp\/v2\/tags?post=5246"}],"curies":[{"name":"wp","href":"https:\/\/api.w.org\/{rel}","templated":true}]}}