{"id":5386,"date":"2021-07-22T06:00:20","date_gmt":"2021-07-22T09:00:20","guid":{"rendered":"http:\/\/www.radiomanchester.com.br\/fm\/?p=5386"},"modified":"2021-07-21T18:29:03","modified_gmt":"2021-07-21T21:29:03","slug":"prefeitura-de-anapolis-inicia-cadastro-acima-de-18-anos-e-vacinacao-para-35","status":"publish","type":"post","link":"https:\/\/www.radiomanchester.com.br\/fm\/prefeitura-de-anapolis-inicia-cadastro-acima-de-18-anos-e-vacinacao-para-35\/","title":{"rendered":"Prefeitura de An\u00e1polis inicia cadastro acima de 18 anos e vacina\u00e7\u00e3o para 35"},"content":{"rendered":"<h5>Primeira dose ser\u00e1 aplicada em dez pontos. Segunda tamb\u00e9m est\u00e1 dispon\u00edvel<\/h5>\n<p>&nbsp;<\/p>\n<p>An\u00e1polis d\u00e1 mais um importante passo no combate \u00e0 pandemia da Covid-19. Nessa quinta-feira, (22 de julho), abre o cadastro para pessoas com 18 anos ou mais se vacinarem. Mais uma vez, a cidade sai \u00e0 frente de outros munic\u00edpios, sendo a primeira a cadastrar essa faixa et\u00e1ria no Estado de Goi\u00e1s. Para se cadastrar basta acessar o site <a href=\"http:\/\/vacina.anapolis.go.gov.br\/cadastrar\">vacina.anapolis.go.gov.br\/cadastrar<\/a> com documentos em m\u00e3os. Com a chegada de novas doses previstas para amanh\u00e3, o p\u00fablico a ser vacinado passa para 35 anos \u2013 previamente cadastrados \u2013 e muda de forma decrescente conforme a chegada de novas remessas<\/p>\n<p>&nbsp;<\/p>\n<p>Al\u00e9m de pessoas j\u00e1 cadastradas com 35 anos ou mais podem se vacinar \u00e0quelas que comp\u00f5em os grupos priorit\u00e1rios: pessoas com comorbidades e defici\u00eancia, trabalhadores da educa\u00e7\u00e3o e da sa\u00fade, e idosos. A imuniza\u00e7\u00e3o de gestantes e pu\u00e9rperas est\u00e1 suspensa no momento aguardando a chegada do imunizante da Pfizer, conforme orienta\u00e7\u00e3o do Minist\u00e9rio da Sa\u00fade.<\/p>\n<p>&nbsp;<\/p>\n<p>Para primeira dose todos os pontos de vacina\u00e7\u00e3o v\u00e3o funcionar nesta quinta e sexta, 22 e 23, das 8h \u00e0s 16h. S\u00e3o eles: Banco de Leite, UniEvang\u00e9lica, antigo Cerest e unidades de sa\u00fade Santa Maria de Nazareth, Arco-\u00cdris e Bairro de Lourdes para pedestres; e Gin\u00e1sio Internacional Newton de Faria, CMTT e unidade de sa\u00fade JK e Anexo Itamaraty em sistema drive-thru.<\/p>\n<p>&nbsp;<\/p>\n<p>A aplica\u00e7\u00e3o da segunda dose da AstraZeneca ocorre em todos os postos acima mencionados. J\u00e1 da CoronaVac acontece apenas na UniEvang\u00e9lica.<\/p>\n<p>&nbsp;<\/p>\n<p><img loading=\"lazy\" class=\"alignnone size-medium wp-image-5387\" src=\"http:\/\/www.radiomanchester.com.br\/fm\/wp-content\/uploads\/2021\/07\/5FA2DEE6-3A78-4641-919C-D4C75565A6BE-300x200.jpeg\" alt=\"\" width=\"300\" height=\"200\" srcset=\"https:\/\/www.radiomanchester.com.br\/fm\/wp-content\/uploads\/2021\/07\/5FA2DEE6-3A78-4641-919C-D4C75565A6BE-300x200.jpeg 300w, https:\/\/www.radiomanchester.com.br\/fm\/wp-content\/uploads\/2021\/07\/5FA2DEE6-3A78-4641-919C-D4C75565A6BE-1024x682.jpeg 1024w, https:\/\/www.radiomanchester.com.br\/fm\/wp-content\/uploads\/2021\/07\/5FA2DEE6-3A78-4641-919C-D4C75565A6BE-768x512.jpeg 768w, https:\/\/www.radiomanchester.com.br\/fm\/wp-content\/uploads\/2021\/07\/5FA2DEE6-3A78-4641-919C-D4C75565A6BE.jpeg 1280w\" sizes=\"(max-width: 300px) 100vw, 300px\" \/><\/p>\n<p>por Prefeitura de An\u00e1polis &#8211; foto: Secom<\/p>\n","protected":false},"excerpt":{"rendered":"<p class=\"excerpt\">Primeira dose ser\u00e1 aplicada em dez pontos. Segunda tamb\u00e9m est\u00e1 dispon\u00edvel &nbsp; An\u00e1polis d\u00e1 mais um importante passo no combate \u00e0 pandemia da Covid-19. Nessa quinta-feira, (22 de julho), abre o cadastro para pessoas com 18 anos ou mais se vacinarem. Mais uma vez, a cidade sai \u00e0 frente de outros munic\u00edpios, sendo a primeira [&hellip;]<\/p>\n","protected":false},"author":1,"featured_media":5387,"comment_status":"open","ping_status":"open","sticky":false,"template":"","format":"standard","meta":[],"categories":[8,17],"tags":[],"yoast_head":"<!-- This site is optimized with the Yoast SEO plugin v18.3 - https:\/\/yoast.com\/wordpress\/plugins\/seo\/ -->\n<title>Prefeitura de An\u00e1polis inicia cadastro acima de 18 anos e vacina\u00e7\u00e3o para 35 - Manchester FM 93,3<\/title>\n<meta name=\"robots\" content=\"index, follow, max-snippet:-1, max-image-preview:large, max-video-preview:-1\" \/>\n<link rel=\"canonical\" href=\"https:\/\/www.radiomanchester.com.br\/fm\/prefeitura-de-anapolis-inicia-cadastro-acima-de-18-anos-e-vacinacao-para-35\/\" \/>\n<meta property=\"og:locale\" content=\"pt_BR\" \/>\n<meta property=\"og:type\" content=\"article\" \/>\n<meta property=\"og:title\" content=\"Prefeitura de An\u00e1polis inicia cadastro acima de 18 anos e vacina\u00e7\u00e3o para 35 - Manchester FM 93,3\" \/>\n<meta property=\"og:description\" content=\"Primeira dose ser\u00e1 aplicada em dez pontos. Segunda tamb\u00e9m est\u00e1 dispon\u00edvel &nbsp; An\u00e1polis d\u00e1 mais um importante passo no combate \u00e0 pandemia da Covid-19. Nessa quinta-feira, (22 de julho), abre o cadastro para pessoas com 18 anos ou mais se vacinarem. Mais uma vez, a cidade sai \u00e0 frente de outros munic\u00edpios, sendo a primeira [&hellip;]\" \/>\n<meta property=\"og:url\" content=\"https:\/\/www.radiomanchester.com.br\/fm\/prefeitura-de-anapolis-inicia-cadastro-acima-de-18-anos-e-vacinacao-para-35\/\" \/>\n<meta property=\"og:site_name\" content=\"Manchester FM 93,3\" \/>\n<meta property=\"article:published_time\" content=\"2021-07-22T09:00:20+00:00\" \/>\n<meta property=\"article:modified_time\" content=\"2021-07-21T21:29:03+00:00\" \/>\n<meta property=\"og:image\" content=\"https:\/\/www.radiomanchester.com.br\/fm\/wp-content\/uploads\/2021\/07\/5FA2DEE6-3A78-4641-919C-D4C75565A6BE.jpeg\" \/>\n\t<meta property=\"og:image:width\" content=\"1280\" \/>\n\t<meta property=\"og:image:height\" content=\"853\" \/>\n\t<meta property=\"og:image:type\" content=\"image\/jpeg\" \/>\n<meta name=\"twitter:card\" content=\"summary_large_image\" \/>\n<meta name=\"twitter:label1\" content=\"Escrito por\" \/>\n\t<meta name=\"twitter:data1\" content=\"admin\" \/>\n\t<meta name=\"twitter:label2\" content=\"Est. tempo de leitura\" \/>\n\t<meta name=\"twitter:data2\" content=\"1 minuto\" \/>\n<script type=\"application\/ld+json\" class=\"yoast-schema-graph\">{\"@context\":\"https:\/\/schema.org\",\"@graph\":[{\"@type\":\"WebSite\",\"@id\":\"https:\/\/www.radiomanchester.com.br\/fm\/#website\",\"url\":\"https:\/\/www.radiomanchester.com.br\/fm\/\",\"name\":\"Manchester FM 93,3\",\"description\":\"Todo Mundo Ouve!\",\"potentialAction\":[{\"@type\":\"SearchAction\",\"target\":{\"@type\":\"EntryPoint\",\"urlTemplate\":\"https:\/\/www.radiomanchester.com.br\/fm\/?s={search_term_string}\"},\"query-input\":\"required name=search_term_string\"}],\"inLanguage\":\"pt-BR\"},{\"@type\":\"ImageObject\",\"@id\":\"https:\/\/www.radiomanchester.com.br\/fm\/prefeitura-de-anapolis-inicia-cadastro-acima-de-18-anos-e-vacinacao-para-35\/#primaryimage\",\"inLanguage\":\"pt-BR\",\"url\":\"https:\/\/www.radiomanchester.com.br\/fm\/wp-content\/uploads\/2021\/07\/5FA2DEE6-3A78-4641-919C-D4C75565A6BE.jpeg\",\"contentUrl\":\"https:\/\/www.radiomanchester.com.br\/fm\/wp-content\/uploads\/2021\/07\/5FA2DEE6-3A78-4641-919C-D4C75565A6BE.jpeg\",\"width\":1280,\"height\":853},{\"@type\":\"WebPage\",\"@id\":\"https:\/\/www.radiomanchester.com.br\/fm\/prefeitura-de-anapolis-inicia-cadastro-acima-de-18-anos-e-vacinacao-para-35\/#webpage\",\"url\":\"https:\/\/www.radiomanchester.com.br\/fm\/prefeitura-de-anapolis-inicia-cadastro-acima-de-18-anos-e-vacinacao-para-35\/\",\"name\":\"Prefeitura de An\u00e1polis inicia cadastro acima de 18 anos e vacina\u00e7\u00e3o para 35 - Manchester FM 93,3\",\"isPartOf\":{\"@id\":\"https:\/\/www.radiomanchester.com.br\/fm\/#website\"},\"primaryImageOfPage\":{\"@id\":\"https:\/\/www.radiomanchester.com.br\/fm\/prefeitura-de-anapolis-inicia-cadastro-acima-de-18-anos-e-vacinacao-para-35\/#primaryimage\"},\"datePublished\":\"2021-07-22T09:00:20+00:00\",\"dateModified\":\"2021-07-21T21:29:03+00:00\",\"author\":{\"@id\":\"https:\/\/www.radiomanchester.com.br\/fm\/#\/schema\/person\/408a7b4d4e32cbebd90e2782852abca3\"},\"breadcrumb\":{\"@id\":\"https:\/\/www.radiomanchester.com.br\/fm\/prefeitura-de-anapolis-inicia-cadastro-acima-de-18-anos-e-vacinacao-para-35\/#breadcrumb\"},\"inLanguage\":\"pt-BR\",\"potentialAction\":[{\"@type\":\"ReadAction\",\"target\":[\"https:\/\/www.radiomanchester.com.br\/fm\/prefeitura-de-anapolis-inicia-cadastro-acima-de-18-anos-e-vacinacao-para-35\/\"]}]},{\"@type\":\"BreadcrumbList\",\"@id\":\"https:\/\/www.radiomanchester.com.br\/fm\/prefeitura-de-anapolis-inicia-cadastro-acima-de-18-anos-e-vacinacao-para-35\/#breadcrumb\",\"itemListElement\":[{\"@type\":\"ListItem\",\"position\":1,\"name\":\"Home\",\"item\":\"https:\/\/www.radiomanchester.com.br\/fm\/\"},{\"@type\":\"ListItem\",\"position\":2,\"name\":\"Prefeitura de An\u00e1polis inicia cadastro acima de 18 anos e vacina\u00e7\u00e3o para 35\"}]},{\"@type\":\"Person\",\"@id\":\"https:\/\/www.radiomanchester.com.br\/fm\/#\/schema\/person\/408a7b4d4e32cbebd90e2782852abca3\",\"name\":\"admin\",\"image\":{\"@type\":\"ImageObject\",\"@id\":\"https:\/\/www.radiomanchester.com.br\/fm\/#personlogo\",\"inLanguage\":\"pt-BR\",\"url\":\"https:\/\/secure.gravatar.com\/avatar\/115a974dba3376872eb3addeb276301c?s=96&d=mm&r=g\",\"contentUrl\":\"https:\/\/secure.gravatar.com\/avatar\/115a974dba3376872eb3addeb276301c?s=96&d=mm&r=g\",\"caption\":\"admin\"},\"url\":\"https:\/\/www.radiomanchester.com.br\/fm\/author\/admin\/\"}]}<\/script>\n<!-- \/ Yoast SEO plugin. -->","yoast_head_json":{"title":"Prefeitura de An\u00e1polis inicia cadastro acima de 18 anos e vacina\u00e7\u00e3o para 35 - Manchester FM 93,3","robots":{"index":"index","follow":"follow","max-snippet":"max-snippet:-1","max-image-preview":"max-image-preview:large","max-video-preview":"max-video-preview:-1"},"canonical":"https:\/\/www.radiomanchester.com.br\/fm\/prefeitura-de-anapolis-inicia-cadastro-acima-de-18-anos-e-vacinacao-para-35\/","og_locale":"pt_BR","og_type":"article","og_title":"Prefeitura de An\u00e1polis inicia cadastro acima de 18 anos e vacina\u00e7\u00e3o para 35 - Manchester FM 93,3","og_description":"Primeira dose ser\u00e1 aplicada em dez pontos. Segunda tamb\u00e9m est\u00e1 dispon\u00edvel &nbsp; An\u00e1polis d\u00e1 mais um importante passo no combate \u00e0 pandemia da Covid-19. Nessa quinta-feira, (22 de julho), abre o cadastro para pessoas com 18 anos ou mais se vacinarem. Mais uma vez, a cidade sai \u00e0 frente de outros munic\u00edpios, sendo a primeira [&hellip;]","og_url":"https:\/\/www.radiomanchester.com.br\/fm\/prefeitura-de-anapolis-inicia-cadastro-acima-de-18-anos-e-vacinacao-para-35\/","og_site_name":"Manchester FM 93,3","article_published_time":"2021-07-22T09:00:20+00:00","article_modified_time":"2021-07-21T21:29:03+00:00","og_image":[{"width":1280,"height":853,"url":"https:\/\/www.radiomanchester.com.br\/fm\/wp-content\/uploads\/2021\/07\/5FA2DEE6-3A78-4641-919C-D4C75565A6BE.jpeg","type":"image\/jpeg"}],"twitter_card":"summary_large_image","twitter_misc":{"Escrito por":"admin","Est. tempo de leitura":"1 minuto"},"schema":{"@context":"https:\/\/schema.org","@graph":[{"@type":"WebSite","@id":"https:\/\/www.radiomanchester.com.br\/fm\/#website","url":"https:\/\/www.radiomanchester.com.br\/fm\/","name":"Manchester FM 93,3","description":"Todo Mundo Ouve!","potentialAction":[{"@type":"SearchAction","target":{"@type":"EntryPoint","urlTemplate":"https:\/\/www.radiomanchester.com.br\/fm\/?s={search_term_string}"},"query-input":"required name=search_term_string"}],"inLanguage":"pt-BR"},{"@type":"ImageObject","@id":"https:\/\/www.radiomanchester.com.br\/fm\/prefeitura-de-anapolis-inicia-cadastro-acima-de-18-anos-e-vacinacao-para-35\/#primaryimage","inLanguage":"pt-BR","url":"https:\/\/www.radiomanchester.com.br\/fm\/wp-content\/uploads\/2021\/07\/5FA2DEE6-3A78-4641-919C-D4C75565A6BE.jpeg","contentUrl":"https:\/\/www.radiomanchester.com.br\/fm\/wp-content\/uploads\/2021\/07\/5FA2DEE6-3A78-4641-919C-D4C75565A6BE.jpeg","width":1280,"height":853},{"@type":"WebPage","@id":"https:\/\/www.radiomanchester.com.br\/fm\/prefeitura-de-anapolis-inicia-cadastro-acima-de-18-anos-e-vacinacao-para-35\/#webpage","url":"https:\/\/www.radiomanchester.com.br\/fm\/prefeitura-de-anapolis-inicia-cadastro-acima-de-18-anos-e-vacinacao-para-35\/","name":"Prefeitura de An\u00e1polis inicia cadastro acima de 18 anos e vacina\u00e7\u00e3o para 35 - Manchester FM 93,3","isPartOf":{"@id":"https:\/\/www.radiomanchester.com.br\/fm\/#website"},"primaryImageOfPage":{"@id":"https:\/\/www.radiomanchester.com.br\/fm\/prefeitura-de-anapolis-inicia-cadastro-acima-de-18-anos-e-vacinacao-para-35\/#primaryimage"},"datePublished":"2021-07-22T09:00:20+00:00","dateModified":"2021-07-21T21:29:03+00:00","author":{"@id":"https:\/\/www.radiomanchester.com.br\/fm\/#\/schema\/person\/408a7b4d4e32cbebd90e2782852abca3"},"breadcrumb":{"@id":"https:\/\/www.radiomanchester.com.br\/fm\/prefeitura-de-anapolis-inicia-cadastro-acima-de-18-anos-e-vacinacao-para-35\/#breadcrumb"},"inLanguage":"pt-BR","potentialAction":[{"@type":"ReadAction","target":["https:\/\/www.radiomanchester.com.br\/fm\/prefeitura-de-anapolis-inicia-cadastro-acima-de-18-anos-e-vacinacao-para-35\/"]}]},{"@type":"BreadcrumbList","@id":"https:\/\/www.radiomanchester.com.br\/fm\/prefeitura-de-anapolis-inicia-cadastro-acima-de-18-anos-e-vacinacao-para-35\/#breadcrumb","itemListElement":[{"@type":"ListItem","position":1,"name":"Home","item":"https:\/\/www.radiomanchester.com.br\/fm\/"},{"@type":"ListItem","position":2,"name":"Prefeitura de An\u00e1polis inicia cadastro acima de 18 anos e vacina\u00e7\u00e3o para 35"}]},{"@type":"Person","@id":"https:\/\/www.radiomanchester.com.br\/fm\/#\/schema\/person\/408a7b4d4e32cbebd90e2782852abca3","name":"admin","image":{"@type":"ImageObject","@id":"https:\/\/www.radiomanchester.com.br\/fm\/#personlogo","inLanguage":"pt-BR","url":"https:\/\/secure.gravatar.com\/avatar\/115a974dba3376872eb3addeb276301c?s=96&d=mm&r=g","contentUrl":"https:\/\/secure.gravatar.com\/avatar\/115a974dba3376872eb3addeb276301c?s=96&d=mm&r=g","caption":"admin"},"url":"https:\/\/www.radiomanchester.com.br\/fm\/author\/admin\/"}]}},"_links":{"self":[{"href":"https:\/\/www.radiomanchester.com.br\/fm\/wp-json\/wp\/v2\/posts\/5386"}],"collection":[{"href":"https:\/\/www.radiomanchester.com.br\/fm\/wp-json\/wp\/v2\/posts"}],"about":[{"href":"https:\/\/www.radiomanchester.com.br\/fm\/wp-json\/wp\/v2\/types\/post"}],"author":[{"embeddable":true,"href":"https:\/\/www.radiomanchester.com.br\/fm\/wp-json\/wp\/v2\/users\/1"}],"replies":[{"embeddable":true,"href":"https:\/\/www.radiomanchester.com.br\/fm\/wp-json\/wp\/v2\/comments?post=5386"}],"version-history":[{"count":1,"href":"https:\/\/www.radiomanchester.com.br\/fm\/wp-json\/wp\/v2\/posts\/5386\/revisions"}],"predecessor-version":[{"id":5388,"href":"https:\/\/www.radiomanchester.com.br\/fm\/wp-json\/wp\/v2\/posts\/5386\/revisions\/5388"}],"wp:featuredmedia":[{"embeddable":true,"href":"https:\/\/www.radiomanchester.com.br\/fm\/wp-json\/wp\/v2\/media\/5387"}],"wp:attachment":[{"href":"https:\/\/www.radiomanchester.com.br\/fm\/wp-json\/wp\/v2\/media?parent=5386"}],"wp:term":[{"taxonomy":"category","embeddable":true,"href":"https:\/\/www.radiomanchester.com.br\/fm\/wp-json\/wp\/v2\/categories?post=5386"},{"taxonomy":"post_tag","embeddable":true,"href":"https:\/\/www.radiomanchester.com.br\/fm\/wp-json\/wp\/v2\/tags?post=5386"}],"curies":[{"name":"wp","href":"https:\/\/api.w.org\/{rel}","templated":true}]}}