{"id":5474,"date":"2021-07-29T11:00:09","date_gmt":"2021-07-29T14:00:09","guid":{"rendered":"http:\/\/www.radiomanchester.com.br\/fm\/?p=5474"},"modified":"2021-07-29T08:31:52","modified_gmt":"2021-07-29T11:31:52","slug":"governador-caiado-anuncia-promocao-de-policiais-durante-aniversario-de-163-anos-da-pm","status":"publish","type":"post","link":"https:\/\/www.radiomanchester.com.br\/fm\/governador-caiado-anuncia-promocao-de-policiais-durante-aniversario-de-163-anos-da-pm\/","title":{"rendered":"Governador Caiado anuncia promo\u00e7\u00e3o de policiais durante anivers\u00e1rio de 163 anos da PM"},"content":{"rendered":"<h5 class=\"p2\"><span class=\"s2\">Ao todo, 46 alunos se formam no 16\u00ba Curso de Habilita\u00e7\u00e3o de Oficiais Auxiliares da PMGO, turma batizada com nome da presidente de honra da Organiza\u00e7\u00e3o das Volunt\u00e1rias de Goi\u00e1s (OVG) e coordenadora do Gabinete de Pol\u00edticas Sociais (GPS), primeira-dama Gracinha Caiado. \u201cNo dia 21 de setembro, vamos viabilizar o maior n\u00famero de promo\u00e7\u00f5es e de qualifica\u00e7\u00e3o dos nossos policiais\u201d, afirma governador. Ele diz que espera libera\u00e7\u00e3o do Tesouro Nacional para realizar concurso destinado ao preenchimento de vagas junto \u00e0s for\u00e7as de seguran\u00e7a<\/span><\/h5>\n<p>&nbsp;<\/p>\n<p class=\"p2\"><span class=\"s2\">O governador Ronaldo Caiado anunciou que vai viabilizar \u201co maior n\u00famero de promo\u00e7\u00f5es e de qualifica\u00e7\u00e3o dos nossos policiais\u201d durante participa\u00e7\u00e3o, nesta quarta-feira (28 de julho), na solenidade em comemora\u00e7\u00e3o do anivers\u00e1rio de 163 anos da Pol\u00edcia Militar do Estado de Goi\u00e1s (PMGO) e da formatura de 46 alunos do 16\u00ba Curso de Habilita\u00e7\u00e3o de Oficiais Auxiliares da PMGO (CHOA). Ele estava acompanhado da presidente de honra da Organiza\u00e7\u00e3o das Volunt\u00e1rias de Goi\u00e1s (OVG) e coordenadora do Gabinete de Pol\u00edticas Sociais (GPS), primeira-dama Gracinha Caiado, que recebeu homenagem durante o evento.<\/span><\/p>\n<p>&nbsp;<\/p>\n<p class=\"p2\"><span class=\"s2\">\u201cNo dia 21 de setembro, saberemos fazer e dar aten\u00e7\u00e3o merecida. Vamos viabilizar o maior n\u00famero de promo\u00e7\u00f5es e de qualifica\u00e7\u00e3o dos nossos policiais\u201d, afirmou Ronaldo Caiado, ao refor\u00e7ar que o Estado tem \u201ccompromisso com a seguran\u00e7a p\u00fablica de Goi\u00e1s\u201d.<\/span><\/p>\n<p>&nbsp;<\/p>\n<p class=\"p2\"><span class=\"s2\">Questionado sobre a realiza\u00e7\u00e3o de concurso para a corpora\u00e7\u00e3o, o governador assegurou que o Estado conseguir\u00e1 promover um novo certame ap\u00f3s libera\u00e7\u00e3o por parte do Tesouro Nacional. \u201cEstamos trabalhando fortemente para esse objetivo. Temos que pagar d\u00edvidas acumuladas anteriormente. At\u00e9 a\u00ed, o Tesouro impede que a gente promova concursos\u201d, informou.<\/span><\/p>\n<p>&nbsp;<\/p>\n<p class=\"p2\"><span class=\"s2\">A solenidade foi marcada por homenagens aos policiais militares, comandantes e autoridades. Durante discurso, o governador ressaltou a atua\u00e7\u00e3o da corpora\u00e7\u00e3o como formadora de policiais de excel\u00eancia: \u201cTemos a pol\u00edcia mais eficiente, capaz de trazer paz e tranquilidade ao Estado\u201d, pontuou Caiado.<\/span><\/p>\n<p>&nbsp;<\/p>\n<p class=\"p2\"><span class=\"s2\">Aos novos oficiais, formados pelo 16\u00ba Curso de Habilita\u00e7\u00e3o de Oficiais Auxiliares (CHOA), turma batizada com o nome de Gracinha Carvalho Caiado, o governador desejou sucesso. \u201cVoc\u00eas estar\u00e3o nas ruas, em v\u00e1rios munic\u00edpios de Goi\u00e1s. Desejo determina\u00e7\u00e3o e coragem para proteger as pessoas de bem, aqueles que trabalham, que produzem e que n\u00e3o podem ser sequestrados pela bandidagem\u201d, declarou.<\/span><\/p>\n<p>&nbsp;<\/p>\n<p class=\"p2\"><span class=\"s2\">O evento contou ainda com entrega da Ordem do M\u00e9rito Tiradentes, honraria criada para reconhecer a atua\u00e7\u00e3o de autoridades civis e militares em prol da institui\u00e7\u00e3o. As medalhas s\u00e3o concedidas anualmente, no dia 28 de julho, data em que se celebra o anivers\u00e1rio da Pol\u00edcia Militar em Goi\u00e1s.<\/span><\/p>\n<p>&nbsp;<\/p>\n<p class=\"p2\"><span class=\"s2\">Entre os homenageados estavam a primeira-dama, Gracinha Caiado. Ela refor\u00e7ou que o Governo de Goi\u00e1s investe cada vez mais na valoriza\u00e7\u00e3o dos policiais, \u201cem estrutura e equipamentos melhores para que a ordem em Goi\u00e1s seja mantida\u201d. A presidente de honra da OVG declarou: \u201cVoc\u00eas fazem parte da melhor Pol\u00edcia do Brasil e sei que o legado dessa institui\u00e7\u00e3o ser\u00e1 levado de forma gloriosa por todos\u201d.<\/span><\/p>\n<p>&nbsp;<\/p>\n<p class=\"p2\"><span class=\"s2\">Vice-governador, Lincoln Tejota reconheceu o esfor\u00e7o da Pol\u00edcia Militar em melhorar a seguran\u00e7a p\u00fablica de Goi\u00e1s. \u201cPresto minha contin\u00eancia aos senhores e senhoras, e demonstro o orgulho que tenho de ser vice-governador da melhor pol\u00edcia do Pa\u00eds. Temos muito o que realizar daqui para frente, mas queremos fazer isso ao lado de voc\u00eas\u201d, destacou.<\/span><\/p>\n<p>&nbsp;<\/p>\n<p class=\"p2\"><span class=\"s2\">Na sequ\u00eancia, o secret\u00e1rio de Seguran\u00e7a P\u00fablica do Estado de Goi\u00e1s (SSP-GO), Rodney Miranda, ressaltou o balan\u00e7o de produtividade das for\u00e7as de seguran\u00e7a. \u201cNos seis primeiros meses do ano, n\u00f3s experimentamos, mais uma vez, redu\u00e7\u00f5es hist\u00f3ricas nos \u00edndices de viol\u00eancia de Goi\u00e1s. Isso \u00e9 fruto de muito trabalho\u201d, pontuou. Para o secret\u00e1rio, a miss\u00e3o \u00e9 \u201ccontinuar trabalhando com seriedade e honestidade, para dar ainda mais qualidade de vida e seguran\u00e7a \u00e0 popula\u00e7\u00e3o\u201d.<\/span><\/p>\n<p>&nbsp;<\/p>\n<p class=\"p2\"><span class=\"s2\">Comandante-geral da Pol\u00edcia Militar, coronel Renato Brum classificou o trabalho policial como \u201cesperan\u00e7a e for\u00e7a\u201d. Ele agradeceu a confian\u00e7a de Caiado na corpora\u00e7\u00e3o. \u201cNossa miss\u00e3o priorit\u00e1ria \u00e9 tratar bem a nossa hist\u00f3ria, honrar e conduzir a PM ao encontro dos anseios da popula\u00e7\u00e3o goiana\u201d, garantiu.<\/span><\/p>\n<p>&nbsp;<\/p>\n<p class=\"p2\"><span class=\"s2\"><strong>Presen\u00e7a<\/strong><br \/>\n<\/span><span class=\"s2\">Tamb\u00e9m presente no evento, o deputado estadual Coronel Adailton parabenizou aos \u201cirm\u00e3os e irm\u00e3s\u201d de farda. \u201cQuero devotar meu apre\u00e7o a todos os oficiais que se formam hoje, que est\u00e3o nas ruas sempre ajudando a defender e a promover a seguran\u00e7a da nossa corpora\u00e7\u00e3o\u201d.<\/span><\/p>\n<p>&nbsp;<\/p>\n<p class=\"p2\"><span class=\"s2\">Tamb\u00e9m estiveram presentes os secret\u00e1rios de Estado Tony Carlo (Comunica\u00e7\u00e3o) Coronel Luiz Carlos de Alencar (Casa Militar); deputados estaduais Amauri Ribeiro, Major Ara\u00fajo e Rafael Gouveia; comandante da Base A\u00e9rea de An\u00e1polis, coronel aviador Gustavo Pestana Garc\u00eaz; comandante do Corpo de Bombeiros do Estado de Goi\u00e1s, coronel Esmeraldino Jacinto de Lemos; diretor-geral da Administra\u00e7\u00e3o Penitenci\u00e1ria (DGAP), tenente-coronel Franz Augusto Marlus Rasmussen Rodrigues; delegado-geral da Pol\u00edcia Civil, Alexandre Louren\u00e7o; assessores especiais da governadoria Rafael Rahif, Cunha e L\u00edvio Luciano; superintendente da Pol\u00edcia Rodovi\u00e1ria Federal (PRF) em Goi\u00e1s, Vin\u00edcius Veiga Fleury; e o chefe de Estado Maior Estrat\u00e9gico da PM, Evenir da Silva Franco J\u00fanior.<\/span><\/p>\n<p>&nbsp;<\/p>\n<p class=\"p2\"><span class=\"s2\">Ainda os subcomandantes Andr\u00e9 Henrique Avelar de Sousa (Geral da Pol\u00edcia Militar) e Jailton Ribeiro (Corpo de Bombeiros); vice-presidente da Ag\u00eancia Goiana de Habita\u00e7\u00e3o (Agehab), Luiz Sampaio; Reitor do Centro Universit\u00e1rio de An\u00e1polis (UniEvang\u00e9lica), Carlos Hassel Mendes; Prefeito de S\u00e3o Lu\u00eds de Montes Belos, Major Eldecirio da Silva; vereadores Sargento Novandir Rodrigues e Cabo Senna.<\/span><\/p>\n<p><img loading=\"lazy\" class=\"alignnone size-medium wp-image-5475\" src=\"http:\/\/www.radiomanchester.com.br\/fm\/wp-content\/uploads\/2021\/07\/B2DE92F2-F43A-40F1-B9D7-52B61237A17E-300x200.jpeg\" alt=\"\" width=\"300\" height=\"200\" srcset=\"https:\/\/www.radiomanchester.com.br\/fm\/wp-content\/uploads\/2021\/07\/B2DE92F2-F43A-40F1-B9D7-52B61237A17E-300x200.jpeg 300w, https:\/\/www.radiomanchester.com.br\/fm\/wp-content\/uploads\/2021\/07\/B2DE92F2-F43A-40F1-B9D7-52B61237A17E-1024x683.jpeg 1024w, https:\/\/www.radiomanchester.com.br\/fm\/wp-content\/uploads\/2021\/07\/B2DE92F2-F43A-40F1-B9D7-52B61237A17E-768x512.jpeg 768w, https:\/\/www.radiomanchester.com.br\/fm\/wp-content\/uploads\/2021\/07\/B2DE92F2-F43A-40F1-B9D7-52B61237A17E.jpeg 1280w\" sizes=\"(max-width: 300px) 100vw, 300px\" \/><\/p>\n<p class=\"p2\"><span class=\"s2\">Por Secretaria de Comunica\u00e7\u00e3o &#8211; Governo de Goi\u00e1s &#8211; foto: Secom <\/span><\/p>\n","protected":false},"excerpt":{"rendered":"<p class=\"excerpt\">Ao todo, 46 alunos se formam no 16\u00ba Curso de Habilita\u00e7\u00e3o de Oficiais Auxiliares da PMGO, turma batizada com nome da presidente de honra da Organiza\u00e7\u00e3o das Volunt\u00e1rias de Goi\u00e1s (OVG) e coordenadora do Gabinete de Pol\u00edticas Sociais (GPS), primeira-dama Gracinha Caiado. \u201cNo dia 21 de setembro, vamos viabilizar o maior n\u00famero de promo\u00e7\u00f5es e [&hellip;]<\/p>\n","protected":false},"author":1,"featured_media":5475,"comment_status":"open","ping_status":"open","sticky":false,"template":"","format":"standard","meta":[],"categories":[8,17],"tags":[],"yoast_head":"<!-- This site is optimized with the Yoast SEO plugin v18.3 - https:\/\/yoast.com\/wordpress\/plugins\/seo\/ -->\n<title>Governador Caiado anuncia promo\u00e7\u00e3o de policiais durante anivers\u00e1rio de 163 anos da PM - Manchester FM 93,3<\/title>\n<meta name=\"robots\" content=\"index, follow, max-snippet:-1, max-image-preview:large, max-video-preview:-1\" \/>\n<link rel=\"canonical\" href=\"https:\/\/www.radiomanchester.com.br\/fm\/governador-caiado-anuncia-promocao-de-policiais-durante-aniversario-de-163-anos-da-pm\/\" \/>\n<meta property=\"og:locale\" content=\"pt_BR\" \/>\n<meta property=\"og:type\" content=\"article\" \/>\n<meta property=\"og:title\" content=\"Governador Caiado anuncia promo\u00e7\u00e3o de policiais durante anivers\u00e1rio de 163 anos da PM - Manchester FM 93,3\" \/>\n<meta property=\"og:description\" content=\"Ao todo, 46 alunos se formam no 16\u00ba Curso de Habilita\u00e7\u00e3o de Oficiais Auxiliares da PMGO, turma batizada com nome da presidente de honra da Organiza\u00e7\u00e3o das Volunt\u00e1rias de Goi\u00e1s (OVG) e coordenadora do Gabinete de Pol\u00edticas Sociais (GPS), primeira-dama Gracinha Caiado. \u201cNo dia 21 de setembro, vamos viabilizar o maior n\u00famero de promo\u00e7\u00f5es e [&hellip;]\" \/>\n<meta property=\"og:url\" content=\"https:\/\/www.radiomanchester.com.br\/fm\/governador-caiado-anuncia-promocao-de-policiais-durante-aniversario-de-163-anos-da-pm\/\" \/>\n<meta property=\"og:site_name\" content=\"Manchester FM 93,3\" \/>\n<meta property=\"article:published_time\" content=\"2021-07-29T14:00:09+00:00\" \/>\n<meta property=\"article:modified_time\" content=\"2021-07-29T11:31:52+00:00\" \/>\n<meta property=\"og:image\" content=\"https:\/\/www.radiomanchester.com.br\/fm\/wp-content\/uploads\/2021\/07\/B2DE92F2-F43A-40F1-B9D7-52B61237A17E.jpeg\" \/>\n\t<meta property=\"og:image:width\" content=\"1280\" \/>\n\t<meta property=\"og:image:height\" content=\"854\" \/>\n\t<meta property=\"og:image:type\" content=\"image\/jpeg\" \/>\n<meta name=\"twitter:card\" content=\"summary_large_image\" \/>\n<meta name=\"twitter:label1\" content=\"Escrito por\" \/>\n\t<meta name=\"twitter:data1\" content=\"admin\" \/>\n\t<meta name=\"twitter:label2\" content=\"Est. tempo de leitura\" \/>\n\t<meta name=\"twitter:data2\" content=\"5 minutos\" \/>\n<script type=\"application\/ld+json\" class=\"yoast-schema-graph\">{\"@context\":\"https:\/\/schema.org\",\"@graph\":[{\"@type\":\"WebSite\",\"@id\":\"https:\/\/www.radiomanchester.com.br\/fm\/#website\",\"url\":\"https:\/\/www.radiomanchester.com.br\/fm\/\",\"name\":\"Manchester FM 93,3\",\"description\":\"Todo Mundo Ouve!\",\"potentialAction\":[{\"@type\":\"SearchAction\",\"target\":{\"@type\":\"EntryPoint\",\"urlTemplate\":\"https:\/\/www.radiomanchester.com.br\/fm\/?s={search_term_string}\"},\"query-input\":\"required name=search_term_string\"}],\"inLanguage\":\"pt-BR\"},{\"@type\":\"ImageObject\",\"@id\":\"https:\/\/www.radiomanchester.com.br\/fm\/governador-caiado-anuncia-promocao-de-policiais-durante-aniversario-de-163-anos-da-pm\/#primaryimage\",\"inLanguage\":\"pt-BR\",\"url\":\"https:\/\/www.radiomanchester.com.br\/fm\/wp-content\/uploads\/2021\/07\/B2DE92F2-F43A-40F1-B9D7-52B61237A17E.jpeg\",\"contentUrl\":\"https:\/\/www.radiomanchester.com.br\/fm\/wp-content\/uploads\/2021\/07\/B2DE92F2-F43A-40F1-B9D7-52B61237A17E.jpeg\",\"width\":1280,\"height\":854},{\"@type\":\"WebPage\",\"@id\":\"https:\/\/www.radiomanchester.com.br\/fm\/governador-caiado-anuncia-promocao-de-policiais-durante-aniversario-de-163-anos-da-pm\/#webpage\",\"url\":\"https:\/\/www.radiomanchester.com.br\/fm\/governador-caiado-anuncia-promocao-de-policiais-durante-aniversario-de-163-anos-da-pm\/\",\"name\":\"Governador Caiado anuncia promo\u00e7\u00e3o de policiais durante anivers\u00e1rio de 163 anos da PM - Manchester FM 93,3\",\"isPartOf\":{\"@id\":\"https:\/\/www.radiomanchester.com.br\/fm\/#website\"},\"primaryImageOfPage\":{\"@id\":\"https:\/\/www.radiomanchester.com.br\/fm\/governador-caiado-anuncia-promocao-de-policiais-durante-aniversario-de-163-anos-da-pm\/#primaryimage\"},\"datePublished\":\"2021-07-29T14:00:09+00:00\",\"dateModified\":\"2021-07-29T11:31:52+00:00\",\"author\":{\"@id\":\"https:\/\/www.radiomanchester.com.br\/fm\/#\/schema\/person\/408a7b4d4e32cbebd90e2782852abca3\"},\"breadcrumb\":{\"@id\":\"https:\/\/www.radiomanchester.com.br\/fm\/governador-caiado-anuncia-promocao-de-policiais-durante-aniversario-de-163-anos-da-pm\/#breadcrumb\"},\"inLanguage\":\"pt-BR\",\"potentialAction\":[{\"@type\":\"ReadAction\",\"target\":[\"https:\/\/www.radiomanchester.com.br\/fm\/governador-caiado-anuncia-promocao-de-policiais-durante-aniversario-de-163-anos-da-pm\/\"]}]},{\"@type\":\"BreadcrumbList\",\"@id\":\"https:\/\/www.radiomanchester.com.br\/fm\/governador-caiado-anuncia-promocao-de-policiais-durante-aniversario-de-163-anos-da-pm\/#breadcrumb\",\"itemListElement\":[{\"@type\":\"ListItem\",\"position\":1,\"name\":\"Home\",\"item\":\"https:\/\/www.radiomanchester.com.br\/fm\/\"},{\"@type\":\"ListItem\",\"position\":2,\"name\":\"Governador Caiado anuncia promo\u00e7\u00e3o de policiais durante anivers\u00e1rio de 163 anos da PM\"}]},{\"@type\":\"Person\",\"@id\":\"https:\/\/www.radiomanchester.com.br\/fm\/#\/schema\/person\/408a7b4d4e32cbebd90e2782852abca3\",\"name\":\"admin\",\"image\":{\"@type\":\"ImageObject\",\"@id\":\"https:\/\/www.radiomanchester.com.br\/fm\/#personlogo\",\"inLanguage\":\"pt-BR\",\"url\":\"https:\/\/secure.gravatar.com\/avatar\/115a974dba3376872eb3addeb276301c?s=96&d=mm&r=g\",\"contentUrl\":\"https:\/\/secure.gravatar.com\/avatar\/115a974dba3376872eb3addeb276301c?s=96&d=mm&r=g\",\"caption\":\"admin\"},\"url\":\"https:\/\/www.radiomanchester.com.br\/fm\/author\/admin\/\"}]}<\/script>\n<!-- \/ Yoast SEO plugin. -->","yoast_head_json":{"title":"Governador Caiado anuncia promo\u00e7\u00e3o de policiais durante anivers\u00e1rio de 163 anos da PM - Manchester FM 93,3","robots":{"index":"index","follow":"follow","max-snippet":"max-snippet:-1","max-image-preview":"max-image-preview:large","max-video-preview":"max-video-preview:-1"},"canonical":"https:\/\/www.radiomanchester.com.br\/fm\/governador-caiado-anuncia-promocao-de-policiais-durante-aniversario-de-163-anos-da-pm\/","og_locale":"pt_BR","og_type":"article","og_title":"Governador Caiado anuncia promo\u00e7\u00e3o de policiais durante anivers\u00e1rio de 163 anos da PM - Manchester FM 93,3","og_description":"Ao todo, 46 alunos se formam no 16\u00ba Curso de Habilita\u00e7\u00e3o de Oficiais Auxiliares da PMGO, turma batizada com nome da presidente de honra da Organiza\u00e7\u00e3o das Volunt\u00e1rias de Goi\u00e1s (OVG) e coordenadora do Gabinete de Pol\u00edticas Sociais (GPS), primeira-dama Gracinha Caiado. \u201cNo dia 21 de setembro, vamos viabilizar o maior n\u00famero de promo\u00e7\u00f5es e [&hellip;]","og_url":"https:\/\/www.radiomanchester.com.br\/fm\/governador-caiado-anuncia-promocao-de-policiais-durante-aniversario-de-163-anos-da-pm\/","og_site_name":"Manchester FM 93,3","article_published_time":"2021-07-29T14:00:09+00:00","article_modified_time":"2021-07-29T11:31:52+00:00","og_image":[{"width":1280,"height":854,"url":"https:\/\/www.radiomanchester.com.br\/fm\/wp-content\/uploads\/2021\/07\/B2DE92F2-F43A-40F1-B9D7-52B61237A17E.jpeg","type":"image\/jpeg"}],"twitter_card":"summary_large_image","twitter_misc":{"Escrito por":"admin","Est. tempo de leitura":"5 minutos"},"schema":{"@context":"https:\/\/schema.org","@graph":[{"@type":"WebSite","@id":"https:\/\/www.radiomanchester.com.br\/fm\/#website","url":"https:\/\/www.radiomanchester.com.br\/fm\/","name":"Manchester FM 93,3","description":"Todo Mundo Ouve!","potentialAction":[{"@type":"SearchAction","target":{"@type":"EntryPoint","urlTemplate":"https:\/\/www.radiomanchester.com.br\/fm\/?s={search_term_string}"},"query-input":"required name=search_term_string"}],"inLanguage":"pt-BR"},{"@type":"ImageObject","@id":"https:\/\/www.radiomanchester.com.br\/fm\/governador-caiado-anuncia-promocao-de-policiais-durante-aniversario-de-163-anos-da-pm\/#primaryimage","inLanguage":"pt-BR","url":"https:\/\/www.radiomanchester.com.br\/fm\/wp-content\/uploads\/2021\/07\/B2DE92F2-F43A-40F1-B9D7-52B61237A17E.jpeg","contentUrl":"https:\/\/www.radiomanchester.com.br\/fm\/wp-content\/uploads\/2021\/07\/B2DE92F2-F43A-40F1-B9D7-52B61237A17E.jpeg","width":1280,"height":854},{"@type":"WebPage","@id":"https:\/\/www.radiomanchester.com.br\/fm\/governador-caiado-anuncia-promocao-de-policiais-durante-aniversario-de-163-anos-da-pm\/#webpage","url":"https:\/\/www.radiomanchester.com.br\/fm\/governador-caiado-anuncia-promocao-de-policiais-durante-aniversario-de-163-anos-da-pm\/","name":"Governador Caiado anuncia promo\u00e7\u00e3o de policiais durante anivers\u00e1rio de 163 anos da PM - Manchester FM 93,3","isPartOf":{"@id":"https:\/\/www.radiomanchester.com.br\/fm\/#website"},"primaryImageOfPage":{"@id":"https:\/\/www.radiomanchester.com.br\/fm\/governador-caiado-anuncia-promocao-de-policiais-durante-aniversario-de-163-anos-da-pm\/#primaryimage"},"datePublished":"2021-07-29T14:00:09+00:00","dateModified":"2021-07-29T11:31:52+00:00","author":{"@id":"https:\/\/www.radiomanchester.com.br\/fm\/#\/schema\/person\/408a7b4d4e32cbebd90e2782852abca3"},"breadcrumb":{"@id":"https:\/\/www.radiomanchester.com.br\/fm\/governador-caiado-anuncia-promocao-de-policiais-durante-aniversario-de-163-anos-da-pm\/#breadcrumb"},"inLanguage":"pt-BR","potentialAction":[{"@type":"ReadAction","target":["https:\/\/www.radiomanchester.com.br\/fm\/governador-caiado-anuncia-promocao-de-policiais-durante-aniversario-de-163-anos-da-pm\/"]}]},{"@type":"BreadcrumbList","@id":"https:\/\/www.radiomanchester.com.br\/fm\/governador-caiado-anuncia-promocao-de-policiais-durante-aniversario-de-163-anos-da-pm\/#breadcrumb","itemListElement":[{"@type":"ListItem","position":1,"name":"Home","item":"https:\/\/www.radiomanchester.com.br\/fm\/"},{"@type":"ListItem","position":2,"name":"Governador Caiado anuncia promo\u00e7\u00e3o de policiais durante anivers\u00e1rio de 163 anos da PM"}]},{"@type":"Person","@id":"https:\/\/www.radiomanchester.com.br\/fm\/#\/schema\/person\/408a7b4d4e32cbebd90e2782852abca3","name":"admin","image":{"@type":"ImageObject","@id":"https:\/\/www.radiomanchester.com.br\/fm\/#personlogo","inLanguage":"pt-BR","url":"https:\/\/secure.gravatar.com\/avatar\/115a974dba3376872eb3addeb276301c?s=96&d=mm&r=g","contentUrl":"https:\/\/secure.gravatar.com\/avatar\/115a974dba3376872eb3addeb276301c?s=96&d=mm&r=g","caption":"admin"},"url":"https:\/\/www.radiomanchester.com.br\/fm\/author\/admin\/"}]}},"_links":{"self":[{"href":"https:\/\/www.radiomanchester.com.br\/fm\/wp-json\/wp\/v2\/posts\/5474"}],"collection":[{"href":"https:\/\/www.radiomanchester.com.br\/fm\/wp-json\/wp\/v2\/posts"}],"about":[{"href":"https:\/\/www.radiomanchester.com.br\/fm\/wp-json\/wp\/v2\/types\/post"}],"author":[{"embeddable":true,"href":"https:\/\/www.radiomanchester.com.br\/fm\/wp-json\/wp\/v2\/users\/1"}],"replies":[{"embeddable":true,"href":"https:\/\/www.radiomanchester.com.br\/fm\/wp-json\/wp\/v2\/comments?post=5474"}],"version-history":[{"count":1,"href":"https:\/\/www.radiomanchester.com.br\/fm\/wp-json\/wp\/v2\/posts\/5474\/revisions"}],"predecessor-version":[{"id":5476,"href":"https:\/\/www.radiomanchester.com.br\/fm\/wp-json\/wp\/v2\/posts\/5474\/revisions\/5476"}],"wp:featuredmedia":[{"embeddable":true,"href":"https:\/\/www.radiomanchester.com.br\/fm\/wp-json\/wp\/v2\/media\/5475"}],"wp:attachment":[{"href":"https:\/\/www.radiomanchester.com.br\/fm\/wp-json\/wp\/v2\/media?parent=5474"}],"wp:term":[{"taxonomy":"category","embeddable":true,"href":"https:\/\/www.radiomanchester.com.br\/fm\/wp-json\/wp\/v2\/categories?post=5474"},{"taxonomy":"post_tag","embeddable":true,"href":"https:\/\/www.radiomanchester.com.br\/fm\/wp-json\/wp\/v2\/tags?post=5474"}],"curies":[{"name":"wp","href":"https:\/\/api.w.org\/{rel}","templated":true}]}}